{"id":26733,"date":"2024-12-14T19:22:47","date_gmt":"2024-12-14T22:22:47","guid":{"rendered":"https:\/\/apuntesdesanluis.com\/?p=26733"},"modified":"2024-12-14T19:23:25","modified_gmt":"2024-12-14T22:23:25","slug":"multitudinario-lanzamiento-en-villa-mercedes-de-las-capacitaciones-para-emprendedores","status":"publish","type":"post","link":"https:\/\/apuntesdesanluis.com\/index.php\/2024\/12\/14\/multitudinario-lanzamiento-en-villa-mercedes-de-las-capacitaciones-para-emprendedores\/","title":{"rendered":"MULTITUDINARIO LANZAMIENTO EN VILLA MERCEDES DE LAS CAPACITACIONES PARA EMPRENDEDORES"},"content":{"rendered":"<h3>Este s\u00e1bado al mediod\u00eda, el gobernador <strong>Claudio Poggi<\/strong> encabez\u00f3 en el Estadio Arena del Parque La Pedrera el lanzamiento de las capacitaciones iniciales de los programas que brindan un fuerte respaldo a los emprendedores de todo San Luis.<\/h3>\n<h3>Cientos de vecinos de Pedernera y su zona de influencia participaron en el inicio de una segunda fase de los planes <strong>\u2018Mi Pr\u00f3ximo Paso\u2019<\/strong> y <strong>\u2018Mi Primer Emprendimiento\u2019<\/strong>, este \u00faltimo apuntado a j\u00f3venes que quieran iniciarse en el camino del trabajo, la comercializaci\u00f3n y la inversi\u00f3n genuina.<\/h3>\n<h3>El mandatario explic\u00f3 que estos programas tienen como objetivos promover la cultura emprendedora, consolidar o ampliar empresas en funcionamiento, facilitar la creaci\u00f3n de nuevos negocios y generar empleo en todo el territorio puntano, siempre asociado al emprendedurismo.<\/h3>\n<h3>\u201cHoy comenzamos una etapa fundamental: la capacitaci\u00f3n y la formulaci\u00f3n de proyectos de inversi\u00f3n. Es un proceso que los acompa\u00f1ar\u00e1 toda la vida\u201d, destac\u00f3 Poggi.<\/h3>\n<p><iframe title=\"Lanzamiento de la capacitaci\u00f3n a emprendedores en Villa Mercedes\" width=\"640\" height=\"360\" src=\"https:\/\/www.youtube.com\/embed\/veh78gk_C6k?feature=oembed\" frameborder=\"0\" allow=\"accelerometer; autoplay; clipboard-write; encrypted-media; gyroscope; picture-in-picture; web-share\" referrerpolicy=\"strict-origin-when-cross-origin\" allowfullscreen><\/iframe><\/p>\n<h3>Los programas abarcan dos perfiles de participantes: con \u2018Mi Pr\u00f3ximo Paso\u2019 se benefician quienes tienen emprendimientos con al menos dos a\u00f1os de antig\u00fcedad, y est\u00e1 orientado a fortalecer y ampliar estas iniciativas. En cambio \u2018Mi Primer Emprendimiento\u2019 fue dise\u00f1ado para j\u00f3venes de 18 a 30 a\u00f1os que, como dice el t\u00edtulo, desean iniciar su primer negocio.<\/h3>\n<h3>Seg\u00fan los datos presentados por el Primer Mandatario un total de 19.620 proyectos se inscribieron en ambas iniciativas, representando a m\u00e1s de 39.200 emprendedores de todos los rincones de San Luis. \u201cEs emocionante ver c\u00f3mo la convocatoria lleg\u00f3 incluso a los parajes m\u00e1s peque\u00f1os de la provincia. No queremos que nadie se quede sin la oportunidad de emprender\u201d, afirm\u00f3 Poggi.<\/h3>\n<h3><strong> <img fetchpriority=\"high\" decoding=\"async\" class=\"wp-image-26735 aligncenter\" src=\"https:\/\/apuntesdesanluis.com\/wp-content\/uploads\/2024\/12\/poggi-de-espaldas-300x176.png\" alt=\"\" width=\"617\" height=\"362\" srcset=\"https:\/\/apuntesdesanluis.com\/wp-content\/uploads\/2024\/12\/poggi-de-espaldas-300x176.png 300w, https:\/\/apuntesdesanluis.com\/wp-content\/uploads\/2024\/12\/poggi-de-espaldas.png 665w\" sizes=\"(max-width: 617px) 100vw, 617px\" \/><\/strong><\/h3>\n<h3><strong>CAPACITACI\u00d3N Y ASISTENCIA T\u00c9CNICA<\/strong><\/h3>\n<h3>El evento incluy\u00f3 la presentaci\u00f3n del primer m\u00f3dulo de capacitaci\u00f3n, titulado Proceso y Metodolog\u00eda de Trabajo, el cual se desarrollar\u00e1 en formato presencial y virtual durante las pr\u00f3ximas nueve semanas. Los participantes contar\u00e1n con el acompa\u00f1amiento de mentores asignados por el Gobierno, quienes los guiar\u00e1n en la formulaci\u00f3n de sus planes de negocio.<\/h3>\n<h3>El Gobernador destac\u00f3 que las clases, habilitadas semanalmente en una plataforma virtual, est\u00e1n dise\u00f1adas para brindar herramientas pr\u00e1cticas. Seguir\u00e1n a disposici\u00f3n en la plataforma y estar\u00e1n all\u00ed hasta febrero, cuando termine el plazo de capacitaci\u00f3n.<\/h3>\n<p><img decoding=\"async\" class=\"wp-image-26736 aligncenter\" src=\"https:\/\/apuntesdesanluis.com\/wp-content\/uploads\/2024\/12\/capacitaciones-de-emprendedores-mi-proximo-paso-mi-primer-emprendimiento-300x185.png\" alt=\"\" width=\"610\" height=\"376\" srcset=\"https:\/\/apuntesdesanluis.com\/wp-content\/uploads\/2024\/12\/capacitaciones-de-emprendedores-mi-proximo-paso-mi-primer-emprendimiento-300x185.png 300w, https:\/\/apuntesdesanluis.com\/wp-content\/uploads\/2024\/12\/capacitaciones-de-emprendedores-mi-proximo-paso-mi-primer-emprendimiento.png 625w\" sizes=\"(max-width: 610px) 100vw, 610px\" \/><\/p>\n<h3>\u201cLa idea es que cada emprendedor formule su proyecto mientras adquiere conocimientos te\u00f3ricos aplicables. Esta capacitaci\u00f3n es un aprendizaje para toda la vida\u201d, subray\u00f3.<\/h3>\n<h3>El Estadio Arena qued\u00f3 chico para albergar a la multitud de emprendedores, por lo que debi\u00f3 colocarse una pantalla en el exterior para que pudieran seguir el desarrollo de la jornada aquellos que no pudieron ingresar al recinto.<\/h3>\n<!--[if lt IE 9]><script>document.createElement('video');<\/script><![endif]-->\n\t<div class=\"wp-playlist wp-video-playlist wp-playlist-light\">\n\t\t<video controls=\"controls\" preload=\"none\" width=\"618\"\n\t\t height=\"348\"\t><\/video>\n\t<div class=\"wp-playlist-next\"><\/div>\n\t<div class=\"wp-playlist-prev\"><\/div>\n\t<noscript>\n\t<ol>\n\t\t<li><a href='https:\/\/apuntesdesanluis.com\/wp-content\/uploads\/2024\/12\/emprendedores-2.mp4'>emprendedores 2<\/a><\/li>\t<\/ol>\n\t<\/noscript>\n\t<script type=\"application\/json\" class=\"wp-playlist-script\">{\"type\":\"video\",\"tracklist\":true,\"tracknumbers\":true,\"images\":true,\"artists\":true,\"tracks\":[{\"src\":\"https:\\\/\\\/apuntesdesanluis.com\\\/wp-content\\\/uploads\\\/2024\\\/12\\\/emprendedores-2.mp4\",\"type\":\"video\\\/mp4\",\"title\":\"emprendedores 2\",\"caption\":\"\",\"description\":\"\",\"meta\":{\"length_formatted\":\"0:28\"},\"dimensions\":{\"original\":{\"width\":848,\"height\":478},\"resized\":{\"width\":618,\"height\":348}},\"image\":{\"src\":\"https:\\\/\\\/apuntesdesanluis.com\\\/wp-includes\\\/images\\\/media\\\/video.svg\",\"width\":48,\"height\":64},\"thumb\":{\"src\":\"https:\\\/\\\/apuntesdesanluis.com\\\/wp-includes\\\/images\\\/media\\\/video.svg\",\"width\":48,\"height\":64}}]}<\/script>\n<\/div>\n\t\n<h3>La agenda ten\u00eda previsto continuar en horas de la tarde en la ciudad de San Luis y replicarse luego en otros departamentos como Jun\u00edn, Chacabuco y San Mart\u00edn durante los pr\u00f3ximos d\u00edas, asegurando que los programas lleguen a todas las regiones de la provincia.<\/h3>\n<p>&nbsp;<\/p>\n<p>&nbsp;<\/p>\n<p>&nbsp;<\/p>\n<p>&nbsp;<\/p>\n<p>&nbsp;<\/p>\n<p>&nbsp;<\/p>\n<p>&nbsp;<\/p>\n<p>&nbsp;<\/p>\n","protected":false},"excerpt":{"rendered":"<p>Este s\u00e1bado al mediod\u00eda, el gobernador Claudio Poggi encabez\u00f3 en el Estadio Arena del Parque&#8230;<\/p>\n","protected":false},"author":1,"featured_media":26734,"comment_status":"closed","ping_status":"closed","sticky":false,"template":"","format":"standard","meta":{"footnotes":""},"categories":[6],"tags":[],"class_list":["post-26733","post","type-post","status-publish","format-standard","has-post-thumbnail","hentry","category-ciudad-provincia"],"yoast_head":"<!-- This site is optimized with the Yoast SEO plugin v26.1.1 - https:\/\/yoast.com\/wordpress\/plugins\/seo\/ -->\n<title>MULTITUDINARIO LANZAMIENTO EN VILLA MERCEDES DE LAS CAPACITACIONES PARA EMPRENDEDORES - Apuntes de San Luis<\/title>\n<meta name=\"robots\" content=\"index, follow, max-snippet:-1, max-image-preview:large, max-video-preview:-1\" \/>\n<link rel=\"canonical\" href=\"https:\/\/apuntesdesanluis.com\/index.php\/2024\/12\/14\/multitudinario-lanzamiento-en-villa-mercedes-de-las-capacitaciones-para-emprendedores\/\" \/>\n<meta property=\"og:locale\" content=\"es_ES\" \/>\n<meta property=\"og:type\" content=\"article\" \/>\n<meta property=\"og:title\" content=\"MULTITUDINARIO LANZAMIENTO EN VILLA MERCEDES DE LAS CAPACITACIONES PARA EMPRENDEDORES - Apuntes de San Luis\" \/>\n<meta property=\"og:description\" content=\"Este s\u00e1bado al mediod\u00eda, el gobernador Claudio Poggi encabez\u00f3 en el Estadio Arena del Parque...\" \/>\n<meta property=\"og:url\" content=\"https:\/\/apuntesdesanluis.com\/index.php\/2024\/12\/14\/multitudinario-lanzamiento-en-villa-mercedes-de-las-capacitaciones-para-emprendedores\/\" \/>\n<meta property=\"og:site_name\" content=\"Apuntes de San Luis\" \/>\n<meta property=\"article:published_time\" content=\"2024-12-14T22:22:47+00:00\" \/>\n<meta property=\"article:modified_time\" content=\"2024-12-14T22:23:25+00:00\" \/>\n<meta property=\"og:image\" content=\"https:\/\/apuntesdesanluis.com\/wp-content\/uploads\/2024\/12\/poggi-5.png\" \/>\n\t<meta property=\"og:image:width\" content=\"1019\" \/>\n\t<meta property=\"og:image:height\" content=\"669\" \/>\n\t<meta property=\"og:image:type\" content=\"image\/png\" \/>\n<meta name=\"author\" content=\"apuntesdesanluis.com\" \/>\n<meta name=\"twitter:card\" content=\"summary_large_image\" \/>\n<meta name=\"twitter:label1\" content=\"Escrito por\" \/>\n\t<meta name=\"twitter:data1\" content=\"apuntesdesanluis.com\" \/>\n\t<meta name=\"twitter:label2\" content=\"Tiempo de lectura\" \/>\n\t<meta name=\"twitter:data2\" content=\"3 minutos\" \/>\n<script type=\"application\/ld+json\" class=\"yoast-schema-graph\">{\"@context\":\"https:\/\/schema.org\",\"@graph\":[{\"@type\":\"Article\",\"@id\":\"https:\/\/apuntesdesanluis.com\/index.php\/2024\/12\/14\/multitudinario-lanzamiento-en-villa-mercedes-de-las-capacitaciones-para-emprendedores\/#article\",\"isPartOf\":{\"@id\":\"https:\/\/apuntesdesanluis.com\/index.php\/2024\/12\/14\/multitudinario-lanzamiento-en-villa-mercedes-de-las-capacitaciones-para-emprendedores\/\"},\"author\":{\"name\":\"apuntesdesanluis.com\",\"@id\":\"https:\/\/apuntesdesanluis.com\/#\/schema\/person\/b55151d52296fcce64d1a72538a70b90\"},\"headline\":\"MULTITUDINARIO LANZAMIENTO EN VILLA MERCEDES DE LAS CAPACITACIONES PARA EMPRENDEDORES\",\"datePublished\":\"2024-12-14T22:22:47+00:00\",\"dateModified\":\"2024-12-14T22:23:25+00:00\",\"mainEntityOfPage\":{\"@id\":\"https:\/\/apuntesdesanluis.com\/index.php\/2024\/12\/14\/multitudinario-lanzamiento-en-villa-mercedes-de-las-capacitaciones-para-emprendedores\/\"},\"wordCount\":542,\"publisher\":{\"@id\":\"https:\/\/apuntesdesanluis.com\/#\/schema\/person\/b55151d52296fcce64d1a72538a70b90\"},\"image\":{\"@id\":\"https:\/\/apuntesdesanluis.com\/index.php\/2024\/12\/14\/multitudinario-lanzamiento-en-villa-mercedes-de-las-capacitaciones-para-emprendedores\/#primaryimage\"},\"thumbnailUrl\":\"https:\/\/apuntesdesanluis.com\/wp-content\/uploads\/2024\/12\/poggi-5.png\",\"articleSection\":[\"Ciudad\/Provincia\"],\"inLanguage\":\"es-AR\"},{\"@type\":\"WebPage\",\"@id\":\"https:\/\/apuntesdesanluis.com\/index.php\/2024\/12\/14\/multitudinario-lanzamiento-en-villa-mercedes-de-las-capacitaciones-para-emprendedores\/\",\"url\":\"https:\/\/apuntesdesanluis.com\/index.php\/2024\/12\/14\/multitudinario-lanzamiento-en-villa-mercedes-de-las-capacitaciones-para-emprendedores\/\",\"name\":\"MULTITUDINARIO LANZAMIENTO EN VILLA MERCEDES DE LAS CAPACITACIONES PARA EMPRENDEDORES - Apuntes de San Luis\",\"isPartOf\":{\"@id\":\"https:\/\/apuntesdesanluis.com\/#website\"},\"primaryImageOfPage\":{\"@id\":\"https:\/\/apuntesdesanluis.com\/index.php\/2024\/12\/14\/multitudinario-lanzamiento-en-villa-mercedes-de-las-capacitaciones-para-emprendedores\/#primaryimage\"},\"image\":{\"@id\":\"https:\/\/apuntesdesanluis.com\/index.php\/2024\/12\/14\/multitudinario-lanzamiento-en-villa-mercedes-de-las-capacitaciones-para-emprendedores\/#primaryimage\"},\"thumbnailUrl\":\"https:\/\/apuntesdesanluis.com\/wp-content\/uploads\/2024\/12\/poggi-5.png\",\"datePublished\":\"2024-12-14T22:22:47+00:00\",\"dateModified\":\"2024-12-14T22:23:25+00:00\",\"breadcrumb\":{\"@id\":\"https:\/\/apuntesdesanluis.com\/index.php\/2024\/12\/14\/multitudinario-lanzamiento-en-villa-mercedes-de-las-capacitaciones-para-emprendedores\/#breadcrumb\"},\"inLanguage\":\"es-AR\",\"potentialAction\":[{\"@type\":\"ReadAction\",\"target\":[\"https:\/\/apuntesdesanluis.com\/index.php\/2024\/12\/14\/multitudinario-lanzamiento-en-villa-mercedes-de-las-capacitaciones-para-emprendedores\/\"]}]},{\"@type\":\"ImageObject\",\"inLanguage\":\"es-AR\",\"@id\":\"https:\/\/apuntesdesanluis.com\/index.php\/2024\/12\/14\/multitudinario-lanzamiento-en-villa-mercedes-de-las-capacitaciones-para-emprendedores\/#primaryimage\",\"url\":\"https:\/\/apuntesdesanluis.com\/wp-content\/uploads\/2024\/12\/poggi-5.png\",\"contentUrl\":\"https:\/\/apuntesdesanluis.com\/wp-content\/uploads\/2024\/12\/poggi-5.png\",\"width\":1019,\"height\":669},{\"@type\":\"BreadcrumbList\",\"@id\":\"https:\/\/apuntesdesanluis.com\/index.php\/2024\/12\/14\/multitudinario-lanzamiento-en-villa-mercedes-de-las-capacitaciones-para-emprendedores\/#breadcrumb\",\"itemListElement\":[{\"@type\":\"ListItem\",\"position\":1,\"name\":\"Inicio\",\"item\":\"https:\/\/apuntesdesanluis.com\/\"},{\"@type\":\"ListItem\",\"position\":2,\"name\":\"MULTITUDINARIO LANZAMIENTO EN VILLA MERCEDES DE LAS CAPACITACIONES PARA EMPRENDEDORES\"}]},{\"@type\":\"WebSite\",\"@id\":\"https:\/\/apuntesdesanluis.com\/#website\",\"url\":\"https:\/\/apuntesdesanluis.com\/\",\"name\":\"Apuntes de San Luis\",\"description\":\"\",\"publisher\":{\"@id\":\"https:\/\/apuntesdesanluis.com\/#\/schema\/person\/b55151d52296fcce64d1a72538a70b90\"},\"potentialAction\":[{\"@type\":\"SearchAction\",\"target\":{\"@type\":\"EntryPoint\",\"urlTemplate\":\"https:\/\/apuntesdesanluis.com\/?s={search_term_string}\"},\"query-input\":{\"@type\":\"PropertyValueSpecification\",\"valueRequired\":true,\"valueName\":\"search_term_string\"}}],\"inLanguage\":\"es-AR\"},{\"@type\":[\"Person\",\"Organization\"],\"@id\":\"https:\/\/apuntesdesanluis.com\/#\/schema\/person\/b55151d52296fcce64d1a72538a70b90\",\"name\":\"apuntesdesanluis.com\",\"image\":{\"@type\":\"ImageObject\",\"inLanguage\":\"es-AR\",\"@id\":\"https:\/\/apuntesdesanluis.com\/#\/schema\/person\/image\/\",\"url\":\"https:\/\/apuntesdesanluis.com\/wp-content\/uploads\/2023\/07\/cropped-apuntesdesanluis.png\",\"contentUrl\":\"https:\/\/apuntesdesanluis.com\/wp-content\/uploads\/2023\/07\/cropped-apuntesdesanluis.png\",\"width\":450,\"height\":112,\"caption\":\"apuntesdesanluis.com\"},\"logo\":{\"@id\":\"https:\/\/apuntesdesanluis.com\/#\/schema\/person\/image\/\"},\"sameAs\":[\"https:\/\/apuntesdesanluis.com\"],\"url\":\"https:\/\/apuntesdesanluis.com\/index.php\/author\/apuntesdesanluis-com\/\"}]}<\/script>\n<!-- \/ Yoast SEO plugin. -->","yoast_head_json":{"title":"MULTITUDINARIO LANZAMIENTO EN VILLA MERCEDES DE LAS CAPACITACIONES PARA EMPRENDEDORES - Apuntes de San Luis","robots":{"index":"index","follow":"follow","max-snippet":"max-snippet:-1","max-image-preview":"max-image-preview:large","max-video-preview":"max-video-preview:-1"},"canonical":"https:\/\/apuntesdesanluis.com\/index.php\/2024\/12\/14\/multitudinario-lanzamiento-en-villa-mercedes-de-las-capacitaciones-para-emprendedores\/","og_locale":"es_ES","og_type":"article","og_title":"MULTITUDINARIO LANZAMIENTO EN VILLA MERCEDES DE LAS CAPACITACIONES PARA EMPRENDEDORES - Apuntes de San Luis","og_description":"Este s\u00e1bado al mediod\u00eda, el gobernador Claudio Poggi encabez\u00f3 en el Estadio Arena del Parque...","og_url":"https:\/\/apuntesdesanluis.com\/index.php\/2024\/12\/14\/multitudinario-lanzamiento-en-villa-mercedes-de-las-capacitaciones-para-emprendedores\/","og_site_name":"Apuntes de San Luis","article_published_time":"2024-12-14T22:22:47+00:00","article_modified_time":"2024-12-14T22:23:25+00:00","og_image":[{"width":1019,"height":669,"url":"https:\/\/apuntesdesanluis.com\/wp-content\/uploads\/2024\/12\/poggi-5.png","type":"image\/png"}],"author":"apuntesdesanluis.com","twitter_card":"summary_large_image","twitter_misc":{"Escrito por":"apuntesdesanluis.com","Tiempo de lectura":"3 minutos"},"schema":{"@context":"https:\/\/schema.org","@graph":[{"@type":"Article","@id":"https:\/\/apuntesdesanluis.com\/index.php\/2024\/12\/14\/multitudinario-lanzamiento-en-villa-mercedes-de-las-capacitaciones-para-emprendedores\/#article","isPartOf":{"@id":"https:\/\/apuntesdesanluis.com\/index.php\/2024\/12\/14\/multitudinario-lanzamiento-en-villa-mercedes-de-las-capacitaciones-para-emprendedores\/"},"author":{"name":"apuntesdesanluis.com","@id":"https:\/\/apuntesdesanluis.com\/#\/schema\/person\/b55151d52296fcce64d1a72538a70b90"},"headline":"MULTITUDINARIO LANZAMIENTO EN VILLA MERCEDES DE LAS CAPACITACIONES PARA EMPRENDEDORES","datePublished":"2024-12-14T22:22:47+00:00","dateModified":"2024-12-14T22:23:25+00:00","mainEntityOfPage":{"@id":"https:\/\/apuntesdesanluis.com\/index.php\/2024\/12\/14\/multitudinario-lanzamiento-en-villa-mercedes-de-las-capacitaciones-para-emprendedores\/"},"wordCount":542,"publisher":{"@id":"https:\/\/apuntesdesanluis.com\/#\/schema\/person\/b55151d52296fcce64d1a72538a70b90"},"image":{"@id":"https:\/\/apuntesdesanluis.com\/index.php\/2024\/12\/14\/multitudinario-lanzamiento-en-villa-mercedes-de-las-capacitaciones-para-emprendedores\/#primaryimage"},"thumbnailUrl":"https:\/\/apuntesdesanluis.com\/wp-content\/uploads\/2024\/12\/poggi-5.png","articleSection":["Ciudad\/Provincia"],"inLanguage":"es-AR"},{"@type":"WebPage","@id":"https:\/\/apuntesdesanluis.com\/index.php\/2024\/12\/14\/multitudinario-lanzamiento-en-villa-mercedes-de-las-capacitaciones-para-emprendedores\/","url":"https:\/\/apuntesdesanluis.com\/index.php\/2024\/12\/14\/multitudinario-lanzamiento-en-villa-mercedes-de-las-capacitaciones-para-emprendedores\/","name":"MULTITUDINARIO LANZAMIENTO EN VILLA MERCEDES DE LAS CAPACITACIONES PARA EMPRENDEDORES - Apuntes de San Luis","isPartOf":{"@id":"https:\/\/apuntesdesanluis.com\/#website"},"primaryImageOfPage":{"@id":"https:\/\/apuntesdesanluis.com\/index.php\/2024\/12\/14\/multitudinario-lanzamiento-en-villa-mercedes-de-las-capacitaciones-para-emprendedores\/#primaryimage"},"image":{"@id":"https:\/\/apuntesdesanluis.com\/index.php\/2024\/12\/14\/multitudinario-lanzamiento-en-villa-mercedes-de-las-capacitaciones-para-emprendedores\/#primaryimage"},"thumbnailUrl":"https:\/\/apuntesdesanluis.com\/wp-content\/uploads\/2024\/12\/poggi-5.png","datePublished":"2024-12-14T22:22:47+00:00","dateModified":"2024-12-14T22:23:25+00:00","breadcrumb":{"@id":"https:\/\/apuntesdesanluis.com\/index.php\/2024\/12\/14\/multitudinario-lanzamiento-en-villa-mercedes-de-las-capacitaciones-para-emprendedores\/#breadcrumb"},"inLanguage":"es-AR","potentialAction":[{"@type":"ReadAction","target":["https:\/\/apuntesdesanluis.com\/index.php\/2024\/12\/14\/multitudinario-lanzamiento-en-villa-mercedes-de-las-capacitaciones-para-emprendedores\/"]}]},{"@type":"ImageObject","inLanguage":"es-AR","@id":"https:\/\/apuntesdesanluis.com\/index.php\/2024\/12\/14\/multitudinario-lanzamiento-en-villa-mercedes-de-las-capacitaciones-para-emprendedores\/#primaryimage","url":"https:\/\/apuntesdesanluis.com\/wp-content\/uploads\/2024\/12\/poggi-5.png","contentUrl":"https:\/\/apuntesdesanluis.com\/wp-content\/uploads\/2024\/12\/poggi-5.png","width":1019,"height":669},{"@type":"BreadcrumbList","@id":"https:\/\/apuntesdesanluis.com\/index.php\/2024\/12\/14\/multitudinario-lanzamiento-en-villa-mercedes-de-las-capacitaciones-para-emprendedores\/#breadcrumb","itemListElement":[{"@type":"ListItem","position":1,"name":"Inicio","item":"https:\/\/apuntesdesanluis.com\/"},{"@type":"ListItem","position":2,"name":"MULTITUDINARIO LANZAMIENTO EN VILLA MERCEDES DE LAS CAPACITACIONES PARA EMPRENDEDORES"}]},{"@type":"WebSite","@id":"https:\/\/apuntesdesanluis.com\/#website","url":"https:\/\/apuntesdesanluis.com\/","name":"Apuntes de San Luis","description":"","publisher":{"@id":"https:\/\/apuntesdesanluis.com\/#\/schema\/person\/b55151d52296fcce64d1a72538a70b90"},"potentialAction":[{"@type":"SearchAction","target":{"@type":"EntryPoint","urlTemplate":"https:\/\/apuntesdesanluis.com\/?s={search_term_string}"},"query-input":{"@type":"PropertyValueSpecification","valueRequired":true,"valueName":"search_term_string"}}],"inLanguage":"es-AR"},{"@type":["Person","Organization"],"@id":"https:\/\/apuntesdesanluis.com\/#\/schema\/person\/b55151d52296fcce64d1a72538a70b90","name":"apuntesdesanluis.com","image":{"@type":"ImageObject","inLanguage":"es-AR","@id":"https:\/\/apuntesdesanluis.com\/#\/schema\/person\/image\/","url":"https:\/\/apuntesdesanluis.com\/wp-content\/uploads\/2023\/07\/cropped-apuntesdesanluis.png","contentUrl":"https:\/\/apuntesdesanluis.com\/wp-content\/uploads\/2023\/07\/cropped-apuntesdesanluis.png","width":450,"height":112,"caption":"apuntesdesanluis.com"},"logo":{"@id":"https:\/\/apuntesdesanluis.com\/#\/schema\/person\/image\/"},"sameAs":["https:\/\/apuntesdesanluis.com"],"url":"https:\/\/apuntesdesanluis.com\/index.php\/author\/apuntesdesanluis-com\/"}]}},"featured_image_urls":{"full":["https:\/\/apuntesdesanluis.com\/wp-content\/uploads\/2024\/12\/poggi-5.png",1019,669,false],"thumbnail":["https:\/\/apuntesdesanluis.com\/wp-content\/uploads\/2024\/12\/poggi-5-150x150.png",150,150,true],"medium":["https:\/\/apuntesdesanluis.com\/wp-content\/uploads\/2024\/12\/poggi-5-300x197.png",300,197,true],"medium_large":["https:\/\/apuntesdesanluis.com\/wp-content\/uploads\/2024\/12\/poggi-5-768x504.png",640,420,true],"large":["https:\/\/apuntesdesanluis.com\/wp-content\/uploads\/2024\/12\/poggi-5.png",640,420,false],"1536x1536":["https:\/\/apuntesdesanluis.com\/wp-content\/uploads\/2024\/12\/poggi-5.png",1019,669,false],"2048x2048":["https:\/\/apuntesdesanluis.com\/wp-content\/uploads\/2024\/12\/poggi-5.png",1019,669,false],"newsever-slider-full":["https:\/\/apuntesdesanluis.com\/wp-content\/uploads\/2024\/12\/poggi-5.png",1019,669,false],"newsever-featured":["https:\/\/apuntesdesanluis.com\/wp-content\/uploads\/2024\/12\/poggi-5.png",1019,669,false],"newsever-medium":["https:\/\/apuntesdesanluis.com\/wp-content\/uploads\/2024\/12\/poggi-5-720x475.png",720,475,true]},"author_info":{"display_name":"apuntesdesanluis.com","author_link":"https:\/\/apuntesdesanluis.com\/index.php\/author\/apuntesdesanluis-com\/"},"category_info":"<a href=\"https:\/\/apuntesdesanluis.com\/index.php\/category\/ciudad-provincia\/\" rel=\"category tag\">Ciudad\/Provincia<\/a>","tag_info":"Ciudad\/Provincia","comment_count":"0","_links":{"self":[{"href":"https:\/\/apuntesdesanluis.com\/index.php\/wp-json\/wp\/v2\/posts\/26733","targetHints":{"allow":["GET"]}}],"collection":[{"href":"https:\/\/apuntesdesanluis.com\/index.php\/wp-json\/wp\/v2\/posts"}],"about":[{"href":"https:\/\/apuntesdesanluis.com\/index.php\/wp-json\/wp\/v2\/types\/post"}],"author":[{"embeddable":true,"href":"https:\/\/apuntesdesanluis.com\/index.php\/wp-json\/wp\/v2\/users\/1"}],"replies":[{"embeddable":true,"href":"https:\/\/apuntesdesanluis.com\/index.php\/wp-json\/wp\/v2\/comments?post=26733"}],"version-history":[{"count":4,"href":"https:\/\/apuntesdesanluis.com\/index.php\/wp-json\/wp\/v2\/posts\/26733\/revisions"}],"predecessor-version":[{"id":26741,"href":"https:\/\/apuntesdesanluis.com\/index.php\/wp-json\/wp\/v2\/posts\/26733\/revisions\/26741"}],"wp:featuredmedia":[{"embeddable":true,"href":"https:\/\/apuntesdesanluis.com\/index.php\/wp-json\/wp\/v2\/media\/26734"}],"wp:attachment":[{"href":"https:\/\/apuntesdesanluis.com\/index.php\/wp-json\/wp\/v2\/media?parent=26733"}],"wp:term":[{"taxonomy":"category","embeddable":true,"href":"https:\/\/apuntesdesanluis.com\/index.php\/wp-json\/wp\/v2\/categories?post=26733"},{"taxonomy":"post_tag","embeddable":true,"href":"https:\/\/apuntesdesanluis.com\/index.php\/wp-json\/wp\/v2\/tags?post=26733"}],"curies":[{"name":"wp","href":"https:\/\/api.w.org\/{rel}","templated":true}]}}