{"id":26742,"date":"2024-12-14T21:14:00","date_gmt":"2024-12-15T00:14:00","guid":{"rendered":"https:\/\/apuntesdesanluis.com\/?p=26742"},"modified":"2024-12-14T21:14:00","modified_gmt":"2024-12-15T00:14:00","slug":"amigos-son-los-amigos-meloni-le-otorgo-la-ciudadania-italiana-a-javier-milei-por-descendencia","status":"publish","type":"post","link":"https:\/\/apuntesdesanluis.com\/index.php\/2024\/12\/14\/amigos-son-los-amigos-meloni-le-otorgo-la-ciudadania-italiana-a-javier-milei-por-descendencia\/","title":{"rendered":"AMIGOS SON LOS AMIGOS: MELONI LE OTORG\u00d3 LA CIUDADAN\u00cdA ITALIANA A JAVIER MILEI \u201cPOR DESCENDENCIA\u201d"},"content":{"rendered":"<h3>La primera ministra de Italia, <strong>Georgia Meloni<\/strong>, otorg\u00f3 la ciudadan\u00eda de ese pa\u00eds a <strong>Javier Gerardo Milei<\/strong> y a su hermana <strong>Karina<\/strong>, secretaria general de la Presidencia, en reconocimiento a la \u201cdescendencia\u201d. Es que en la visita de la dirigente europea a la Argentina, en noviembre pasado, el presidente de la Naci\u00f3n habr\u00eda comentado a la premier que \u00e9l y su hermana son \u201c75 por ciento italianos\u201d, puesto que su abuelo paterno lleg\u00f3 a la Argentina desde la pen\u00ednsula it\u00e1lica y que, por su l\u00ednea materna, tambi\u00e9n corre sangre italiana.<\/h3>\n<h3>La her\u00e1ldica atribuye el apellido Milei a latitudes del V\u00e9neto, la regi\u00f3n de Venecia y Verona, ya en el siglo XV. Sin embargo, tambi\u00e9n la familia del padre del presidente argentino es de origen calabr\u00e9s, en el sur de la \u201cbota\u201d.<\/h3>\n<h3>Las ra\u00edces italianas del Presidente se remontan a su abuelo Francesco \u201cCiccio\u201d Milei, un inmigrante calabr\u00e9s que lleg\u00f3 a Argentina en 1926 cuando apenas ten\u00eda ocho a\u00f1os, en plena ola migratoria. Javier Milei es hijo de Norberto Horacio Milei, el mayor de los dos hijos de \u201cCiccio\u201d, y de Alicia Luj\u00e1n Lucich, en cuyo \u00e1rbol geneal\u00f3gico se entrelazan los or\u00edgenes italianos y croatas.<\/h3>\n<h3>El tr\u00e1mite de ciudadan\u00eda italiana ius sanguinis, es decir por \u201cderecho de sangre\u201d, refiere a los hijos de italianos sin interrupci\u00f3n generacional, lo que permite que los descendientes, sin importar generaci\u00f3n y distancia, de un italiano, puedan obtener el reconocimiento de la nacionalidad.<\/h3>\n<h3>En los casos del presidente y de su hermana, les fue dado el reconocimiento de la ciudadan\u00eda italiana \u201cpor descendencia\u201d. Aunque en Italia algunos parlamentarios de la oposici\u00f3n reclamaron a Meloni la decisi\u00f3n, no objetan el otorgamiento sino m\u00e1s bien la rapidez con la que se otorg\u00f3 la distinci\u00f3n.<\/h3>\n<p><img fetchpriority=\"high\" decoding=\"async\" class=\"wp-image-26745 aligncenter\" src=\"https:\/\/apuntesdesanluis.com\/wp-content\/uploads\/2024\/12\/MIELI-Y-MELONI-300x194.png\" alt=\"\" width=\"636\" height=\"411\" srcset=\"https:\/\/apuntesdesanluis.com\/wp-content\/uploads\/2024\/12\/MIELI-Y-MELONI-300x194.png 300w, https:\/\/apuntesdesanluis.com\/wp-content\/uploads\/2024\/12\/MIELI-Y-MELONI-768x496.png 768w, https:\/\/apuntesdesanluis.com\/wp-content\/uploads\/2024\/12\/MIELI-Y-MELONI.png 809w\" sizes=\"(max-width: 636px) 100vw, 636px\" \/><\/p>\n<h3>El presidente, de inscribirse finalmente su acta de nacimiento argentina en el registro italiano de su abuelo, ser\u00e1 tambi\u00e9n ciudadano italiano residente en el exterior, en el registro del Consulado General de Italia de Buenos Aires.<\/h3>\n<h3>As\u00ed como Milei, otro pol\u00edticos como Daniel Scioli, Sergio Massa, incluso ex presidentes como Mauricio Macri y m\u00e1s atr\u00e1s incluso, Julio Frondizi, tuvieron o tienen la doble nacionalidad. Pertenecen a un inmenso grupo conformado por un mill\u00f3n de argentinos, seg\u00fan los registros anagr\u00e1ficos de la Canciller\u00eda italiana. Y forman parte de una lista de celebridades nacionales con sangre \u201ctana\u201d como Emanuel Gin\u00f3bili, Lionel Messi o Lionel Scaloni.<\/h3>\n<h3>La primera ministra italiana, Giorgia Meloni, recibi\u00f3 el viernes por la tarde en Roma al presidente Javier Milei para reforzar las \u201cs\u00f3lidas\u201d relaciones bilaterales entre ambos pa\u00edses con la atenci\u00f3n puesta en la cooperaci\u00f3n judicial, el comercio y la lucha a la criminalidad organizada. Fue el quinto encuentro que mantienen los mandatarios en lo que va del a\u00f1o.<\/h3>\n<h3>Milei lleg\u00f3 al romano Palacio Chigi, sede de la presidencia del Gobierno, y fue acogido por Meloni en los p\u00f3rticos del patio, donde ambos escucharon el himno de sus respectivos pa\u00edses protegidos de una intensa lluvia. Luego, Meloni invit\u00f3 a entrar al palacio al mandatario argentino, con quien pos\u00f3 en una foto junto Karina Milei. El encuentro dur\u00f3 una hora y, seg\u00fan un comunicado de la parte italiana, \u201cofreci\u00f3 la ocasi\u00f3n de revalidar la com\u00fan voluntad de reforzar ulteriormente la ya s\u00f3lida asociaci\u00f3n bilateral\u201d.<\/h3>\n<h3>Todo con el objetivo de concluir en \u201clos pr\u00f3ximos meses\u201d un Plan de Acci\u00f3n 2025-2030 que permita profundizar en los \u00e1mbitos de inter\u00e9s para ambos pa\u00edses. En la reuni\u00f3n, Meloni manifest\u00f3 la voluntad de Italia de aumentar \u201csu propia presencia econ\u00f3mico-comercial en Argentina, a partir de sectores como el energ\u00e9tico y de alto valor a\u00f1adido\u201d. Asimismo concordaron \u201creafirmar la importancia atribuida a la cooperaci\u00f3n judicial y a la seguridad, con especial referencia a la lucha a la criminalidad organizada internacional\u201d.<\/h3>\n<h3>En Italia, Milei recibi\u00f3 el Premio Internacional Milton Friedman 2024 y, durante la ceremonia de entrega, defendi\u00f3 sus ideas de \u201cdestruir\u201d y \u201creducir\u201d el Estado. \u201cDesprecio el Estado, y estoy dentro del Estado para romperlo, destruirlo y reducirlo\u201d, asegur\u00f3 ante los asistentes.<\/h3>\n<h3>\u201cNo me relajo nunca, disfruto mi trabajo, de cortar el gasto p\u00fablico. Amo la motosierra, disfruto ver los tuits de (Federico) Sturzenegger\u201d, sostuvo tambi\u00e9n el mandatario en di\u00e1logo con el medio brit\u00e1nico The Spectator, especializado en Econom\u00eda. Y ampli\u00f3: \u201cExperimento placer recortando el gasto p\u00fablico, sacando al Estado del medio, porque siento que le devuelvo la libertad a la gente; opero como si fuera un topo dentro del Estado\u201d.<\/h3>\n<h3>Este s\u00e1bado el Presidente participar\u00e1 en \u2018Atreju\u2019, la convenci\u00f3n nacional de la antigua Azione Giovani, la secci\u00f3n juvenil de Alleanza Nazionale que ahora se ha convertido en Giovent\u00f9 Nazionale despu\u00e9s del nacimiento de Fratelli d\u2019Italia, el partido de ultraderecha de Meloni.<\/h3>\n<h3>Su primera edici\u00f3n data de 1998 y fue la propia Meloni quien la organiz\u00f3 en aquel momento. En los \u00faltimos a\u00f1os, junto con el crecimiento de Fratelli d\u2019Italia, el evento ha adquirido cada vez m\u00e1s importancia y ha atra\u00eddo tambi\u00e9n la atenci\u00f3n de los medios de comunicaci\u00f3n.<\/h3>\n<h3>El nombre del evento juvenil Fratelli d\u2019Italia se remonta a Atreyu, el protagonista del libro \u201cLa historia interminable\u201d, escrito por Michael Ende. Esta es la explicaci\u00f3n del nombre dada en el sitio web oficial: \u201cQuiere encarnar el ejemplo de un joven comprometido en el enfrentamiento diario contra las fuerzas de la Nada, contra un enemigo que desgasta la imaginaci\u00f3n de los j\u00f3venes, consume sus energ\u00edas, los desnuda de valores e ideales, hasta el punto de aplanar sus existencias\u201d.<\/h3>\n<h3>Atreju se desarrollar\u00e1 del 8 al 15 de diciembre en Circo Massimo, mientras que la \u00faltima edici\u00f3n tuvo lugar en los jardines del Castel Sant\u2019Angelo, en el centro de Roma. La edici\u00f3n 2024 se titula \u201cEl estilo italiano\u201d (La via italiana) y contar\u00e1 con la presencia de m\u00e1s de 378 invitados y una sucesi\u00f3n de m\u00e1s de 500 intervenciones.<\/h3>\n<p>&nbsp;<\/p>\n<p>&nbsp;<\/p>\n<p>&nbsp;<\/p>\n<p>&nbsp;<\/p>\n<p>&nbsp;<\/p>\n<p>&nbsp;<\/p>\n","protected":false},"excerpt":{"rendered":"<p>La primera ministra de Italia, Georgia Meloni, otorg\u00f3 la ciudadan\u00eda de ese pa\u00eds a Javier&#8230;<\/p>\n","protected":false},"author":1,"featured_media":26744,"comment_status":"closed","ping_status":"closed","sticky":false,"template":"","format":"standard","meta":{"footnotes":""},"categories":[5],"tags":[],"class_list":["post-26742","post","type-post","status-publish","format-standard","has-post-thumbnail","hentry","category-nacionales-internacionales"],"yoast_head":"<!-- This site is optimized with the Yoast SEO plugin v26.1.1 - https:\/\/yoast.com\/wordpress\/plugins\/seo\/ -->\n<title>AMIGOS SON LOS AMIGOS: MELONI LE OTORG\u00d3 LA CIUDADAN\u00cdA ITALIANA A JAVIER MILEI \u201cPOR DESCENDENCIA\u201d - Apuntes de San Luis<\/title>\n<meta name=\"robots\" content=\"index, follow, max-snippet:-1, max-image-preview:large, max-video-preview:-1\" \/>\n<link rel=\"canonical\" href=\"https:\/\/apuntesdesanluis.com\/index.php\/2024\/12\/14\/amigos-son-los-amigos-meloni-le-otorgo-la-ciudadania-italiana-a-javier-milei-por-descendencia\/\" \/>\n<meta property=\"og:locale\" content=\"es_ES\" \/>\n<meta property=\"og:type\" content=\"article\" \/>\n<meta property=\"og:title\" content=\"AMIGOS SON LOS AMIGOS: MELONI LE OTORG\u00d3 LA CIUDADAN\u00cdA ITALIANA A JAVIER MILEI \u201cPOR DESCENDENCIA\u201d - Apuntes de San Luis\" \/>\n<meta property=\"og:description\" content=\"La primera ministra de Italia, Georgia Meloni, otorg\u00f3 la ciudadan\u00eda de ese pa\u00eds a Javier...\" \/>\n<meta property=\"og:url\" content=\"https:\/\/apuntesdesanluis.com\/index.php\/2024\/12\/14\/amigos-son-los-amigos-meloni-le-otorgo-la-ciudadania-italiana-a-javier-milei-por-descendencia\/\" \/>\n<meta property=\"og:site_name\" content=\"Apuntes de San Luis\" \/>\n<meta property=\"article:published_time\" content=\"2024-12-15T00:14:00+00:00\" \/>\n<meta property=\"og:image\" content=\"https:\/\/apuntesdesanluis.com\/wp-content\/uploads\/2024\/12\/MIELI-KARINA-Y-MELONI.png\" \/>\n\t<meta property=\"og:image:width\" content=\"709\" \/>\n\t<meta property=\"og:image:height\" content=\"472\" \/>\n\t<meta property=\"og:image:type\" content=\"image\/png\" \/>\n<meta name=\"author\" content=\"apuntesdesanluis.com\" \/>\n<meta name=\"twitter:card\" content=\"summary_large_image\" \/>\n<meta name=\"twitter:label1\" content=\"Escrito por\" \/>\n\t<meta name=\"twitter:data1\" content=\"apuntesdesanluis.com\" \/>\n\t<meta name=\"twitter:label2\" content=\"Tiempo de lectura\" \/>\n\t<meta name=\"twitter:data2\" content=\"5 minutos\" \/>\n<script type=\"application\/ld+json\" class=\"yoast-schema-graph\">{\"@context\":\"https:\/\/schema.org\",\"@graph\":[{\"@type\":\"Article\",\"@id\":\"https:\/\/apuntesdesanluis.com\/index.php\/2024\/12\/14\/amigos-son-los-amigos-meloni-le-otorgo-la-ciudadania-italiana-a-javier-milei-por-descendencia\/#article\",\"isPartOf\":{\"@id\":\"https:\/\/apuntesdesanluis.com\/index.php\/2024\/12\/14\/amigos-son-los-amigos-meloni-le-otorgo-la-ciudadania-italiana-a-javier-milei-por-descendencia\/\"},\"author\":{\"name\":\"apuntesdesanluis.com\",\"@id\":\"https:\/\/apuntesdesanluis.com\/#\/schema\/person\/b55151d52296fcce64d1a72538a70b90\"},\"headline\":\"AMIGOS SON LOS AMIGOS: MELONI LE OTORG\u00d3 LA CIUDADAN\u00cdA ITALIANA A JAVIER MILEI \u201cPOR DESCENDENCIA\u201d\",\"datePublished\":\"2024-12-15T00:14:00+00:00\",\"mainEntityOfPage\":{\"@id\":\"https:\/\/apuntesdesanluis.com\/index.php\/2024\/12\/14\/amigos-son-los-amigos-meloni-le-otorgo-la-ciudadania-italiana-a-javier-milei-por-descendencia\/\"},\"wordCount\":1049,\"publisher\":{\"@id\":\"https:\/\/apuntesdesanluis.com\/#\/schema\/person\/b55151d52296fcce64d1a72538a70b90\"},\"image\":{\"@id\":\"https:\/\/apuntesdesanluis.com\/index.php\/2024\/12\/14\/amigos-son-los-amigos-meloni-le-otorgo-la-ciudadania-italiana-a-javier-milei-por-descendencia\/#primaryimage\"},\"thumbnailUrl\":\"https:\/\/apuntesdesanluis.com\/wp-content\/uploads\/2024\/12\/MIELI-KARINA-Y-MELONI.png\",\"articleSection\":[\"Nacionales\/Internacionales\"],\"inLanguage\":\"es-AR\"},{\"@type\":\"WebPage\",\"@id\":\"https:\/\/apuntesdesanluis.com\/index.php\/2024\/12\/14\/amigos-son-los-amigos-meloni-le-otorgo-la-ciudadania-italiana-a-javier-milei-por-descendencia\/\",\"url\":\"https:\/\/apuntesdesanluis.com\/index.php\/2024\/12\/14\/amigos-son-los-amigos-meloni-le-otorgo-la-ciudadania-italiana-a-javier-milei-por-descendencia\/\",\"name\":\"AMIGOS SON LOS AMIGOS: MELONI LE OTORG\u00d3 LA CIUDADAN\u00cdA ITALIANA A JAVIER MILEI \u201cPOR DESCENDENCIA\u201d - Apuntes de San Luis\",\"isPartOf\":{\"@id\":\"https:\/\/apuntesdesanluis.com\/#website\"},\"primaryImageOfPage\":{\"@id\":\"https:\/\/apuntesdesanluis.com\/index.php\/2024\/12\/14\/amigos-son-los-amigos-meloni-le-otorgo-la-ciudadania-italiana-a-javier-milei-por-descendencia\/#primaryimage\"},\"image\":{\"@id\":\"https:\/\/apuntesdesanluis.com\/index.php\/2024\/12\/14\/amigos-son-los-amigos-meloni-le-otorgo-la-ciudadania-italiana-a-javier-milei-por-descendencia\/#primaryimage\"},\"thumbnailUrl\":\"https:\/\/apuntesdesanluis.com\/wp-content\/uploads\/2024\/12\/MIELI-KARINA-Y-MELONI.png\",\"datePublished\":\"2024-12-15T00:14:00+00:00\",\"breadcrumb\":{\"@id\":\"https:\/\/apuntesdesanluis.com\/index.php\/2024\/12\/14\/amigos-son-los-amigos-meloni-le-otorgo-la-ciudadania-italiana-a-javier-milei-por-descendencia\/#breadcrumb\"},\"inLanguage\":\"es-AR\",\"potentialAction\":[{\"@type\":\"ReadAction\",\"target\":[\"https:\/\/apuntesdesanluis.com\/index.php\/2024\/12\/14\/amigos-son-los-amigos-meloni-le-otorgo-la-ciudadania-italiana-a-javier-milei-por-descendencia\/\"]}]},{\"@type\":\"ImageObject\",\"inLanguage\":\"es-AR\",\"@id\":\"https:\/\/apuntesdesanluis.com\/index.php\/2024\/12\/14\/amigos-son-los-amigos-meloni-le-otorgo-la-ciudadania-italiana-a-javier-milei-por-descendencia\/#primaryimage\",\"url\":\"https:\/\/apuntesdesanluis.com\/wp-content\/uploads\/2024\/12\/MIELI-KARINA-Y-MELONI.png\",\"contentUrl\":\"https:\/\/apuntesdesanluis.com\/wp-content\/uploads\/2024\/12\/MIELI-KARINA-Y-MELONI.png\",\"width\":709,\"height\":472},{\"@type\":\"BreadcrumbList\",\"@id\":\"https:\/\/apuntesdesanluis.com\/index.php\/2024\/12\/14\/amigos-son-los-amigos-meloni-le-otorgo-la-ciudadania-italiana-a-javier-milei-por-descendencia\/#breadcrumb\",\"itemListElement\":[{\"@type\":\"ListItem\",\"position\":1,\"name\":\"Inicio\",\"item\":\"https:\/\/apuntesdesanluis.com\/\"},{\"@type\":\"ListItem\",\"position\":2,\"name\":\"AMIGOS SON LOS AMIGOS: MELONI LE OTORG\u00d3 LA CIUDADAN\u00cdA ITALIANA A JAVIER MILEI \u201cPOR DESCENDENCIA\u201d\"}]},{\"@type\":\"WebSite\",\"@id\":\"https:\/\/apuntesdesanluis.com\/#website\",\"url\":\"https:\/\/apuntesdesanluis.com\/\",\"name\":\"Apuntes de San Luis\",\"description\":\"\",\"publisher\":{\"@id\":\"https:\/\/apuntesdesanluis.com\/#\/schema\/person\/b55151d52296fcce64d1a72538a70b90\"},\"potentialAction\":[{\"@type\":\"SearchAction\",\"target\":{\"@type\":\"EntryPoint\",\"urlTemplate\":\"https:\/\/apuntesdesanluis.com\/?s={search_term_string}\"},\"query-input\":{\"@type\":\"PropertyValueSpecification\",\"valueRequired\":true,\"valueName\":\"search_term_string\"}}],\"inLanguage\":\"es-AR\"},{\"@type\":[\"Person\",\"Organization\"],\"@id\":\"https:\/\/apuntesdesanluis.com\/#\/schema\/person\/b55151d52296fcce64d1a72538a70b90\",\"name\":\"apuntesdesanluis.com\",\"image\":{\"@type\":\"ImageObject\",\"inLanguage\":\"es-AR\",\"@id\":\"https:\/\/apuntesdesanluis.com\/#\/schema\/person\/image\/\",\"url\":\"https:\/\/apuntesdesanluis.com\/wp-content\/uploads\/2023\/07\/cropped-apuntesdesanluis.png\",\"contentUrl\":\"https:\/\/apuntesdesanluis.com\/wp-content\/uploads\/2023\/07\/cropped-apuntesdesanluis.png\",\"width\":450,\"height\":112,\"caption\":\"apuntesdesanluis.com\"},\"logo\":{\"@id\":\"https:\/\/apuntesdesanluis.com\/#\/schema\/person\/image\/\"},\"sameAs\":[\"https:\/\/apuntesdesanluis.com\"],\"url\":\"https:\/\/apuntesdesanluis.com\/index.php\/author\/apuntesdesanluis-com\/\"}]}<\/script>\n<!-- \/ Yoast SEO plugin. -->","yoast_head_json":{"title":"AMIGOS SON LOS AMIGOS: MELONI LE OTORG\u00d3 LA CIUDADAN\u00cdA ITALIANA A JAVIER MILEI \u201cPOR DESCENDENCIA\u201d - Apuntes de San Luis","robots":{"index":"index","follow":"follow","max-snippet":"max-snippet:-1","max-image-preview":"max-image-preview:large","max-video-preview":"max-video-preview:-1"},"canonical":"https:\/\/apuntesdesanluis.com\/index.php\/2024\/12\/14\/amigos-son-los-amigos-meloni-le-otorgo-la-ciudadania-italiana-a-javier-milei-por-descendencia\/","og_locale":"es_ES","og_type":"article","og_title":"AMIGOS SON LOS AMIGOS: MELONI LE OTORG\u00d3 LA CIUDADAN\u00cdA ITALIANA A JAVIER MILEI \u201cPOR DESCENDENCIA\u201d - Apuntes de San Luis","og_description":"La primera ministra de Italia, Georgia Meloni, otorg\u00f3 la ciudadan\u00eda de ese pa\u00eds a Javier...","og_url":"https:\/\/apuntesdesanluis.com\/index.php\/2024\/12\/14\/amigos-son-los-amigos-meloni-le-otorgo-la-ciudadania-italiana-a-javier-milei-por-descendencia\/","og_site_name":"Apuntes de San Luis","article_published_time":"2024-12-15T00:14:00+00:00","og_image":[{"width":709,"height":472,"url":"https:\/\/apuntesdesanluis.com\/wp-content\/uploads\/2024\/12\/MIELI-KARINA-Y-MELONI.png","type":"image\/png"}],"author":"apuntesdesanluis.com","twitter_card":"summary_large_image","twitter_misc":{"Escrito por":"apuntesdesanluis.com","Tiempo de lectura":"5 minutos"},"schema":{"@context":"https:\/\/schema.org","@graph":[{"@type":"Article","@id":"https:\/\/apuntesdesanluis.com\/index.php\/2024\/12\/14\/amigos-son-los-amigos-meloni-le-otorgo-la-ciudadania-italiana-a-javier-milei-por-descendencia\/#article","isPartOf":{"@id":"https:\/\/apuntesdesanluis.com\/index.php\/2024\/12\/14\/amigos-son-los-amigos-meloni-le-otorgo-la-ciudadania-italiana-a-javier-milei-por-descendencia\/"},"author":{"name":"apuntesdesanluis.com","@id":"https:\/\/apuntesdesanluis.com\/#\/schema\/person\/b55151d52296fcce64d1a72538a70b90"},"headline":"AMIGOS SON LOS AMIGOS: MELONI LE OTORG\u00d3 LA CIUDADAN\u00cdA ITALIANA A JAVIER MILEI \u201cPOR DESCENDENCIA\u201d","datePublished":"2024-12-15T00:14:00+00:00","mainEntityOfPage":{"@id":"https:\/\/apuntesdesanluis.com\/index.php\/2024\/12\/14\/amigos-son-los-amigos-meloni-le-otorgo-la-ciudadania-italiana-a-javier-milei-por-descendencia\/"},"wordCount":1049,"publisher":{"@id":"https:\/\/apuntesdesanluis.com\/#\/schema\/person\/b55151d52296fcce64d1a72538a70b90"},"image":{"@id":"https:\/\/apuntesdesanluis.com\/index.php\/2024\/12\/14\/amigos-son-los-amigos-meloni-le-otorgo-la-ciudadania-italiana-a-javier-milei-por-descendencia\/#primaryimage"},"thumbnailUrl":"https:\/\/apuntesdesanluis.com\/wp-content\/uploads\/2024\/12\/MIELI-KARINA-Y-MELONI.png","articleSection":["Nacionales\/Internacionales"],"inLanguage":"es-AR"},{"@type":"WebPage","@id":"https:\/\/apuntesdesanluis.com\/index.php\/2024\/12\/14\/amigos-son-los-amigos-meloni-le-otorgo-la-ciudadania-italiana-a-javier-milei-por-descendencia\/","url":"https:\/\/apuntesdesanluis.com\/index.php\/2024\/12\/14\/amigos-son-los-amigos-meloni-le-otorgo-la-ciudadania-italiana-a-javier-milei-por-descendencia\/","name":"AMIGOS SON LOS AMIGOS: MELONI LE OTORG\u00d3 LA CIUDADAN\u00cdA ITALIANA A JAVIER MILEI \u201cPOR DESCENDENCIA\u201d - Apuntes de San Luis","isPartOf":{"@id":"https:\/\/apuntesdesanluis.com\/#website"},"primaryImageOfPage":{"@id":"https:\/\/apuntesdesanluis.com\/index.php\/2024\/12\/14\/amigos-son-los-amigos-meloni-le-otorgo-la-ciudadania-italiana-a-javier-milei-por-descendencia\/#primaryimage"},"image":{"@id":"https:\/\/apuntesdesanluis.com\/index.php\/2024\/12\/14\/amigos-son-los-amigos-meloni-le-otorgo-la-ciudadania-italiana-a-javier-milei-por-descendencia\/#primaryimage"},"thumbnailUrl":"https:\/\/apuntesdesanluis.com\/wp-content\/uploads\/2024\/12\/MIELI-KARINA-Y-MELONI.png","datePublished":"2024-12-15T00:14:00+00:00","breadcrumb":{"@id":"https:\/\/apuntesdesanluis.com\/index.php\/2024\/12\/14\/amigos-son-los-amigos-meloni-le-otorgo-la-ciudadania-italiana-a-javier-milei-por-descendencia\/#breadcrumb"},"inLanguage":"es-AR","potentialAction":[{"@type":"ReadAction","target":["https:\/\/apuntesdesanluis.com\/index.php\/2024\/12\/14\/amigos-son-los-amigos-meloni-le-otorgo-la-ciudadania-italiana-a-javier-milei-por-descendencia\/"]}]},{"@type":"ImageObject","inLanguage":"es-AR","@id":"https:\/\/apuntesdesanluis.com\/index.php\/2024\/12\/14\/amigos-son-los-amigos-meloni-le-otorgo-la-ciudadania-italiana-a-javier-milei-por-descendencia\/#primaryimage","url":"https:\/\/apuntesdesanluis.com\/wp-content\/uploads\/2024\/12\/MIELI-KARINA-Y-MELONI.png","contentUrl":"https:\/\/apuntesdesanluis.com\/wp-content\/uploads\/2024\/12\/MIELI-KARINA-Y-MELONI.png","width":709,"height":472},{"@type":"BreadcrumbList","@id":"https:\/\/apuntesdesanluis.com\/index.php\/2024\/12\/14\/amigos-son-los-amigos-meloni-le-otorgo-la-ciudadania-italiana-a-javier-milei-por-descendencia\/#breadcrumb","itemListElement":[{"@type":"ListItem","position":1,"name":"Inicio","item":"https:\/\/apuntesdesanluis.com\/"},{"@type":"ListItem","position":2,"name":"AMIGOS SON LOS AMIGOS: MELONI LE OTORG\u00d3 LA CIUDADAN\u00cdA ITALIANA A JAVIER MILEI \u201cPOR DESCENDENCIA\u201d"}]},{"@type":"WebSite","@id":"https:\/\/apuntesdesanluis.com\/#website","url":"https:\/\/apuntesdesanluis.com\/","name":"Apuntes de San Luis","description":"","publisher":{"@id":"https:\/\/apuntesdesanluis.com\/#\/schema\/person\/b55151d52296fcce64d1a72538a70b90"},"potentialAction":[{"@type":"SearchAction","target":{"@type":"EntryPoint","urlTemplate":"https:\/\/apuntesdesanluis.com\/?s={search_term_string}"},"query-input":{"@type":"PropertyValueSpecification","valueRequired":true,"valueName":"search_term_string"}}],"inLanguage":"es-AR"},{"@type":["Person","Organization"],"@id":"https:\/\/apuntesdesanluis.com\/#\/schema\/person\/b55151d52296fcce64d1a72538a70b90","name":"apuntesdesanluis.com","image":{"@type":"ImageObject","inLanguage":"es-AR","@id":"https:\/\/apuntesdesanluis.com\/#\/schema\/person\/image\/","url":"https:\/\/apuntesdesanluis.com\/wp-content\/uploads\/2023\/07\/cropped-apuntesdesanluis.png","contentUrl":"https:\/\/apuntesdesanluis.com\/wp-content\/uploads\/2023\/07\/cropped-apuntesdesanluis.png","width":450,"height":112,"caption":"apuntesdesanluis.com"},"logo":{"@id":"https:\/\/apuntesdesanluis.com\/#\/schema\/person\/image\/"},"sameAs":["https:\/\/apuntesdesanluis.com"],"url":"https:\/\/apuntesdesanluis.com\/index.php\/author\/apuntesdesanluis-com\/"}]}},"featured_image_urls":{"full":["https:\/\/apuntesdesanluis.com\/wp-content\/uploads\/2024\/12\/MIELI-KARINA-Y-MELONI.png",709,472,false],"thumbnail":["https:\/\/apuntesdesanluis.com\/wp-content\/uploads\/2024\/12\/MIELI-KARINA-Y-MELONI-150x150.png",150,150,true],"medium":["https:\/\/apuntesdesanluis.com\/wp-content\/uploads\/2024\/12\/MIELI-KARINA-Y-MELONI-300x200.png",300,200,true],"medium_large":["https:\/\/apuntesdesanluis.com\/wp-content\/uploads\/2024\/12\/MIELI-KARINA-Y-MELONI.png",640,426,false],"large":["https:\/\/apuntesdesanluis.com\/wp-content\/uploads\/2024\/12\/MIELI-KARINA-Y-MELONI.png",640,426,false],"1536x1536":["https:\/\/apuntesdesanluis.com\/wp-content\/uploads\/2024\/12\/MIELI-KARINA-Y-MELONI.png",709,472,false],"2048x2048":["https:\/\/apuntesdesanluis.com\/wp-content\/uploads\/2024\/12\/MIELI-KARINA-Y-MELONI.png",709,472,false],"newsever-slider-full":["https:\/\/apuntesdesanluis.com\/wp-content\/uploads\/2024\/12\/MIELI-KARINA-Y-MELONI.png",709,472,false],"newsever-featured":["https:\/\/apuntesdesanluis.com\/wp-content\/uploads\/2024\/12\/MIELI-KARINA-Y-MELONI.png",709,472,false],"newsever-medium":["https:\/\/apuntesdesanluis.com\/wp-content\/uploads\/2024\/12\/MIELI-KARINA-Y-MELONI.png",709,472,false]},"author_info":{"display_name":"apuntesdesanluis.com","author_link":"https:\/\/apuntesdesanluis.com\/index.php\/author\/apuntesdesanluis-com\/"},"category_info":"<a href=\"https:\/\/apuntesdesanluis.com\/index.php\/category\/nacionales-internacionales\/\" rel=\"category tag\">Nacionales\/Internacionales<\/a>","tag_info":"Nacionales\/Internacionales","comment_count":"0","_links":{"self":[{"href":"https:\/\/apuntesdesanluis.com\/index.php\/wp-json\/wp\/v2\/posts\/26742","targetHints":{"allow":["GET"]}}],"collection":[{"href":"https:\/\/apuntesdesanluis.com\/index.php\/wp-json\/wp\/v2\/posts"}],"about":[{"href":"https:\/\/apuntesdesanluis.com\/index.php\/wp-json\/wp\/v2\/types\/post"}],"author":[{"embeddable":true,"href":"https:\/\/apuntesdesanluis.com\/index.php\/wp-json\/wp\/v2\/users\/1"}],"replies":[{"embeddable":true,"href":"https:\/\/apuntesdesanluis.com\/index.php\/wp-json\/wp\/v2\/comments?post=26742"}],"version-history":[{"count":1,"href":"https:\/\/apuntesdesanluis.com\/index.php\/wp-json\/wp\/v2\/posts\/26742\/revisions"}],"predecessor-version":[{"id":26746,"href":"https:\/\/apuntesdesanluis.com\/index.php\/wp-json\/wp\/v2\/posts\/26742\/revisions\/26746"}],"wp:featuredmedia":[{"embeddable":true,"href":"https:\/\/apuntesdesanluis.com\/index.php\/wp-json\/wp\/v2\/media\/26744"}],"wp:attachment":[{"href":"https:\/\/apuntesdesanluis.com\/index.php\/wp-json\/wp\/v2\/media?parent=26742"}],"wp:term":[{"taxonomy":"category","embeddable":true,"href":"https:\/\/apuntesdesanluis.com\/index.php\/wp-json\/wp\/v2\/categories?post=26742"},{"taxonomy":"post_tag","embeddable":true,"href":"https:\/\/apuntesdesanluis.com\/index.php\/wp-json\/wp\/v2\/tags?post=26742"}],"curies":[{"name":"wp","href":"https:\/\/api.w.org\/{rel}","templated":true}]}}