{"id":26774,"date":"2024-12-15T22:03:13","date_gmt":"2024-12-16T01:03:13","guid":{"rendered":"https:\/\/apuntesdesanluis.com\/?p=26774"},"modified":"2024-12-15T22:05:10","modified_gmt":"2024-12-16T01:05:10","slug":"velez-no-dejo-dudas-vencio-a-huracan-y-se-consagro-campeon-de-la-liga-profesional","status":"publish","type":"post","link":"https:\/\/apuntesdesanluis.com\/index.php\/2024\/12\/15\/velez-no-dejo-dudas-vencio-a-huracan-y-se-consagro-campeon-de-la-liga-profesional\/","title":{"rendered":"V\u00c9LEZ NO DEJ\u00d3 DUDAS, VENCI\u00d3 A HURAC\u00c1N Y SE CONSAGR\u00d3 CAMPE\u00d3N DE LA LIGA PROFESIONAL"},"content":{"rendered":"<h3>El Fort\u00edn se impuso por 2 a 0 con los tantos de Aquino y Fern\u00e1ndez. Los de Liniers lograron el 18\u00b0 t\u00edtulo de su historia. Talleres por su parte cay\u00f3 de local 3 a 1 frente a Newell\u00b4s.<\/h3>\n<h3>V\u00e9lez no dej\u00f3 lugar a la duda super\u00f3 sin atenuantes a Hurac\u00e1n por 2 a 0 y se proclam\u00f3 campe\u00f3n de la Liga Profesional 2024, en Liniers, en un encuentro v\u00e1lido por la \u00faltima fecha del certamen.<\/h3>\n<h3>Claudio Aquino, a los 29 minutos del primer tiempo y, Dami\u00e1n Hern\u00e1ndez, a los 41 del mismo per\u00edodo, le dieron el triunfo al Fort\u00edn.<\/h3>\n<p><iframe title=\"EL FORT\u00cdN DERROT\u00d3 AL GLOBO Y ES CAMPE\u00d3N DE LA LIGA PROFESIONAL 2024 | V\u00e9lez 2-0 Hurac\u00e1n | RESUMEN\" width=\"640\" height=\"360\" src=\"https:\/\/www.youtube.com\/embed\/du1JtiTa0sM?feature=oembed\" frameborder=\"0\" allow=\"accelerometer; autoplay; clipboard-write; encrypted-media; gyroscope; picture-in-picture; web-share\" referrerpolicy=\"strict-origin-when-cross-origin\" allowfullscreen><\/iframe><\/p>\n<h3>V\u00e9lez conquist\u00f3 el 18\u00b0 t\u00edtulo en su historia, de los cuales 13 fueron a nivel local -uno en Segunda Divisi\u00f3n-, mientras que los cinco restantes son internacionales, con la Copa Libertadores e Intercontinental como destacados.<\/h3>\n<h3>El comienzo del encuentro fue atractivo por la decisi\u00f3n de Hurac\u00e1n para presionar e incomodar a un V\u00e9lez que se vio sorprendido e impreciso, pero con el correr de los minutos logr\u00f3 equilibrar las acciones y proponer un ida y vuelta auspicioso.<\/h3>\n<h3>Pasado el cuarto de juego, ya el dominio fue de los locales y la visita apenas pudo aspirar a contragolpes aislados, los cuales no supo aprovechar. Lo contrario hizo el Fort\u00edn, que aprovecho su momento, arrincon\u00f3 al Globo y lo lastim\u00f3 con el tanto de Aquino, quien para celebrar tuvo que aguardar la confirmaci\u00f3n del VAR.<\/h3>\n<h3>Posteriormente todo fue de V\u00e9lez y antes que se consuma el primer acto, volvi\u00f3 a facturar: Dami\u00e1n Fern\u00e1ndez apareci\u00f3 en soledad por el \u00e1rea de Hurac\u00e1n y firm\u00f3 el 2-0 tras una jugada que se inici\u00f3 con errores groseros del elencos de Parque Patricios.<\/h3>\n<h3>En el complemento, el Fort\u00edn jug\u00f3 con tranquilidad. La ventaja a su favor le permiti\u00f3 manejar los hilos del cotejo sin sobresaltos y domin\u00f3 en todo momento a un rival que no estuvo nunca a la altura del partido y que con el nerviosismo en contra, poco pudo hacer.<\/h3>\n<h3>Por su parte Talleres de C\u00f3rdoba, que llegaba con los mismos puntos, cay\u00f3 derrotado sorpresivamente en su cancha contra La Lepra rosarina.<\/h3>\n<p><iframe title=\"LA LEPRA AMARG\u00d3 LA FIESTA DE LA T EN C\u00d3RDOBA | Talleres 1-3 Newell&#039;s | RESUMEN\" width=\"640\" height=\"360\" src=\"https:\/\/www.youtube.com\/embed\/AmbE4h7PdVc?feature=oembed\" frameborder=\"0\" allow=\"accelerometer; autoplay; clipboard-write; encrypted-media; gyroscope; picture-in-picture; web-share\" referrerpolicy=\"strict-origin-when-cross-origin\" allowfullscreen><\/iframe><\/p>\n<h3><\/h3>\n<p>&nbsp;<\/p>\n<p>&nbsp;<\/p>\n<p>&nbsp;<\/p>\n<p>&nbsp;<\/p>\n<p>&nbsp;<\/p>\n<p>&nbsp;<\/p>\n<p>&nbsp;<\/p>\n<p>&nbsp;<\/p>\n","protected":false},"excerpt":{"rendered":"<p>El Fort\u00edn se impuso por 2 a 0 con los tantos de Aquino y Fern\u00e1ndez&#8230;.<\/p>\n","protected":false},"author":1,"featured_media":26775,"comment_status":"closed","ping_status":"closed","sticky":false,"template":"","format":"standard","meta":{"footnotes":""},"categories":[8,5],"tags":[],"class_list":["post-26774","post","type-post","status-publish","format-standard","has-post-thumbnail","hentry","category-deportes","category-nacionales-internacionales"],"yoast_head":"<!-- This site is optimized with the Yoast SEO plugin v26.1.1 - https:\/\/yoast.com\/wordpress\/plugins\/seo\/ -->\n<title>V\u00c9LEZ NO DEJ\u00d3 DUDAS, VENCI\u00d3 A HURAC\u00c1N Y SE CONSAGR\u00d3 CAMPE\u00d3N DE LA LIGA PROFESIONAL - Apuntes de San Luis<\/title>\n<meta name=\"robots\" content=\"index, follow, max-snippet:-1, max-image-preview:large, max-video-preview:-1\" \/>\n<link rel=\"canonical\" href=\"https:\/\/apuntesdesanluis.com\/index.php\/2024\/12\/15\/velez-no-dejo-dudas-vencio-a-huracan-y-se-consagro-campeon-de-la-liga-profesional\/\" \/>\n<meta property=\"og:locale\" content=\"es_ES\" \/>\n<meta property=\"og:type\" content=\"article\" \/>\n<meta property=\"og:title\" content=\"V\u00c9LEZ NO DEJ\u00d3 DUDAS, VENCI\u00d3 A HURAC\u00c1N Y SE CONSAGR\u00d3 CAMPE\u00d3N DE LA LIGA PROFESIONAL - Apuntes de San Luis\" \/>\n<meta property=\"og:description\" content=\"El Fort\u00edn se impuso por 2 a 0 con los tantos de Aquino y Fern\u00e1ndez....\" \/>\n<meta property=\"og:url\" content=\"https:\/\/apuntesdesanluis.com\/index.php\/2024\/12\/15\/velez-no-dejo-dudas-vencio-a-huracan-y-se-consagro-campeon-de-la-liga-profesional\/\" \/>\n<meta property=\"og:site_name\" content=\"Apuntes de San Luis\" \/>\n<meta property=\"article:published_time\" content=\"2024-12-16T01:03:13+00:00\" \/>\n<meta property=\"article:modified_time\" content=\"2024-12-16T01:05:10+00:00\" \/>\n<meta property=\"og:image\" content=\"https:\/\/apuntesdesanluis.com\/wp-content\/uploads\/2024\/12\/Velez-campeon.png\" \/>\n\t<meta property=\"og:image:width\" content=\"692\" \/>\n\t<meta property=\"og:image:height\" content=\"429\" \/>\n\t<meta property=\"og:image:type\" content=\"image\/png\" \/>\n<meta name=\"author\" content=\"apuntesdesanluis.com\" \/>\n<meta name=\"twitter:card\" content=\"summary_large_image\" \/>\n<meta name=\"twitter:label1\" content=\"Escrito por\" \/>\n\t<meta name=\"twitter:data1\" content=\"apuntesdesanluis.com\" \/>\n\t<meta name=\"twitter:label2\" content=\"Tiempo de lectura\" \/>\n\t<meta name=\"twitter:data2\" content=\"2 minutos\" \/>\n<script type=\"application\/ld+json\" class=\"yoast-schema-graph\">{\"@context\":\"https:\/\/schema.org\",\"@graph\":[{\"@type\":\"Article\",\"@id\":\"https:\/\/apuntesdesanluis.com\/index.php\/2024\/12\/15\/velez-no-dejo-dudas-vencio-a-huracan-y-se-consagro-campeon-de-la-liga-profesional\/#article\",\"isPartOf\":{\"@id\":\"https:\/\/apuntesdesanluis.com\/index.php\/2024\/12\/15\/velez-no-dejo-dudas-vencio-a-huracan-y-se-consagro-campeon-de-la-liga-profesional\/\"},\"author\":{\"name\":\"apuntesdesanluis.com\",\"@id\":\"https:\/\/apuntesdesanluis.com\/#\/schema\/person\/b55151d52296fcce64d1a72538a70b90\"},\"headline\":\"V\u00c9LEZ NO DEJ\u00d3 DUDAS, VENCI\u00d3 A HURAC\u00c1N Y SE CONSAGR\u00d3 CAMPE\u00d3N DE LA LIGA PROFESIONAL\",\"datePublished\":\"2024-12-16T01:03:13+00:00\",\"dateModified\":\"2024-12-16T01:05:10+00:00\",\"mainEntityOfPage\":{\"@id\":\"https:\/\/apuntesdesanluis.com\/index.php\/2024\/12\/15\/velez-no-dejo-dudas-vencio-a-huracan-y-se-consagro-campeon-de-la-liga-profesional\/\"},\"wordCount\":412,\"publisher\":{\"@id\":\"https:\/\/apuntesdesanluis.com\/#\/schema\/person\/b55151d52296fcce64d1a72538a70b90\"},\"image\":{\"@id\":\"https:\/\/apuntesdesanluis.com\/index.php\/2024\/12\/15\/velez-no-dejo-dudas-vencio-a-huracan-y-se-consagro-campeon-de-la-liga-profesional\/#primaryimage\"},\"thumbnailUrl\":\"https:\/\/apuntesdesanluis.com\/wp-content\/uploads\/2024\/12\/Velez-campeon.png\",\"articleSection\":[\"Deportes\",\"Nacionales\/Internacionales\"],\"inLanguage\":\"es-AR\"},{\"@type\":\"WebPage\",\"@id\":\"https:\/\/apuntesdesanluis.com\/index.php\/2024\/12\/15\/velez-no-dejo-dudas-vencio-a-huracan-y-se-consagro-campeon-de-la-liga-profesional\/\",\"url\":\"https:\/\/apuntesdesanluis.com\/index.php\/2024\/12\/15\/velez-no-dejo-dudas-vencio-a-huracan-y-se-consagro-campeon-de-la-liga-profesional\/\",\"name\":\"V\u00c9LEZ NO DEJ\u00d3 DUDAS, VENCI\u00d3 A HURAC\u00c1N Y SE CONSAGR\u00d3 CAMPE\u00d3N DE LA LIGA PROFESIONAL - Apuntes de San Luis\",\"isPartOf\":{\"@id\":\"https:\/\/apuntesdesanluis.com\/#website\"},\"primaryImageOfPage\":{\"@id\":\"https:\/\/apuntesdesanluis.com\/index.php\/2024\/12\/15\/velez-no-dejo-dudas-vencio-a-huracan-y-se-consagro-campeon-de-la-liga-profesional\/#primaryimage\"},\"image\":{\"@id\":\"https:\/\/apuntesdesanluis.com\/index.php\/2024\/12\/15\/velez-no-dejo-dudas-vencio-a-huracan-y-se-consagro-campeon-de-la-liga-profesional\/#primaryimage\"},\"thumbnailUrl\":\"https:\/\/apuntesdesanluis.com\/wp-content\/uploads\/2024\/12\/Velez-campeon.png\",\"datePublished\":\"2024-12-16T01:03:13+00:00\",\"dateModified\":\"2024-12-16T01:05:10+00:00\",\"breadcrumb\":{\"@id\":\"https:\/\/apuntesdesanluis.com\/index.php\/2024\/12\/15\/velez-no-dejo-dudas-vencio-a-huracan-y-se-consagro-campeon-de-la-liga-profesional\/#breadcrumb\"},\"inLanguage\":\"es-AR\",\"potentialAction\":[{\"@type\":\"ReadAction\",\"target\":[\"https:\/\/apuntesdesanluis.com\/index.php\/2024\/12\/15\/velez-no-dejo-dudas-vencio-a-huracan-y-se-consagro-campeon-de-la-liga-profesional\/\"]}]},{\"@type\":\"ImageObject\",\"inLanguage\":\"es-AR\",\"@id\":\"https:\/\/apuntesdesanluis.com\/index.php\/2024\/12\/15\/velez-no-dejo-dudas-vencio-a-huracan-y-se-consagro-campeon-de-la-liga-profesional\/#primaryimage\",\"url\":\"https:\/\/apuntesdesanluis.com\/wp-content\/uploads\/2024\/12\/Velez-campeon.png\",\"contentUrl\":\"https:\/\/apuntesdesanluis.com\/wp-content\/uploads\/2024\/12\/Velez-campeon.png\",\"width\":692,\"height\":429},{\"@type\":\"BreadcrumbList\",\"@id\":\"https:\/\/apuntesdesanluis.com\/index.php\/2024\/12\/15\/velez-no-dejo-dudas-vencio-a-huracan-y-se-consagro-campeon-de-la-liga-profesional\/#breadcrumb\",\"itemListElement\":[{\"@type\":\"ListItem\",\"position\":1,\"name\":\"Inicio\",\"item\":\"https:\/\/apuntesdesanluis.com\/\"},{\"@type\":\"ListItem\",\"position\":2,\"name\":\"V\u00c9LEZ NO DEJ\u00d3 DUDAS, VENCI\u00d3 A HURAC\u00c1N Y SE CONSAGR\u00d3 CAMPE\u00d3N DE LA LIGA PROFESIONAL\"}]},{\"@type\":\"WebSite\",\"@id\":\"https:\/\/apuntesdesanluis.com\/#website\",\"url\":\"https:\/\/apuntesdesanluis.com\/\",\"name\":\"Apuntes de San Luis\",\"description\":\"\",\"publisher\":{\"@id\":\"https:\/\/apuntesdesanluis.com\/#\/schema\/person\/b55151d52296fcce64d1a72538a70b90\"},\"potentialAction\":[{\"@type\":\"SearchAction\",\"target\":{\"@type\":\"EntryPoint\",\"urlTemplate\":\"https:\/\/apuntesdesanluis.com\/?s={search_term_string}\"},\"query-input\":{\"@type\":\"PropertyValueSpecification\",\"valueRequired\":true,\"valueName\":\"search_term_string\"}}],\"inLanguage\":\"es-AR\"},{\"@type\":[\"Person\",\"Organization\"],\"@id\":\"https:\/\/apuntesdesanluis.com\/#\/schema\/person\/b55151d52296fcce64d1a72538a70b90\",\"name\":\"apuntesdesanluis.com\",\"image\":{\"@type\":\"ImageObject\",\"inLanguage\":\"es-AR\",\"@id\":\"https:\/\/apuntesdesanluis.com\/#\/schema\/person\/image\/\",\"url\":\"https:\/\/apuntesdesanluis.com\/wp-content\/uploads\/2023\/07\/cropped-apuntesdesanluis.png\",\"contentUrl\":\"https:\/\/apuntesdesanluis.com\/wp-content\/uploads\/2023\/07\/cropped-apuntesdesanluis.png\",\"width\":450,\"height\":112,\"caption\":\"apuntesdesanluis.com\"},\"logo\":{\"@id\":\"https:\/\/apuntesdesanluis.com\/#\/schema\/person\/image\/\"},\"sameAs\":[\"https:\/\/apuntesdesanluis.com\"],\"url\":\"https:\/\/apuntesdesanluis.com\/index.php\/author\/apuntesdesanluis-com\/\"}]}<\/script>\n<!-- \/ Yoast SEO plugin. -->","yoast_head_json":{"title":"V\u00c9LEZ NO DEJ\u00d3 DUDAS, VENCI\u00d3 A HURAC\u00c1N Y SE CONSAGR\u00d3 CAMPE\u00d3N DE LA LIGA PROFESIONAL - Apuntes de San Luis","robots":{"index":"index","follow":"follow","max-snippet":"max-snippet:-1","max-image-preview":"max-image-preview:large","max-video-preview":"max-video-preview:-1"},"canonical":"https:\/\/apuntesdesanluis.com\/index.php\/2024\/12\/15\/velez-no-dejo-dudas-vencio-a-huracan-y-se-consagro-campeon-de-la-liga-profesional\/","og_locale":"es_ES","og_type":"article","og_title":"V\u00c9LEZ NO DEJ\u00d3 DUDAS, VENCI\u00d3 A HURAC\u00c1N Y SE CONSAGR\u00d3 CAMPE\u00d3N DE LA LIGA PROFESIONAL - Apuntes de San Luis","og_description":"El Fort\u00edn se impuso por 2 a 0 con los tantos de Aquino y Fern\u00e1ndez....","og_url":"https:\/\/apuntesdesanluis.com\/index.php\/2024\/12\/15\/velez-no-dejo-dudas-vencio-a-huracan-y-se-consagro-campeon-de-la-liga-profesional\/","og_site_name":"Apuntes de San Luis","article_published_time":"2024-12-16T01:03:13+00:00","article_modified_time":"2024-12-16T01:05:10+00:00","og_image":[{"width":692,"height":429,"url":"https:\/\/apuntesdesanluis.com\/wp-content\/uploads\/2024\/12\/Velez-campeon.png","type":"image\/png"}],"author":"apuntesdesanluis.com","twitter_card":"summary_large_image","twitter_misc":{"Escrito por":"apuntesdesanluis.com","Tiempo de lectura":"2 minutos"},"schema":{"@context":"https:\/\/schema.org","@graph":[{"@type":"Article","@id":"https:\/\/apuntesdesanluis.com\/index.php\/2024\/12\/15\/velez-no-dejo-dudas-vencio-a-huracan-y-se-consagro-campeon-de-la-liga-profesional\/#article","isPartOf":{"@id":"https:\/\/apuntesdesanluis.com\/index.php\/2024\/12\/15\/velez-no-dejo-dudas-vencio-a-huracan-y-se-consagro-campeon-de-la-liga-profesional\/"},"author":{"name":"apuntesdesanluis.com","@id":"https:\/\/apuntesdesanluis.com\/#\/schema\/person\/b55151d52296fcce64d1a72538a70b90"},"headline":"V\u00c9LEZ NO DEJ\u00d3 DUDAS, VENCI\u00d3 A HURAC\u00c1N Y SE CONSAGR\u00d3 CAMPE\u00d3N DE LA LIGA PROFESIONAL","datePublished":"2024-12-16T01:03:13+00:00","dateModified":"2024-12-16T01:05:10+00:00","mainEntityOfPage":{"@id":"https:\/\/apuntesdesanluis.com\/index.php\/2024\/12\/15\/velez-no-dejo-dudas-vencio-a-huracan-y-se-consagro-campeon-de-la-liga-profesional\/"},"wordCount":412,"publisher":{"@id":"https:\/\/apuntesdesanluis.com\/#\/schema\/person\/b55151d52296fcce64d1a72538a70b90"},"image":{"@id":"https:\/\/apuntesdesanluis.com\/index.php\/2024\/12\/15\/velez-no-dejo-dudas-vencio-a-huracan-y-se-consagro-campeon-de-la-liga-profesional\/#primaryimage"},"thumbnailUrl":"https:\/\/apuntesdesanluis.com\/wp-content\/uploads\/2024\/12\/Velez-campeon.png","articleSection":["Deportes","Nacionales\/Internacionales"],"inLanguage":"es-AR"},{"@type":"WebPage","@id":"https:\/\/apuntesdesanluis.com\/index.php\/2024\/12\/15\/velez-no-dejo-dudas-vencio-a-huracan-y-se-consagro-campeon-de-la-liga-profesional\/","url":"https:\/\/apuntesdesanluis.com\/index.php\/2024\/12\/15\/velez-no-dejo-dudas-vencio-a-huracan-y-se-consagro-campeon-de-la-liga-profesional\/","name":"V\u00c9LEZ NO DEJ\u00d3 DUDAS, VENCI\u00d3 A HURAC\u00c1N Y SE CONSAGR\u00d3 CAMPE\u00d3N DE LA LIGA PROFESIONAL - Apuntes de San Luis","isPartOf":{"@id":"https:\/\/apuntesdesanluis.com\/#website"},"primaryImageOfPage":{"@id":"https:\/\/apuntesdesanluis.com\/index.php\/2024\/12\/15\/velez-no-dejo-dudas-vencio-a-huracan-y-se-consagro-campeon-de-la-liga-profesional\/#primaryimage"},"image":{"@id":"https:\/\/apuntesdesanluis.com\/index.php\/2024\/12\/15\/velez-no-dejo-dudas-vencio-a-huracan-y-se-consagro-campeon-de-la-liga-profesional\/#primaryimage"},"thumbnailUrl":"https:\/\/apuntesdesanluis.com\/wp-content\/uploads\/2024\/12\/Velez-campeon.png","datePublished":"2024-12-16T01:03:13+00:00","dateModified":"2024-12-16T01:05:10+00:00","breadcrumb":{"@id":"https:\/\/apuntesdesanluis.com\/index.php\/2024\/12\/15\/velez-no-dejo-dudas-vencio-a-huracan-y-se-consagro-campeon-de-la-liga-profesional\/#breadcrumb"},"inLanguage":"es-AR","potentialAction":[{"@type":"ReadAction","target":["https:\/\/apuntesdesanluis.com\/index.php\/2024\/12\/15\/velez-no-dejo-dudas-vencio-a-huracan-y-se-consagro-campeon-de-la-liga-profesional\/"]}]},{"@type":"ImageObject","inLanguage":"es-AR","@id":"https:\/\/apuntesdesanluis.com\/index.php\/2024\/12\/15\/velez-no-dejo-dudas-vencio-a-huracan-y-se-consagro-campeon-de-la-liga-profesional\/#primaryimage","url":"https:\/\/apuntesdesanluis.com\/wp-content\/uploads\/2024\/12\/Velez-campeon.png","contentUrl":"https:\/\/apuntesdesanluis.com\/wp-content\/uploads\/2024\/12\/Velez-campeon.png","width":692,"height":429},{"@type":"BreadcrumbList","@id":"https:\/\/apuntesdesanluis.com\/index.php\/2024\/12\/15\/velez-no-dejo-dudas-vencio-a-huracan-y-se-consagro-campeon-de-la-liga-profesional\/#breadcrumb","itemListElement":[{"@type":"ListItem","position":1,"name":"Inicio","item":"https:\/\/apuntesdesanluis.com\/"},{"@type":"ListItem","position":2,"name":"V\u00c9LEZ NO DEJ\u00d3 DUDAS, VENCI\u00d3 A HURAC\u00c1N Y SE CONSAGR\u00d3 CAMPE\u00d3N DE LA LIGA PROFESIONAL"}]},{"@type":"WebSite","@id":"https:\/\/apuntesdesanluis.com\/#website","url":"https:\/\/apuntesdesanluis.com\/","name":"Apuntes de San Luis","description":"","publisher":{"@id":"https:\/\/apuntesdesanluis.com\/#\/schema\/person\/b55151d52296fcce64d1a72538a70b90"},"potentialAction":[{"@type":"SearchAction","target":{"@type":"EntryPoint","urlTemplate":"https:\/\/apuntesdesanluis.com\/?s={search_term_string}"},"query-input":{"@type":"PropertyValueSpecification","valueRequired":true,"valueName":"search_term_string"}}],"inLanguage":"es-AR"},{"@type":["Person","Organization"],"@id":"https:\/\/apuntesdesanluis.com\/#\/schema\/person\/b55151d52296fcce64d1a72538a70b90","name":"apuntesdesanluis.com","image":{"@type":"ImageObject","inLanguage":"es-AR","@id":"https:\/\/apuntesdesanluis.com\/#\/schema\/person\/image\/","url":"https:\/\/apuntesdesanluis.com\/wp-content\/uploads\/2023\/07\/cropped-apuntesdesanluis.png","contentUrl":"https:\/\/apuntesdesanluis.com\/wp-content\/uploads\/2023\/07\/cropped-apuntesdesanluis.png","width":450,"height":112,"caption":"apuntesdesanluis.com"},"logo":{"@id":"https:\/\/apuntesdesanluis.com\/#\/schema\/person\/image\/"},"sameAs":["https:\/\/apuntesdesanluis.com"],"url":"https:\/\/apuntesdesanluis.com\/index.php\/author\/apuntesdesanluis-com\/"}]}},"featured_image_urls":{"full":["https:\/\/apuntesdesanluis.com\/wp-content\/uploads\/2024\/12\/Velez-campeon.png",692,429,false],"thumbnail":["https:\/\/apuntesdesanluis.com\/wp-content\/uploads\/2024\/12\/Velez-campeon-150x150.png",150,150,true],"medium":["https:\/\/apuntesdesanluis.com\/wp-content\/uploads\/2024\/12\/Velez-campeon-300x186.png",300,186,true],"medium_large":["https:\/\/apuntesdesanluis.com\/wp-content\/uploads\/2024\/12\/Velez-campeon.png",640,397,false],"large":["https:\/\/apuntesdesanluis.com\/wp-content\/uploads\/2024\/12\/Velez-campeon.png",640,397,false],"1536x1536":["https:\/\/apuntesdesanluis.com\/wp-content\/uploads\/2024\/12\/Velez-campeon.png",692,429,false],"2048x2048":["https:\/\/apuntesdesanluis.com\/wp-content\/uploads\/2024\/12\/Velez-campeon.png",692,429,false],"newsever-slider-full":["https:\/\/apuntesdesanluis.com\/wp-content\/uploads\/2024\/12\/Velez-campeon.png",692,429,false],"newsever-featured":["https:\/\/apuntesdesanluis.com\/wp-content\/uploads\/2024\/12\/Velez-campeon.png",692,429,false],"newsever-medium":["https:\/\/apuntesdesanluis.com\/wp-content\/uploads\/2024\/12\/Velez-campeon.png",692,429,false]},"author_info":{"display_name":"apuntesdesanluis.com","author_link":"https:\/\/apuntesdesanluis.com\/index.php\/author\/apuntesdesanluis-com\/"},"category_info":"<a href=\"https:\/\/apuntesdesanluis.com\/index.php\/category\/deportes\/\" rel=\"category tag\">Deportes<\/a> <a href=\"https:\/\/apuntesdesanluis.com\/index.php\/category\/nacionales-internacionales\/\" rel=\"category tag\">Nacionales\/Internacionales<\/a>","tag_info":"Nacionales\/Internacionales","comment_count":"0","_links":{"self":[{"href":"https:\/\/apuntesdesanluis.com\/index.php\/wp-json\/wp\/v2\/posts\/26774","targetHints":{"allow":["GET"]}}],"collection":[{"href":"https:\/\/apuntesdesanluis.com\/index.php\/wp-json\/wp\/v2\/posts"}],"about":[{"href":"https:\/\/apuntesdesanluis.com\/index.php\/wp-json\/wp\/v2\/types\/post"}],"author":[{"embeddable":true,"href":"https:\/\/apuntesdesanluis.com\/index.php\/wp-json\/wp\/v2\/users\/1"}],"replies":[{"embeddable":true,"href":"https:\/\/apuntesdesanluis.com\/index.php\/wp-json\/wp\/v2\/comments?post=26774"}],"version-history":[{"count":3,"href":"https:\/\/apuntesdesanluis.com\/index.php\/wp-json\/wp\/v2\/posts\/26774\/revisions"}],"predecessor-version":[{"id":26778,"href":"https:\/\/apuntesdesanluis.com\/index.php\/wp-json\/wp\/v2\/posts\/26774\/revisions\/26778"}],"wp:featuredmedia":[{"embeddable":true,"href":"https:\/\/apuntesdesanluis.com\/index.php\/wp-json\/wp\/v2\/media\/26775"}],"wp:attachment":[{"href":"https:\/\/apuntesdesanluis.com\/index.php\/wp-json\/wp\/v2\/media?parent=26774"}],"wp:term":[{"taxonomy":"category","embeddable":true,"href":"https:\/\/apuntesdesanluis.com\/index.php\/wp-json\/wp\/v2\/categories?post=26774"},{"taxonomy":"post_tag","embeddable":true,"href":"https:\/\/apuntesdesanluis.com\/index.php\/wp-json\/wp\/v2\/tags?post=26774"}],"curies":[{"name":"wp","href":"https:\/\/api.w.org\/{rel}","templated":true}]}}