{"id":2679,"date":"2023-09-04T21:35:14","date_gmt":"2023-09-05T00:35:14","guid":{"rendered":"https:\/\/apuntesdesanluis.com\/?p=2679"},"modified":"2023-09-04T21:35:14","modified_gmt":"2023-09-05T00:35:14","slug":"este-martes-5-jornada-de-promocion-de-carreras-de-la-unsl-en-villa-mercedes","status":"publish","type":"post","link":"https:\/\/apuntesdesanluis.com\/index.php\/2023\/09\/04\/este-martes-5-jornada-de-promocion-de-carreras-de-la-unsl-en-villa-mercedes\/","title":{"rendered":"ESTE MARTES 5,  JORNADA DE PROMOCI\u00d3N DE CARRERAS DE LA UNSL EN VILLA MERCEDES"},"content":{"rendered":"<h3 class=\"yiv7409174924ydp6329976emsonormal\" style=\"text-align: justify; background: white;\"><span style=\"font-family: 'Arial','sans-serif'; color: #1d2228;\">Si sos estudiante del \u00faltimo a\u00f1o del secundario y est\u00e1s pensando qu\u00e9 pod\u00e9s estudiar el a\u00f1o que viene en Villa Mercedes, la <strong>Facultad de Ciencias Econ\u00f3micas, Jur\u00eddicas y Sociales<\/strong> te invita a la Jornada de Promoci\u00f3n de Carreras, que se realizar\u00e1 este martes en el campus universitario ubicado en la Ruta Provincial N\u00ba 55 extremo norte.<\/span><\/h3>\n<h3 class=\"yiv7409174924ydp6329976emsonormal\" style=\"text-align: justify; background: white;\"><span style=\"font-family: 'Arial','sans-serif'; color: #1d2228;\">All\u00ed podr\u00e1 encontrararse toda la informaci\u00f3n de las distintas carreras que la Universidad Nacional de San Luis dicta en Villa Mercedes e interiorizarse sobre todas becas a las que se puede acceder y las actividades deportivas en las que se puede participar como estudiante de la UNSL.<\/span><\/h3>\n<h3 class=\"yiv7409174924ydp6329976emsonormal\" style=\"text-align: justify; background: white;\"><span style=\"font-family: 'Arial','sans-serif'; color: #1d2228;\">Asimismo, los interesados podr\u00e1n interactuar con profesores y estudiantes de distintas carreras que te ayudar\u00e1n a pensar en la elecci\u00f3n de tu carrera universitaria.<\/span><\/h3>\n<h3 class=\"yiv7409174924ydp6329976emsonormal\" style=\"text-align: justify; background: white;\"><span style=\"font-family: 'Arial','sans-serif'; color: #1d2228;\">Agendalo, este martes 5 de septiembre de 9 a 12 y de 14 a 17 horas en el campus universitario.<\/span><\/h3>\n","protected":false},"excerpt":{"rendered":"<p>Si sos estudiante del \u00faltimo a\u00f1o del secundario y est\u00e1s pensando qu\u00e9 pod\u00e9s estudiar el&#8230;<\/p>\n","protected":false},"author":1,"featured_media":2680,"comment_status":"closed","ping_status":"closed","sticky":false,"template":"","format":"standard","meta":{"footnotes":""},"categories":[6],"tags":[],"class_list":["post-2679","post","type-post","status-publish","format-standard","has-post-thumbnail","hentry","category-ciudad-provincia"],"yoast_head":"<!-- This site is optimized with the Yoast SEO plugin v26.1.1 - https:\/\/yoast.com\/wordpress\/plugins\/seo\/ -->\n<title>ESTE MARTES 5, JORNADA DE PROMOCI\u00d3N DE CARRERAS DE LA UNSL EN VILLA MERCEDES - Apuntes de San Luis<\/title>\n<meta name=\"robots\" content=\"index, follow, max-snippet:-1, max-image-preview:large, max-video-preview:-1\" \/>\n<link rel=\"canonical\" href=\"https:\/\/apuntesdesanluis.com\/index.php\/2023\/09\/04\/este-martes-5-jornada-de-promocion-de-carreras-de-la-unsl-en-villa-mercedes\/\" \/>\n<meta property=\"og:locale\" content=\"es_ES\" \/>\n<meta property=\"og:type\" content=\"article\" \/>\n<meta property=\"og:title\" content=\"ESTE MARTES 5, JORNADA DE PROMOCI\u00d3N DE CARRERAS DE LA UNSL EN VILLA MERCEDES - Apuntes de San Luis\" \/>\n<meta property=\"og:description\" content=\"Si sos estudiante del \u00faltimo a\u00f1o del secundario y est\u00e1s pensando qu\u00e9 pod\u00e9s estudiar el...\" \/>\n<meta property=\"og:url\" content=\"https:\/\/apuntesdesanluis.com\/index.php\/2023\/09\/04\/este-martes-5-jornada-de-promocion-de-carreras-de-la-unsl-en-villa-mercedes\/\" \/>\n<meta property=\"og:site_name\" content=\"Apuntes de San Luis\" \/>\n<meta property=\"article:published_time\" content=\"2023-09-05T00:35:14+00:00\" \/>\n<meta property=\"og:image\" content=\"https:\/\/apuntesdesanluis.com\/wp-content\/uploads\/2023\/09\/campus-unsl-villa-mercedes.png\" \/>\n\t<meta property=\"og:image:width\" content=\"742\" \/>\n\t<meta property=\"og:image:height\" content=\"397\" \/>\n\t<meta property=\"og:image:type\" content=\"image\/png\" \/>\n<meta name=\"author\" content=\"apuntesdesanluis.com\" \/>\n<meta name=\"twitter:card\" content=\"summary_large_image\" \/>\n<meta name=\"twitter:label1\" content=\"Escrito por\" \/>\n\t<meta name=\"twitter:data1\" content=\"apuntesdesanluis.com\" \/>\n\t<meta name=\"twitter:label2\" content=\"Tiempo de lectura\" \/>\n\t<meta name=\"twitter:data2\" content=\"1 minuto\" \/>\n<script type=\"application\/ld+json\" class=\"yoast-schema-graph\">{\"@context\":\"https:\/\/schema.org\",\"@graph\":[{\"@type\":\"Article\",\"@id\":\"https:\/\/apuntesdesanluis.com\/index.php\/2023\/09\/04\/este-martes-5-jornada-de-promocion-de-carreras-de-la-unsl-en-villa-mercedes\/#article\",\"isPartOf\":{\"@id\":\"https:\/\/apuntesdesanluis.com\/index.php\/2023\/09\/04\/este-martes-5-jornada-de-promocion-de-carreras-de-la-unsl-en-villa-mercedes\/\"},\"author\":{\"name\":\"apuntesdesanluis.com\",\"@id\":\"https:\/\/apuntesdesanluis.com\/#\/schema\/person\/b55151d52296fcce64d1a72538a70b90\"},\"headline\":\"ESTE MARTES 5, JORNADA DE PROMOCI\u00d3N DE CARRERAS DE LA UNSL EN VILLA MERCEDES\",\"datePublished\":\"2023-09-05T00:35:14+00:00\",\"mainEntityOfPage\":{\"@id\":\"https:\/\/apuntesdesanluis.com\/index.php\/2023\/09\/04\/este-martes-5-jornada-de-promocion-de-carreras-de-la-unsl-en-villa-mercedes\/\"},\"wordCount\":166,\"publisher\":{\"@id\":\"https:\/\/apuntesdesanluis.com\/#\/schema\/person\/b55151d52296fcce64d1a72538a70b90\"},\"image\":{\"@id\":\"https:\/\/apuntesdesanluis.com\/index.php\/2023\/09\/04\/este-martes-5-jornada-de-promocion-de-carreras-de-la-unsl-en-villa-mercedes\/#primaryimage\"},\"thumbnailUrl\":\"https:\/\/apuntesdesanluis.com\/wp-content\/uploads\/2023\/09\/campus-unsl-villa-mercedes.png\",\"articleSection\":[\"Ciudad\/Provincia\"],\"inLanguage\":\"es-AR\"},{\"@type\":\"WebPage\",\"@id\":\"https:\/\/apuntesdesanluis.com\/index.php\/2023\/09\/04\/este-martes-5-jornada-de-promocion-de-carreras-de-la-unsl-en-villa-mercedes\/\",\"url\":\"https:\/\/apuntesdesanluis.com\/index.php\/2023\/09\/04\/este-martes-5-jornada-de-promocion-de-carreras-de-la-unsl-en-villa-mercedes\/\",\"name\":\"ESTE MARTES 5, JORNADA DE PROMOCI\u00d3N DE CARRERAS DE LA UNSL EN VILLA MERCEDES - Apuntes de San Luis\",\"isPartOf\":{\"@id\":\"https:\/\/apuntesdesanluis.com\/#website\"},\"primaryImageOfPage\":{\"@id\":\"https:\/\/apuntesdesanluis.com\/index.php\/2023\/09\/04\/este-martes-5-jornada-de-promocion-de-carreras-de-la-unsl-en-villa-mercedes\/#primaryimage\"},\"image\":{\"@id\":\"https:\/\/apuntesdesanluis.com\/index.php\/2023\/09\/04\/este-martes-5-jornada-de-promocion-de-carreras-de-la-unsl-en-villa-mercedes\/#primaryimage\"},\"thumbnailUrl\":\"https:\/\/apuntesdesanluis.com\/wp-content\/uploads\/2023\/09\/campus-unsl-villa-mercedes.png\",\"datePublished\":\"2023-09-05T00:35:14+00:00\",\"breadcrumb\":{\"@id\":\"https:\/\/apuntesdesanluis.com\/index.php\/2023\/09\/04\/este-martes-5-jornada-de-promocion-de-carreras-de-la-unsl-en-villa-mercedes\/#breadcrumb\"},\"inLanguage\":\"es-AR\",\"potentialAction\":[{\"@type\":\"ReadAction\",\"target\":[\"https:\/\/apuntesdesanluis.com\/index.php\/2023\/09\/04\/este-martes-5-jornada-de-promocion-de-carreras-de-la-unsl-en-villa-mercedes\/\"]}]},{\"@type\":\"ImageObject\",\"inLanguage\":\"es-AR\",\"@id\":\"https:\/\/apuntesdesanluis.com\/index.php\/2023\/09\/04\/este-martes-5-jornada-de-promocion-de-carreras-de-la-unsl-en-villa-mercedes\/#primaryimage\",\"url\":\"https:\/\/apuntesdesanluis.com\/wp-content\/uploads\/2023\/09\/campus-unsl-villa-mercedes.png\",\"contentUrl\":\"https:\/\/apuntesdesanluis.com\/wp-content\/uploads\/2023\/09\/campus-unsl-villa-mercedes.png\",\"width\":742,\"height\":397},{\"@type\":\"BreadcrumbList\",\"@id\":\"https:\/\/apuntesdesanluis.com\/index.php\/2023\/09\/04\/este-martes-5-jornada-de-promocion-de-carreras-de-la-unsl-en-villa-mercedes\/#breadcrumb\",\"itemListElement\":[{\"@type\":\"ListItem\",\"position\":1,\"name\":\"Inicio\",\"item\":\"https:\/\/apuntesdesanluis.com\/\"},{\"@type\":\"ListItem\",\"position\":2,\"name\":\"ESTE MARTES 5, JORNADA DE PROMOCI\u00d3N DE CARRERAS DE LA UNSL EN VILLA MERCEDES\"}]},{\"@type\":\"WebSite\",\"@id\":\"https:\/\/apuntesdesanluis.com\/#website\",\"url\":\"https:\/\/apuntesdesanluis.com\/\",\"name\":\"Apuntes de San Luis\",\"description\":\"\",\"publisher\":{\"@id\":\"https:\/\/apuntesdesanluis.com\/#\/schema\/person\/b55151d52296fcce64d1a72538a70b90\"},\"potentialAction\":[{\"@type\":\"SearchAction\",\"target\":{\"@type\":\"EntryPoint\",\"urlTemplate\":\"https:\/\/apuntesdesanluis.com\/?s={search_term_string}\"},\"query-input\":{\"@type\":\"PropertyValueSpecification\",\"valueRequired\":true,\"valueName\":\"search_term_string\"}}],\"inLanguage\":\"es-AR\"},{\"@type\":[\"Person\",\"Organization\"],\"@id\":\"https:\/\/apuntesdesanluis.com\/#\/schema\/person\/b55151d52296fcce64d1a72538a70b90\",\"name\":\"apuntesdesanluis.com\",\"image\":{\"@type\":\"ImageObject\",\"inLanguage\":\"es-AR\",\"@id\":\"https:\/\/apuntesdesanluis.com\/#\/schema\/person\/image\/\",\"url\":\"https:\/\/apuntesdesanluis.com\/wp-content\/uploads\/2023\/07\/cropped-apuntesdesanluis.png\",\"contentUrl\":\"https:\/\/apuntesdesanluis.com\/wp-content\/uploads\/2023\/07\/cropped-apuntesdesanluis.png\",\"width\":450,\"height\":112,\"caption\":\"apuntesdesanluis.com\"},\"logo\":{\"@id\":\"https:\/\/apuntesdesanluis.com\/#\/schema\/person\/image\/\"},\"sameAs\":[\"https:\/\/apuntesdesanluis.com\"],\"url\":\"https:\/\/apuntesdesanluis.com\/index.php\/author\/apuntesdesanluis-com\/\"}]}<\/script>\n<!-- \/ Yoast SEO plugin. -->","yoast_head_json":{"title":"ESTE MARTES 5, JORNADA DE PROMOCI\u00d3N DE CARRERAS DE LA UNSL EN VILLA MERCEDES - Apuntes de San Luis","robots":{"index":"index","follow":"follow","max-snippet":"max-snippet:-1","max-image-preview":"max-image-preview:large","max-video-preview":"max-video-preview:-1"},"canonical":"https:\/\/apuntesdesanluis.com\/index.php\/2023\/09\/04\/este-martes-5-jornada-de-promocion-de-carreras-de-la-unsl-en-villa-mercedes\/","og_locale":"es_ES","og_type":"article","og_title":"ESTE MARTES 5, JORNADA DE PROMOCI\u00d3N DE CARRERAS DE LA UNSL EN VILLA MERCEDES - Apuntes de San Luis","og_description":"Si sos estudiante del \u00faltimo a\u00f1o del secundario y est\u00e1s pensando qu\u00e9 pod\u00e9s estudiar el...","og_url":"https:\/\/apuntesdesanluis.com\/index.php\/2023\/09\/04\/este-martes-5-jornada-de-promocion-de-carreras-de-la-unsl-en-villa-mercedes\/","og_site_name":"Apuntes de San Luis","article_published_time":"2023-09-05T00:35:14+00:00","og_image":[{"width":742,"height":397,"url":"https:\/\/apuntesdesanluis.com\/wp-content\/uploads\/2023\/09\/campus-unsl-villa-mercedes.png","type":"image\/png"}],"author":"apuntesdesanluis.com","twitter_card":"summary_large_image","twitter_misc":{"Escrito por":"apuntesdesanluis.com","Tiempo de lectura":"1 minuto"},"schema":{"@context":"https:\/\/schema.org","@graph":[{"@type":"Article","@id":"https:\/\/apuntesdesanluis.com\/index.php\/2023\/09\/04\/este-martes-5-jornada-de-promocion-de-carreras-de-la-unsl-en-villa-mercedes\/#article","isPartOf":{"@id":"https:\/\/apuntesdesanluis.com\/index.php\/2023\/09\/04\/este-martes-5-jornada-de-promocion-de-carreras-de-la-unsl-en-villa-mercedes\/"},"author":{"name":"apuntesdesanluis.com","@id":"https:\/\/apuntesdesanluis.com\/#\/schema\/person\/b55151d52296fcce64d1a72538a70b90"},"headline":"ESTE MARTES 5, JORNADA DE PROMOCI\u00d3N DE CARRERAS DE LA UNSL EN VILLA MERCEDES","datePublished":"2023-09-05T00:35:14+00:00","mainEntityOfPage":{"@id":"https:\/\/apuntesdesanluis.com\/index.php\/2023\/09\/04\/este-martes-5-jornada-de-promocion-de-carreras-de-la-unsl-en-villa-mercedes\/"},"wordCount":166,"publisher":{"@id":"https:\/\/apuntesdesanluis.com\/#\/schema\/person\/b55151d52296fcce64d1a72538a70b90"},"image":{"@id":"https:\/\/apuntesdesanluis.com\/index.php\/2023\/09\/04\/este-martes-5-jornada-de-promocion-de-carreras-de-la-unsl-en-villa-mercedes\/#primaryimage"},"thumbnailUrl":"https:\/\/apuntesdesanluis.com\/wp-content\/uploads\/2023\/09\/campus-unsl-villa-mercedes.png","articleSection":["Ciudad\/Provincia"],"inLanguage":"es-AR"},{"@type":"WebPage","@id":"https:\/\/apuntesdesanluis.com\/index.php\/2023\/09\/04\/este-martes-5-jornada-de-promocion-de-carreras-de-la-unsl-en-villa-mercedes\/","url":"https:\/\/apuntesdesanluis.com\/index.php\/2023\/09\/04\/este-martes-5-jornada-de-promocion-de-carreras-de-la-unsl-en-villa-mercedes\/","name":"ESTE MARTES 5, JORNADA DE PROMOCI\u00d3N DE CARRERAS DE LA UNSL EN VILLA MERCEDES - Apuntes de San Luis","isPartOf":{"@id":"https:\/\/apuntesdesanluis.com\/#website"},"primaryImageOfPage":{"@id":"https:\/\/apuntesdesanluis.com\/index.php\/2023\/09\/04\/este-martes-5-jornada-de-promocion-de-carreras-de-la-unsl-en-villa-mercedes\/#primaryimage"},"image":{"@id":"https:\/\/apuntesdesanluis.com\/index.php\/2023\/09\/04\/este-martes-5-jornada-de-promocion-de-carreras-de-la-unsl-en-villa-mercedes\/#primaryimage"},"thumbnailUrl":"https:\/\/apuntesdesanluis.com\/wp-content\/uploads\/2023\/09\/campus-unsl-villa-mercedes.png","datePublished":"2023-09-05T00:35:14+00:00","breadcrumb":{"@id":"https:\/\/apuntesdesanluis.com\/index.php\/2023\/09\/04\/este-martes-5-jornada-de-promocion-de-carreras-de-la-unsl-en-villa-mercedes\/#breadcrumb"},"inLanguage":"es-AR","potentialAction":[{"@type":"ReadAction","target":["https:\/\/apuntesdesanluis.com\/index.php\/2023\/09\/04\/este-martes-5-jornada-de-promocion-de-carreras-de-la-unsl-en-villa-mercedes\/"]}]},{"@type":"ImageObject","inLanguage":"es-AR","@id":"https:\/\/apuntesdesanluis.com\/index.php\/2023\/09\/04\/este-martes-5-jornada-de-promocion-de-carreras-de-la-unsl-en-villa-mercedes\/#primaryimage","url":"https:\/\/apuntesdesanluis.com\/wp-content\/uploads\/2023\/09\/campus-unsl-villa-mercedes.png","contentUrl":"https:\/\/apuntesdesanluis.com\/wp-content\/uploads\/2023\/09\/campus-unsl-villa-mercedes.png","width":742,"height":397},{"@type":"BreadcrumbList","@id":"https:\/\/apuntesdesanluis.com\/index.php\/2023\/09\/04\/este-martes-5-jornada-de-promocion-de-carreras-de-la-unsl-en-villa-mercedes\/#breadcrumb","itemListElement":[{"@type":"ListItem","position":1,"name":"Inicio","item":"https:\/\/apuntesdesanluis.com\/"},{"@type":"ListItem","position":2,"name":"ESTE MARTES 5, JORNADA DE PROMOCI\u00d3N DE CARRERAS DE LA UNSL EN VILLA MERCEDES"}]},{"@type":"WebSite","@id":"https:\/\/apuntesdesanluis.com\/#website","url":"https:\/\/apuntesdesanluis.com\/","name":"Apuntes de San Luis","description":"","publisher":{"@id":"https:\/\/apuntesdesanluis.com\/#\/schema\/person\/b55151d52296fcce64d1a72538a70b90"},"potentialAction":[{"@type":"SearchAction","target":{"@type":"EntryPoint","urlTemplate":"https:\/\/apuntesdesanluis.com\/?s={search_term_string}"},"query-input":{"@type":"PropertyValueSpecification","valueRequired":true,"valueName":"search_term_string"}}],"inLanguage":"es-AR"},{"@type":["Person","Organization"],"@id":"https:\/\/apuntesdesanluis.com\/#\/schema\/person\/b55151d52296fcce64d1a72538a70b90","name":"apuntesdesanluis.com","image":{"@type":"ImageObject","inLanguage":"es-AR","@id":"https:\/\/apuntesdesanluis.com\/#\/schema\/person\/image\/","url":"https:\/\/apuntesdesanluis.com\/wp-content\/uploads\/2023\/07\/cropped-apuntesdesanluis.png","contentUrl":"https:\/\/apuntesdesanluis.com\/wp-content\/uploads\/2023\/07\/cropped-apuntesdesanluis.png","width":450,"height":112,"caption":"apuntesdesanluis.com"},"logo":{"@id":"https:\/\/apuntesdesanluis.com\/#\/schema\/person\/image\/"},"sameAs":["https:\/\/apuntesdesanluis.com"],"url":"https:\/\/apuntesdesanluis.com\/index.php\/author\/apuntesdesanluis-com\/"}]}},"featured_image_urls":{"full":["https:\/\/apuntesdesanluis.com\/wp-content\/uploads\/2023\/09\/campus-unsl-villa-mercedes.png",742,397,false],"thumbnail":["https:\/\/apuntesdesanluis.com\/wp-content\/uploads\/2023\/09\/campus-unsl-villa-mercedes-150x150.png",150,150,true],"medium":["https:\/\/apuntesdesanluis.com\/wp-content\/uploads\/2023\/09\/campus-unsl-villa-mercedes-300x161.png",300,161,true],"medium_large":["https:\/\/apuntesdesanluis.com\/wp-content\/uploads\/2023\/09\/campus-unsl-villa-mercedes.png",640,342,false],"large":["https:\/\/apuntesdesanluis.com\/wp-content\/uploads\/2023\/09\/campus-unsl-villa-mercedes.png",640,342,false],"1536x1536":["https:\/\/apuntesdesanluis.com\/wp-content\/uploads\/2023\/09\/campus-unsl-villa-mercedes.png",742,397,false],"2048x2048":["https:\/\/apuntesdesanluis.com\/wp-content\/uploads\/2023\/09\/campus-unsl-villa-mercedes.png",742,397,false],"newsever-slider-full":["https:\/\/apuntesdesanluis.com\/wp-content\/uploads\/2023\/09\/campus-unsl-villa-mercedes.png",742,397,false],"newsever-featured":["https:\/\/apuntesdesanluis.com\/wp-content\/uploads\/2023\/09\/campus-unsl-villa-mercedes.png",742,397,false],"newsever-medium":["https:\/\/apuntesdesanluis.com\/wp-content\/uploads\/2023\/09\/campus-unsl-villa-mercedes-720x397.png",720,397,true]},"author_info":{"display_name":"apuntesdesanluis.com","author_link":"https:\/\/apuntesdesanluis.com\/index.php\/author\/apuntesdesanluis-com\/"},"category_info":"<a href=\"https:\/\/apuntesdesanluis.com\/index.php\/category\/ciudad-provincia\/\" rel=\"category tag\">Ciudad\/Provincia<\/a>","tag_info":"Ciudad\/Provincia","comment_count":"0","_links":{"self":[{"href":"https:\/\/apuntesdesanluis.com\/index.php\/wp-json\/wp\/v2\/posts\/2679","targetHints":{"allow":["GET"]}}],"collection":[{"href":"https:\/\/apuntesdesanluis.com\/index.php\/wp-json\/wp\/v2\/posts"}],"about":[{"href":"https:\/\/apuntesdesanluis.com\/index.php\/wp-json\/wp\/v2\/types\/post"}],"author":[{"embeddable":true,"href":"https:\/\/apuntesdesanluis.com\/index.php\/wp-json\/wp\/v2\/users\/1"}],"replies":[{"embeddable":true,"href":"https:\/\/apuntesdesanluis.com\/index.php\/wp-json\/wp\/v2\/comments?post=2679"}],"version-history":[{"count":1,"href":"https:\/\/apuntesdesanluis.com\/index.php\/wp-json\/wp\/v2\/posts\/2679\/revisions"}],"predecessor-version":[{"id":2681,"href":"https:\/\/apuntesdesanluis.com\/index.php\/wp-json\/wp\/v2\/posts\/2679\/revisions\/2681"}],"wp:featuredmedia":[{"embeddable":true,"href":"https:\/\/apuntesdesanluis.com\/index.php\/wp-json\/wp\/v2\/media\/2680"}],"wp:attachment":[{"href":"https:\/\/apuntesdesanluis.com\/index.php\/wp-json\/wp\/v2\/media?parent=2679"}],"wp:term":[{"taxonomy":"category","embeddable":true,"href":"https:\/\/apuntesdesanluis.com\/index.php\/wp-json\/wp\/v2\/categories?post=2679"},{"taxonomy":"post_tag","embeddable":true,"href":"https:\/\/apuntesdesanluis.com\/index.php\/wp-json\/wp\/v2\/tags?post=2679"}],"curies":[{"name":"wp","href":"https:\/\/api.w.org\/{rel}","templated":true}]}}