{"id":26800,"date":"2024-12-16T13:49:45","date_gmt":"2024-12-16T16:49:45","guid":{"rendered":"https:\/\/apuntesdesanluis.com\/?p=26800"},"modified":"2024-12-16T13:49:45","modified_gmt":"2024-12-16T16:49:45","slug":"justo-daract-solicitan-10-anos-de-prision-para-un-hombre-que-apunalo-a-otro","status":"publish","type":"post","link":"https:\/\/apuntesdesanluis.com\/index.php\/2024\/12\/16\/justo-daract-solicitan-10-anos-de-prision-para-un-hombre-que-apunalo-a-otro\/","title":{"rendered":"JUSTO DARACT: SOLICITAN 10 A\u00d1OS DE PRISI\u00d3N PARA UN HOMBRE QUE APU\u00d1AL\u00d3 A OTRO"},"content":{"rendered":"<h3>La audiencia de control de acusaci\u00f3n se desarroll\u00f3 el pasado 12 de diciembre en el Juzgado de Garant\u00eda N\u00ba 2 de la Segunda Circunscripci\u00f3n Judicial.<\/h3>\n<h3>Un hombre ser\u00e1 juzgado por un hecho ocurrido el pasado 4 de mayo en la localidad de Justo Daract. En esa oportunidad, el imputado sali\u00f3 de su casa con un hierro de 80 cm y golpe\u00f3 a la v\u00edctima en la cabeza, la situaci\u00f3n ocurri\u00f3 dentro de un veh\u00edculo. El damnificado, sali\u00f3 de la camioneta y agarr\u00f3 un cuchillo para defenderse, el imputado volvi\u00f3 al golpearlo, agarr\u00f3 el cuchillo y lo apu\u00f1al\u00f3 en la zona de la ingle.<\/h3>\n<h3>Por otra parte, una mujer impidi\u00f3 que otro ciudadano se bajara del autom\u00f3vil para defender y evitar la agresi\u00f3n hacia la v\u00edctima. El herido camin\u00f3 unas cuadras hasta que una persona lo traslad\u00f3 hacia el hospital de la localidad de donde tuvo que ser derivado hacia el nosocomio de Villa Mercedes para ser intervenido quir\u00fargicamente.<\/h3>\n<h3>El Ministerio P\u00fablico Fiscal (MPF) solicit\u00f3 que se lo condene a la pena de 10 a\u00f1os de prisi\u00f3n por el delito de homicidio en grado de tentativa (previsto y penado por los Arts. 79, 42 y 45, del C\u00f3digo Penal Argentino) en calidad de autor.<\/h3>\n<h3>El Dr. Mat\u00edas Farinazzo Tempestini admiti\u00f3 la acusaci\u00f3n efectuada por el MPF, elev\u00f3 la causa al Colegio de Jueces y admitir prueba y prorrogar, ante la solicitud de la Fiscal\u00eda, la prisi\u00f3n preventiva para el acusado.<\/h3>\n<h3>En representaci\u00f3n del Ministerio P\u00fablico Fiscal intervino el Dr. Maximiliano Bazla \u2013Fiscal de Instrucci\u00f3n N\u00ba 1- la Dra. Cecilia Framini \u2013Fiscal Adjunta- del Ministerio P\u00fablico de la Defensa la Dra. Victoria Suarez \u2013Defensora Oficial Penal N\u00ba1- y la Dra. Ximena Bertoli \u2013Defensora Adjunta-. Como Secretaria actu\u00f3 la Dra. Claudia Suarez.<\/h3>\n<p>&nbsp;<\/p>\n<p>&nbsp;<\/p>\n<p>&nbsp;<\/p>\n","protected":false},"excerpt":{"rendered":"<p>La audiencia de control de acusaci\u00f3n se desarroll\u00f3 el pasado 12 de diciembre en el&#8230;<\/p>\n","protected":false},"author":1,"featured_media":764,"comment_status":"closed","ping_status":"closed","sticky":false,"template":"","format":"standard","meta":{"footnotes":""},"categories":[6],"tags":[],"class_list":["post-26800","post","type-post","status-publish","format-standard","has-post-thumbnail","hentry","category-ciudad-provincia"],"yoast_head":"<!-- This site is optimized with the Yoast SEO plugin v26.1.1 - https:\/\/yoast.com\/wordpress\/plugins\/seo\/ -->\n<title>JUSTO DARACT: SOLICITAN 10 A\u00d1OS DE PRISI\u00d3N PARA UN HOMBRE QUE APU\u00d1AL\u00d3 A OTRO - Apuntes de San Luis<\/title>\n<meta name=\"robots\" content=\"index, follow, max-snippet:-1, max-image-preview:large, max-video-preview:-1\" \/>\n<link rel=\"canonical\" href=\"https:\/\/apuntesdesanluis.com\/index.php\/2024\/12\/16\/justo-daract-solicitan-10-anos-de-prision-para-un-hombre-que-apunalo-a-otro\/\" \/>\n<meta property=\"og:locale\" content=\"es_ES\" \/>\n<meta property=\"og:type\" content=\"article\" \/>\n<meta property=\"og:title\" content=\"JUSTO DARACT: SOLICITAN 10 A\u00d1OS DE PRISI\u00d3N PARA UN HOMBRE QUE APU\u00d1AL\u00d3 A OTRO - Apuntes de San Luis\" \/>\n<meta property=\"og:description\" content=\"La audiencia de control de acusaci\u00f3n se desarroll\u00f3 el pasado 12 de diciembre en el...\" \/>\n<meta property=\"og:url\" content=\"https:\/\/apuntesdesanluis.com\/index.php\/2024\/12\/16\/justo-daract-solicitan-10-anos-de-prision-para-un-hombre-que-apunalo-a-otro\/\" \/>\n<meta property=\"og:site_name\" content=\"Apuntes de San Luis\" \/>\n<meta property=\"article:published_time\" content=\"2024-12-16T16:49:45+00:00\" \/>\n<meta property=\"og:image\" content=\"https:\/\/apuntesdesanluis.com\/wp-content\/uploads\/2023\/07\/tribunales-de-villa-mercedes.png\" \/>\n\t<meta property=\"og:image:width\" content=\"739\" \/>\n\t<meta property=\"og:image:height\" content=\"443\" \/>\n\t<meta property=\"og:image:type\" content=\"image\/png\" \/>\n<meta name=\"author\" content=\"apuntesdesanluis.com\" \/>\n<meta name=\"twitter:card\" content=\"summary_large_image\" \/>\n<meta name=\"twitter:label1\" content=\"Escrito por\" \/>\n\t<meta name=\"twitter:data1\" content=\"apuntesdesanluis.com\" \/>\n\t<meta name=\"twitter:label2\" content=\"Tiempo de lectura\" \/>\n\t<meta name=\"twitter:data2\" content=\"2 minutos\" \/>\n<script type=\"application\/ld+json\" class=\"yoast-schema-graph\">{\"@context\":\"https:\/\/schema.org\",\"@graph\":[{\"@type\":\"Article\",\"@id\":\"https:\/\/apuntesdesanluis.com\/index.php\/2024\/12\/16\/justo-daract-solicitan-10-anos-de-prision-para-un-hombre-que-apunalo-a-otro\/#article\",\"isPartOf\":{\"@id\":\"https:\/\/apuntesdesanluis.com\/index.php\/2024\/12\/16\/justo-daract-solicitan-10-anos-de-prision-para-un-hombre-que-apunalo-a-otro\/\"},\"author\":{\"name\":\"apuntesdesanluis.com\",\"@id\":\"https:\/\/apuntesdesanluis.com\/#\/schema\/person\/b55151d52296fcce64d1a72538a70b90\"},\"headline\":\"JUSTO DARACT: SOLICITAN 10 A\u00d1OS DE PRISI\u00d3N PARA UN HOMBRE QUE APU\u00d1AL\u00d3 A OTRO\",\"datePublished\":\"2024-12-16T16:49:45+00:00\",\"mainEntityOfPage\":{\"@id\":\"https:\/\/apuntesdesanluis.com\/index.php\/2024\/12\/16\/justo-daract-solicitan-10-anos-de-prision-para-un-hombre-que-apunalo-a-otro\/\"},\"wordCount\":324,\"publisher\":{\"@id\":\"https:\/\/apuntesdesanluis.com\/#\/schema\/person\/b55151d52296fcce64d1a72538a70b90\"},\"image\":{\"@id\":\"https:\/\/apuntesdesanluis.com\/index.php\/2024\/12\/16\/justo-daract-solicitan-10-anos-de-prision-para-un-hombre-que-apunalo-a-otro\/#primaryimage\"},\"thumbnailUrl\":\"https:\/\/apuntesdesanluis.com\/wp-content\/uploads\/2023\/07\/tribunales-de-villa-mercedes.png\",\"articleSection\":[\"Ciudad\/Provincia\"],\"inLanguage\":\"es-AR\"},{\"@type\":\"WebPage\",\"@id\":\"https:\/\/apuntesdesanluis.com\/index.php\/2024\/12\/16\/justo-daract-solicitan-10-anos-de-prision-para-un-hombre-que-apunalo-a-otro\/\",\"url\":\"https:\/\/apuntesdesanluis.com\/index.php\/2024\/12\/16\/justo-daract-solicitan-10-anos-de-prision-para-un-hombre-que-apunalo-a-otro\/\",\"name\":\"JUSTO DARACT: SOLICITAN 10 A\u00d1OS DE PRISI\u00d3N PARA UN HOMBRE QUE APU\u00d1AL\u00d3 A OTRO - Apuntes de San Luis\",\"isPartOf\":{\"@id\":\"https:\/\/apuntesdesanluis.com\/#website\"},\"primaryImageOfPage\":{\"@id\":\"https:\/\/apuntesdesanluis.com\/index.php\/2024\/12\/16\/justo-daract-solicitan-10-anos-de-prision-para-un-hombre-que-apunalo-a-otro\/#primaryimage\"},\"image\":{\"@id\":\"https:\/\/apuntesdesanluis.com\/index.php\/2024\/12\/16\/justo-daract-solicitan-10-anos-de-prision-para-un-hombre-que-apunalo-a-otro\/#primaryimage\"},\"thumbnailUrl\":\"https:\/\/apuntesdesanluis.com\/wp-content\/uploads\/2023\/07\/tribunales-de-villa-mercedes.png\",\"datePublished\":\"2024-12-16T16:49:45+00:00\",\"breadcrumb\":{\"@id\":\"https:\/\/apuntesdesanluis.com\/index.php\/2024\/12\/16\/justo-daract-solicitan-10-anos-de-prision-para-un-hombre-que-apunalo-a-otro\/#breadcrumb\"},\"inLanguage\":\"es-AR\",\"potentialAction\":[{\"@type\":\"ReadAction\",\"target\":[\"https:\/\/apuntesdesanluis.com\/index.php\/2024\/12\/16\/justo-daract-solicitan-10-anos-de-prision-para-un-hombre-que-apunalo-a-otro\/\"]}]},{\"@type\":\"ImageObject\",\"inLanguage\":\"es-AR\",\"@id\":\"https:\/\/apuntesdesanluis.com\/index.php\/2024\/12\/16\/justo-daract-solicitan-10-anos-de-prision-para-un-hombre-que-apunalo-a-otro\/#primaryimage\",\"url\":\"https:\/\/apuntesdesanluis.com\/wp-content\/uploads\/2023\/07\/tribunales-de-villa-mercedes.png\",\"contentUrl\":\"https:\/\/apuntesdesanluis.com\/wp-content\/uploads\/2023\/07\/tribunales-de-villa-mercedes.png\",\"width\":739,\"height\":443},{\"@type\":\"BreadcrumbList\",\"@id\":\"https:\/\/apuntesdesanluis.com\/index.php\/2024\/12\/16\/justo-daract-solicitan-10-anos-de-prision-para-un-hombre-que-apunalo-a-otro\/#breadcrumb\",\"itemListElement\":[{\"@type\":\"ListItem\",\"position\":1,\"name\":\"Inicio\",\"item\":\"https:\/\/apuntesdesanluis.com\/\"},{\"@type\":\"ListItem\",\"position\":2,\"name\":\"JUSTO DARACT: SOLICITAN 10 A\u00d1OS DE PRISI\u00d3N PARA UN HOMBRE QUE APU\u00d1AL\u00d3 A OTRO\"}]},{\"@type\":\"WebSite\",\"@id\":\"https:\/\/apuntesdesanluis.com\/#website\",\"url\":\"https:\/\/apuntesdesanluis.com\/\",\"name\":\"Apuntes de San Luis\",\"description\":\"\",\"publisher\":{\"@id\":\"https:\/\/apuntesdesanluis.com\/#\/schema\/person\/b55151d52296fcce64d1a72538a70b90\"},\"potentialAction\":[{\"@type\":\"SearchAction\",\"target\":{\"@type\":\"EntryPoint\",\"urlTemplate\":\"https:\/\/apuntesdesanluis.com\/?s={search_term_string}\"},\"query-input\":{\"@type\":\"PropertyValueSpecification\",\"valueRequired\":true,\"valueName\":\"search_term_string\"}}],\"inLanguage\":\"es-AR\"},{\"@type\":[\"Person\",\"Organization\"],\"@id\":\"https:\/\/apuntesdesanluis.com\/#\/schema\/person\/b55151d52296fcce64d1a72538a70b90\",\"name\":\"apuntesdesanluis.com\",\"image\":{\"@type\":\"ImageObject\",\"inLanguage\":\"es-AR\",\"@id\":\"https:\/\/apuntesdesanluis.com\/#\/schema\/person\/image\/\",\"url\":\"https:\/\/apuntesdesanluis.com\/wp-content\/uploads\/2023\/07\/cropped-apuntesdesanluis.png\",\"contentUrl\":\"https:\/\/apuntesdesanluis.com\/wp-content\/uploads\/2023\/07\/cropped-apuntesdesanluis.png\",\"width\":450,\"height\":112,\"caption\":\"apuntesdesanluis.com\"},\"logo\":{\"@id\":\"https:\/\/apuntesdesanluis.com\/#\/schema\/person\/image\/\"},\"sameAs\":[\"https:\/\/apuntesdesanluis.com\"],\"url\":\"https:\/\/apuntesdesanluis.com\/index.php\/author\/apuntesdesanluis-com\/\"}]}<\/script>\n<!-- \/ Yoast SEO plugin. -->","yoast_head_json":{"title":"JUSTO DARACT: SOLICITAN 10 A\u00d1OS DE PRISI\u00d3N PARA UN HOMBRE QUE APU\u00d1AL\u00d3 A OTRO - Apuntes de San Luis","robots":{"index":"index","follow":"follow","max-snippet":"max-snippet:-1","max-image-preview":"max-image-preview:large","max-video-preview":"max-video-preview:-1"},"canonical":"https:\/\/apuntesdesanluis.com\/index.php\/2024\/12\/16\/justo-daract-solicitan-10-anos-de-prision-para-un-hombre-que-apunalo-a-otro\/","og_locale":"es_ES","og_type":"article","og_title":"JUSTO DARACT: SOLICITAN 10 A\u00d1OS DE PRISI\u00d3N PARA UN HOMBRE QUE APU\u00d1AL\u00d3 A OTRO - Apuntes de San Luis","og_description":"La audiencia de control de acusaci\u00f3n se desarroll\u00f3 el pasado 12 de diciembre en el...","og_url":"https:\/\/apuntesdesanluis.com\/index.php\/2024\/12\/16\/justo-daract-solicitan-10-anos-de-prision-para-un-hombre-que-apunalo-a-otro\/","og_site_name":"Apuntes de San Luis","article_published_time":"2024-12-16T16:49:45+00:00","og_image":[{"width":739,"height":443,"url":"https:\/\/apuntesdesanluis.com\/wp-content\/uploads\/2023\/07\/tribunales-de-villa-mercedes.png","type":"image\/png"}],"author":"apuntesdesanluis.com","twitter_card":"summary_large_image","twitter_misc":{"Escrito por":"apuntesdesanluis.com","Tiempo de lectura":"2 minutos"},"schema":{"@context":"https:\/\/schema.org","@graph":[{"@type":"Article","@id":"https:\/\/apuntesdesanluis.com\/index.php\/2024\/12\/16\/justo-daract-solicitan-10-anos-de-prision-para-un-hombre-que-apunalo-a-otro\/#article","isPartOf":{"@id":"https:\/\/apuntesdesanluis.com\/index.php\/2024\/12\/16\/justo-daract-solicitan-10-anos-de-prision-para-un-hombre-que-apunalo-a-otro\/"},"author":{"name":"apuntesdesanluis.com","@id":"https:\/\/apuntesdesanluis.com\/#\/schema\/person\/b55151d52296fcce64d1a72538a70b90"},"headline":"JUSTO DARACT: SOLICITAN 10 A\u00d1OS DE PRISI\u00d3N PARA UN HOMBRE QUE APU\u00d1AL\u00d3 A OTRO","datePublished":"2024-12-16T16:49:45+00:00","mainEntityOfPage":{"@id":"https:\/\/apuntesdesanluis.com\/index.php\/2024\/12\/16\/justo-daract-solicitan-10-anos-de-prision-para-un-hombre-que-apunalo-a-otro\/"},"wordCount":324,"publisher":{"@id":"https:\/\/apuntesdesanluis.com\/#\/schema\/person\/b55151d52296fcce64d1a72538a70b90"},"image":{"@id":"https:\/\/apuntesdesanluis.com\/index.php\/2024\/12\/16\/justo-daract-solicitan-10-anos-de-prision-para-un-hombre-que-apunalo-a-otro\/#primaryimage"},"thumbnailUrl":"https:\/\/apuntesdesanluis.com\/wp-content\/uploads\/2023\/07\/tribunales-de-villa-mercedes.png","articleSection":["Ciudad\/Provincia"],"inLanguage":"es-AR"},{"@type":"WebPage","@id":"https:\/\/apuntesdesanluis.com\/index.php\/2024\/12\/16\/justo-daract-solicitan-10-anos-de-prision-para-un-hombre-que-apunalo-a-otro\/","url":"https:\/\/apuntesdesanluis.com\/index.php\/2024\/12\/16\/justo-daract-solicitan-10-anos-de-prision-para-un-hombre-que-apunalo-a-otro\/","name":"JUSTO DARACT: SOLICITAN 10 A\u00d1OS DE PRISI\u00d3N PARA UN HOMBRE QUE APU\u00d1AL\u00d3 A OTRO - Apuntes de San Luis","isPartOf":{"@id":"https:\/\/apuntesdesanluis.com\/#website"},"primaryImageOfPage":{"@id":"https:\/\/apuntesdesanluis.com\/index.php\/2024\/12\/16\/justo-daract-solicitan-10-anos-de-prision-para-un-hombre-que-apunalo-a-otro\/#primaryimage"},"image":{"@id":"https:\/\/apuntesdesanluis.com\/index.php\/2024\/12\/16\/justo-daract-solicitan-10-anos-de-prision-para-un-hombre-que-apunalo-a-otro\/#primaryimage"},"thumbnailUrl":"https:\/\/apuntesdesanluis.com\/wp-content\/uploads\/2023\/07\/tribunales-de-villa-mercedes.png","datePublished":"2024-12-16T16:49:45+00:00","breadcrumb":{"@id":"https:\/\/apuntesdesanluis.com\/index.php\/2024\/12\/16\/justo-daract-solicitan-10-anos-de-prision-para-un-hombre-que-apunalo-a-otro\/#breadcrumb"},"inLanguage":"es-AR","potentialAction":[{"@type":"ReadAction","target":["https:\/\/apuntesdesanluis.com\/index.php\/2024\/12\/16\/justo-daract-solicitan-10-anos-de-prision-para-un-hombre-que-apunalo-a-otro\/"]}]},{"@type":"ImageObject","inLanguage":"es-AR","@id":"https:\/\/apuntesdesanluis.com\/index.php\/2024\/12\/16\/justo-daract-solicitan-10-anos-de-prision-para-un-hombre-que-apunalo-a-otro\/#primaryimage","url":"https:\/\/apuntesdesanluis.com\/wp-content\/uploads\/2023\/07\/tribunales-de-villa-mercedes.png","contentUrl":"https:\/\/apuntesdesanluis.com\/wp-content\/uploads\/2023\/07\/tribunales-de-villa-mercedes.png","width":739,"height":443},{"@type":"BreadcrumbList","@id":"https:\/\/apuntesdesanluis.com\/index.php\/2024\/12\/16\/justo-daract-solicitan-10-anos-de-prision-para-un-hombre-que-apunalo-a-otro\/#breadcrumb","itemListElement":[{"@type":"ListItem","position":1,"name":"Inicio","item":"https:\/\/apuntesdesanluis.com\/"},{"@type":"ListItem","position":2,"name":"JUSTO DARACT: SOLICITAN 10 A\u00d1OS DE PRISI\u00d3N PARA UN HOMBRE QUE APU\u00d1AL\u00d3 A OTRO"}]},{"@type":"WebSite","@id":"https:\/\/apuntesdesanluis.com\/#website","url":"https:\/\/apuntesdesanluis.com\/","name":"Apuntes de San Luis","description":"","publisher":{"@id":"https:\/\/apuntesdesanluis.com\/#\/schema\/person\/b55151d52296fcce64d1a72538a70b90"},"potentialAction":[{"@type":"SearchAction","target":{"@type":"EntryPoint","urlTemplate":"https:\/\/apuntesdesanluis.com\/?s={search_term_string}"},"query-input":{"@type":"PropertyValueSpecification","valueRequired":true,"valueName":"search_term_string"}}],"inLanguage":"es-AR"},{"@type":["Person","Organization"],"@id":"https:\/\/apuntesdesanluis.com\/#\/schema\/person\/b55151d52296fcce64d1a72538a70b90","name":"apuntesdesanluis.com","image":{"@type":"ImageObject","inLanguage":"es-AR","@id":"https:\/\/apuntesdesanluis.com\/#\/schema\/person\/image\/","url":"https:\/\/apuntesdesanluis.com\/wp-content\/uploads\/2023\/07\/cropped-apuntesdesanluis.png","contentUrl":"https:\/\/apuntesdesanluis.com\/wp-content\/uploads\/2023\/07\/cropped-apuntesdesanluis.png","width":450,"height":112,"caption":"apuntesdesanluis.com"},"logo":{"@id":"https:\/\/apuntesdesanluis.com\/#\/schema\/person\/image\/"},"sameAs":["https:\/\/apuntesdesanluis.com"],"url":"https:\/\/apuntesdesanluis.com\/index.php\/author\/apuntesdesanluis-com\/"}]}},"featured_image_urls":{"full":["https:\/\/apuntesdesanluis.com\/wp-content\/uploads\/2023\/07\/tribunales-de-villa-mercedes.png",739,443,false],"thumbnail":["https:\/\/apuntesdesanluis.com\/wp-content\/uploads\/2023\/07\/tribunales-de-villa-mercedes-150x150.png",150,150,true],"medium":["https:\/\/apuntesdesanluis.com\/wp-content\/uploads\/2023\/07\/tribunales-de-villa-mercedes-300x180.png",300,180,true],"medium_large":["https:\/\/apuntesdesanluis.com\/wp-content\/uploads\/2023\/07\/tribunales-de-villa-mercedes.png",640,384,false],"large":["https:\/\/apuntesdesanluis.com\/wp-content\/uploads\/2023\/07\/tribunales-de-villa-mercedes.png",640,384,false],"1536x1536":["https:\/\/apuntesdesanluis.com\/wp-content\/uploads\/2023\/07\/tribunales-de-villa-mercedes.png",739,443,false],"2048x2048":["https:\/\/apuntesdesanluis.com\/wp-content\/uploads\/2023\/07\/tribunales-de-villa-mercedes.png",739,443,false],"newsever-slider-full":["https:\/\/apuntesdesanluis.com\/wp-content\/uploads\/2023\/07\/tribunales-de-villa-mercedes.png",739,443,false],"newsever-featured":["https:\/\/apuntesdesanluis.com\/wp-content\/uploads\/2023\/07\/tribunales-de-villa-mercedes.png",739,443,false],"newsever-medium":["https:\/\/apuntesdesanluis.com\/wp-content\/uploads\/2023\/07\/tribunales-de-villa-mercedes-720x443.png",720,443,true]},"author_info":{"display_name":"apuntesdesanluis.com","author_link":"https:\/\/apuntesdesanluis.com\/index.php\/author\/apuntesdesanluis-com\/"},"category_info":"<a href=\"https:\/\/apuntesdesanluis.com\/index.php\/category\/ciudad-provincia\/\" rel=\"category tag\">Ciudad\/Provincia<\/a>","tag_info":"Ciudad\/Provincia","comment_count":"0","_links":{"self":[{"href":"https:\/\/apuntesdesanluis.com\/index.php\/wp-json\/wp\/v2\/posts\/26800","targetHints":{"allow":["GET"]}}],"collection":[{"href":"https:\/\/apuntesdesanluis.com\/index.php\/wp-json\/wp\/v2\/posts"}],"about":[{"href":"https:\/\/apuntesdesanluis.com\/index.php\/wp-json\/wp\/v2\/types\/post"}],"author":[{"embeddable":true,"href":"https:\/\/apuntesdesanluis.com\/index.php\/wp-json\/wp\/v2\/users\/1"}],"replies":[{"embeddable":true,"href":"https:\/\/apuntesdesanluis.com\/index.php\/wp-json\/wp\/v2\/comments?post=26800"}],"version-history":[{"count":1,"href":"https:\/\/apuntesdesanluis.com\/index.php\/wp-json\/wp\/v2\/posts\/26800\/revisions"}],"predecessor-version":[{"id":26801,"href":"https:\/\/apuntesdesanluis.com\/index.php\/wp-json\/wp\/v2\/posts\/26800\/revisions\/26801"}],"wp:featuredmedia":[{"embeddable":true,"href":"https:\/\/apuntesdesanluis.com\/index.php\/wp-json\/wp\/v2\/media\/764"}],"wp:attachment":[{"href":"https:\/\/apuntesdesanluis.com\/index.php\/wp-json\/wp\/v2\/media?parent=26800"}],"wp:term":[{"taxonomy":"category","embeddable":true,"href":"https:\/\/apuntesdesanluis.com\/index.php\/wp-json\/wp\/v2\/categories?post=26800"},{"taxonomy":"post_tag","embeddable":true,"href":"https:\/\/apuntesdesanluis.com\/index.php\/wp-json\/wp\/v2\/tags?post=26800"}],"curies":[{"name":"wp","href":"https:\/\/api.w.org\/{rel}","templated":true}]}}