{"id":26830,"date":"2024-12-16T15:04:39","date_gmt":"2024-12-16T18:04:39","guid":{"rendered":"https:\/\/apuntesdesanluis.com\/?p=26830"},"modified":"2024-12-16T21:18:27","modified_gmt":"2024-12-17T00:18:27","slug":"cuatro-detenidos-por-brutal-agresion-a-discapacitado-auditivo-en-justo-daract","status":"publish","type":"post","link":"https:\/\/apuntesdesanluis.com\/index.php\/2024\/12\/16\/cuatro-detenidos-por-brutal-agresion-a-discapacitado-auditivo-en-justo-daract\/","title":{"rendered":"CUATRO DETENIDOS POR BRUTAL AGRESI\u00d3N A DISCAPACITADO AUDITIVO EN JUSTO DARACT"},"content":{"rendered":"<h3>La golpiza ocurri\u00f3 este domingo por la ma\u00f1ana. Efectivos de la Comisar\u00eda Distrito 18\u00b0 de Justo Daract fueron alertados por unas personas que en calle C\u00f3rdoba, antes de calle Uriburu hab\u00eda un hombre tendido en la v\u00eda p\u00fablica que presentaba lesiones.<\/h3>\n<h3>Al acudir al lugar los uniformados se entrevistaron con un grupo de personas que manifestaron que el hombre circulaba en una moto Skua 250 y que un grupo de individuos, quienes tambi\u00e9n circulaban en motocicletas, lo hab\u00edan interceptado y lo hab\u00edan golpeado en ese sitio, provoc\u00e1ndole distintas lesiones.<\/h3>\n<h3>La v\u00edctima fue identificada como Ram\u00f3n Chac\u00f3n, de 40 a\u00f1os,. Padece una discapacidad auditiva, fue trasladado en una ambulancia hacia el hospital de Justo Daract y luego derivado a una cl\u00ednica de Villa Mercedes, debido a la obra social que tiene.<\/h3>\n<h3>Seg\u00fan se supo, la v\u00edctima iba a trabajar a la f\u00e1brica Bagley.\u00a0En este momento se encuentra internado en la Cl\u00ednica Aconcagua de Villa Mercedes con politraumatismos, fractura de mand\u00edbula y hundimiento craneal.<\/h3>\n<h3>Se le dio conocimiento a la Fiscal\u00eda de Instrucci\u00f3n N\u00b0 1 de la Segunda Circunscripci\u00f3n Judicial, a cargo del Dr. Maximiliano Bazla (fiscal adjunta, Dra. Cecilia Framini) y, en base a diversas tareas investigativas y entrevistas con familiares de la v\u00edctima y testigos, los efectivos policiales lograron establecer las identidades de los autores del hecho.<\/h3>\n<h3>En ese sentido, se cit\u00f3 en la dependencia policial a cuatro j\u00f3venes masculinos (uno de 20 a\u00f1os, uno de 21 a\u00f1os y dos de 22 a\u00f1os de edad) y una joven femenina de 22 a\u00f1os.<\/h3>\n<h3>Por orden de la Fiscal\u00eda de Instrucci\u00f3n de turno, los cuatro j\u00f3venes masculinos quedaron demorados; mientras que a la joven se le recibi\u00f3 una entrevista y luego se retir\u00f3 del lugar, de acuerdo a las providencias dictadas por la Fiscal\u00eda.<\/h3>\n<h3>En tanto, contin\u00faan las tareas investigativas con respecto al hecho.<\/h3>\n<p>&nbsp;<\/p>\n<p>&nbsp;<\/p>\n<p>&nbsp;<\/p>\n","protected":false},"excerpt":{"rendered":"<p>La golpiza ocurri\u00f3 este domingo por la ma\u00f1ana. Efectivos de la Comisar\u00eda Distrito 18\u00b0 de&#8230;<\/p>\n","protected":false},"author":1,"featured_media":26831,"comment_status":"closed","ping_status":"closed","sticky":false,"template":"","format":"standard","meta":{"footnotes":""},"categories":[6],"tags":[],"class_list":["post-26830","post","type-post","status-publish","format-standard","has-post-thumbnail","hentry","category-ciudad-provincia"],"yoast_head":"<!-- This site is optimized with the Yoast SEO plugin v26.1.1 - https:\/\/yoast.com\/wordpress\/plugins\/seo\/ -->\n<title>CUATRO DETENIDOS POR BRUTAL AGRESI\u00d3N A DISCAPACITADO AUDITIVO EN JUSTO DARACT - Apuntes de San Luis<\/title>\n<meta name=\"robots\" content=\"index, follow, max-snippet:-1, max-image-preview:large, max-video-preview:-1\" \/>\n<link rel=\"canonical\" href=\"https:\/\/apuntesdesanluis.com\/index.php\/2024\/12\/16\/cuatro-detenidos-por-brutal-agresion-a-discapacitado-auditivo-en-justo-daract\/\" \/>\n<meta property=\"og:locale\" content=\"es_ES\" \/>\n<meta property=\"og:type\" content=\"article\" \/>\n<meta property=\"og:title\" content=\"CUATRO DETENIDOS POR BRUTAL AGRESI\u00d3N A DISCAPACITADO AUDITIVO EN JUSTO DARACT - Apuntes de San Luis\" \/>\n<meta property=\"og:description\" content=\"La golpiza ocurri\u00f3 este domingo por la ma\u00f1ana. Efectivos de la Comisar\u00eda Distrito 18\u00b0 de...\" \/>\n<meta property=\"og:url\" content=\"https:\/\/apuntesdesanluis.com\/index.php\/2024\/12\/16\/cuatro-detenidos-por-brutal-agresion-a-discapacitado-auditivo-en-justo-daract\/\" \/>\n<meta property=\"og:site_name\" content=\"Apuntes de San Luis\" \/>\n<meta property=\"article:published_time\" content=\"2024-12-16T18:04:39+00:00\" \/>\n<meta property=\"article:modified_time\" content=\"2024-12-17T00:18:27+00:00\" \/>\n<meta property=\"og:image\" content=\"https:\/\/apuntesdesanluis.com\/wp-content\/uploads\/2024\/12\/ataque-al-sordo.png\" \/>\n\t<meta property=\"og:image:width\" content=\"644\" \/>\n\t<meta property=\"og:image:height\" content=\"361\" \/>\n\t<meta property=\"og:image:type\" content=\"image\/png\" \/>\n<meta name=\"author\" content=\"apuntesdesanluis.com\" \/>\n<meta name=\"twitter:card\" content=\"summary_large_image\" \/>\n<meta name=\"twitter:label1\" content=\"Escrito por\" \/>\n\t<meta name=\"twitter:data1\" content=\"apuntesdesanluis.com\" \/>\n\t<meta name=\"twitter:label2\" content=\"Tiempo de lectura\" \/>\n\t<meta name=\"twitter:data2\" content=\"2 minutos\" \/>\n<script type=\"application\/ld+json\" class=\"yoast-schema-graph\">{\"@context\":\"https:\/\/schema.org\",\"@graph\":[{\"@type\":\"Article\",\"@id\":\"https:\/\/apuntesdesanluis.com\/index.php\/2024\/12\/16\/cuatro-detenidos-por-brutal-agresion-a-discapacitado-auditivo-en-justo-daract\/#article\",\"isPartOf\":{\"@id\":\"https:\/\/apuntesdesanluis.com\/index.php\/2024\/12\/16\/cuatro-detenidos-por-brutal-agresion-a-discapacitado-auditivo-en-justo-daract\/\"},\"author\":{\"name\":\"apuntesdesanluis.com\",\"@id\":\"https:\/\/apuntesdesanluis.com\/#\/schema\/person\/b55151d52296fcce64d1a72538a70b90\"},\"headline\":\"CUATRO DETENIDOS POR BRUTAL AGRESI\u00d3N A DISCAPACITADO AUDITIVO EN JUSTO DARACT\",\"datePublished\":\"2024-12-16T18:04:39+00:00\",\"dateModified\":\"2024-12-17T00:18:27+00:00\",\"mainEntityOfPage\":{\"@id\":\"https:\/\/apuntesdesanluis.com\/index.php\/2024\/12\/16\/cuatro-detenidos-por-brutal-agresion-a-discapacitado-auditivo-en-justo-daract\/\"},\"wordCount\":344,\"publisher\":{\"@id\":\"https:\/\/apuntesdesanluis.com\/#\/schema\/person\/b55151d52296fcce64d1a72538a70b90\"},\"image\":{\"@id\":\"https:\/\/apuntesdesanluis.com\/index.php\/2024\/12\/16\/cuatro-detenidos-por-brutal-agresion-a-discapacitado-auditivo-en-justo-daract\/#primaryimage\"},\"thumbnailUrl\":\"https:\/\/apuntesdesanluis.com\/wp-content\/uploads\/2024\/12\/ataque-al-sordo.png\",\"articleSection\":[\"Ciudad\/Provincia\"],\"inLanguage\":\"es-AR\"},{\"@type\":\"WebPage\",\"@id\":\"https:\/\/apuntesdesanluis.com\/index.php\/2024\/12\/16\/cuatro-detenidos-por-brutal-agresion-a-discapacitado-auditivo-en-justo-daract\/\",\"url\":\"https:\/\/apuntesdesanluis.com\/index.php\/2024\/12\/16\/cuatro-detenidos-por-brutal-agresion-a-discapacitado-auditivo-en-justo-daract\/\",\"name\":\"CUATRO DETENIDOS POR BRUTAL AGRESI\u00d3N A DISCAPACITADO AUDITIVO EN JUSTO DARACT - Apuntes de San Luis\",\"isPartOf\":{\"@id\":\"https:\/\/apuntesdesanluis.com\/#website\"},\"primaryImageOfPage\":{\"@id\":\"https:\/\/apuntesdesanluis.com\/index.php\/2024\/12\/16\/cuatro-detenidos-por-brutal-agresion-a-discapacitado-auditivo-en-justo-daract\/#primaryimage\"},\"image\":{\"@id\":\"https:\/\/apuntesdesanluis.com\/index.php\/2024\/12\/16\/cuatro-detenidos-por-brutal-agresion-a-discapacitado-auditivo-en-justo-daract\/#primaryimage\"},\"thumbnailUrl\":\"https:\/\/apuntesdesanluis.com\/wp-content\/uploads\/2024\/12\/ataque-al-sordo.png\",\"datePublished\":\"2024-12-16T18:04:39+00:00\",\"dateModified\":\"2024-12-17T00:18:27+00:00\",\"breadcrumb\":{\"@id\":\"https:\/\/apuntesdesanluis.com\/index.php\/2024\/12\/16\/cuatro-detenidos-por-brutal-agresion-a-discapacitado-auditivo-en-justo-daract\/#breadcrumb\"},\"inLanguage\":\"es-AR\",\"potentialAction\":[{\"@type\":\"ReadAction\",\"target\":[\"https:\/\/apuntesdesanluis.com\/index.php\/2024\/12\/16\/cuatro-detenidos-por-brutal-agresion-a-discapacitado-auditivo-en-justo-daract\/\"]}]},{\"@type\":\"ImageObject\",\"inLanguage\":\"es-AR\",\"@id\":\"https:\/\/apuntesdesanluis.com\/index.php\/2024\/12\/16\/cuatro-detenidos-por-brutal-agresion-a-discapacitado-auditivo-en-justo-daract\/#primaryimage\",\"url\":\"https:\/\/apuntesdesanluis.com\/wp-content\/uploads\/2024\/12\/ataque-al-sordo.png\",\"contentUrl\":\"https:\/\/apuntesdesanluis.com\/wp-content\/uploads\/2024\/12\/ataque-al-sordo.png\",\"width\":644,\"height\":361},{\"@type\":\"BreadcrumbList\",\"@id\":\"https:\/\/apuntesdesanluis.com\/index.php\/2024\/12\/16\/cuatro-detenidos-por-brutal-agresion-a-discapacitado-auditivo-en-justo-daract\/#breadcrumb\",\"itemListElement\":[{\"@type\":\"ListItem\",\"position\":1,\"name\":\"Inicio\",\"item\":\"https:\/\/apuntesdesanluis.com\/\"},{\"@type\":\"ListItem\",\"position\":2,\"name\":\"CUATRO DETENIDOS POR BRUTAL AGRESI\u00d3N A DISCAPACITADO AUDITIVO EN JUSTO DARACT\"}]},{\"@type\":\"WebSite\",\"@id\":\"https:\/\/apuntesdesanluis.com\/#website\",\"url\":\"https:\/\/apuntesdesanluis.com\/\",\"name\":\"Apuntes de San Luis\",\"description\":\"\",\"publisher\":{\"@id\":\"https:\/\/apuntesdesanluis.com\/#\/schema\/person\/b55151d52296fcce64d1a72538a70b90\"},\"potentialAction\":[{\"@type\":\"SearchAction\",\"target\":{\"@type\":\"EntryPoint\",\"urlTemplate\":\"https:\/\/apuntesdesanluis.com\/?s={search_term_string}\"},\"query-input\":{\"@type\":\"PropertyValueSpecification\",\"valueRequired\":true,\"valueName\":\"search_term_string\"}}],\"inLanguage\":\"es-AR\"},{\"@type\":[\"Person\",\"Organization\"],\"@id\":\"https:\/\/apuntesdesanluis.com\/#\/schema\/person\/b55151d52296fcce64d1a72538a70b90\",\"name\":\"apuntesdesanluis.com\",\"image\":{\"@type\":\"ImageObject\",\"inLanguage\":\"es-AR\",\"@id\":\"https:\/\/apuntesdesanluis.com\/#\/schema\/person\/image\/\",\"url\":\"https:\/\/apuntesdesanluis.com\/wp-content\/uploads\/2023\/07\/cropped-apuntesdesanluis.png\",\"contentUrl\":\"https:\/\/apuntesdesanluis.com\/wp-content\/uploads\/2023\/07\/cropped-apuntesdesanluis.png\",\"width\":450,\"height\":112,\"caption\":\"apuntesdesanluis.com\"},\"logo\":{\"@id\":\"https:\/\/apuntesdesanluis.com\/#\/schema\/person\/image\/\"},\"sameAs\":[\"https:\/\/apuntesdesanluis.com\"],\"url\":\"https:\/\/apuntesdesanluis.com\/index.php\/author\/apuntesdesanluis-com\/\"}]}<\/script>\n<!-- \/ Yoast SEO plugin. -->","yoast_head_json":{"title":"CUATRO DETENIDOS POR BRUTAL AGRESI\u00d3N A DISCAPACITADO AUDITIVO EN JUSTO DARACT - Apuntes de San Luis","robots":{"index":"index","follow":"follow","max-snippet":"max-snippet:-1","max-image-preview":"max-image-preview:large","max-video-preview":"max-video-preview:-1"},"canonical":"https:\/\/apuntesdesanluis.com\/index.php\/2024\/12\/16\/cuatro-detenidos-por-brutal-agresion-a-discapacitado-auditivo-en-justo-daract\/","og_locale":"es_ES","og_type":"article","og_title":"CUATRO DETENIDOS POR BRUTAL AGRESI\u00d3N A DISCAPACITADO AUDITIVO EN JUSTO DARACT - Apuntes de San Luis","og_description":"La golpiza ocurri\u00f3 este domingo por la ma\u00f1ana. Efectivos de la Comisar\u00eda Distrito 18\u00b0 de...","og_url":"https:\/\/apuntesdesanluis.com\/index.php\/2024\/12\/16\/cuatro-detenidos-por-brutal-agresion-a-discapacitado-auditivo-en-justo-daract\/","og_site_name":"Apuntes de San Luis","article_published_time":"2024-12-16T18:04:39+00:00","article_modified_time":"2024-12-17T00:18:27+00:00","og_image":[{"width":644,"height":361,"url":"https:\/\/apuntesdesanluis.com\/wp-content\/uploads\/2024\/12\/ataque-al-sordo.png","type":"image\/png"}],"author":"apuntesdesanluis.com","twitter_card":"summary_large_image","twitter_misc":{"Escrito por":"apuntesdesanluis.com","Tiempo de lectura":"2 minutos"},"schema":{"@context":"https:\/\/schema.org","@graph":[{"@type":"Article","@id":"https:\/\/apuntesdesanluis.com\/index.php\/2024\/12\/16\/cuatro-detenidos-por-brutal-agresion-a-discapacitado-auditivo-en-justo-daract\/#article","isPartOf":{"@id":"https:\/\/apuntesdesanluis.com\/index.php\/2024\/12\/16\/cuatro-detenidos-por-brutal-agresion-a-discapacitado-auditivo-en-justo-daract\/"},"author":{"name":"apuntesdesanluis.com","@id":"https:\/\/apuntesdesanluis.com\/#\/schema\/person\/b55151d52296fcce64d1a72538a70b90"},"headline":"CUATRO DETENIDOS POR BRUTAL AGRESI\u00d3N A DISCAPACITADO AUDITIVO EN JUSTO DARACT","datePublished":"2024-12-16T18:04:39+00:00","dateModified":"2024-12-17T00:18:27+00:00","mainEntityOfPage":{"@id":"https:\/\/apuntesdesanluis.com\/index.php\/2024\/12\/16\/cuatro-detenidos-por-brutal-agresion-a-discapacitado-auditivo-en-justo-daract\/"},"wordCount":344,"publisher":{"@id":"https:\/\/apuntesdesanluis.com\/#\/schema\/person\/b55151d52296fcce64d1a72538a70b90"},"image":{"@id":"https:\/\/apuntesdesanluis.com\/index.php\/2024\/12\/16\/cuatro-detenidos-por-brutal-agresion-a-discapacitado-auditivo-en-justo-daract\/#primaryimage"},"thumbnailUrl":"https:\/\/apuntesdesanluis.com\/wp-content\/uploads\/2024\/12\/ataque-al-sordo.png","articleSection":["Ciudad\/Provincia"],"inLanguage":"es-AR"},{"@type":"WebPage","@id":"https:\/\/apuntesdesanluis.com\/index.php\/2024\/12\/16\/cuatro-detenidos-por-brutal-agresion-a-discapacitado-auditivo-en-justo-daract\/","url":"https:\/\/apuntesdesanluis.com\/index.php\/2024\/12\/16\/cuatro-detenidos-por-brutal-agresion-a-discapacitado-auditivo-en-justo-daract\/","name":"CUATRO DETENIDOS POR BRUTAL AGRESI\u00d3N A DISCAPACITADO AUDITIVO EN JUSTO DARACT - Apuntes de San Luis","isPartOf":{"@id":"https:\/\/apuntesdesanluis.com\/#website"},"primaryImageOfPage":{"@id":"https:\/\/apuntesdesanluis.com\/index.php\/2024\/12\/16\/cuatro-detenidos-por-brutal-agresion-a-discapacitado-auditivo-en-justo-daract\/#primaryimage"},"image":{"@id":"https:\/\/apuntesdesanluis.com\/index.php\/2024\/12\/16\/cuatro-detenidos-por-brutal-agresion-a-discapacitado-auditivo-en-justo-daract\/#primaryimage"},"thumbnailUrl":"https:\/\/apuntesdesanluis.com\/wp-content\/uploads\/2024\/12\/ataque-al-sordo.png","datePublished":"2024-12-16T18:04:39+00:00","dateModified":"2024-12-17T00:18:27+00:00","breadcrumb":{"@id":"https:\/\/apuntesdesanluis.com\/index.php\/2024\/12\/16\/cuatro-detenidos-por-brutal-agresion-a-discapacitado-auditivo-en-justo-daract\/#breadcrumb"},"inLanguage":"es-AR","potentialAction":[{"@type":"ReadAction","target":["https:\/\/apuntesdesanluis.com\/index.php\/2024\/12\/16\/cuatro-detenidos-por-brutal-agresion-a-discapacitado-auditivo-en-justo-daract\/"]}]},{"@type":"ImageObject","inLanguage":"es-AR","@id":"https:\/\/apuntesdesanluis.com\/index.php\/2024\/12\/16\/cuatro-detenidos-por-brutal-agresion-a-discapacitado-auditivo-en-justo-daract\/#primaryimage","url":"https:\/\/apuntesdesanluis.com\/wp-content\/uploads\/2024\/12\/ataque-al-sordo.png","contentUrl":"https:\/\/apuntesdesanluis.com\/wp-content\/uploads\/2024\/12\/ataque-al-sordo.png","width":644,"height":361},{"@type":"BreadcrumbList","@id":"https:\/\/apuntesdesanluis.com\/index.php\/2024\/12\/16\/cuatro-detenidos-por-brutal-agresion-a-discapacitado-auditivo-en-justo-daract\/#breadcrumb","itemListElement":[{"@type":"ListItem","position":1,"name":"Inicio","item":"https:\/\/apuntesdesanluis.com\/"},{"@type":"ListItem","position":2,"name":"CUATRO DETENIDOS POR BRUTAL AGRESI\u00d3N A DISCAPACITADO AUDITIVO EN JUSTO DARACT"}]},{"@type":"WebSite","@id":"https:\/\/apuntesdesanluis.com\/#website","url":"https:\/\/apuntesdesanluis.com\/","name":"Apuntes de San Luis","description":"","publisher":{"@id":"https:\/\/apuntesdesanluis.com\/#\/schema\/person\/b55151d52296fcce64d1a72538a70b90"},"potentialAction":[{"@type":"SearchAction","target":{"@type":"EntryPoint","urlTemplate":"https:\/\/apuntesdesanluis.com\/?s={search_term_string}"},"query-input":{"@type":"PropertyValueSpecification","valueRequired":true,"valueName":"search_term_string"}}],"inLanguage":"es-AR"},{"@type":["Person","Organization"],"@id":"https:\/\/apuntesdesanluis.com\/#\/schema\/person\/b55151d52296fcce64d1a72538a70b90","name":"apuntesdesanluis.com","image":{"@type":"ImageObject","inLanguage":"es-AR","@id":"https:\/\/apuntesdesanluis.com\/#\/schema\/person\/image\/","url":"https:\/\/apuntesdesanluis.com\/wp-content\/uploads\/2023\/07\/cropped-apuntesdesanluis.png","contentUrl":"https:\/\/apuntesdesanluis.com\/wp-content\/uploads\/2023\/07\/cropped-apuntesdesanluis.png","width":450,"height":112,"caption":"apuntesdesanluis.com"},"logo":{"@id":"https:\/\/apuntesdesanluis.com\/#\/schema\/person\/image\/"},"sameAs":["https:\/\/apuntesdesanluis.com"],"url":"https:\/\/apuntesdesanluis.com\/index.php\/author\/apuntesdesanluis-com\/"}]}},"featured_image_urls":{"full":["https:\/\/apuntesdesanluis.com\/wp-content\/uploads\/2024\/12\/ataque-al-sordo.png",644,361,false],"thumbnail":["https:\/\/apuntesdesanluis.com\/wp-content\/uploads\/2024\/12\/ataque-al-sordo-150x150.png",150,150,true],"medium":["https:\/\/apuntesdesanluis.com\/wp-content\/uploads\/2024\/12\/ataque-al-sordo-300x168.png",300,168,true],"medium_large":["https:\/\/apuntesdesanluis.com\/wp-content\/uploads\/2024\/12\/ataque-al-sordo.png",640,359,false],"large":["https:\/\/apuntesdesanluis.com\/wp-content\/uploads\/2024\/12\/ataque-al-sordo.png",640,359,false],"1536x1536":["https:\/\/apuntesdesanluis.com\/wp-content\/uploads\/2024\/12\/ataque-al-sordo.png",644,361,false],"2048x2048":["https:\/\/apuntesdesanluis.com\/wp-content\/uploads\/2024\/12\/ataque-al-sordo.png",644,361,false],"newsever-slider-full":["https:\/\/apuntesdesanluis.com\/wp-content\/uploads\/2024\/12\/ataque-al-sordo.png",644,361,false],"newsever-featured":["https:\/\/apuntesdesanluis.com\/wp-content\/uploads\/2024\/12\/ataque-al-sordo.png",644,361,false],"newsever-medium":["https:\/\/apuntesdesanluis.com\/wp-content\/uploads\/2024\/12\/ataque-al-sordo.png",644,361,false]},"author_info":{"display_name":"apuntesdesanluis.com","author_link":"https:\/\/apuntesdesanluis.com\/index.php\/author\/apuntesdesanluis-com\/"},"category_info":"<a href=\"https:\/\/apuntesdesanluis.com\/index.php\/category\/ciudad-provincia\/\" rel=\"category tag\">Ciudad\/Provincia<\/a>","tag_info":"Ciudad\/Provincia","comment_count":"0","_links":{"self":[{"href":"https:\/\/apuntesdesanluis.com\/index.php\/wp-json\/wp\/v2\/posts\/26830","targetHints":{"allow":["GET"]}}],"collection":[{"href":"https:\/\/apuntesdesanluis.com\/index.php\/wp-json\/wp\/v2\/posts"}],"about":[{"href":"https:\/\/apuntesdesanluis.com\/index.php\/wp-json\/wp\/v2\/types\/post"}],"author":[{"embeddable":true,"href":"https:\/\/apuntesdesanluis.com\/index.php\/wp-json\/wp\/v2\/users\/1"}],"replies":[{"embeddable":true,"href":"https:\/\/apuntesdesanluis.com\/index.php\/wp-json\/wp\/v2\/comments?post=26830"}],"version-history":[{"count":1,"href":"https:\/\/apuntesdesanluis.com\/index.php\/wp-json\/wp\/v2\/posts\/26830\/revisions"}],"predecessor-version":[{"id":26832,"href":"https:\/\/apuntesdesanluis.com\/index.php\/wp-json\/wp\/v2\/posts\/26830\/revisions\/26832"}],"wp:featuredmedia":[{"embeddable":true,"href":"https:\/\/apuntesdesanluis.com\/index.php\/wp-json\/wp\/v2\/media\/26831"}],"wp:attachment":[{"href":"https:\/\/apuntesdesanluis.com\/index.php\/wp-json\/wp\/v2\/media?parent=26830"}],"wp:term":[{"taxonomy":"category","embeddable":true,"href":"https:\/\/apuntesdesanluis.com\/index.php\/wp-json\/wp\/v2\/categories?post=26830"},{"taxonomy":"post_tag","embeddable":true,"href":"https:\/\/apuntesdesanluis.com\/index.php\/wp-json\/wp\/v2\/tags?post=26830"}],"curies":[{"name":"wp","href":"https:\/\/api.w.org\/{rel}","templated":true}]}}