{"id":26839,"date":"2024-12-16T22:10:13","date_gmt":"2024-12-17T01:10:13","guid":{"rendered":"https:\/\/apuntesdesanluis.com\/?p=26839"},"modified":"2024-12-16T22:10:13","modified_gmt":"2024-12-17T01:10:13","slug":"victoria-villarruel-se-enojo-porque-la-amenazaron-con-dos-carpetazos","status":"publish","type":"post","link":"https:\/\/apuntesdesanluis.com\/index.php\/2024\/12\/16\/victoria-villarruel-se-enojo-porque-la-amenazaron-con-dos-carpetazos\/","title":{"rendered":"VICTORIA VILLARRUEL SE ENOJ\u00d3 PORQUE LA AMENAZARON CON DOS \u201cCARPETAZOS\u201d"},"content":{"rendered":"<h3>En medio de su disputa con el presidente <strong>Javier Milei<\/strong>, la vicepresidenta <strong>Victoria Villarruel<\/strong> acus\u00f3 al abogado oficialista <strong>Alejandro Sarubbi Ben\u00edtez,<\/strong> y a su entorno, de realizar inteligencia en su contra y prometi\u00f3 iniciar acciones legales.<\/h3>\n<h3>En el contexto de crecientes tensiones entre facciones libertarias, el oficialismo emplea comunicadores y medios cercanos al entorno presidencial para cuestionar a la vicepresidenta. La pol\u00e9mica surge tras una sesi\u00f3n clave en el Senado por la destituci\u00f3n de Kueider. Sectores opositores calificaron la pol\u00e9mica como \u201cmaniobra distractora\u201d.<\/h3>\n<h3>La vicepresidenta realiz\u00f3 este domingo un posteo en sus redes sociales, con el objetivo de descomprimir la interna en Casa Rosada. &#8220;Ante comunicados recientes de algunos partidos pol\u00edticos que se arrogan la representaci\u00f3n de mi persona y mis ideas, quiero expresar que hoy no hay lugar para la &#8216;moderaci\u00f3n&#8217;. No estoy participando de ning\u00fan armado pol\u00edtico y cuando lo haga, lo har\u00e9 donde el presidente Milei me lo pida&#8221;, sostuvo en su cuenta de Twitter.<\/h3>\n<h3>\u201cSoy parte del espacio que gobierna nuestro pa\u00eds desde su misma fundaci\u00f3n y aqu\u00ed me quedar\u00e9 defendiendo las convicciones que nos llevaron a encontrar un camino com\u00fan al presidente Milei y a m\u00ed\u201d, complet\u00f3 Villarruel.<\/h3>\n<h3><strong>Sarubbi Ben\u00edtez<\/strong>, uno de los comunicadores oficialistas que participa en el programa de stream \u201cLa Misa\u201d, conducido por <strong>Daniel Parisini<\/strong>, retuite\u00f3 el comunicado de la vicepresidenta, agregando un comentario en tono jocoso: \u201cVictoria absoluta de las fuerzas del cielo. Y ni siquiera hicieron falta los dos carpetazos\u201d.<\/h3>\n<h3>Villarruel contest\u00f3: \u201cPor favor publiquen los \u2018dos\u2019 carpetazos. Estoy ansiosa por saber en qu\u00e9 hacen inteligencia sobre mi y mi familia. Voy a estar esperando la difusi\u00f3n de eso para hacer las correspondientes acciones legales entre ellas contra vos que fogone\u00e1s hacer inteligencia sobre los ciudadanos\u201d.<\/h3>\n<p><img fetchpriority=\"high\" decoding=\"async\" class=\"wp-image-26840 aligncenter\" src=\"https:\/\/apuntesdesanluis.com\/wp-content\/uploads\/2024\/12\/TUIT-258x300.png\" alt=\"\" width=\"725\" height=\"843\" srcset=\"https:\/\/apuntesdesanluis.com\/wp-content\/uploads\/2024\/12\/TUIT-258x300.png 258w, https:\/\/apuntesdesanluis.com\/wp-content\/uploads\/2024\/12\/TUIT.png 585w\" sizes=\"(max-width: 725px) 100vw, 725px\" \/><\/p>\n<h3>\u00bfA qui\u00e9n refiere la acusaci\u00f3n de realizar inteligencia? La Misa, y el stream de Carajo donde participan Sarubbi Ben\u00edtez y el Gordo Dan (Daniel Parisini), es uno de los tantos \u00f3rganos paralelos que mantiene la estrategia comunicacional oficialista, la famosa \u201cbatalla cultural\u201d orientada por Santiago Caputo.<\/h3>\n<h3>El programa al que pertenece Ben\u00edtez es tan cercano a la presidencia que fue el primer stream de simpatizantes libertarios al que asiste Milei tras asumir la presidencia, lo que despert\u00f3 el enojo de otros influencers y comunicadores de La Libertad Avanza.<\/h3>\n<h3>El 14 de diciembre, otro de estos \u00f3rganos paralelos, La Derecha Diario, public\u00f3 un agresivo art\u00edculo en el que se acusa a Villarruel de conspirar contra Karina y Javier Milei en el exterior. El art\u00edculo cita las declaraciones de un periodista espa\u00f1ol que afirma que Villarruel financia \u201cun ej\u00e9rcito de trolls\u201d para atacar a Karina y Javier Milei, y le achaca realizar una depuraci\u00f3n de su equipo en el Senado de quienes apoyan al Presidente en las redes.<\/h3>\n<h3>La operaci\u00f3n del llamado \u201ctri\u00e1ngulo de hierro\u201d contra Victoria Villarruel viene aceler\u00e1ndose tras la sesi\u00f3n que destituy\u00f3 a Edgardo Kueider de su banca en el Senado tras haber sido detenido en la frontera de Paraguay con 200.000 d\u00f3lares sin declarar.<\/h3>\n<h3>Desde el entorno presidencial afirmaron que la sesi\u00f3n podr\u00eda ser impugnada ya que, en momentos en que se desarrollaba el debate presidido por Villarruel, ella deb\u00eda haber asumido la presidencia de la naci\u00f3n por el viaje de Javier Milei a Italia, en cuyo caso deb\u00eda haber sido suplantada a su vez en la presidencia del Senado. Tras los primeros trascendidos, el ej\u00e9rcito de trolls oficialista se puso en marcha, y se oper\u00f3 un fusilamiento virtual contra la vicepresidenta.<\/h3>\n<h3>Sectores de la oposici\u00f3n han afirmado que el dinero que ten\u00eda Kueider al momento de su detenci\u00f3n proviene de la compra de su voluntad para la aprobaci\u00f3n de la Ley Bases. Bajo esa interpretaci\u00f3n, la pol\u00e9mica Milei Villaruel desatada por \u201cusurpaci\u00f3n de cargo\u201d durante la sesi\u00f3n, podr\u00eda ser vista como una \u201ccortina de humo\u201d para desviar el eje y que no se hable en los medios de la investigaci\u00f3n sobre el origen del dinero.<\/h3>\n<p>&nbsp;<\/p>\n<p>&nbsp;<\/p>\n<p>&nbsp;<\/p>\n<h3><\/h3>\n<p>&nbsp;<\/p>\n<p>&nbsp;<\/p>\n","protected":false},"excerpt":{"rendered":"<p>En medio de su disputa con el presidente Javier Milei, la vicepresidenta Victoria Villarruel acus\u00f3&#8230;<\/p>\n","protected":false},"author":1,"featured_media":26841,"comment_status":"closed","ping_status":"closed","sticky":false,"template":"","format":"standard","meta":{"footnotes":""},"categories":[5],"tags":[],"class_list":["post-26839","post","type-post","status-publish","format-standard","has-post-thumbnail","hentry","category-nacionales-internacionales"],"yoast_head":"<!-- This site is optimized with the Yoast SEO plugin v26.1.1 - https:\/\/yoast.com\/wordpress\/plugins\/seo\/ -->\n<title>VICTORIA VILLARRUEL SE ENOJ\u00d3 PORQUE LA AMENAZARON CON DOS \u201cCARPETAZOS\u201d - Apuntes de San Luis<\/title>\n<meta name=\"robots\" content=\"index, follow, max-snippet:-1, max-image-preview:large, max-video-preview:-1\" \/>\n<link rel=\"canonical\" href=\"https:\/\/apuntesdesanluis.com\/index.php\/2024\/12\/16\/victoria-villarruel-se-enojo-porque-la-amenazaron-con-dos-carpetazos\/\" \/>\n<meta property=\"og:locale\" content=\"es_ES\" \/>\n<meta property=\"og:type\" content=\"article\" \/>\n<meta property=\"og:title\" content=\"VICTORIA VILLARRUEL SE ENOJ\u00d3 PORQUE LA AMENAZARON CON DOS \u201cCARPETAZOS\u201d - Apuntes de San Luis\" \/>\n<meta property=\"og:description\" content=\"En medio de su disputa con el presidente Javier Milei, la vicepresidenta Victoria Villarruel acus\u00f3...\" \/>\n<meta property=\"og:url\" content=\"https:\/\/apuntesdesanluis.com\/index.php\/2024\/12\/16\/victoria-villarruel-se-enojo-porque-la-amenazaron-con-dos-carpetazos\/\" \/>\n<meta property=\"og:site_name\" content=\"Apuntes de San Luis\" \/>\n<meta property=\"article:published_time\" content=\"2024-12-17T01:10:13+00:00\" \/>\n<meta property=\"og:image\" content=\"https:\/\/apuntesdesanluis.com\/wp-content\/uploads\/2024\/12\/MILEI-Y-VICKY.png\" \/>\n\t<meta property=\"og:image:width\" content=\"588\" \/>\n\t<meta property=\"og:image:height\" content=\"405\" \/>\n\t<meta property=\"og:image:type\" content=\"image\/png\" \/>\n<meta name=\"author\" content=\"apuntesdesanluis.com\" \/>\n<meta name=\"twitter:card\" content=\"summary_large_image\" \/>\n<meta name=\"twitter:label1\" content=\"Escrito por\" \/>\n\t<meta name=\"twitter:data1\" content=\"apuntesdesanluis.com\" \/>\n\t<meta name=\"twitter:label2\" content=\"Tiempo de lectura\" \/>\n\t<meta name=\"twitter:data2\" content=\"4 minutos\" \/>\n<script type=\"application\/ld+json\" class=\"yoast-schema-graph\">{\"@context\":\"https:\/\/schema.org\",\"@graph\":[{\"@type\":\"Article\",\"@id\":\"https:\/\/apuntesdesanluis.com\/index.php\/2024\/12\/16\/victoria-villarruel-se-enojo-porque-la-amenazaron-con-dos-carpetazos\/#article\",\"isPartOf\":{\"@id\":\"https:\/\/apuntesdesanluis.com\/index.php\/2024\/12\/16\/victoria-villarruel-se-enojo-porque-la-amenazaron-con-dos-carpetazos\/\"},\"author\":{\"name\":\"apuntesdesanluis.com\",\"@id\":\"https:\/\/apuntesdesanluis.com\/#\/schema\/person\/b55151d52296fcce64d1a72538a70b90\"},\"headline\":\"VICTORIA VILLARRUEL SE ENOJ\u00d3 PORQUE LA AMENAZARON CON DOS \u201cCARPETAZOS\u201d\",\"datePublished\":\"2024-12-17T01:10:13+00:00\",\"mainEntityOfPage\":{\"@id\":\"https:\/\/apuntesdesanluis.com\/index.php\/2024\/12\/16\/victoria-villarruel-se-enojo-porque-la-amenazaron-con-dos-carpetazos\/\"},\"wordCount\":703,\"publisher\":{\"@id\":\"https:\/\/apuntesdesanluis.com\/#\/schema\/person\/b55151d52296fcce64d1a72538a70b90\"},\"image\":{\"@id\":\"https:\/\/apuntesdesanluis.com\/index.php\/2024\/12\/16\/victoria-villarruel-se-enojo-porque-la-amenazaron-con-dos-carpetazos\/#primaryimage\"},\"thumbnailUrl\":\"https:\/\/apuntesdesanluis.com\/wp-content\/uploads\/2024\/12\/MILEI-Y-VICKY.png\",\"articleSection\":[\"Nacionales\/Internacionales\"],\"inLanguage\":\"es-AR\"},{\"@type\":\"WebPage\",\"@id\":\"https:\/\/apuntesdesanluis.com\/index.php\/2024\/12\/16\/victoria-villarruel-se-enojo-porque-la-amenazaron-con-dos-carpetazos\/\",\"url\":\"https:\/\/apuntesdesanluis.com\/index.php\/2024\/12\/16\/victoria-villarruel-se-enojo-porque-la-amenazaron-con-dos-carpetazos\/\",\"name\":\"VICTORIA VILLARRUEL SE ENOJ\u00d3 PORQUE LA AMENAZARON CON DOS \u201cCARPETAZOS\u201d - Apuntes de San Luis\",\"isPartOf\":{\"@id\":\"https:\/\/apuntesdesanluis.com\/#website\"},\"primaryImageOfPage\":{\"@id\":\"https:\/\/apuntesdesanluis.com\/index.php\/2024\/12\/16\/victoria-villarruel-se-enojo-porque-la-amenazaron-con-dos-carpetazos\/#primaryimage\"},\"image\":{\"@id\":\"https:\/\/apuntesdesanluis.com\/index.php\/2024\/12\/16\/victoria-villarruel-se-enojo-porque-la-amenazaron-con-dos-carpetazos\/#primaryimage\"},\"thumbnailUrl\":\"https:\/\/apuntesdesanluis.com\/wp-content\/uploads\/2024\/12\/MILEI-Y-VICKY.png\",\"datePublished\":\"2024-12-17T01:10:13+00:00\",\"breadcrumb\":{\"@id\":\"https:\/\/apuntesdesanluis.com\/index.php\/2024\/12\/16\/victoria-villarruel-se-enojo-porque-la-amenazaron-con-dos-carpetazos\/#breadcrumb\"},\"inLanguage\":\"es-AR\",\"potentialAction\":[{\"@type\":\"ReadAction\",\"target\":[\"https:\/\/apuntesdesanluis.com\/index.php\/2024\/12\/16\/victoria-villarruel-se-enojo-porque-la-amenazaron-con-dos-carpetazos\/\"]}]},{\"@type\":\"ImageObject\",\"inLanguage\":\"es-AR\",\"@id\":\"https:\/\/apuntesdesanluis.com\/index.php\/2024\/12\/16\/victoria-villarruel-se-enojo-porque-la-amenazaron-con-dos-carpetazos\/#primaryimage\",\"url\":\"https:\/\/apuntesdesanluis.com\/wp-content\/uploads\/2024\/12\/MILEI-Y-VICKY.png\",\"contentUrl\":\"https:\/\/apuntesdesanluis.com\/wp-content\/uploads\/2024\/12\/MILEI-Y-VICKY.png\",\"width\":588,\"height\":405},{\"@type\":\"BreadcrumbList\",\"@id\":\"https:\/\/apuntesdesanluis.com\/index.php\/2024\/12\/16\/victoria-villarruel-se-enojo-porque-la-amenazaron-con-dos-carpetazos\/#breadcrumb\",\"itemListElement\":[{\"@type\":\"ListItem\",\"position\":1,\"name\":\"Inicio\",\"item\":\"https:\/\/apuntesdesanluis.com\/\"},{\"@type\":\"ListItem\",\"position\":2,\"name\":\"VICTORIA VILLARRUEL SE ENOJ\u00d3 PORQUE LA AMENAZARON CON DOS \u201cCARPETAZOS\u201d\"}]},{\"@type\":\"WebSite\",\"@id\":\"https:\/\/apuntesdesanluis.com\/#website\",\"url\":\"https:\/\/apuntesdesanluis.com\/\",\"name\":\"Apuntes de San Luis\",\"description\":\"\",\"publisher\":{\"@id\":\"https:\/\/apuntesdesanluis.com\/#\/schema\/person\/b55151d52296fcce64d1a72538a70b90\"},\"potentialAction\":[{\"@type\":\"SearchAction\",\"target\":{\"@type\":\"EntryPoint\",\"urlTemplate\":\"https:\/\/apuntesdesanluis.com\/?s={search_term_string}\"},\"query-input\":{\"@type\":\"PropertyValueSpecification\",\"valueRequired\":true,\"valueName\":\"search_term_string\"}}],\"inLanguage\":\"es-AR\"},{\"@type\":[\"Person\",\"Organization\"],\"@id\":\"https:\/\/apuntesdesanluis.com\/#\/schema\/person\/b55151d52296fcce64d1a72538a70b90\",\"name\":\"apuntesdesanluis.com\",\"image\":{\"@type\":\"ImageObject\",\"inLanguage\":\"es-AR\",\"@id\":\"https:\/\/apuntesdesanluis.com\/#\/schema\/person\/image\/\",\"url\":\"https:\/\/apuntesdesanluis.com\/wp-content\/uploads\/2023\/07\/cropped-apuntesdesanluis.png\",\"contentUrl\":\"https:\/\/apuntesdesanluis.com\/wp-content\/uploads\/2023\/07\/cropped-apuntesdesanluis.png\",\"width\":450,\"height\":112,\"caption\":\"apuntesdesanluis.com\"},\"logo\":{\"@id\":\"https:\/\/apuntesdesanluis.com\/#\/schema\/person\/image\/\"},\"sameAs\":[\"https:\/\/apuntesdesanluis.com\"],\"url\":\"https:\/\/apuntesdesanluis.com\/index.php\/author\/apuntesdesanluis-com\/\"}]}<\/script>\n<!-- \/ Yoast SEO plugin. -->","yoast_head_json":{"title":"VICTORIA VILLARRUEL SE ENOJ\u00d3 PORQUE LA AMENAZARON CON DOS \u201cCARPETAZOS\u201d - Apuntes de San Luis","robots":{"index":"index","follow":"follow","max-snippet":"max-snippet:-1","max-image-preview":"max-image-preview:large","max-video-preview":"max-video-preview:-1"},"canonical":"https:\/\/apuntesdesanluis.com\/index.php\/2024\/12\/16\/victoria-villarruel-se-enojo-porque-la-amenazaron-con-dos-carpetazos\/","og_locale":"es_ES","og_type":"article","og_title":"VICTORIA VILLARRUEL SE ENOJ\u00d3 PORQUE LA AMENAZARON CON DOS \u201cCARPETAZOS\u201d - Apuntes de San Luis","og_description":"En medio de su disputa con el presidente Javier Milei, la vicepresidenta Victoria Villarruel acus\u00f3...","og_url":"https:\/\/apuntesdesanluis.com\/index.php\/2024\/12\/16\/victoria-villarruel-se-enojo-porque-la-amenazaron-con-dos-carpetazos\/","og_site_name":"Apuntes de San Luis","article_published_time":"2024-12-17T01:10:13+00:00","og_image":[{"width":588,"height":405,"url":"https:\/\/apuntesdesanluis.com\/wp-content\/uploads\/2024\/12\/MILEI-Y-VICKY.png","type":"image\/png"}],"author":"apuntesdesanluis.com","twitter_card":"summary_large_image","twitter_misc":{"Escrito por":"apuntesdesanluis.com","Tiempo de lectura":"4 minutos"},"schema":{"@context":"https:\/\/schema.org","@graph":[{"@type":"Article","@id":"https:\/\/apuntesdesanluis.com\/index.php\/2024\/12\/16\/victoria-villarruel-se-enojo-porque-la-amenazaron-con-dos-carpetazos\/#article","isPartOf":{"@id":"https:\/\/apuntesdesanluis.com\/index.php\/2024\/12\/16\/victoria-villarruel-se-enojo-porque-la-amenazaron-con-dos-carpetazos\/"},"author":{"name":"apuntesdesanluis.com","@id":"https:\/\/apuntesdesanluis.com\/#\/schema\/person\/b55151d52296fcce64d1a72538a70b90"},"headline":"VICTORIA VILLARRUEL SE ENOJ\u00d3 PORQUE LA AMENAZARON CON DOS \u201cCARPETAZOS\u201d","datePublished":"2024-12-17T01:10:13+00:00","mainEntityOfPage":{"@id":"https:\/\/apuntesdesanluis.com\/index.php\/2024\/12\/16\/victoria-villarruel-se-enojo-porque-la-amenazaron-con-dos-carpetazos\/"},"wordCount":703,"publisher":{"@id":"https:\/\/apuntesdesanluis.com\/#\/schema\/person\/b55151d52296fcce64d1a72538a70b90"},"image":{"@id":"https:\/\/apuntesdesanluis.com\/index.php\/2024\/12\/16\/victoria-villarruel-se-enojo-porque-la-amenazaron-con-dos-carpetazos\/#primaryimage"},"thumbnailUrl":"https:\/\/apuntesdesanluis.com\/wp-content\/uploads\/2024\/12\/MILEI-Y-VICKY.png","articleSection":["Nacionales\/Internacionales"],"inLanguage":"es-AR"},{"@type":"WebPage","@id":"https:\/\/apuntesdesanluis.com\/index.php\/2024\/12\/16\/victoria-villarruel-se-enojo-porque-la-amenazaron-con-dos-carpetazos\/","url":"https:\/\/apuntesdesanluis.com\/index.php\/2024\/12\/16\/victoria-villarruel-se-enojo-porque-la-amenazaron-con-dos-carpetazos\/","name":"VICTORIA VILLARRUEL SE ENOJ\u00d3 PORQUE LA AMENAZARON CON DOS \u201cCARPETAZOS\u201d - Apuntes de San Luis","isPartOf":{"@id":"https:\/\/apuntesdesanluis.com\/#website"},"primaryImageOfPage":{"@id":"https:\/\/apuntesdesanluis.com\/index.php\/2024\/12\/16\/victoria-villarruel-se-enojo-porque-la-amenazaron-con-dos-carpetazos\/#primaryimage"},"image":{"@id":"https:\/\/apuntesdesanluis.com\/index.php\/2024\/12\/16\/victoria-villarruel-se-enojo-porque-la-amenazaron-con-dos-carpetazos\/#primaryimage"},"thumbnailUrl":"https:\/\/apuntesdesanluis.com\/wp-content\/uploads\/2024\/12\/MILEI-Y-VICKY.png","datePublished":"2024-12-17T01:10:13+00:00","breadcrumb":{"@id":"https:\/\/apuntesdesanluis.com\/index.php\/2024\/12\/16\/victoria-villarruel-se-enojo-porque-la-amenazaron-con-dos-carpetazos\/#breadcrumb"},"inLanguage":"es-AR","potentialAction":[{"@type":"ReadAction","target":["https:\/\/apuntesdesanluis.com\/index.php\/2024\/12\/16\/victoria-villarruel-se-enojo-porque-la-amenazaron-con-dos-carpetazos\/"]}]},{"@type":"ImageObject","inLanguage":"es-AR","@id":"https:\/\/apuntesdesanluis.com\/index.php\/2024\/12\/16\/victoria-villarruel-se-enojo-porque-la-amenazaron-con-dos-carpetazos\/#primaryimage","url":"https:\/\/apuntesdesanluis.com\/wp-content\/uploads\/2024\/12\/MILEI-Y-VICKY.png","contentUrl":"https:\/\/apuntesdesanluis.com\/wp-content\/uploads\/2024\/12\/MILEI-Y-VICKY.png","width":588,"height":405},{"@type":"BreadcrumbList","@id":"https:\/\/apuntesdesanluis.com\/index.php\/2024\/12\/16\/victoria-villarruel-se-enojo-porque-la-amenazaron-con-dos-carpetazos\/#breadcrumb","itemListElement":[{"@type":"ListItem","position":1,"name":"Inicio","item":"https:\/\/apuntesdesanluis.com\/"},{"@type":"ListItem","position":2,"name":"VICTORIA VILLARRUEL SE ENOJ\u00d3 PORQUE LA AMENAZARON CON DOS \u201cCARPETAZOS\u201d"}]},{"@type":"WebSite","@id":"https:\/\/apuntesdesanluis.com\/#website","url":"https:\/\/apuntesdesanluis.com\/","name":"Apuntes de San Luis","description":"","publisher":{"@id":"https:\/\/apuntesdesanluis.com\/#\/schema\/person\/b55151d52296fcce64d1a72538a70b90"},"potentialAction":[{"@type":"SearchAction","target":{"@type":"EntryPoint","urlTemplate":"https:\/\/apuntesdesanluis.com\/?s={search_term_string}"},"query-input":{"@type":"PropertyValueSpecification","valueRequired":true,"valueName":"search_term_string"}}],"inLanguage":"es-AR"},{"@type":["Person","Organization"],"@id":"https:\/\/apuntesdesanluis.com\/#\/schema\/person\/b55151d52296fcce64d1a72538a70b90","name":"apuntesdesanluis.com","image":{"@type":"ImageObject","inLanguage":"es-AR","@id":"https:\/\/apuntesdesanluis.com\/#\/schema\/person\/image\/","url":"https:\/\/apuntesdesanluis.com\/wp-content\/uploads\/2023\/07\/cropped-apuntesdesanluis.png","contentUrl":"https:\/\/apuntesdesanluis.com\/wp-content\/uploads\/2023\/07\/cropped-apuntesdesanluis.png","width":450,"height":112,"caption":"apuntesdesanluis.com"},"logo":{"@id":"https:\/\/apuntesdesanluis.com\/#\/schema\/person\/image\/"},"sameAs":["https:\/\/apuntesdesanluis.com"],"url":"https:\/\/apuntesdesanluis.com\/index.php\/author\/apuntesdesanluis-com\/"}]}},"featured_image_urls":{"full":["https:\/\/apuntesdesanluis.com\/wp-content\/uploads\/2024\/12\/MILEI-Y-VICKY.png",588,405,false],"thumbnail":["https:\/\/apuntesdesanluis.com\/wp-content\/uploads\/2024\/12\/MILEI-Y-VICKY-150x150.png",150,150,true],"medium":["https:\/\/apuntesdesanluis.com\/wp-content\/uploads\/2024\/12\/MILEI-Y-VICKY-300x207.png",300,207,true],"medium_large":["https:\/\/apuntesdesanluis.com\/wp-content\/uploads\/2024\/12\/MILEI-Y-VICKY.png",588,405,false],"large":["https:\/\/apuntesdesanluis.com\/wp-content\/uploads\/2024\/12\/MILEI-Y-VICKY.png",588,405,false],"1536x1536":["https:\/\/apuntesdesanluis.com\/wp-content\/uploads\/2024\/12\/MILEI-Y-VICKY.png",588,405,false],"2048x2048":["https:\/\/apuntesdesanluis.com\/wp-content\/uploads\/2024\/12\/MILEI-Y-VICKY.png",588,405,false],"newsever-slider-full":["https:\/\/apuntesdesanluis.com\/wp-content\/uploads\/2024\/12\/MILEI-Y-VICKY.png",588,405,false],"newsever-featured":["https:\/\/apuntesdesanluis.com\/wp-content\/uploads\/2024\/12\/MILEI-Y-VICKY.png",588,405,false],"newsever-medium":["https:\/\/apuntesdesanluis.com\/wp-content\/uploads\/2024\/12\/MILEI-Y-VICKY.png",588,405,false]},"author_info":{"display_name":"apuntesdesanluis.com","author_link":"https:\/\/apuntesdesanluis.com\/index.php\/author\/apuntesdesanluis-com\/"},"category_info":"<a href=\"https:\/\/apuntesdesanluis.com\/index.php\/category\/nacionales-internacionales\/\" rel=\"category tag\">Nacionales\/Internacionales<\/a>","tag_info":"Nacionales\/Internacionales","comment_count":"0","_links":{"self":[{"href":"https:\/\/apuntesdesanluis.com\/index.php\/wp-json\/wp\/v2\/posts\/26839","targetHints":{"allow":["GET"]}}],"collection":[{"href":"https:\/\/apuntesdesanluis.com\/index.php\/wp-json\/wp\/v2\/posts"}],"about":[{"href":"https:\/\/apuntesdesanluis.com\/index.php\/wp-json\/wp\/v2\/types\/post"}],"author":[{"embeddable":true,"href":"https:\/\/apuntesdesanluis.com\/index.php\/wp-json\/wp\/v2\/users\/1"}],"replies":[{"embeddable":true,"href":"https:\/\/apuntesdesanluis.com\/index.php\/wp-json\/wp\/v2\/comments?post=26839"}],"version-history":[{"count":1,"href":"https:\/\/apuntesdesanluis.com\/index.php\/wp-json\/wp\/v2\/posts\/26839\/revisions"}],"predecessor-version":[{"id":26842,"href":"https:\/\/apuntesdesanluis.com\/index.php\/wp-json\/wp\/v2\/posts\/26839\/revisions\/26842"}],"wp:featuredmedia":[{"embeddable":true,"href":"https:\/\/apuntesdesanluis.com\/index.php\/wp-json\/wp\/v2\/media\/26841"}],"wp:attachment":[{"href":"https:\/\/apuntesdesanluis.com\/index.php\/wp-json\/wp\/v2\/media?parent=26839"}],"wp:term":[{"taxonomy":"category","embeddable":true,"href":"https:\/\/apuntesdesanluis.com\/index.php\/wp-json\/wp\/v2\/categories?post=26839"},{"taxonomy":"post_tag","embeddable":true,"href":"https:\/\/apuntesdesanluis.com\/index.php\/wp-json\/wp\/v2\/tags?post=26839"}],"curies":[{"name":"wp","href":"https:\/\/api.w.org\/{rel}","templated":true}]}}