{"id":26847,"date":"2024-12-16T22:36:09","date_gmt":"2024-12-17T01:36:09","guid":{"rendered":"https:\/\/apuntesdesanluis.com\/?p=26847"},"modified":"2024-12-16T22:36:09","modified_gmt":"2024-12-17T01:36:09","slug":"estudiantes-de-la-fcejs-obtuvieron-sexto-puesto-en-concurso-nacional-de-litigacion-penal","status":"publish","type":"post","link":"https:\/\/apuntesdesanluis.com\/index.php\/2024\/12\/16\/estudiantes-de-la-fcejs-obtuvieron-sexto-puesto-en-concurso-nacional-de-litigacion-penal\/","title":{"rendered":"ESTUDIANTES DE LA FCEJS OBTUVIERON SEXTO PUESTO EN CONCURSO NACIONAL DE LITIGACI\u00d3N PENAL"},"content":{"rendered":"<h3>En la sala de reuniones del Instituto Escuela de Econom\u00eda, Negocios y Transferencia Tecnol\u00f3gica, el Vicerrector, Mgtr. <strong>H\u00e9ctor Flores<\/strong>, y la Decana, Mgtr. <strong>Roxanna Camiletti<\/strong>, mantuvieron un encuentro con el Equipo de Litigaci\u00f3n de la FCEJS, quienes alcanzaron el sexto puesto en el Concurso Nacional Universitario de Litigaci\u00f3n Penal 2024, realizado en noviembre en la ciudad de Pergamino, provincia de Buenos Aires.<\/h3>\n<h3>En esta edici\u00f3n participaron m\u00e1s de 350 estudiantes y docentes de 27 universidades de Argentina, Uruguay, Chile y Colombia, y se llevaron a cabo m\u00e1s de 70 audiencias de juicio.<\/h3>\n<h3>El equipo ganador del certamen fue el de la Universidad de Buenos Aires, que disput\u00f3 la final con la Universidad Nacional de La Plata. El tercer y cuarto lugar correspondieron a la Universidad Nacional del Sur y a la Universidad Nacional de Tucum\u00e1n, respectivamente.<\/h3>\n<p><img fetchpriority=\"high\" decoding=\"async\" class=\"wp-image-26849 aligncenter\" src=\"https:\/\/apuntesdesanluis.com\/wp-content\/uploads\/2024\/12\/LITIGACION-300x194.png\" alt=\"\" width=\"752\" height=\"486\" srcset=\"https:\/\/apuntesdesanluis.com\/wp-content\/uploads\/2024\/12\/LITIGACION-300x194.png 300w, https:\/\/apuntesdesanluis.com\/wp-content\/uploads\/2024\/12\/LITIGACION.png 955w\" sizes=\"(max-width: 752px) 100vw, 752px\" \/><\/p>\n<h3>Acompa\u00f1ados por los docentes Esp. H\u00e9ctor Lazzari y Abg. Nayla Cabrera, el equipo de litigaci\u00f3n expres\u00f3 su satisfacci\u00f3n de haber representado a la FCEJS en este tipo de certamen y repas\u00f3 el camino recorrido a lo largo del 2024, resaltando el crecimiento logrado gracias al constante respaldo institucional de la FCEJS.<\/h3>\n<h3>Destac\u00f3 que este apoyo ha permitido consolidar un grupo que involucra a estudiantes avanzados y docentes de la carrera de Abogac\u00eda, brind\u00e1ndoles una experiencia formativa integral. La participaci\u00f3n en esta competencia no solo fortalece las habilidades t\u00e9cnicas de litigaci\u00f3n de los futuros profesionales, sino que tambi\u00e9n fomenta valores esenciales para su desarrollo \u00e9tico y profesional.<\/h3>\n<p>&nbsp;<\/p>\n<p>&nbsp;<\/p>\n<p>&nbsp;<\/p>\n<p>&nbsp;<\/p>\n<p>&nbsp;<\/p>\n<p>&nbsp;<\/p>\n","protected":false},"excerpt":{"rendered":"<p>En la sala de reuniones del Instituto Escuela de Econom\u00eda, Negocios y Transferencia Tecnol\u00f3gica, el&#8230;<\/p>\n","protected":false},"author":1,"featured_media":26848,"comment_status":"closed","ping_status":"closed","sticky":false,"template":"","format":"standard","meta":{"footnotes":""},"categories":[6],"tags":[],"class_list":["post-26847","post","type-post","status-publish","format-standard","has-post-thumbnail","hentry","category-ciudad-provincia"],"yoast_head":"<!-- This site is optimized with the Yoast SEO plugin v26.1.1 - https:\/\/yoast.com\/wordpress\/plugins\/seo\/ -->\n<title>ESTUDIANTES DE LA FCEJS OBTUVIERON SEXTO PUESTO EN CONCURSO NACIONAL DE LITIGACI\u00d3N PENAL - Apuntes de San Luis<\/title>\n<meta name=\"robots\" content=\"index, follow, max-snippet:-1, max-image-preview:large, max-video-preview:-1\" \/>\n<link rel=\"canonical\" href=\"https:\/\/apuntesdesanluis.com\/index.php\/2024\/12\/16\/estudiantes-de-la-fcejs-obtuvieron-sexto-puesto-en-concurso-nacional-de-litigacion-penal\/\" \/>\n<meta property=\"og:locale\" content=\"es_ES\" \/>\n<meta property=\"og:type\" content=\"article\" \/>\n<meta property=\"og:title\" content=\"ESTUDIANTES DE LA FCEJS OBTUVIERON SEXTO PUESTO EN CONCURSO NACIONAL DE LITIGACI\u00d3N PENAL - Apuntes de San Luis\" \/>\n<meta property=\"og:description\" content=\"En la sala de reuniones del Instituto Escuela de Econom\u00eda, Negocios y Transferencia Tecnol\u00f3gica, el...\" \/>\n<meta property=\"og:url\" content=\"https:\/\/apuntesdesanluis.com\/index.php\/2024\/12\/16\/estudiantes-de-la-fcejs-obtuvieron-sexto-puesto-en-concurso-nacional-de-litigacion-penal\/\" \/>\n<meta property=\"og:site_name\" content=\"Apuntes de San Luis\" \/>\n<meta property=\"article:published_time\" content=\"2024-12-17T01:36:09+00:00\" \/>\n<meta property=\"og:image\" content=\"https:\/\/apuntesdesanluis.com\/wp-content\/uploads\/2024\/12\/REUNION.png\" \/>\n\t<meta property=\"og:image:width\" content=\"1026\" \/>\n\t<meta property=\"og:image:height\" content=\"581\" \/>\n\t<meta property=\"og:image:type\" content=\"image\/png\" \/>\n<meta name=\"author\" content=\"apuntesdesanluis.com\" \/>\n<meta name=\"twitter:card\" content=\"summary_large_image\" \/>\n<meta name=\"twitter:label1\" content=\"Escrito por\" \/>\n\t<meta name=\"twitter:data1\" content=\"apuntesdesanluis.com\" \/>\n\t<meta name=\"twitter:label2\" content=\"Tiempo de lectura\" \/>\n\t<meta name=\"twitter:data2\" content=\"2 minutos\" \/>\n<script type=\"application\/ld+json\" class=\"yoast-schema-graph\">{\"@context\":\"https:\/\/schema.org\",\"@graph\":[{\"@type\":\"Article\",\"@id\":\"https:\/\/apuntesdesanluis.com\/index.php\/2024\/12\/16\/estudiantes-de-la-fcejs-obtuvieron-sexto-puesto-en-concurso-nacional-de-litigacion-penal\/#article\",\"isPartOf\":{\"@id\":\"https:\/\/apuntesdesanluis.com\/index.php\/2024\/12\/16\/estudiantes-de-la-fcejs-obtuvieron-sexto-puesto-en-concurso-nacional-de-litigacion-penal\/\"},\"author\":{\"name\":\"apuntesdesanluis.com\",\"@id\":\"https:\/\/apuntesdesanluis.com\/#\/schema\/person\/b55151d52296fcce64d1a72538a70b90\"},\"headline\":\"ESTUDIANTES DE LA FCEJS OBTUVIERON SEXTO PUESTO EN CONCURSO NACIONAL DE LITIGACI\u00d3N PENAL\",\"datePublished\":\"2024-12-17T01:36:09+00:00\",\"mainEntityOfPage\":{\"@id\":\"https:\/\/apuntesdesanluis.com\/index.php\/2024\/12\/16\/estudiantes-de-la-fcejs-obtuvieron-sexto-puesto-en-concurso-nacional-de-litigacion-penal\/\"},\"wordCount\":276,\"publisher\":{\"@id\":\"https:\/\/apuntesdesanluis.com\/#\/schema\/person\/b55151d52296fcce64d1a72538a70b90\"},\"image\":{\"@id\":\"https:\/\/apuntesdesanluis.com\/index.php\/2024\/12\/16\/estudiantes-de-la-fcejs-obtuvieron-sexto-puesto-en-concurso-nacional-de-litigacion-penal\/#primaryimage\"},\"thumbnailUrl\":\"https:\/\/apuntesdesanluis.com\/wp-content\/uploads\/2024\/12\/REUNION.png\",\"articleSection\":[\"Ciudad\/Provincia\"],\"inLanguage\":\"es-AR\"},{\"@type\":\"WebPage\",\"@id\":\"https:\/\/apuntesdesanluis.com\/index.php\/2024\/12\/16\/estudiantes-de-la-fcejs-obtuvieron-sexto-puesto-en-concurso-nacional-de-litigacion-penal\/\",\"url\":\"https:\/\/apuntesdesanluis.com\/index.php\/2024\/12\/16\/estudiantes-de-la-fcejs-obtuvieron-sexto-puesto-en-concurso-nacional-de-litigacion-penal\/\",\"name\":\"ESTUDIANTES DE LA FCEJS OBTUVIERON SEXTO PUESTO EN CONCURSO NACIONAL DE LITIGACI\u00d3N PENAL - Apuntes de San Luis\",\"isPartOf\":{\"@id\":\"https:\/\/apuntesdesanluis.com\/#website\"},\"primaryImageOfPage\":{\"@id\":\"https:\/\/apuntesdesanluis.com\/index.php\/2024\/12\/16\/estudiantes-de-la-fcejs-obtuvieron-sexto-puesto-en-concurso-nacional-de-litigacion-penal\/#primaryimage\"},\"image\":{\"@id\":\"https:\/\/apuntesdesanluis.com\/index.php\/2024\/12\/16\/estudiantes-de-la-fcejs-obtuvieron-sexto-puesto-en-concurso-nacional-de-litigacion-penal\/#primaryimage\"},\"thumbnailUrl\":\"https:\/\/apuntesdesanluis.com\/wp-content\/uploads\/2024\/12\/REUNION.png\",\"datePublished\":\"2024-12-17T01:36:09+00:00\",\"breadcrumb\":{\"@id\":\"https:\/\/apuntesdesanluis.com\/index.php\/2024\/12\/16\/estudiantes-de-la-fcejs-obtuvieron-sexto-puesto-en-concurso-nacional-de-litigacion-penal\/#breadcrumb\"},\"inLanguage\":\"es-AR\",\"potentialAction\":[{\"@type\":\"ReadAction\",\"target\":[\"https:\/\/apuntesdesanluis.com\/index.php\/2024\/12\/16\/estudiantes-de-la-fcejs-obtuvieron-sexto-puesto-en-concurso-nacional-de-litigacion-penal\/\"]}]},{\"@type\":\"ImageObject\",\"inLanguage\":\"es-AR\",\"@id\":\"https:\/\/apuntesdesanluis.com\/index.php\/2024\/12\/16\/estudiantes-de-la-fcejs-obtuvieron-sexto-puesto-en-concurso-nacional-de-litigacion-penal\/#primaryimage\",\"url\":\"https:\/\/apuntesdesanluis.com\/wp-content\/uploads\/2024\/12\/REUNION.png\",\"contentUrl\":\"https:\/\/apuntesdesanluis.com\/wp-content\/uploads\/2024\/12\/REUNION.png\",\"width\":1026,\"height\":581},{\"@type\":\"BreadcrumbList\",\"@id\":\"https:\/\/apuntesdesanluis.com\/index.php\/2024\/12\/16\/estudiantes-de-la-fcejs-obtuvieron-sexto-puesto-en-concurso-nacional-de-litigacion-penal\/#breadcrumb\",\"itemListElement\":[{\"@type\":\"ListItem\",\"position\":1,\"name\":\"Inicio\",\"item\":\"https:\/\/apuntesdesanluis.com\/\"},{\"@type\":\"ListItem\",\"position\":2,\"name\":\"ESTUDIANTES DE LA FCEJS OBTUVIERON SEXTO PUESTO EN CONCURSO NACIONAL DE LITIGACI\u00d3N PENAL\"}]},{\"@type\":\"WebSite\",\"@id\":\"https:\/\/apuntesdesanluis.com\/#website\",\"url\":\"https:\/\/apuntesdesanluis.com\/\",\"name\":\"Apuntes de San Luis\",\"description\":\"\",\"publisher\":{\"@id\":\"https:\/\/apuntesdesanluis.com\/#\/schema\/person\/b55151d52296fcce64d1a72538a70b90\"},\"potentialAction\":[{\"@type\":\"SearchAction\",\"target\":{\"@type\":\"EntryPoint\",\"urlTemplate\":\"https:\/\/apuntesdesanluis.com\/?s={search_term_string}\"},\"query-input\":{\"@type\":\"PropertyValueSpecification\",\"valueRequired\":true,\"valueName\":\"search_term_string\"}}],\"inLanguage\":\"es-AR\"},{\"@type\":[\"Person\",\"Organization\"],\"@id\":\"https:\/\/apuntesdesanluis.com\/#\/schema\/person\/b55151d52296fcce64d1a72538a70b90\",\"name\":\"apuntesdesanluis.com\",\"image\":{\"@type\":\"ImageObject\",\"inLanguage\":\"es-AR\",\"@id\":\"https:\/\/apuntesdesanluis.com\/#\/schema\/person\/image\/\",\"url\":\"https:\/\/apuntesdesanluis.com\/wp-content\/uploads\/2023\/07\/cropped-apuntesdesanluis.png\",\"contentUrl\":\"https:\/\/apuntesdesanluis.com\/wp-content\/uploads\/2023\/07\/cropped-apuntesdesanluis.png\",\"width\":450,\"height\":112,\"caption\":\"apuntesdesanluis.com\"},\"logo\":{\"@id\":\"https:\/\/apuntesdesanluis.com\/#\/schema\/person\/image\/\"},\"sameAs\":[\"https:\/\/apuntesdesanluis.com\"],\"url\":\"https:\/\/apuntesdesanluis.com\/index.php\/author\/apuntesdesanluis-com\/\"}]}<\/script>\n<!-- \/ Yoast SEO plugin. -->","yoast_head_json":{"title":"ESTUDIANTES DE LA FCEJS OBTUVIERON SEXTO PUESTO EN CONCURSO NACIONAL DE LITIGACI\u00d3N PENAL - Apuntes de San Luis","robots":{"index":"index","follow":"follow","max-snippet":"max-snippet:-1","max-image-preview":"max-image-preview:large","max-video-preview":"max-video-preview:-1"},"canonical":"https:\/\/apuntesdesanluis.com\/index.php\/2024\/12\/16\/estudiantes-de-la-fcejs-obtuvieron-sexto-puesto-en-concurso-nacional-de-litigacion-penal\/","og_locale":"es_ES","og_type":"article","og_title":"ESTUDIANTES DE LA FCEJS OBTUVIERON SEXTO PUESTO EN CONCURSO NACIONAL DE LITIGACI\u00d3N PENAL - Apuntes de San Luis","og_description":"En la sala de reuniones del Instituto Escuela de Econom\u00eda, Negocios y Transferencia Tecnol\u00f3gica, el...","og_url":"https:\/\/apuntesdesanluis.com\/index.php\/2024\/12\/16\/estudiantes-de-la-fcejs-obtuvieron-sexto-puesto-en-concurso-nacional-de-litigacion-penal\/","og_site_name":"Apuntes de San Luis","article_published_time":"2024-12-17T01:36:09+00:00","og_image":[{"width":1026,"height":581,"url":"https:\/\/apuntesdesanluis.com\/wp-content\/uploads\/2024\/12\/REUNION.png","type":"image\/png"}],"author":"apuntesdesanluis.com","twitter_card":"summary_large_image","twitter_misc":{"Escrito por":"apuntesdesanluis.com","Tiempo de lectura":"2 minutos"},"schema":{"@context":"https:\/\/schema.org","@graph":[{"@type":"Article","@id":"https:\/\/apuntesdesanluis.com\/index.php\/2024\/12\/16\/estudiantes-de-la-fcejs-obtuvieron-sexto-puesto-en-concurso-nacional-de-litigacion-penal\/#article","isPartOf":{"@id":"https:\/\/apuntesdesanluis.com\/index.php\/2024\/12\/16\/estudiantes-de-la-fcejs-obtuvieron-sexto-puesto-en-concurso-nacional-de-litigacion-penal\/"},"author":{"name":"apuntesdesanluis.com","@id":"https:\/\/apuntesdesanluis.com\/#\/schema\/person\/b55151d52296fcce64d1a72538a70b90"},"headline":"ESTUDIANTES DE LA FCEJS OBTUVIERON SEXTO PUESTO EN CONCURSO NACIONAL DE LITIGACI\u00d3N PENAL","datePublished":"2024-12-17T01:36:09+00:00","mainEntityOfPage":{"@id":"https:\/\/apuntesdesanluis.com\/index.php\/2024\/12\/16\/estudiantes-de-la-fcejs-obtuvieron-sexto-puesto-en-concurso-nacional-de-litigacion-penal\/"},"wordCount":276,"publisher":{"@id":"https:\/\/apuntesdesanluis.com\/#\/schema\/person\/b55151d52296fcce64d1a72538a70b90"},"image":{"@id":"https:\/\/apuntesdesanluis.com\/index.php\/2024\/12\/16\/estudiantes-de-la-fcejs-obtuvieron-sexto-puesto-en-concurso-nacional-de-litigacion-penal\/#primaryimage"},"thumbnailUrl":"https:\/\/apuntesdesanluis.com\/wp-content\/uploads\/2024\/12\/REUNION.png","articleSection":["Ciudad\/Provincia"],"inLanguage":"es-AR"},{"@type":"WebPage","@id":"https:\/\/apuntesdesanluis.com\/index.php\/2024\/12\/16\/estudiantes-de-la-fcejs-obtuvieron-sexto-puesto-en-concurso-nacional-de-litigacion-penal\/","url":"https:\/\/apuntesdesanluis.com\/index.php\/2024\/12\/16\/estudiantes-de-la-fcejs-obtuvieron-sexto-puesto-en-concurso-nacional-de-litigacion-penal\/","name":"ESTUDIANTES DE LA FCEJS OBTUVIERON SEXTO PUESTO EN CONCURSO NACIONAL DE LITIGACI\u00d3N PENAL - Apuntes de San Luis","isPartOf":{"@id":"https:\/\/apuntesdesanluis.com\/#website"},"primaryImageOfPage":{"@id":"https:\/\/apuntesdesanluis.com\/index.php\/2024\/12\/16\/estudiantes-de-la-fcejs-obtuvieron-sexto-puesto-en-concurso-nacional-de-litigacion-penal\/#primaryimage"},"image":{"@id":"https:\/\/apuntesdesanluis.com\/index.php\/2024\/12\/16\/estudiantes-de-la-fcejs-obtuvieron-sexto-puesto-en-concurso-nacional-de-litigacion-penal\/#primaryimage"},"thumbnailUrl":"https:\/\/apuntesdesanluis.com\/wp-content\/uploads\/2024\/12\/REUNION.png","datePublished":"2024-12-17T01:36:09+00:00","breadcrumb":{"@id":"https:\/\/apuntesdesanluis.com\/index.php\/2024\/12\/16\/estudiantes-de-la-fcejs-obtuvieron-sexto-puesto-en-concurso-nacional-de-litigacion-penal\/#breadcrumb"},"inLanguage":"es-AR","potentialAction":[{"@type":"ReadAction","target":["https:\/\/apuntesdesanluis.com\/index.php\/2024\/12\/16\/estudiantes-de-la-fcejs-obtuvieron-sexto-puesto-en-concurso-nacional-de-litigacion-penal\/"]}]},{"@type":"ImageObject","inLanguage":"es-AR","@id":"https:\/\/apuntesdesanluis.com\/index.php\/2024\/12\/16\/estudiantes-de-la-fcejs-obtuvieron-sexto-puesto-en-concurso-nacional-de-litigacion-penal\/#primaryimage","url":"https:\/\/apuntesdesanluis.com\/wp-content\/uploads\/2024\/12\/REUNION.png","contentUrl":"https:\/\/apuntesdesanluis.com\/wp-content\/uploads\/2024\/12\/REUNION.png","width":1026,"height":581},{"@type":"BreadcrumbList","@id":"https:\/\/apuntesdesanluis.com\/index.php\/2024\/12\/16\/estudiantes-de-la-fcejs-obtuvieron-sexto-puesto-en-concurso-nacional-de-litigacion-penal\/#breadcrumb","itemListElement":[{"@type":"ListItem","position":1,"name":"Inicio","item":"https:\/\/apuntesdesanluis.com\/"},{"@type":"ListItem","position":2,"name":"ESTUDIANTES DE LA FCEJS OBTUVIERON SEXTO PUESTO EN CONCURSO NACIONAL DE LITIGACI\u00d3N PENAL"}]},{"@type":"WebSite","@id":"https:\/\/apuntesdesanluis.com\/#website","url":"https:\/\/apuntesdesanluis.com\/","name":"Apuntes de San Luis","description":"","publisher":{"@id":"https:\/\/apuntesdesanluis.com\/#\/schema\/person\/b55151d52296fcce64d1a72538a70b90"},"potentialAction":[{"@type":"SearchAction","target":{"@type":"EntryPoint","urlTemplate":"https:\/\/apuntesdesanluis.com\/?s={search_term_string}"},"query-input":{"@type":"PropertyValueSpecification","valueRequired":true,"valueName":"search_term_string"}}],"inLanguage":"es-AR"},{"@type":["Person","Organization"],"@id":"https:\/\/apuntesdesanluis.com\/#\/schema\/person\/b55151d52296fcce64d1a72538a70b90","name":"apuntesdesanluis.com","image":{"@type":"ImageObject","inLanguage":"es-AR","@id":"https:\/\/apuntesdesanluis.com\/#\/schema\/person\/image\/","url":"https:\/\/apuntesdesanluis.com\/wp-content\/uploads\/2023\/07\/cropped-apuntesdesanluis.png","contentUrl":"https:\/\/apuntesdesanluis.com\/wp-content\/uploads\/2023\/07\/cropped-apuntesdesanluis.png","width":450,"height":112,"caption":"apuntesdesanluis.com"},"logo":{"@id":"https:\/\/apuntesdesanluis.com\/#\/schema\/person\/image\/"},"sameAs":["https:\/\/apuntesdesanluis.com"],"url":"https:\/\/apuntesdesanluis.com\/index.php\/author\/apuntesdesanluis-com\/"}]}},"featured_image_urls":{"full":["https:\/\/apuntesdesanluis.com\/wp-content\/uploads\/2024\/12\/REUNION.png",1026,581,false],"thumbnail":["https:\/\/apuntesdesanluis.com\/wp-content\/uploads\/2024\/12\/REUNION-150x150.png",150,150,true],"medium":["https:\/\/apuntesdesanluis.com\/wp-content\/uploads\/2024\/12\/REUNION-300x170.png",300,170,true],"medium_large":["https:\/\/apuntesdesanluis.com\/wp-content\/uploads\/2024\/12\/REUNION-768x435.png",640,363,true],"large":["https:\/\/apuntesdesanluis.com\/wp-content\/uploads\/2024\/12\/REUNION-1024x580.png",640,363,true],"1536x1536":["https:\/\/apuntesdesanluis.com\/wp-content\/uploads\/2024\/12\/REUNION.png",1026,581,false],"2048x2048":["https:\/\/apuntesdesanluis.com\/wp-content\/uploads\/2024\/12\/REUNION.png",1026,581,false],"newsever-slider-full":["https:\/\/apuntesdesanluis.com\/wp-content\/uploads\/2024\/12\/REUNION.png",1026,581,false],"newsever-featured":["https:\/\/apuntesdesanluis.com\/wp-content\/uploads\/2024\/12\/REUNION-1024x580.png",1024,580,true],"newsever-medium":["https:\/\/apuntesdesanluis.com\/wp-content\/uploads\/2024\/12\/REUNION-720x475.png",720,475,true]},"author_info":{"display_name":"apuntesdesanluis.com","author_link":"https:\/\/apuntesdesanluis.com\/index.php\/author\/apuntesdesanluis-com\/"},"category_info":"<a href=\"https:\/\/apuntesdesanluis.com\/index.php\/category\/ciudad-provincia\/\" rel=\"category tag\">Ciudad\/Provincia<\/a>","tag_info":"Ciudad\/Provincia","comment_count":"0","_links":{"self":[{"href":"https:\/\/apuntesdesanluis.com\/index.php\/wp-json\/wp\/v2\/posts\/26847","targetHints":{"allow":["GET"]}}],"collection":[{"href":"https:\/\/apuntesdesanluis.com\/index.php\/wp-json\/wp\/v2\/posts"}],"about":[{"href":"https:\/\/apuntesdesanluis.com\/index.php\/wp-json\/wp\/v2\/types\/post"}],"author":[{"embeddable":true,"href":"https:\/\/apuntesdesanluis.com\/index.php\/wp-json\/wp\/v2\/users\/1"}],"replies":[{"embeddable":true,"href":"https:\/\/apuntesdesanluis.com\/index.php\/wp-json\/wp\/v2\/comments?post=26847"}],"version-history":[{"count":1,"href":"https:\/\/apuntesdesanluis.com\/index.php\/wp-json\/wp\/v2\/posts\/26847\/revisions"}],"predecessor-version":[{"id":26850,"href":"https:\/\/apuntesdesanluis.com\/index.php\/wp-json\/wp\/v2\/posts\/26847\/revisions\/26850"}],"wp:featuredmedia":[{"embeddable":true,"href":"https:\/\/apuntesdesanluis.com\/index.php\/wp-json\/wp\/v2\/media\/26848"}],"wp:attachment":[{"href":"https:\/\/apuntesdesanluis.com\/index.php\/wp-json\/wp\/v2\/media?parent=26847"}],"wp:term":[{"taxonomy":"category","embeddable":true,"href":"https:\/\/apuntesdesanluis.com\/index.php\/wp-json\/wp\/v2\/categories?post=26847"},{"taxonomy":"post_tag","embeddable":true,"href":"https:\/\/apuntesdesanluis.com\/index.php\/wp-json\/wp\/v2\/tags?post=26847"}],"curies":[{"name":"wp","href":"https:\/\/api.w.org\/{rel}","templated":true}]}}