{"id":26852,"date":"2024-12-17T09:37:42","date_gmt":"2024-12-17T12:37:42","guid":{"rendered":"https:\/\/apuntesdesanluis.com\/?p=26852"},"modified":"2024-12-17T17:53:05","modified_gmt":"2024-12-17T20:53:05","slug":"imputaron-a-la-patota-que-agredio-a-un-discapacitado-en-justo-daract","status":"publish","type":"post","link":"https:\/\/apuntesdesanluis.com\/index.php\/2024\/12\/17\/imputaron-a-la-patota-que-agredio-a-un-discapacitado-en-justo-daract\/","title":{"rendered":"IMPUTARON A LA PATOTA QUE AGREDI\u00d3 A UN DISCAPACITADO EN JUSTO DARACT"},"content":{"rendered":"<h3>Este martes se realiz\u00f3 la audiencia\u00a0 donde se tuvieron por formulados cargos\u00a0 como co autores de los delitos de lesiones leves agravadas por la participaci\u00f3n de dos o m\u00e1s personas y homicidio calificado por la participaci\u00f3n de dos o m\u00e1s personas en grado de tentativa, en concurso real.<\/h3>\n<h3>La salvaje agresi\u00f3n ocurri\u00f3 el domingo por la ma\u00f1ana, cuando la v\u00edctima se conduc\u00eda en motocicleta y fue interceptado por los agresores, que tambi\u00e9n circulaban en moto.<\/h3>\n<p><img fetchpriority=\"high\" decoding=\"async\" class=\"wp-image-26853 aligncenter\" src=\"https:\/\/apuntesdesanluis.com\/wp-content\/uploads\/2024\/12\/agresion-300x200.jpeg\" alt=\"\" width=\"602\" height=\"401\" srcset=\"https:\/\/apuntesdesanluis.com\/wp-content\/uploads\/2024\/12\/agresion-300x200.jpeg 300w, https:\/\/apuntesdesanluis.com\/wp-content\/uploads\/2024\/12\/agresion-768x512.jpeg 768w, https:\/\/apuntesdesanluis.com\/wp-content\/uploads\/2024\/12\/agresion.jpeg 900w\" sizes=\"(max-width: 602px) 100vw, 602px\" \/><\/p>\n<h3>La viralizaci\u00f3n de im\u00e1genes en las que se observa c\u00f3mo lo golpeaban y pateaban estando en el piso, provoc\u00f3 indignaci\u00f3n en la comunidad. La patota ha sido acusada tambi\u00e9n de agredir a otros j\u00f3venes en la plaza principal.<\/h3>\n<h3>Este lunes el Fiscal de Instrucci\u00f3n N\u00b0 1, de la Segunda Circunscripci\u00f3n Judicial de la provincia de San Luis, <strong>Maximiliano Bazla Cassina<\/strong>, orden\u00f3 la detenci\u00f3n de los cuatro hombres mayores de edad, de apellidos <strong>Monte de Oca<\/strong>, <strong>Rodr\u00edguez<\/strong> y dos de ellos <strong>Carri\u00f3n<\/strong>, por \u201cAv Lesiones en Ri\u00f1a\u201d, en perjuicio de <strong>Ram\u00f3n Chac\u00f3n<\/strong>, de 40 a\u00f1os, que padece una discapacidad auditiva.<\/h3>\n<h3>El damnificado sufri\u00f3 politraumatismos, fractura de mand\u00edbula y hundimiento craneal. Debi\u00f3 ser derivado a la Cl\u00ednica Aconcagua de Villa Mercedes, donde se recupera.<\/h3>\n<h3>Se cree que si no hubieran intervenido algunos vecinos, lo habr\u00edan matado a patadas.<\/h3>\n<h3><strong>CARGOS<\/strong><\/h3>\n<h3>El Ministerio P\u00fablico Fiscal formul\u00f3 cargos\u00a0 a cuatro personas por\u00a0 los delitos de lesiones leves agravadas por la participaci\u00f3n de dos o m\u00e1s personas y homicidio calificado por la participaci\u00f3n de dos o m\u00e1s personas en grado de tentativa, en concurso real, por dos hechos ocurridos el pasado\u00a0 15 de diciembre en\u00a0 Justo Daract.<\/h3>\n<h3>La Fiscal\u00eda narr\u00f3 que el primer hecho se produjo en el lugar conocido como \u201cPlaza Vieja\u201d, ubicado en la intersecci\u00f3n de Corrientes y Avenida San Mart\u00edn. Luego de una discusi\u00f3n con otro grupo de j\u00f3venes uno de los imputados le peg\u00f3 un golpe de pu\u00f1o a un menor de edad, logrando tirarlo al suelo. Fue en esas circunstancias en que fue atacado a golpes por los otros imputados. El ataque le provoc\u00f3 diferentes hematomas, detall\u00f3 la Fiscal Adjunta, Dra. Cecilia Framini.<\/h3>\n<p><img decoding=\"async\" class=\"wp-image-26862 aligncenter\" src=\"https:\/\/apuntesdesanluis.com\/wp-content\/uploads\/2024\/12\/BAZLA-CASSINA-300x199.png\" alt=\"\" width=\"623\" height=\"413\" srcset=\"https:\/\/apuntesdesanluis.com\/wp-content\/uploads\/2024\/12\/BAZLA-CASSINA-300x199.png 300w, https:\/\/apuntesdesanluis.com\/wp-content\/uploads\/2024\/12\/BAZLA-CASSINA.png 700w\" sizes=\"(max-width: 623px) 100vw, 623px\" \/><\/p>\n<h3>El segundo hecho ocurri\u00f3 en C\u00f3rdoba y Uriburu, cuando, seg\u00fan lo relatado por la Fiscal\u00eda, uno de los imputados intercept\u00f3 a un hombre que circulaba en su motocicleta y le peg\u00f3 un golpe de pu\u00f1o, provocando que cayera al piso. Fue all\u00ed que el resto de los imputados le propin\u00f3 patadas. La situaci\u00f3n fue visualizada por una pareja que se acerc\u00f3 para auxiliar a la v\u00edctima.<\/h3>\n<h3>El primer hecho fue calificado como lesiones leves agravadas por la participaci\u00f3n de dos o m\u00e1s personas, mientras que el segundo como homicidio calificado por la participaci\u00f3n de dos o m\u00e1s personas en grado de tentativa. El Dr. Maximiliano Bazla Cassina, Fiscal de Instrucci\u00f3n N\u00ba 1, anticip\u00f3 que solicitar\u00eda cuatro meses de prisi\u00f3n preventiva como medida de coerci\u00f3n.<\/h3>\n<h3>Asimismo, el Dr. Bazla Cassina se refiri\u00f3 a la violencia desplegada por los imputados. Asegur\u00f3 que actuaron en forma conjunta\u00a0 y enumer\u00f3 las evidencias recolectadas, entre ellos el registro de tres c\u00e1maras de seguridad.<\/h3>\n<h3>Mencion\u00f3 que la violencia ejercida sobre el damnificado en el segundo hecho ten\u00eda por objetivo ocasionar la muerte.<\/h3>\n<h3>Por su parte, en la Defensa de los cuatro imputados, el Dr. Vicente Cuesta plante\u00f3 una teor\u00eda del caso diferente a la expuesta por el Ministerio P\u00fablico Fiscal. Destac\u00f3 que el hombre damnificado en el segundo hecho pertenece a una familia de boxeadores y que \u00e9l invit\u00f3 a pelear a sus asistidos.<\/h3>\n<h3>Asimismo, solicit\u00f3 la pr\u00f3rroga de detenci\u00f3n por el plazo de 6 d\u00edas, a fin de ampliar su teor\u00eda del caso y comunic\u00f3 al juez que sus asistidos declarar\u00edan para aportar su versi\u00f3n de los hechos.<\/h3>\n<h3>A continuaci\u00f3n cada uno de los imputados se refiri\u00f3 a la madrugada del 15 de diciembre, dio su versi\u00f3n de las circunstancias en las que se produjeron los hechos investigados.\u00a0 Uno de ellos destac\u00f3 que el damnificado en el segundo hecho \u201cquer\u00eda pelear\u201d.<\/h3>\n<h3>Luego de escuchar a las partes, el Dr. Farinazzo Tempestini tuvo por formulados los cargos en los t\u00e9rminos solicitados por el Ministerio P\u00fablico, concedi\u00f3 la pr\u00f3rroga de detenci\u00f3n solicitada por la Defensa y fij\u00f3 una nueva audiencia para el pr\u00f3ximo 23 de diciembre a las 9 horas cuando se definir\u00e1 la situaci\u00f3n procesal de los imputados.<\/h3>\n<h3>Asimismo, orden\u00f3 \u2013 atento lo acordado por las partes en la audiencia \u2013 una restricci\u00f3n de acercamiento entre los familiares del damnificado y de los imputados, a fin de evitar nuevos conflictos.<\/h3>\n<h3>En representaci\u00f3n del Ministerio P\u00fablico intervinieron el Dr. Maximiliano Bazla Cassina y\u00a0 la Dra. Cecilia Framini; en la Defensa de los imputados intervino el Dr. Vicente Cuesta y como Secretaria, la Dra. Claudia Su\u00e1rez.<\/h3>\n<p>&nbsp;<\/p>\n<p>&nbsp;<\/p>\n<p>&nbsp;<\/p>\n<p>&nbsp;<\/p>\n<p>&nbsp;<\/p>\n","protected":false},"excerpt":{"rendered":"<p>Este martes se realiz\u00f3 la audiencia\u00a0 donde se tuvieron por formulados cargos\u00a0 como co autores&#8230;<\/p>\n","protected":false},"author":1,"featured_media":26861,"comment_status":"closed","ping_status":"closed","sticky":false,"template":"","format":"standard","meta":{"footnotes":""},"categories":[6],"tags":[],"class_list":["post-26852","post","type-post","status-publish","format-standard","has-post-thumbnail","hentry","category-ciudad-provincia"],"yoast_head":"<!-- This site is optimized with the Yoast SEO plugin v26.1.1 - https:\/\/yoast.com\/wordpress\/plugins\/seo\/ -->\n<title>IMPUTARON A LA PATOTA QUE AGREDI\u00d3 A UN DISCAPACITADO EN JUSTO DARACT - Apuntes de San Luis<\/title>\n<meta name=\"robots\" content=\"index, follow, max-snippet:-1, max-image-preview:large, max-video-preview:-1\" \/>\n<link rel=\"canonical\" href=\"https:\/\/apuntesdesanluis.com\/index.php\/2024\/12\/17\/imputaron-a-la-patota-que-agredio-a-un-discapacitado-en-justo-daract\/\" \/>\n<meta property=\"og:locale\" content=\"es_ES\" \/>\n<meta property=\"og:type\" content=\"article\" \/>\n<meta property=\"og:title\" content=\"IMPUTARON A LA PATOTA QUE AGREDI\u00d3 A UN DISCAPACITADO EN JUSTO DARACT - Apuntes de San Luis\" \/>\n<meta property=\"og:description\" content=\"Este martes se realiz\u00f3 la audiencia\u00a0 donde se tuvieron por formulados cargos\u00a0 como co autores...\" \/>\n<meta property=\"og:url\" content=\"https:\/\/apuntesdesanluis.com\/index.php\/2024\/12\/17\/imputaron-a-la-patota-que-agredio-a-un-discapacitado-en-justo-daract\/\" \/>\n<meta property=\"og:site_name\" content=\"Apuntes de San Luis\" \/>\n<meta property=\"article:published_time\" content=\"2024-12-17T12:37:42+00:00\" \/>\n<meta property=\"article:modified_time\" content=\"2024-12-17T20:53:05+00:00\" \/>\n<meta property=\"og:image\" content=\"https:\/\/apuntesdesanluis.com\/wp-content\/uploads\/2024\/12\/agresores-de-justo-daract.png\" \/>\n\t<meta property=\"og:image:width\" content=\"700\" \/>\n\t<meta property=\"og:image:height\" content=\"417\" \/>\n\t<meta property=\"og:image:type\" content=\"image\/png\" \/>\n<meta name=\"author\" content=\"apuntesdesanluis.com\" \/>\n<meta name=\"twitter:card\" content=\"summary_large_image\" \/>\n<meta name=\"twitter:label1\" content=\"Escrito por\" \/>\n\t<meta name=\"twitter:data1\" content=\"apuntesdesanluis.com\" \/>\n\t<meta name=\"twitter:label2\" content=\"Tiempo de lectura\" \/>\n\t<meta name=\"twitter:data2\" content=\"5 minutos\" \/>\n<script type=\"application\/ld+json\" class=\"yoast-schema-graph\">{\"@context\":\"https:\/\/schema.org\",\"@graph\":[{\"@type\":\"Article\",\"@id\":\"https:\/\/apuntesdesanluis.com\/index.php\/2024\/12\/17\/imputaron-a-la-patota-que-agredio-a-un-discapacitado-en-justo-daract\/#article\",\"isPartOf\":{\"@id\":\"https:\/\/apuntesdesanluis.com\/index.php\/2024\/12\/17\/imputaron-a-la-patota-que-agredio-a-un-discapacitado-en-justo-daract\/\"},\"author\":{\"name\":\"apuntesdesanluis.com\",\"@id\":\"https:\/\/apuntesdesanluis.com\/#\/schema\/person\/b55151d52296fcce64d1a72538a70b90\"},\"headline\":\"IMPUTARON A LA PATOTA QUE AGREDI\u00d3 A UN DISCAPACITADO EN JUSTO DARACT\",\"datePublished\":\"2024-12-17T12:37:42+00:00\",\"dateModified\":\"2024-12-17T20:53:05+00:00\",\"mainEntityOfPage\":{\"@id\":\"https:\/\/apuntesdesanluis.com\/index.php\/2024\/12\/17\/imputaron-a-la-patota-que-agredio-a-un-discapacitado-en-justo-daract\/\"},\"wordCount\":857,\"publisher\":{\"@id\":\"https:\/\/apuntesdesanluis.com\/#\/schema\/person\/b55151d52296fcce64d1a72538a70b90\"},\"image\":{\"@id\":\"https:\/\/apuntesdesanluis.com\/index.php\/2024\/12\/17\/imputaron-a-la-patota-que-agredio-a-un-discapacitado-en-justo-daract\/#primaryimage\"},\"thumbnailUrl\":\"https:\/\/apuntesdesanluis.com\/wp-content\/uploads\/2024\/12\/agresores-de-justo-daract.png\",\"articleSection\":[\"Ciudad\/Provincia\"],\"inLanguage\":\"es-AR\"},{\"@type\":\"WebPage\",\"@id\":\"https:\/\/apuntesdesanluis.com\/index.php\/2024\/12\/17\/imputaron-a-la-patota-que-agredio-a-un-discapacitado-en-justo-daract\/\",\"url\":\"https:\/\/apuntesdesanluis.com\/index.php\/2024\/12\/17\/imputaron-a-la-patota-que-agredio-a-un-discapacitado-en-justo-daract\/\",\"name\":\"IMPUTARON A LA PATOTA QUE AGREDI\u00d3 A UN DISCAPACITADO EN JUSTO DARACT - Apuntes de San Luis\",\"isPartOf\":{\"@id\":\"https:\/\/apuntesdesanluis.com\/#website\"},\"primaryImageOfPage\":{\"@id\":\"https:\/\/apuntesdesanluis.com\/index.php\/2024\/12\/17\/imputaron-a-la-patota-que-agredio-a-un-discapacitado-en-justo-daract\/#primaryimage\"},\"image\":{\"@id\":\"https:\/\/apuntesdesanluis.com\/index.php\/2024\/12\/17\/imputaron-a-la-patota-que-agredio-a-un-discapacitado-en-justo-daract\/#primaryimage\"},\"thumbnailUrl\":\"https:\/\/apuntesdesanluis.com\/wp-content\/uploads\/2024\/12\/agresores-de-justo-daract.png\",\"datePublished\":\"2024-12-17T12:37:42+00:00\",\"dateModified\":\"2024-12-17T20:53:05+00:00\",\"breadcrumb\":{\"@id\":\"https:\/\/apuntesdesanluis.com\/index.php\/2024\/12\/17\/imputaron-a-la-patota-que-agredio-a-un-discapacitado-en-justo-daract\/#breadcrumb\"},\"inLanguage\":\"es-AR\",\"potentialAction\":[{\"@type\":\"ReadAction\",\"target\":[\"https:\/\/apuntesdesanluis.com\/index.php\/2024\/12\/17\/imputaron-a-la-patota-que-agredio-a-un-discapacitado-en-justo-daract\/\"]}]},{\"@type\":\"ImageObject\",\"inLanguage\":\"es-AR\",\"@id\":\"https:\/\/apuntesdesanluis.com\/index.php\/2024\/12\/17\/imputaron-a-la-patota-que-agredio-a-un-discapacitado-en-justo-daract\/#primaryimage\",\"url\":\"https:\/\/apuntesdesanluis.com\/wp-content\/uploads\/2024\/12\/agresores-de-justo-daract.png\",\"contentUrl\":\"https:\/\/apuntesdesanluis.com\/wp-content\/uploads\/2024\/12\/agresores-de-justo-daract.png\",\"width\":700,\"height\":417},{\"@type\":\"BreadcrumbList\",\"@id\":\"https:\/\/apuntesdesanluis.com\/index.php\/2024\/12\/17\/imputaron-a-la-patota-que-agredio-a-un-discapacitado-en-justo-daract\/#breadcrumb\",\"itemListElement\":[{\"@type\":\"ListItem\",\"position\":1,\"name\":\"Inicio\",\"item\":\"https:\/\/apuntesdesanluis.com\/\"},{\"@type\":\"ListItem\",\"position\":2,\"name\":\"IMPUTARON A LA PATOTA QUE AGREDI\u00d3 A UN DISCAPACITADO EN JUSTO DARACT\"}]},{\"@type\":\"WebSite\",\"@id\":\"https:\/\/apuntesdesanluis.com\/#website\",\"url\":\"https:\/\/apuntesdesanluis.com\/\",\"name\":\"Apuntes de San Luis\",\"description\":\"\",\"publisher\":{\"@id\":\"https:\/\/apuntesdesanluis.com\/#\/schema\/person\/b55151d52296fcce64d1a72538a70b90\"},\"potentialAction\":[{\"@type\":\"SearchAction\",\"target\":{\"@type\":\"EntryPoint\",\"urlTemplate\":\"https:\/\/apuntesdesanluis.com\/?s={search_term_string}\"},\"query-input\":{\"@type\":\"PropertyValueSpecification\",\"valueRequired\":true,\"valueName\":\"search_term_string\"}}],\"inLanguage\":\"es-AR\"},{\"@type\":[\"Person\",\"Organization\"],\"@id\":\"https:\/\/apuntesdesanluis.com\/#\/schema\/person\/b55151d52296fcce64d1a72538a70b90\",\"name\":\"apuntesdesanluis.com\",\"image\":{\"@type\":\"ImageObject\",\"inLanguage\":\"es-AR\",\"@id\":\"https:\/\/apuntesdesanluis.com\/#\/schema\/person\/image\/\",\"url\":\"https:\/\/apuntesdesanluis.com\/wp-content\/uploads\/2023\/07\/cropped-apuntesdesanluis.png\",\"contentUrl\":\"https:\/\/apuntesdesanluis.com\/wp-content\/uploads\/2023\/07\/cropped-apuntesdesanluis.png\",\"width\":450,\"height\":112,\"caption\":\"apuntesdesanluis.com\"},\"logo\":{\"@id\":\"https:\/\/apuntesdesanluis.com\/#\/schema\/person\/image\/\"},\"sameAs\":[\"https:\/\/apuntesdesanluis.com\"],\"url\":\"https:\/\/apuntesdesanluis.com\/index.php\/author\/apuntesdesanluis-com\/\"}]}<\/script>\n<!-- \/ Yoast SEO plugin. -->","yoast_head_json":{"title":"IMPUTARON A LA PATOTA QUE AGREDI\u00d3 A UN DISCAPACITADO EN JUSTO DARACT - Apuntes de San Luis","robots":{"index":"index","follow":"follow","max-snippet":"max-snippet:-1","max-image-preview":"max-image-preview:large","max-video-preview":"max-video-preview:-1"},"canonical":"https:\/\/apuntesdesanluis.com\/index.php\/2024\/12\/17\/imputaron-a-la-patota-que-agredio-a-un-discapacitado-en-justo-daract\/","og_locale":"es_ES","og_type":"article","og_title":"IMPUTARON A LA PATOTA QUE AGREDI\u00d3 A UN DISCAPACITADO EN JUSTO DARACT - Apuntes de San Luis","og_description":"Este martes se realiz\u00f3 la audiencia\u00a0 donde se tuvieron por formulados cargos\u00a0 como co autores...","og_url":"https:\/\/apuntesdesanluis.com\/index.php\/2024\/12\/17\/imputaron-a-la-patota-que-agredio-a-un-discapacitado-en-justo-daract\/","og_site_name":"Apuntes de San Luis","article_published_time":"2024-12-17T12:37:42+00:00","article_modified_time":"2024-12-17T20:53:05+00:00","og_image":[{"width":700,"height":417,"url":"https:\/\/apuntesdesanluis.com\/wp-content\/uploads\/2024\/12\/agresores-de-justo-daract.png","type":"image\/png"}],"author":"apuntesdesanluis.com","twitter_card":"summary_large_image","twitter_misc":{"Escrito por":"apuntesdesanluis.com","Tiempo de lectura":"5 minutos"},"schema":{"@context":"https:\/\/schema.org","@graph":[{"@type":"Article","@id":"https:\/\/apuntesdesanluis.com\/index.php\/2024\/12\/17\/imputaron-a-la-patota-que-agredio-a-un-discapacitado-en-justo-daract\/#article","isPartOf":{"@id":"https:\/\/apuntesdesanluis.com\/index.php\/2024\/12\/17\/imputaron-a-la-patota-que-agredio-a-un-discapacitado-en-justo-daract\/"},"author":{"name":"apuntesdesanluis.com","@id":"https:\/\/apuntesdesanluis.com\/#\/schema\/person\/b55151d52296fcce64d1a72538a70b90"},"headline":"IMPUTARON A LA PATOTA QUE AGREDI\u00d3 A UN DISCAPACITADO EN JUSTO DARACT","datePublished":"2024-12-17T12:37:42+00:00","dateModified":"2024-12-17T20:53:05+00:00","mainEntityOfPage":{"@id":"https:\/\/apuntesdesanluis.com\/index.php\/2024\/12\/17\/imputaron-a-la-patota-que-agredio-a-un-discapacitado-en-justo-daract\/"},"wordCount":857,"publisher":{"@id":"https:\/\/apuntesdesanluis.com\/#\/schema\/person\/b55151d52296fcce64d1a72538a70b90"},"image":{"@id":"https:\/\/apuntesdesanluis.com\/index.php\/2024\/12\/17\/imputaron-a-la-patota-que-agredio-a-un-discapacitado-en-justo-daract\/#primaryimage"},"thumbnailUrl":"https:\/\/apuntesdesanluis.com\/wp-content\/uploads\/2024\/12\/agresores-de-justo-daract.png","articleSection":["Ciudad\/Provincia"],"inLanguage":"es-AR"},{"@type":"WebPage","@id":"https:\/\/apuntesdesanluis.com\/index.php\/2024\/12\/17\/imputaron-a-la-patota-que-agredio-a-un-discapacitado-en-justo-daract\/","url":"https:\/\/apuntesdesanluis.com\/index.php\/2024\/12\/17\/imputaron-a-la-patota-que-agredio-a-un-discapacitado-en-justo-daract\/","name":"IMPUTARON A LA PATOTA QUE AGREDI\u00d3 A UN DISCAPACITADO EN JUSTO DARACT - Apuntes de San Luis","isPartOf":{"@id":"https:\/\/apuntesdesanluis.com\/#website"},"primaryImageOfPage":{"@id":"https:\/\/apuntesdesanluis.com\/index.php\/2024\/12\/17\/imputaron-a-la-patota-que-agredio-a-un-discapacitado-en-justo-daract\/#primaryimage"},"image":{"@id":"https:\/\/apuntesdesanluis.com\/index.php\/2024\/12\/17\/imputaron-a-la-patota-que-agredio-a-un-discapacitado-en-justo-daract\/#primaryimage"},"thumbnailUrl":"https:\/\/apuntesdesanluis.com\/wp-content\/uploads\/2024\/12\/agresores-de-justo-daract.png","datePublished":"2024-12-17T12:37:42+00:00","dateModified":"2024-12-17T20:53:05+00:00","breadcrumb":{"@id":"https:\/\/apuntesdesanluis.com\/index.php\/2024\/12\/17\/imputaron-a-la-patota-que-agredio-a-un-discapacitado-en-justo-daract\/#breadcrumb"},"inLanguage":"es-AR","potentialAction":[{"@type":"ReadAction","target":["https:\/\/apuntesdesanluis.com\/index.php\/2024\/12\/17\/imputaron-a-la-patota-que-agredio-a-un-discapacitado-en-justo-daract\/"]}]},{"@type":"ImageObject","inLanguage":"es-AR","@id":"https:\/\/apuntesdesanluis.com\/index.php\/2024\/12\/17\/imputaron-a-la-patota-que-agredio-a-un-discapacitado-en-justo-daract\/#primaryimage","url":"https:\/\/apuntesdesanluis.com\/wp-content\/uploads\/2024\/12\/agresores-de-justo-daract.png","contentUrl":"https:\/\/apuntesdesanluis.com\/wp-content\/uploads\/2024\/12\/agresores-de-justo-daract.png","width":700,"height":417},{"@type":"BreadcrumbList","@id":"https:\/\/apuntesdesanluis.com\/index.php\/2024\/12\/17\/imputaron-a-la-patota-que-agredio-a-un-discapacitado-en-justo-daract\/#breadcrumb","itemListElement":[{"@type":"ListItem","position":1,"name":"Inicio","item":"https:\/\/apuntesdesanluis.com\/"},{"@type":"ListItem","position":2,"name":"IMPUTARON A LA PATOTA QUE AGREDI\u00d3 A UN DISCAPACITADO EN JUSTO DARACT"}]},{"@type":"WebSite","@id":"https:\/\/apuntesdesanluis.com\/#website","url":"https:\/\/apuntesdesanluis.com\/","name":"Apuntes de San Luis","description":"","publisher":{"@id":"https:\/\/apuntesdesanluis.com\/#\/schema\/person\/b55151d52296fcce64d1a72538a70b90"},"potentialAction":[{"@type":"SearchAction","target":{"@type":"EntryPoint","urlTemplate":"https:\/\/apuntesdesanluis.com\/?s={search_term_string}"},"query-input":{"@type":"PropertyValueSpecification","valueRequired":true,"valueName":"search_term_string"}}],"inLanguage":"es-AR"},{"@type":["Person","Organization"],"@id":"https:\/\/apuntesdesanluis.com\/#\/schema\/person\/b55151d52296fcce64d1a72538a70b90","name":"apuntesdesanluis.com","image":{"@type":"ImageObject","inLanguage":"es-AR","@id":"https:\/\/apuntesdesanluis.com\/#\/schema\/person\/image\/","url":"https:\/\/apuntesdesanluis.com\/wp-content\/uploads\/2023\/07\/cropped-apuntesdesanluis.png","contentUrl":"https:\/\/apuntesdesanluis.com\/wp-content\/uploads\/2023\/07\/cropped-apuntesdesanluis.png","width":450,"height":112,"caption":"apuntesdesanluis.com"},"logo":{"@id":"https:\/\/apuntesdesanluis.com\/#\/schema\/person\/image\/"},"sameAs":["https:\/\/apuntesdesanluis.com"],"url":"https:\/\/apuntesdesanluis.com\/index.php\/author\/apuntesdesanluis-com\/"}]}},"featured_image_urls":{"full":["https:\/\/apuntesdesanluis.com\/wp-content\/uploads\/2024\/12\/agresores-de-justo-daract.png",700,417,false],"thumbnail":["https:\/\/apuntesdesanluis.com\/wp-content\/uploads\/2024\/12\/agresores-de-justo-daract-150x150.png",150,150,true],"medium":["https:\/\/apuntesdesanluis.com\/wp-content\/uploads\/2024\/12\/agresores-de-justo-daract-300x179.png",300,179,true],"medium_large":["https:\/\/apuntesdesanluis.com\/wp-content\/uploads\/2024\/12\/agresores-de-justo-daract.png",640,381,false],"large":["https:\/\/apuntesdesanluis.com\/wp-content\/uploads\/2024\/12\/agresores-de-justo-daract.png",640,381,false],"1536x1536":["https:\/\/apuntesdesanluis.com\/wp-content\/uploads\/2024\/12\/agresores-de-justo-daract.png",700,417,false],"2048x2048":["https:\/\/apuntesdesanluis.com\/wp-content\/uploads\/2024\/12\/agresores-de-justo-daract.png",700,417,false],"newsever-slider-full":["https:\/\/apuntesdesanluis.com\/wp-content\/uploads\/2024\/12\/agresores-de-justo-daract.png",700,417,false],"newsever-featured":["https:\/\/apuntesdesanluis.com\/wp-content\/uploads\/2024\/12\/agresores-de-justo-daract.png",700,417,false],"newsever-medium":["https:\/\/apuntesdesanluis.com\/wp-content\/uploads\/2024\/12\/agresores-de-justo-daract.png",700,417,false]},"author_info":{"display_name":"apuntesdesanluis.com","author_link":"https:\/\/apuntesdesanluis.com\/index.php\/author\/apuntesdesanluis-com\/"},"category_info":"<a href=\"https:\/\/apuntesdesanluis.com\/index.php\/category\/ciudad-provincia\/\" rel=\"category tag\">Ciudad\/Provincia<\/a>","tag_info":"Ciudad\/Provincia","comment_count":"0","_links":{"self":[{"href":"https:\/\/apuntesdesanluis.com\/index.php\/wp-json\/wp\/v2\/posts\/26852","targetHints":{"allow":["GET"]}}],"collection":[{"href":"https:\/\/apuntesdesanluis.com\/index.php\/wp-json\/wp\/v2\/posts"}],"about":[{"href":"https:\/\/apuntesdesanluis.com\/index.php\/wp-json\/wp\/v2\/types\/post"}],"author":[{"embeddable":true,"href":"https:\/\/apuntesdesanluis.com\/index.php\/wp-json\/wp\/v2\/users\/1"}],"replies":[{"embeddable":true,"href":"https:\/\/apuntesdesanluis.com\/index.php\/wp-json\/wp\/v2\/comments?post=26852"}],"version-history":[{"count":4,"href":"https:\/\/apuntesdesanluis.com\/index.php\/wp-json\/wp\/v2\/posts\/26852\/revisions"}],"predecessor-version":[{"id":26863,"href":"https:\/\/apuntesdesanluis.com\/index.php\/wp-json\/wp\/v2\/posts\/26852\/revisions\/26863"}],"wp:featuredmedia":[{"embeddable":true,"href":"https:\/\/apuntesdesanluis.com\/index.php\/wp-json\/wp\/v2\/media\/26861"}],"wp:attachment":[{"href":"https:\/\/apuntesdesanluis.com\/index.php\/wp-json\/wp\/v2\/media?parent=26852"}],"wp:term":[{"taxonomy":"category","embeddable":true,"href":"https:\/\/apuntesdesanluis.com\/index.php\/wp-json\/wp\/v2\/categories?post=26852"},{"taxonomy":"post_tag","embeddable":true,"href":"https:\/\/apuntesdesanluis.com\/index.php\/wp-json\/wp\/v2\/tags?post=26852"}],"curies":[{"name":"wp","href":"https:\/\/api.w.org\/{rel}","templated":true}]}}