{"id":26857,"date":"2024-12-17T12:16:36","date_gmt":"2024-12-17T15:16:36","guid":{"rendered":"https:\/\/apuntesdesanluis.com\/?p=26857"},"modified":"2024-12-17T12:16:36","modified_gmt":"2024-12-17T15:16:36","slug":"murio-beatriz-sarlo-emblema-de-la-cultura-argentina-y-lucida-analista","status":"publish","type":"post","link":"https:\/\/apuntesdesanluis.com\/index.php\/2024\/12\/17\/murio-beatriz-sarlo-emblema-de-la-cultura-argentina-y-lucida-analista\/","title":{"rendered":"MURI\u00d3 BEATRIZ SARLO, EMBLEMA DE LA CULTURA ARGENTINA Y L\u00daCIDA ANALISTA"},"content":{"rendered":"<h3>La reconocida periodista y escritora <strong>Beatriz Sarlo<\/strong> muri\u00f3 en la madrugada de este martes a los 82 a\u00f1os. Seg\u00fan se inform\u00f3, permanec\u00eda internada desde hace tres semanas en el Sanatorio Otamendi, ubicado en la ciudad de Buenos Aires, luego de sufrir un ACV.<\/h3>\n<h3>Durante su extensa y prol\u00edfica carrera en el \u00e1mbito literario cosech\u00f3 numerosas distinciones y premios como, entre otros, el K\u00f3nex de Platino y el Premio Pluma de Honor de la Academia Nacional de Periodismo de la Argentina.<\/h3>\n<h3>El velatorio se realizar\u00e1 en el CeDInCI (Centro de Documentaci\u00f3n e Investigaci\u00f3n de la Cultura de Izquierdas), Rodr\u00edguez Pe\u00f1a 356, este martes, desde las 19 y hasta la medianoche. El cortejo f\u00fanebre saldr\u00e1 hacia el crematorio del cementerio de la Chacarita a las 9 de ma\u00f1ana, mi\u00e9rcoles.<\/h3>\n<h3>Sarlo fue un emblema de la cultura argentina y una l\u00facida analista de coyuntura social y pol\u00edtica. En marzo de este a\u00f1o, y entrevistada por Infobae, dio su visi\u00f3n sobre los primeros meses de gesti\u00f3n del gobierno libertario de Javier Milei. En ese momento, calific\u00f3 al Presidente como un \u201cpol\u00edtico de naturaleza extremista\u201d.<\/h3>\n<p><img fetchpriority=\"high\" decoding=\"async\" class=\"wp-image-26859 aligncenter\" src=\"https:\/\/apuntesdesanluis.com\/wp-content\/uploads\/2024\/12\/beatriz-sarlo-300x203.png\" alt=\"\" width=\"649\" height=\"439\" srcset=\"https:\/\/apuntesdesanluis.com\/wp-content\/uploads\/2024\/12\/beatriz-sarlo-300x203.png 300w, https:\/\/apuntesdesanluis.com\/wp-content\/uploads\/2024\/12\/beatriz-sarlo-768x519.png 768w, https:\/\/apuntesdesanluis.com\/wp-content\/uploads\/2024\/12\/beatriz-sarlo.png 784w\" sizes=\"(max-width: 649px) 100vw, 649px\" \/><\/p>\n<h3>Estudi\u00f3 literatura en la Universidad de Buenos Aires (UBA) y comenz\u00f3 su carrera vinculada al an\u00e1lisis cultural y a la cr\u00edtica literaria. Fue cofundadora en 1978 de la revista Punto de Vista, una publicaci\u00f3n clave en la resistencia intelectual durante la \u00faltima dictadura c\u00edvico-militar argentina (1976-1983). Fue parte de una camada de profesores que volvi\u00f3 a la Universidad con el fin de la dictadura como, entre otros, Josefina Ludmer y Ram\u00f3n Alcalde.<\/h3>\n<h3>A lo largo de su trayectoria, public\u00f3 libros esenciales como Una modernidad perif\u00e9rica (1988), Escenas de la vida posmoderna (1994) y La pasi\u00f3n y la excepci\u00f3n (2003), donde combina an\u00e1lisis literario, pol\u00edtico y cultural. Su obra explora las tensiones entre tradici\u00f3n y modernidad, as\u00ed como el lugar de la Argentina en un mundo globalizado.<\/h3>\n<h3>Beatriz Sarlo fue una cr\u00edtica abierta del kirchnerismo, una postura que marc\u00f3 varios de sus debates medi\u00e1ticos. Uno de los m\u00e1s recordados ocurri\u00f3 en 2011, cuando particip\u00f3 del programa de televisi\u00f3n 6,7,8, conocido por su postura oficialista al entonces gobierno de Cristina Kirchner. All\u00ed, mantuvo un enfrentamiento verbal con el periodista Orlando Barone, quien intent\u00f3 interpelarla sobre su supuesta \u201cfalta de compromiso con el pueblo\u201d.<\/h3>\n<h3>Sarlo respondi\u00f3 con firmeza: \u201cYo no discuto con militantes, discuto con intelectuales\u201d, dejando en claro su rechazo al discurso de adhesi\u00f3n acr\u00edtica al gobierno. Ese cruce se convirti\u00f3 en s\u00edmbolo de la polarizaci\u00f3n ideol\u00f3gica de la \u00e9poca.<\/h3>\n<h3><strong>POL\u00c9MICA POR LA VACUNACI\u00d3N <\/strong><\/h3>\n<h3>En tanto, en marzo de 2021, protagoniz\u00f3 otra controversia medi\u00e1tica al denunciar presuntas irregularidades en la campa\u00f1a de vacunaci\u00f3n contra el coronavirus. En una declaraci\u00f3n ante la justicia, Sarlo revel\u00f3 que hab\u00eda recibido una oferta \u201cpor debajo de la mesa\u201d para acceder a la vacuna contra el COVID-19 antes del tiempo estipulado para su grupo etario. Seg\u00fan la ensayista, la propuesta proven\u00eda de un intermediario vinculado al gobernador bonaerense Axel Kicillof, en el marco de una campa\u00f1a de promoci\u00f3n de la vacunaci\u00f3n.<\/h3>\n<h3>Kicillof respondi\u00f3 p\u00fablicamente y calific\u00f3 los dichos de Sarlo como \u201cfalsos\u201d y defendi\u00f3 la transparencia del proceso de vacunaci\u00f3n en la provincia de Buenos Aires. La escritora, en cambio, sostuvo que su negativa a vacunarse en esas condiciones era una postura \u00e9tica, lo que gener\u00f3 un intenso debate sobre la responsabilidad del gobierno y el rol de los intelectuales en contextos de crisis sanitaria.<\/h3>\n<h3><strong>SU VISI\u00d3N SOBRE MILEI<\/strong><\/h3>\n<h3>Al igual que con el kirchnerismo, la escritora y ensayista tambi\u00e9n expres\u00f3 sus cr\u00edticas a la figura de Milei. Lo hizo en varias ocasiones. En mayo de 2022, calific\u00f3 al economista -en ese momento, diputado nacional- como \u201clo m\u00e1s peligroso que hay\u201d en la pol\u00edtica argentina, y lo compar\u00f3 con los fascismos europeos de la d\u00e9cada de 1930.<\/h3>\n<h3>Por otro lado, en una de sus \u00faltimas intervenciones, Sarlo describi\u00f3 el discurso del economista liberal como \u201cbestial\u201d, por su simplificaci\u00f3n extrema de problemas complejos, lo que, seg\u00fan ella, dificulta un an\u00e1lisis profundo de las ra\u00edces ideol\u00f3gicas y culturales detr\u00e1s de su mensaje.<\/h3>\n<h3><\/h3>\n<p>&nbsp;<\/p>\n<p>&nbsp;<\/p>\n<p>&nbsp;<\/p>\n<h3><\/h3>\n<p>&nbsp;<\/p>\n","protected":false},"excerpt":{"rendered":"<p>La reconocida periodista y escritora Beatriz Sarlo muri\u00f3 en la madrugada de este martes a&#8230;<\/p>\n","protected":false},"author":1,"featured_media":26858,"comment_status":"closed","ping_status":"closed","sticky":false,"template":"","format":"standard","meta":{"footnotes":""},"categories":[5],"tags":[],"class_list":["post-26857","post","type-post","status-publish","format-standard","has-post-thumbnail","hentry","category-nacionales-internacionales"],"yoast_head":"<!-- This site is optimized with the Yoast SEO plugin v26.1.1 - https:\/\/yoast.com\/wordpress\/plugins\/seo\/ -->\n<title>MURI\u00d3 BEATRIZ SARLO, EMBLEMA DE LA CULTURA ARGENTINA Y L\u00daCIDA ANALISTA - Apuntes de San Luis<\/title>\n<meta name=\"robots\" content=\"index, follow, max-snippet:-1, max-image-preview:large, max-video-preview:-1\" \/>\n<link rel=\"canonical\" href=\"https:\/\/apuntesdesanluis.com\/index.php\/2024\/12\/17\/murio-beatriz-sarlo-emblema-de-la-cultura-argentina-y-lucida-analista\/\" \/>\n<meta property=\"og:locale\" content=\"es_ES\" \/>\n<meta property=\"og:type\" content=\"article\" \/>\n<meta property=\"og:title\" content=\"MURI\u00d3 BEATRIZ SARLO, EMBLEMA DE LA CULTURA ARGENTINA Y L\u00daCIDA ANALISTA - Apuntes de San Luis\" \/>\n<meta property=\"og:description\" content=\"La reconocida periodista y escritora Beatriz Sarlo muri\u00f3 en la madrugada de este martes a...\" \/>\n<meta property=\"og:url\" content=\"https:\/\/apuntesdesanluis.com\/index.php\/2024\/12\/17\/murio-beatriz-sarlo-emblema-de-la-cultura-argentina-y-lucida-analista\/\" \/>\n<meta property=\"og:site_name\" content=\"Apuntes de San Luis\" \/>\n<meta property=\"article:published_time\" content=\"2024-12-17T15:16:36+00:00\" \/>\n<meta property=\"og:image\" content=\"https:\/\/apuntesdesanluis.com\/wp-content\/uploads\/2024\/12\/sarlos-beatriz.png\" \/>\n\t<meta property=\"og:image:width\" content=\"839\" \/>\n\t<meta property=\"og:image:height\" content=\"537\" \/>\n\t<meta property=\"og:image:type\" content=\"image\/png\" \/>\n<meta name=\"author\" content=\"apuntesdesanluis.com\" \/>\n<meta name=\"twitter:card\" content=\"summary_large_image\" \/>\n<meta name=\"twitter:label1\" content=\"Escrito por\" \/>\n\t<meta name=\"twitter:data1\" content=\"apuntesdesanluis.com\" \/>\n\t<meta name=\"twitter:label2\" content=\"Tiempo de lectura\" \/>\n\t<meta name=\"twitter:data2\" content=\"4 minutos\" \/>\n<script type=\"application\/ld+json\" class=\"yoast-schema-graph\">{\"@context\":\"https:\/\/schema.org\",\"@graph\":[{\"@type\":\"Article\",\"@id\":\"https:\/\/apuntesdesanluis.com\/index.php\/2024\/12\/17\/murio-beatriz-sarlo-emblema-de-la-cultura-argentina-y-lucida-analista\/#article\",\"isPartOf\":{\"@id\":\"https:\/\/apuntesdesanluis.com\/index.php\/2024\/12\/17\/murio-beatriz-sarlo-emblema-de-la-cultura-argentina-y-lucida-analista\/\"},\"author\":{\"name\":\"apuntesdesanluis.com\",\"@id\":\"https:\/\/apuntesdesanluis.com\/#\/schema\/person\/b55151d52296fcce64d1a72538a70b90\"},\"headline\":\"MURI\u00d3 BEATRIZ SARLO, EMBLEMA DE LA CULTURA ARGENTINA Y L\u00daCIDA ANALISTA\",\"datePublished\":\"2024-12-17T15:16:36+00:00\",\"mainEntityOfPage\":{\"@id\":\"https:\/\/apuntesdesanluis.com\/index.php\/2024\/12\/17\/murio-beatriz-sarlo-emblema-de-la-cultura-argentina-y-lucida-analista\/\"},\"wordCount\":730,\"publisher\":{\"@id\":\"https:\/\/apuntesdesanluis.com\/#\/schema\/person\/b55151d52296fcce64d1a72538a70b90\"},\"image\":{\"@id\":\"https:\/\/apuntesdesanluis.com\/index.php\/2024\/12\/17\/murio-beatriz-sarlo-emblema-de-la-cultura-argentina-y-lucida-analista\/#primaryimage\"},\"thumbnailUrl\":\"https:\/\/apuntesdesanluis.com\/wp-content\/uploads\/2024\/12\/sarlos-beatriz.png\",\"articleSection\":[\"Nacionales\/Internacionales\"],\"inLanguage\":\"es-AR\"},{\"@type\":\"WebPage\",\"@id\":\"https:\/\/apuntesdesanluis.com\/index.php\/2024\/12\/17\/murio-beatriz-sarlo-emblema-de-la-cultura-argentina-y-lucida-analista\/\",\"url\":\"https:\/\/apuntesdesanluis.com\/index.php\/2024\/12\/17\/murio-beatriz-sarlo-emblema-de-la-cultura-argentina-y-lucida-analista\/\",\"name\":\"MURI\u00d3 BEATRIZ SARLO, EMBLEMA DE LA CULTURA ARGENTINA Y L\u00daCIDA ANALISTA - Apuntes de San Luis\",\"isPartOf\":{\"@id\":\"https:\/\/apuntesdesanluis.com\/#website\"},\"primaryImageOfPage\":{\"@id\":\"https:\/\/apuntesdesanluis.com\/index.php\/2024\/12\/17\/murio-beatriz-sarlo-emblema-de-la-cultura-argentina-y-lucida-analista\/#primaryimage\"},\"image\":{\"@id\":\"https:\/\/apuntesdesanluis.com\/index.php\/2024\/12\/17\/murio-beatriz-sarlo-emblema-de-la-cultura-argentina-y-lucida-analista\/#primaryimage\"},\"thumbnailUrl\":\"https:\/\/apuntesdesanluis.com\/wp-content\/uploads\/2024\/12\/sarlos-beatriz.png\",\"datePublished\":\"2024-12-17T15:16:36+00:00\",\"breadcrumb\":{\"@id\":\"https:\/\/apuntesdesanluis.com\/index.php\/2024\/12\/17\/murio-beatriz-sarlo-emblema-de-la-cultura-argentina-y-lucida-analista\/#breadcrumb\"},\"inLanguage\":\"es-AR\",\"potentialAction\":[{\"@type\":\"ReadAction\",\"target\":[\"https:\/\/apuntesdesanluis.com\/index.php\/2024\/12\/17\/murio-beatriz-sarlo-emblema-de-la-cultura-argentina-y-lucida-analista\/\"]}]},{\"@type\":\"ImageObject\",\"inLanguage\":\"es-AR\",\"@id\":\"https:\/\/apuntesdesanluis.com\/index.php\/2024\/12\/17\/murio-beatriz-sarlo-emblema-de-la-cultura-argentina-y-lucida-analista\/#primaryimage\",\"url\":\"https:\/\/apuntesdesanluis.com\/wp-content\/uploads\/2024\/12\/sarlos-beatriz.png\",\"contentUrl\":\"https:\/\/apuntesdesanluis.com\/wp-content\/uploads\/2024\/12\/sarlos-beatriz.png\",\"width\":839,\"height\":537},{\"@type\":\"BreadcrumbList\",\"@id\":\"https:\/\/apuntesdesanluis.com\/index.php\/2024\/12\/17\/murio-beatriz-sarlo-emblema-de-la-cultura-argentina-y-lucida-analista\/#breadcrumb\",\"itemListElement\":[{\"@type\":\"ListItem\",\"position\":1,\"name\":\"Inicio\",\"item\":\"https:\/\/apuntesdesanluis.com\/\"},{\"@type\":\"ListItem\",\"position\":2,\"name\":\"MURI\u00d3 BEATRIZ SARLO, EMBLEMA DE LA CULTURA ARGENTINA Y L\u00daCIDA ANALISTA\"}]},{\"@type\":\"WebSite\",\"@id\":\"https:\/\/apuntesdesanluis.com\/#website\",\"url\":\"https:\/\/apuntesdesanluis.com\/\",\"name\":\"Apuntes de San Luis\",\"description\":\"\",\"publisher\":{\"@id\":\"https:\/\/apuntesdesanluis.com\/#\/schema\/person\/b55151d52296fcce64d1a72538a70b90\"},\"potentialAction\":[{\"@type\":\"SearchAction\",\"target\":{\"@type\":\"EntryPoint\",\"urlTemplate\":\"https:\/\/apuntesdesanluis.com\/?s={search_term_string}\"},\"query-input\":{\"@type\":\"PropertyValueSpecification\",\"valueRequired\":true,\"valueName\":\"search_term_string\"}}],\"inLanguage\":\"es-AR\"},{\"@type\":[\"Person\",\"Organization\"],\"@id\":\"https:\/\/apuntesdesanluis.com\/#\/schema\/person\/b55151d52296fcce64d1a72538a70b90\",\"name\":\"apuntesdesanluis.com\",\"image\":{\"@type\":\"ImageObject\",\"inLanguage\":\"es-AR\",\"@id\":\"https:\/\/apuntesdesanluis.com\/#\/schema\/person\/image\/\",\"url\":\"https:\/\/apuntesdesanluis.com\/wp-content\/uploads\/2023\/07\/cropped-apuntesdesanluis.png\",\"contentUrl\":\"https:\/\/apuntesdesanluis.com\/wp-content\/uploads\/2023\/07\/cropped-apuntesdesanluis.png\",\"width\":450,\"height\":112,\"caption\":\"apuntesdesanluis.com\"},\"logo\":{\"@id\":\"https:\/\/apuntesdesanluis.com\/#\/schema\/person\/image\/\"},\"sameAs\":[\"https:\/\/apuntesdesanluis.com\"],\"url\":\"https:\/\/apuntesdesanluis.com\/index.php\/author\/apuntesdesanluis-com\/\"}]}<\/script>\n<!-- \/ Yoast SEO plugin. -->","yoast_head_json":{"title":"MURI\u00d3 BEATRIZ SARLO, EMBLEMA DE LA CULTURA ARGENTINA Y L\u00daCIDA ANALISTA - Apuntes de San Luis","robots":{"index":"index","follow":"follow","max-snippet":"max-snippet:-1","max-image-preview":"max-image-preview:large","max-video-preview":"max-video-preview:-1"},"canonical":"https:\/\/apuntesdesanluis.com\/index.php\/2024\/12\/17\/murio-beatriz-sarlo-emblema-de-la-cultura-argentina-y-lucida-analista\/","og_locale":"es_ES","og_type":"article","og_title":"MURI\u00d3 BEATRIZ SARLO, EMBLEMA DE LA CULTURA ARGENTINA Y L\u00daCIDA ANALISTA - Apuntes de San Luis","og_description":"La reconocida periodista y escritora Beatriz Sarlo muri\u00f3 en la madrugada de este martes a...","og_url":"https:\/\/apuntesdesanluis.com\/index.php\/2024\/12\/17\/murio-beatriz-sarlo-emblema-de-la-cultura-argentina-y-lucida-analista\/","og_site_name":"Apuntes de San Luis","article_published_time":"2024-12-17T15:16:36+00:00","og_image":[{"width":839,"height":537,"url":"https:\/\/apuntesdesanluis.com\/wp-content\/uploads\/2024\/12\/sarlos-beatriz.png","type":"image\/png"}],"author":"apuntesdesanluis.com","twitter_card":"summary_large_image","twitter_misc":{"Escrito por":"apuntesdesanluis.com","Tiempo de lectura":"4 minutos"},"schema":{"@context":"https:\/\/schema.org","@graph":[{"@type":"Article","@id":"https:\/\/apuntesdesanluis.com\/index.php\/2024\/12\/17\/murio-beatriz-sarlo-emblema-de-la-cultura-argentina-y-lucida-analista\/#article","isPartOf":{"@id":"https:\/\/apuntesdesanluis.com\/index.php\/2024\/12\/17\/murio-beatriz-sarlo-emblema-de-la-cultura-argentina-y-lucida-analista\/"},"author":{"name":"apuntesdesanluis.com","@id":"https:\/\/apuntesdesanluis.com\/#\/schema\/person\/b55151d52296fcce64d1a72538a70b90"},"headline":"MURI\u00d3 BEATRIZ SARLO, EMBLEMA DE LA CULTURA ARGENTINA Y L\u00daCIDA ANALISTA","datePublished":"2024-12-17T15:16:36+00:00","mainEntityOfPage":{"@id":"https:\/\/apuntesdesanluis.com\/index.php\/2024\/12\/17\/murio-beatriz-sarlo-emblema-de-la-cultura-argentina-y-lucida-analista\/"},"wordCount":730,"publisher":{"@id":"https:\/\/apuntesdesanluis.com\/#\/schema\/person\/b55151d52296fcce64d1a72538a70b90"},"image":{"@id":"https:\/\/apuntesdesanluis.com\/index.php\/2024\/12\/17\/murio-beatriz-sarlo-emblema-de-la-cultura-argentina-y-lucida-analista\/#primaryimage"},"thumbnailUrl":"https:\/\/apuntesdesanluis.com\/wp-content\/uploads\/2024\/12\/sarlos-beatriz.png","articleSection":["Nacionales\/Internacionales"],"inLanguage":"es-AR"},{"@type":"WebPage","@id":"https:\/\/apuntesdesanluis.com\/index.php\/2024\/12\/17\/murio-beatriz-sarlo-emblema-de-la-cultura-argentina-y-lucida-analista\/","url":"https:\/\/apuntesdesanluis.com\/index.php\/2024\/12\/17\/murio-beatriz-sarlo-emblema-de-la-cultura-argentina-y-lucida-analista\/","name":"MURI\u00d3 BEATRIZ SARLO, EMBLEMA DE LA CULTURA ARGENTINA Y L\u00daCIDA ANALISTA - Apuntes de San Luis","isPartOf":{"@id":"https:\/\/apuntesdesanluis.com\/#website"},"primaryImageOfPage":{"@id":"https:\/\/apuntesdesanluis.com\/index.php\/2024\/12\/17\/murio-beatriz-sarlo-emblema-de-la-cultura-argentina-y-lucida-analista\/#primaryimage"},"image":{"@id":"https:\/\/apuntesdesanluis.com\/index.php\/2024\/12\/17\/murio-beatriz-sarlo-emblema-de-la-cultura-argentina-y-lucida-analista\/#primaryimage"},"thumbnailUrl":"https:\/\/apuntesdesanluis.com\/wp-content\/uploads\/2024\/12\/sarlos-beatriz.png","datePublished":"2024-12-17T15:16:36+00:00","breadcrumb":{"@id":"https:\/\/apuntesdesanluis.com\/index.php\/2024\/12\/17\/murio-beatriz-sarlo-emblema-de-la-cultura-argentina-y-lucida-analista\/#breadcrumb"},"inLanguage":"es-AR","potentialAction":[{"@type":"ReadAction","target":["https:\/\/apuntesdesanluis.com\/index.php\/2024\/12\/17\/murio-beatriz-sarlo-emblema-de-la-cultura-argentina-y-lucida-analista\/"]}]},{"@type":"ImageObject","inLanguage":"es-AR","@id":"https:\/\/apuntesdesanluis.com\/index.php\/2024\/12\/17\/murio-beatriz-sarlo-emblema-de-la-cultura-argentina-y-lucida-analista\/#primaryimage","url":"https:\/\/apuntesdesanluis.com\/wp-content\/uploads\/2024\/12\/sarlos-beatriz.png","contentUrl":"https:\/\/apuntesdesanluis.com\/wp-content\/uploads\/2024\/12\/sarlos-beatriz.png","width":839,"height":537},{"@type":"BreadcrumbList","@id":"https:\/\/apuntesdesanluis.com\/index.php\/2024\/12\/17\/murio-beatriz-sarlo-emblema-de-la-cultura-argentina-y-lucida-analista\/#breadcrumb","itemListElement":[{"@type":"ListItem","position":1,"name":"Inicio","item":"https:\/\/apuntesdesanluis.com\/"},{"@type":"ListItem","position":2,"name":"MURI\u00d3 BEATRIZ SARLO, EMBLEMA DE LA CULTURA ARGENTINA Y L\u00daCIDA ANALISTA"}]},{"@type":"WebSite","@id":"https:\/\/apuntesdesanluis.com\/#website","url":"https:\/\/apuntesdesanluis.com\/","name":"Apuntes de San Luis","description":"","publisher":{"@id":"https:\/\/apuntesdesanluis.com\/#\/schema\/person\/b55151d52296fcce64d1a72538a70b90"},"potentialAction":[{"@type":"SearchAction","target":{"@type":"EntryPoint","urlTemplate":"https:\/\/apuntesdesanluis.com\/?s={search_term_string}"},"query-input":{"@type":"PropertyValueSpecification","valueRequired":true,"valueName":"search_term_string"}}],"inLanguage":"es-AR"},{"@type":["Person","Organization"],"@id":"https:\/\/apuntesdesanluis.com\/#\/schema\/person\/b55151d52296fcce64d1a72538a70b90","name":"apuntesdesanluis.com","image":{"@type":"ImageObject","inLanguage":"es-AR","@id":"https:\/\/apuntesdesanluis.com\/#\/schema\/person\/image\/","url":"https:\/\/apuntesdesanluis.com\/wp-content\/uploads\/2023\/07\/cropped-apuntesdesanluis.png","contentUrl":"https:\/\/apuntesdesanluis.com\/wp-content\/uploads\/2023\/07\/cropped-apuntesdesanluis.png","width":450,"height":112,"caption":"apuntesdesanluis.com"},"logo":{"@id":"https:\/\/apuntesdesanluis.com\/#\/schema\/person\/image\/"},"sameAs":["https:\/\/apuntesdesanluis.com"],"url":"https:\/\/apuntesdesanluis.com\/index.php\/author\/apuntesdesanluis-com\/"}]}},"featured_image_urls":{"full":["https:\/\/apuntesdesanluis.com\/wp-content\/uploads\/2024\/12\/sarlos-beatriz.png",839,537,false],"thumbnail":["https:\/\/apuntesdesanluis.com\/wp-content\/uploads\/2024\/12\/sarlos-beatriz-150x150.png",150,150,true],"medium":["https:\/\/apuntesdesanluis.com\/wp-content\/uploads\/2024\/12\/sarlos-beatriz-300x192.png",300,192,true],"medium_large":["https:\/\/apuntesdesanluis.com\/wp-content\/uploads\/2024\/12\/sarlos-beatriz-768x492.png",640,410,true],"large":["https:\/\/apuntesdesanluis.com\/wp-content\/uploads\/2024\/12\/sarlos-beatriz.png",640,410,false],"1536x1536":["https:\/\/apuntesdesanluis.com\/wp-content\/uploads\/2024\/12\/sarlos-beatriz.png",839,537,false],"2048x2048":["https:\/\/apuntesdesanluis.com\/wp-content\/uploads\/2024\/12\/sarlos-beatriz.png",839,537,false],"newsever-slider-full":["https:\/\/apuntesdesanluis.com\/wp-content\/uploads\/2024\/12\/sarlos-beatriz.png",839,537,false],"newsever-featured":["https:\/\/apuntesdesanluis.com\/wp-content\/uploads\/2024\/12\/sarlos-beatriz.png",839,537,false],"newsever-medium":["https:\/\/apuntesdesanluis.com\/wp-content\/uploads\/2024\/12\/sarlos-beatriz-720x475.png",720,475,true]},"author_info":{"display_name":"apuntesdesanluis.com","author_link":"https:\/\/apuntesdesanluis.com\/index.php\/author\/apuntesdesanluis-com\/"},"category_info":"<a href=\"https:\/\/apuntesdesanluis.com\/index.php\/category\/nacionales-internacionales\/\" rel=\"category tag\">Nacionales\/Internacionales<\/a>","tag_info":"Nacionales\/Internacionales","comment_count":"0","_links":{"self":[{"href":"https:\/\/apuntesdesanluis.com\/index.php\/wp-json\/wp\/v2\/posts\/26857","targetHints":{"allow":["GET"]}}],"collection":[{"href":"https:\/\/apuntesdesanluis.com\/index.php\/wp-json\/wp\/v2\/posts"}],"about":[{"href":"https:\/\/apuntesdesanluis.com\/index.php\/wp-json\/wp\/v2\/types\/post"}],"author":[{"embeddable":true,"href":"https:\/\/apuntesdesanluis.com\/index.php\/wp-json\/wp\/v2\/users\/1"}],"replies":[{"embeddable":true,"href":"https:\/\/apuntesdesanluis.com\/index.php\/wp-json\/wp\/v2\/comments?post=26857"}],"version-history":[{"count":1,"href":"https:\/\/apuntesdesanluis.com\/index.php\/wp-json\/wp\/v2\/posts\/26857\/revisions"}],"predecessor-version":[{"id":26860,"href":"https:\/\/apuntesdesanluis.com\/index.php\/wp-json\/wp\/v2\/posts\/26857\/revisions\/26860"}],"wp:featuredmedia":[{"embeddable":true,"href":"https:\/\/apuntesdesanluis.com\/index.php\/wp-json\/wp\/v2\/media\/26858"}],"wp:attachment":[{"href":"https:\/\/apuntesdesanluis.com\/index.php\/wp-json\/wp\/v2\/media?parent=26857"}],"wp:term":[{"taxonomy":"category","embeddable":true,"href":"https:\/\/apuntesdesanluis.com\/index.php\/wp-json\/wp\/v2\/categories?post=26857"},{"taxonomy":"post_tag","embeddable":true,"href":"https:\/\/apuntesdesanluis.com\/index.php\/wp-json\/wp\/v2\/tags?post=26857"}],"curies":[{"name":"wp","href":"https:\/\/api.w.org\/{rel}","templated":true}]}}