{"id":26864,"date":"2024-12-17T18:16:21","date_gmt":"2024-12-17T21:16:21","guid":{"rendered":"https:\/\/apuntesdesanluis.com\/?p=26864"},"modified":"2024-12-17T18:16:21","modified_gmt":"2024-12-17T21:16:21","slug":"dieron-de-alta-al-segundo-paciente-trasplantado-en-el-hospital-carrillo","status":"publish","type":"post","link":"https:\/\/apuntesdesanluis.com\/index.php\/2024\/12\/17\/dieron-de-alta-al-segundo-paciente-trasplantado-en-el-hospital-carrillo\/","title":{"rendered":"DIERON DE ALTA AL SEGUNDO PACIENTE TRASPLANTADO EN EL HOSPITAL CARRILLO"},"content":{"rendered":"<h3>El gobernador <strong>Claudio Poggi<\/strong> y la ministra de Salud, <strong>Teresa Nigra<\/strong>, acompa\u00f1aron a <strong>Miguel Cruce\u00f1o<\/strong> quien tras pasar con \u00e9xito el procedimiento postoperatorio, volvi\u00f3 a Villa Mercedes para comenzar una nueva etapa con mayor esperanza y calidad de vida.<\/h3>\n<h3>Se trata del segundo paciente en recibir un trasplante de ri\u00f1\u00f3n en San Luis, a quien se le abren nuevas perspectivas, tras el trasplante de ri\u00f1\u00f3n realizado por los profesionales del Hospital Central \u2018Dr. Ram\u00f3n Carrillo\u2019, cortando una larga espera de 25 a\u00f1os en di\u00e1lisis.<\/h3>\n<h3>Las autoridades provinciales visitaron a Miguel en su habitaci\u00f3n de internaci\u00f3n, dialogaron sobre c\u00f3mo llev\u00f3 esta enfermedad durante tanto tiempo y los planes y proyectos que pondr\u00e1 en pr\u00e1ctica de ahora en adelante.<\/h3>\n<h3><img fetchpriority=\"high\" decoding=\"async\" class=\"wp-image-26866 aligncenter\" src=\"https:\/\/apuntesdesanluis.com\/wp-content\/uploads\/2024\/12\/cruceno-y-gobernador-300x195.png\" alt=\"\" width=\"611\" height=\"397\" srcset=\"https:\/\/apuntesdesanluis.com\/wp-content\/uploads\/2024\/12\/cruceno-y-gobernador-300x195.png 300w, https:\/\/apuntesdesanluis.com\/wp-content\/uploads\/2024\/12\/cruceno-y-gobernador.png 657w\" sizes=\"(max-width: 611px) 100vw, 611px\" \/><\/h3>\n<h3>Seguidamente, en las aproximaciones del ingreso principal del complejo sanitario, m\u00e9dicos, enfermeros, personal administrativo y familiares realizaron un pasillo de aplausos para reconocer a Cruce\u00f1o y su lucha, celebrada tambi\u00e9n por su hermana Alicia, quien expres\u00f3 su felicidad y agradecimiento tras el trasplante.<\/h3>\n<h3><img decoding=\"async\" class=\"wp-image-26867 aligncenter\" src=\"https:\/\/apuntesdesanluis.com\/wp-content\/uploads\/2024\/12\/miguel-cruceno-y-flia-300x202.png\" alt=\"\" width=\"610\" height=\"411\" srcset=\"https:\/\/apuntesdesanluis.com\/wp-content\/uploads\/2024\/12\/miguel-cruceno-y-flia-300x202.png 300w, https:\/\/apuntesdesanluis.com\/wp-content\/uploads\/2024\/12\/miguel-cruceno-y-flia.png 660w\" sizes=\"(max-width: 610px) 100vw, 610px\" \/><\/h3>\n<h3>\u201cEstamos felices y tranquilos, esperamos 25 a\u00f1os este momento. Desde los 15 a\u00f1os, cuando perdi\u00f3 otro ri\u00f1\u00f3n, estuvimos esperando este momento, as\u00ed que gracias a Dios estamos muy agradecidos con todo el hospital y con el gobernador\u201d, se\u00f1al\u00f3.<\/h3>\n<h3>\u201cEs un hombre trabajador, tiene un hijo, una se\u00f1ora, siempre ha trabajado, es muy guapo y mejora su calidad de vida enormemente, hace 25 a\u00f1os que depend\u00eda de una m\u00e1quina, pero ahora cambi\u00f3 totalmente su vida\u201d, afirm\u00f3 Alicia, quien valor\u00f3 la importancia del rol de la comunidad.<\/h3>\n<p><img decoding=\"async\" class=\"wp-image-26868 aligncenter\" src=\"https:\/\/apuntesdesanluis.com\/wp-content\/uploads\/2024\/12\/cruceno-se-va-300x167.png\" alt=\"\" width=\"613\" height=\"341\" srcset=\"https:\/\/apuntesdesanluis.com\/wp-content\/uploads\/2024\/12\/cruceno-se-va-300x167.png 300w, https:\/\/apuntesdesanluis.com\/wp-content\/uploads\/2024\/12\/cruceno-se-va.png 674w\" sizes=\"(max-width: 613px) 100vw, 613px\" \/><\/p>\n<h3>\u201cComo familia que lo hemos acompa\u00f1ado todo este tiempo, es fundamental la donaci\u00f3n de \u00f3rganos y que sea ac\u00e1 en la provincia es un paso grand\u00edsimo para todos, porque antes viajaba constantemente a C\u00f3rdoba y lamentablemente los costos eran muy elevados, pero gracias a Dios siempre tuvimos colaboraci\u00f3n del Municipio y de mucha gente. Tenerlo ac\u00e1 es un paso inmenso, estamos agradecidos con todos\u201d.<\/h3>\n<h3><\/h3>\n<h3><\/h3>\n<h3><\/h3>\n","protected":false},"excerpt":{"rendered":"<p>El gobernador Claudio Poggi y la ministra de Salud, Teresa Nigra, acompa\u00f1aron a Miguel Cruce\u00f1o&#8230;<\/p>\n","protected":false},"author":1,"featured_media":26865,"comment_status":"closed","ping_status":"closed","sticky":false,"template":"","format":"standard","meta":{"footnotes":""},"categories":[6],"tags":[],"class_list":["post-26864","post","type-post","status-publish","format-standard","has-post-thumbnail","hentry","category-ciudad-provincia"],"yoast_head":"<!-- This site is optimized with the Yoast SEO plugin v26.1.1 - https:\/\/yoast.com\/wordpress\/plugins\/seo\/ -->\n<title>DIERON DE ALTA AL SEGUNDO PACIENTE TRASPLANTADO EN EL HOSPITAL CARRILLO - Apuntes de San Luis<\/title>\n<meta name=\"robots\" content=\"index, follow, max-snippet:-1, max-image-preview:large, max-video-preview:-1\" \/>\n<link rel=\"canonical\" href=\"https:\/\/apuntesdesanluis.com\/index.php\/2024\/12\/17\/dieron-de-alta-al-segundo-paciente-trasplantado-en-el-hospital-carrillo\/\" \/>\n<meta property=\"og:locale\" content=\"es_ES\" \/>\n<meta property=\"og:type\" content=\"article\" \/>\n<meta property=\"og:title\" content=\"DIERON DE ALTA AL SEGUNDO PACIENTE TRASPLANTADO EN EL HOSPITAL CARRILLO - Apuntes de San Luis\" \/>\n<meta property=\"og:description\" content=\"El gobernador Claudio Poggi y la ministra de Salud, Teresa Nigra, acompa\u00f1aron a Miguel Cruce\u00f1o...\" \/>\n<meta property=\"og:url\" content=\"https:\/\/apuntesdesanluis.com\/index.php\/2024\/12\/17\/dieron-de-alta-al-segundo-paciente-trasplantado-en-el-hospital-carrillo\/\" \/>\n<meta property=\"og:site_name\" content=\"Apuntes de San Luis\" \/>\n<meta property=\"article:published_time\" content=\"2024-12-17T21:16:21+00:00\" \/>\n<meta property=\"og:image\" content=\"https:\/\/apuntesdesanluis.com\/wp-content\/uploads\/2024\/12\/miguel-tapa.png\" \/>\n\t<meta property=\"og:image:width\" content=\"601\" \/>\n\t<meta property=\"og:image:height\" content=\"395\" \/>\n\t<meta property=\"og:image:type\" content=\"image\/png\" \/>\n<meta name=\"author\" content=\"apuntesdesanluis.com\" \/>\n<meta name=\"twitter:card\" content=\"summary_large_image\" \/>\n<meta name=\"twitter:label1\" content=\"Escrito por\" \/>\n\t<meta name=\"twitter:data1\" content=\"apuntesdesanluis.com\" \/>\n\t<meta name=\"twitter:label2\" content=\"Tiempo de lectura\" \/>\n\t<meta name=\"twitter:data2\" content=\"3 minutos\" \/>\n<script type=\"application\/ld+json\" class=\"yoast-schema-graph\">{\"@context\":\"https:\/\/schema.org\",\"@graph\":[{\"@type\":\"Article\",\"@id\":\"https:\/\/apuntesdesanluis.com\/index.php\/2024\/12\/17\/dieron-de-alta-al-segundo-paciente-trasplantado-en-el-hospital-carrillo\/#article\",\"isPartOf\":{\"@id\":\"https:\/\/apuntesdesanluis.com\/index.php\/2024\/12\/17\/dieron-de-alta-al-segundo-paciente-trasplantado-en-el-hospital-carrillo\/\"},\"author\":{\"name\":\"apuntesdesanluis.com\",\"@id\":\"https:\/\/apuntesdesanluis.com\/#\/schema\/person\/b55151d52296fcce64d1a72538a70b90\"},\"headline\":\"DIERON DE ALTA AL SEGUNDO PACIENTE TRASPLANTADO EN EL HOSPITAL CARRILLO\",\"datePublished\":\"2024-12-17T21:16:21+00:00\",\"mainEntityOfPage\":{\"@id\":\"https:\/\/apuntesdesanluis.com\/index.php\/2024\/12\/17\/dieron-de-alta-al-segundo-paciente-trasplantado-en-el-hospital-carrillo\/\"},\"wordCount\":343,\"publisher\":{\"@id\":\"https:\/\/apuntesdesanluis.com\/#\/schema\/person\/b55151d52296fcce64d1a72538a70b90\"},\"image\":{\"@id\":\"https:\/\/apuntesdesanluis.com\/index.php\/2024\/12\/17\/dieron-de-alta-al-segundo-paciente-trasplantado-en-el-hospital-carrillo\/#primaryimage\"},\"thumbnailUrl\":\"https:\/\/apuntesdesanluis.com\/wp-content\/uploads\/2024\/12\/miguel-tapa.png\",\"articleSection\":[\"Ciudad\/Provincia\"],\"inLanguage\":\"es-AR\"},{\"@type\":\"WebPage\",\"@id\":\"https:\/\/apuntesdesanluis.com\/index.php\/2024\/12\/17\/dieron-de-alta-al-segundo-paciente-trasplantado-en-el-hospital-carrillo\/\",\"url\":\"https:\/\/apuntesdesanluis.com\/index.php\/2024\/12\/17\/dieron-de-alta-al-segundo-paciente-trasplantado-en-el-hospital-carrillo\/\",\"name\":\"DIERON DE ALTA AL SEGUNDO PACIENTE TRASPLANTADO EN EL HOSPITAL CARRILLO - Apuntes de San Luis\",\"isPartOf\":{\"@id\":\"https:\/\/apuntesdesanluis.com\/#website\"},\"primaryImageOfPage\":{\"@id\":\"https:\/\/apuntesdesanluis.com\/index.php\/2024\/12\/17\/dieron-de-alta-al-segundo-paciente-trasplantado-en-el-hospital-carrillo\/#primaryimage\"},\"image\":{\"@id\":\"https:\/\/apuntesdesanluis.com\/index.php\/2024\/12\/17\/dieron-de-alta-al-segundo-paciente-trasplantado-en-el-hospital-carrillo\/#primaryimage\"},\"thumbnailUrl\":\"https:\/\/apuntesdesanluis.com\/wp-content\/uploads\/2024\/12\/miguel-tapa.png\",\"datePublished\":\"2024-12-17T21:16:21+00:00\",\"breadcrumb\":{\"@id\":\"https:\/\/apuntesdesanluis.com\/index.php\/2024\/12\/17\/dieron-de-alta-al-segundo-paciente-trasplantado-en-el-hospital-carrillo\/#breadcrumb\"},\"inLanguage\":\"es-AR\",\"potentialAction\":[{\"@type\":\"ReadAction\",\"target\":[\"https:\/\/apuntesdesanluis.com\/index.php\/2024\/12\/17\/dieron-de-alta-al-segundo-paciente-trasplantado-en-el-hospital-carrillo\/\"]}]},{\"@type\":\"ImageObject\",\"inLanguage\":\"es-AR\",\"@id\":\"https:\/\/apuntesdesanluis.com\/index.php\/2024\/12\/17\/dieron-de-alta-al-segundo-paciente-trasplantado-en-el-hospital-carrillo\/#primaryimage\",\"url\":\"https:\/\/apuntesdesanluis.com\/wp-content\/uploads\/2024\/12\/miguel-tapa.png\",\"contentUrl\":\"https:\/\/apuntesdesanluis.com\/wp-content\/uploads\/2024\/12\/miguel-tapa.png\",\"width\":601,\"height\":395},{\"@type\":\"BreadcrumbList\",\"@id\":\"https:\/\/apuntesdesanluis.com\/index.php\/2024\/12\/17\/dieron-de-alta-al-segundo-paciente-trasplantado-en-el-hospital-carrillo\/#breadcrumb\",\"itemListElement\":[{\"@type\":\"ListItem\",\"position\":1,\"name\":\"Inicio\",\"item\":\"https:\/\/apuntesdesanluis.com\/\"},{\"@type\":\"ListItem\",\"position\":2,\"name\":\"DIERON DE ALTA AL SEGUNDO PACIENTE TRASPLANTADO EN EL HOSPITAL CARRILLO\"}]},{\"@type\":\"WebSite\",\"@id\":\"https:\/\/apuntesdesanluis.com\/#website\",\"url\":\"https:\/\/apuntesdesanluis.com\/\",\"name\":\"Apuntes de San Luis\",\"description\":\"\",\"publisher\":{\"@id\":\"https:\/\/apuntesdesanluis.com\/#\/schema\/person\/b55151d52296fcce64d1a72538a70b90\"},\"potentialAction\":[{\"@type\":\"SearchAction\",\"target\":{\"@type\":\"EntryPoint\",\"urlTemplate\":\"https:\/\/apuntesdesanluis.com\/?s={search_term_string}\"},\"query-input\":{\"@type\":\"PropertyValueSpecification\",\"valueRequired\":true,\"valueName\":\"search_term_string\"}}],\"inLanguage\":\"es-AR\"},{\"@type\":[\"Person\",\"Organization\"],\"@id\":\"https:\/\/apuntesdesanluis.com\/#\/schema\/person\/b55151d52296fcce64d1a72538a70b90\",\"name\":\"apuntesdesanluis.com\",\"image\":{\"@type\":\"ImageObject\",\"inLanguage\":\"es-AR\",\"@id\":\"https:\/\/apuntesdesanluis.com\/#\/schema\/person\/image\/\",\"url\":\"https:\/\/apuntesdesanluis.com\/wp-content\/uploads\/2023\/07\/cropped-apuntesdesanluis.png\",\"contentUrl\":\"https:\/\/apuntesdesanluis.com\/wp-content\/uploads\/2023\/07\/cropped-apuntesdesanluis.png\",\"width\":450,\"height\":112,\"caption\":\"apuntesdesanluis.com\"},\"logo\":{\"@id\":\"https:\/\/apuntesdesanluis.com\/#\/schema\/person\/image\/\"},\"sameAs\":[\"https:\/\/apuntesdesanluis.com\"],\"url\":\"https:\/\/apuntesdesanluis.com\/index.php\/author\/apuntesdesanluis-com\/\"}]}<\/script>\n<!-- \/ Yoast SEO plugin. -->","yoast_head_json":{"title":"DIERON DE ALTA AL SEGUNDO PACIENTE TRASPLANTADO EN EL HOSPITAL CARRILLO - Apuntes de San Luis","robots":{"index":"index","follow":"follow","max-snippet":"max-snippet:-1","max-image-preview":"max-image-preview:large","max-video-preview":"max-video-preview:-1"},"canonical":"https:\/\/apuntesdesanluis.com\/index.php\/2024\/12\/17\/dieron-de-alta-al-segundo-paciente-trasplantado-en-el-hospital-carrillo\/","og_locale":"es_ES","og_type":"article","og_title":"DIERON DE ALTA AL SEGUNDO PACIENTE TRASPLANTADO EN EL HOSPITAL CARRILLO - Apuntes de San Luis","og_description":"El gobernador Claudio Poggi y la ministra de Salud, Teresa Nigra, acompa\u00f1aron a Miguel Cruce\u00f1o...","og_url":"https:\/\/apuntesdesanluis.com\/index.php\/2024\/12\/17\/dieron-de-alta-al-segundo-paciente-trasplantado-en-el-hospital-carrillo\/","og_site_name":"Apuntes de San Luis","article_published_time":"2024-12-17T21:16:21+00:00","og_image":[{"width":601,"height":395,"url":"https:\/\/apuntesdesanluis.com\/wp-content\/uploads\/2024\/12\/miguel-tapa.png","type":"image\/png"}],"author":"apuntesdesanluis.com","twitter_card":"summary_large_image","twitter_misc":{"Escrito por":"apuntesdesanluis.com","Tiempo de lectura":"3 minutos"},"schema":{"@context":"https:\/\/schema.org","@graph":[{"@type":"Article","@id":"https:\/\/apuntesdesanluis.com\/index.php\/2024\/12\/17\/dieron-de-alta-al-segundo-paciente-trasplantado-en-el-hospital-carrillo\/#article","isPartOf":{"@id":"https:\/\/apuntesdesanluis.com\/index.php\/2024\/12\/17\/dieron-de-alta-al-segundo-paciente-trasplantado-en-el-hospital-carrillo\/"},"author":{"name":"apuntesdesanluis.com","@id":"https:\/\/apuntesdesanluis.com\/#\/schema\/person\/b55151d52296fcce64d1a72538a70b90"},"headline":"DIERON DE ALTA AL SEGUNDO PACIENTE TRASPLANTADO EN EL HOSPITAL CARRILLO","datePublished":"2024-12-17T21:16:21+00:00","mainEntityOfPage":{"@id":"https:\/\/apuntesdesanluis.com\/index.php\/2024\/12\/17\/dieron-de-alta-al-segundo-paciente-trasplantado-en-el-hospital-carrillo\/"},"wordCount":343,"publisher":{"@id":"https:\/\/apuntesdesanluis.com\/#\/schema\/person\/b55151d52296fcce64d1a72538a70b90"},"image":{"@id":"https:\/\/apuntesdesanluis.com\/index.php\/2024\/12\/17\/dieron-de-alta-al-segundo-paciente-trasplantado-en-el-hospital-carrillo\/#primaryimage"},"thumbnailUrl":"https:\/\/apuntesdesanluis.com\/wp-content\/uploads\/2024\/12\/miguel-tapa.png","articleSection":["Ciudad\/Provincia"],"inLanguage":"es-AR"},{"@type":"WebPage","@id":"https:\/\/apuntesdesanluis.com\/index.php\/2024\/12\/17\/dieron-de-alta-al-segundo-paciente-trasplantado-en-el-hospital-carrillo\/","url":"https:\/\/apuntesdesanluis.com\/index.php\/2024\/12\/17\/dieron-de-alta-al-segundo-paciente-trasplantado-en-el-hospital-carrillo\/","name":"DIERON DE ALTA AL SEGUNDO PACIENTE TRASPLANTADO EN EL HOSPITAL CARRILLO - Apuntes de San Luis","isPartOf":{"@id":"https:\/\/apuntesdesanluis.com\/#website"},"primaryImageOfPage":{"@id":"https:\/\/apuntesdesanluis.com\/index.php\/2024\/12\/17\/dieron-de-alta-al-segundo-paciente-trasplantado-en-el-hospital-carrillo\/#primaryimage"},"image":{"@id":"https:\/\/apuntesdesanluis.com\/index.php\/2024\/12\/17\/dieron-de-alta-al-segundo-paciente-trasplantado-en-el-hospital-carrillo\/#primaryimage"},"thumbnailUrl":"https:\/\/apuntesdesanluis.com\/wp-content\/uploads\/2024\/12\/miguel-tapa.png","datePublished":"2024-12-17T21:16:21+00:00","breadcrumb":{"@id":"https:\/\/apuntesdesanluis.com\/index.php\/2024\/12\/17\/dieron-de-alta-al-segundo-paciente-trasplantado-en-el-hospital-carrillo\/#breadcrumb"},"inLanguage":"es-AR","potentialAction":[{"@type":"ReadAction","target":["https:\/\/apuntesdesanluis.com\/index.php\/2024\/12\/17\/dieron-de-alta-al-segundo-paciente-trasplantado-en-el-hospital-carrillo\/"]}]},{"@type":"ImageObject","inLanguage":"es-AR","@id":"https:\/\/apuntesdesanluis.com\/index.php\/2024\/12\/17\/dieron-de-alta-al-segundo-paciente-trasplantado-en-el-hospital-carrillo\/#primaryimage","url":"https:\/\/apuntesdesanluis.com\/wp-content\/uploads\/2024\/12\/miguel-tapa.png","contentUrl":"https:\/\/apuntesdesanluis.com\/wp-content\/uploads\/2024\/12\/miguel-tapa.png","width":601,"height":395},{"@type":"BreadcrumbList","@id":"https:\/\/apuntesdesanluis.com\/index.php\/2024\/12\/17\/dieron-de-alta-al-segundo-paciente-trasplantado-en-el-hospital-carrillo\/#breadcrumb","itemListElement":[{"@type":"ListItem","position":1,"name":"Inicio","item":"https:\/\/apuntesdesanluis.com\/"},{"@type":"ListItem","position":2,"name":"DIERON DE ALTA AL SEGUNDO PACIENTE TRASPLANTADO EN EL HOSPITAL CARRILLO"}]},{"@type":"WebSite","@id":"https:\/\/apuntesdesanluis.com\/#website","url":"https:\/\/apuntesdesanluis.com\/","name":"Apuntes de San Luis","description":"","publisher":{"@id":"https:\/\/apuntesdesanluis.com\/#\/schema\/person\/b55151d52296fcce64d1a72538a70b90"},"potentialAction":[{"@type":"SearchAction","target":{"@type":"EntryPoint","urlTemplate":"https:\/\/apuntesdesanluis.com\/?s={search_term_string}"},"query-input":{"@type":"PropertyValueSpecification","valueRequired":true,"valueName":"search_term_string"}}],"inLanguage":"es-AR"},{"@type":["Person","Organization"],"@id":"https:\/\/apuntesdesanluis.com\/#\/schema\/person\/b55151d52296fcce64d1a72538a70b90","name":"apuntesdesanluis.com","image":{"@type":"ImageObject","inLanguage":"es-AR","@id":"https:\/\/apuntesdesanluis.com\/#\/schema\/person\/image\/","url":"https:\/\/apuntesdesanluis.com\/wp-content\/uploads\/2023\/07\/cropped-apuntesdesanluis.png","contentUrl":"https:\/\/apuntesdesanluis.com\/wp-content\/uploads\/2023\/07\/cropped-apuntesdesanluis.png","width":450,"height":112,"caption":"apuntesdesanluis.com"},"logo":{"@id":"https:\/\/apuntesdesanluis.com\/#\/schema\/person\/image\/"},"sameAs":["https:\/\/apuntesdesanluis.com"],"url":"https:\/\/apuntesdesanluis.com\/index.php\/author\/apuntesdesanluis-com\/"}]}},"featured_image_urls":{"full":["https:\/\/apuntesdesanluis.com\/wp-content\/uploads\/2024\/12\/miguel-tapa.png",601,395,false],"thumbnail":["https:\/\/apuntesdesanluis.com\/wp-content\/uploads\/2024\/12\/miguel-tapa-150x150.png",150,150,true],"medium":["https:\/\/apuntesdesanluis.com\/wp-content\/uploads\/2024\/12\/miguel-tapa-300x197.png",300,197,true],"medium_large":["https:\/\/apuntesdesanluis.com\/wp-content\/uploads\/2024\/12\/miguel-tapa.png",601,395,false],"large":["https:\/\/apuntesdesanluis.com\/wp-content\/uploads\/2024\/12\/miguel-tapa.png",601,395,false],"1536x1536":["https:\/\/apuntesdesanluis.com\/wp-content\/uploads\/2024\/12\/miguel-tapa.png",601,395,false],"2048x2048":["https:\/\/apuntesdesanluis.com\/wp-content\/uploads\/2024\/12\/miguel-tapa.png",601,395,false],"newsever-slider-full":["https:\/\/apuntesdesanluis.com\/wp-content\/uploads\/2024\/12\/miguel-tapa.png",601,395,false],"newsever-featured":["https:\/\/apuntesdesanluis.com\/wp-content\/uploads\/2024\/12\/miguel-tapa.png",601,395,false],"newsever-medium":["https:\/\/apuntesdesanluis.com\/wp-content\/uploads\/2024\/12\/miguel-tapa.png",601,395,false]},"author_info":{"display_name":"apuntesdesanluis.com","author_link":"https:\/\/apuntesdesanluis.com\/index.php\/author\/apuntesdesanluis-com\/"},"category_info":"<a href=\"https:\/\/apuntesdesanluis.com\/index.php\/category\/ciudad-provincia\/\" rel=\"category tag\">Ciudad\/Provincia<\/a>","tag_info":"Ciudad\/Provincia","comment_count":"0","_links":{"self":[{"href":"https:\/\/apuntesdesanluis.com\/index.php\/wp-json\/wp\/v2\/posts\/26864","targetHints":{"allow":["GET"]}}],"collection":[{"href":"https:\/\/apuntesdesanluis.com\/index.php\/wp-json\/wp\/v2\/posts"}],"about":[{"href":"https:\/\/apuntesdesanluis.com\/index.php\/wp-json\/wp\/v2\/types\/post"}],"author":[{"embeddable":true,"href":"https:\/\/apuntesdesanluis.com\/index.php\/wp-json\/wp\/v2\/users\/1"}],"replies":[{"embeddable":true,"href":"https:\/\/apuntesdesanluis.com\/index.php\/wp-json\/wp\/v2\/comments?post=26864"}],"version-history":[{"count":1,"href":"https:\/\/apuntesdesanluis.com\/index.php\/wp-json\/wp\/v2\/posts\/26864\/revisions"}],"predecessor-version":[{"id":26869,"href":"https:\/\/apuntesdesanluis.com\/index.php\/wp-json\/wp\/v2\/posts\/26864\/revisions\/26869"}],"wp:featuredmedia":[{"embeddable":true,"href":"https:\/\/apuntesdesanluis.com\/index.php\/wp-json\/wp\/v2\/media\/26865"}],"wp:attachment":[{"href":"https:\/\/apuntesdesanluis.com\/index.php\/wp-json\/wp\/v2\/media?parent=26864"}],"wp:term":[{"taxonomy":"category","embeddable":true,"href":"https:\/\/apuntesdesanluis.com\/index.php\/wp-json\/wp\/v2\/categories?post=26864"},{"taxonomy":"post_tag","embeddable":true,"href":"https:\/\/apuntesdesanluis.com\/index.php\/wp-json\/wp\/v2\/tags?post=26864"}],"curies":[{"name":"wp","href":"https:\/\/api.w.org\/{rel}","templated":true}]}}