{"id":26870,"date":"2024-12-17T18:43:37","date_gmt":"2024-12-17T21:43:37","guid":{"rendered":"https:\/\/apuntesdesanluis.com\/?p=26870"},"modified":"2024-12-17T18:55:22","modified_gmt":"2024-12-17T21:55:22","slug":"elevan-a-juicio-la-causa-contra-el-fiscal-fernando-salas-acusado-de-violencia-de-genero","status":"publish","type":"post","link":"https:\/\/apuntesdesanluis.com\/index.php\/2024\/12\/17\/elevan-a-juicio-la-causa-contra-el-fiscal-fernando-salas-acusado-de-violencia-de-genero\/","title":{"rendered":"ELEVAN A JUICIO LA CAUSA CONTRA EL FISCAL FERNANDO SALAS, ACUSADO DE VIOLENCIA DE G\u00c9NERO"},"content":{"rendered":"<h3><strong>Fernando Andr\u00e9s Salas<\/strong>, fiscal adjunto, enfrentar\u00e1 un juicio oral tras ser imputado por amenazas y desobediencia en perjuicio de su expareja y sus hijas. Adem\u00e1s, la jueza orden\u00f3 que contin\u00fae utilizando la tobillera electr\u00f3nica por tres meses m\u00e1s.<\/h3>\n<h3>La audiencia de control de acusaci\u00f3n se llev\u00f3 a cabo este martes, luego de haber sido suspendida en varias ocasiones.<\/h3>\n<h3>Salas, quien desempe\u00f1a sus funciones de manera remota y bajo monitoreo electr\u00f3nico, fue denunciado el a\u00f1o pasado por hechos de violencia que involucran tanto a su expareja como a sus hijas. Sin embargo, durante el proceso, se registraron nuevos episodios.<\/h3>\n<h3>La audiencia dur\u00f3 m\u00e1s de dos horas y estuvo a cargo de la jueza de Garant\u00eda, Agustina Dopazo Samper. A pesar de tratarse de un procedimiento p\u00fablico, la defensa de Salas, representada por Omar Ur\u00eda y Lucas Sosa, junto al fiscal Maximiliano Bazla Cassina, solicitaron que la prensa no tuviera acceso.<\/h3>\n<h3>Tras escuchar las presentaciones de las partes y los argumentos de la defensa, la jueza Dopazo Samper resolvi\u00f3 elevar la causa a juicio. Salas enfrenta cargos por cinco hechos de amenazas y cinco de desobediencia, todos en un contexto de violencia de g\u00e9nero y en concurso real.<\/h3>\n<h3>Inicialmente, Salas hab\u00eda sido acusado por siete episodios de desobediencia, pero dos de ellos quedaron descartados en esta instancia al determinarse que ocurrieron antes de que se dictara la prohibici\u00f3n de acercamiento vigente.<\/h3>\n<h3>El fiscal Bazla Cassina ratific\u00f3 el pedido de una condena de dos a\u00f1os de prisi\u00f3n en suspenso. Por otro lado, a pedido del abogado querellante, Santiago Calder\u00f3n Salom\u00f3n, la jueza decidi\u00f3 extender por tres meses m\u00e1s la prohibici\u00f3n de acercamiento y el uso de tobillera electr\u00f3nica, al considerarse que existe un riesgo vigente en el caso.<\/h3>\n<h3>Durante la investigaci\u00f3n, se reunieron pruebas que evidencian violencia psicol\u00f3gica, amenazas, agresiones verbales, hostigamiento, control y descalificaciones hacia su expareja y sus hijas.<\/h3>\n<h3>Cabe recordar que en agosto se hab\u00eda planteado una suspensi\u00f3n del juicio a prueba, bajo la condici\u00f3n de que Salas cumpliera ciertas medidas, incluida su internaci\u00f3n en una cl\u00ednica privada fuera de San Luis. Sin embargo, esta propuesta fue rechazada debido a la oposici\u00f3n de la defensora de Ni\u00f1ez, Adolescencia e Incapaces, Marcela Torres Cappiello, lo que motiv\u00f3 la decisi\u00f3n final de la jueza Dopazo Samper.<\/h3>\n<p>&nbsp;<\/p>\n<p>&nbsp;<\/p>\n<p>&nbsp;<\/p>\n<p>&nbsp;<\/p>\n<p>&nbsp;<\/p>\n","protected":false},"excerpt":{"rendered":"<p>Fernando Andr\u00e9s Salas, fiscal adjunto, enfrentar\u00e1 un juicio oral tras ser imputado por amenazas y&#8230;<\/p>\n","protected":false},"author":1,"featured_media":20762,"comment_status":"closed","ping_status":"closed","sticky":false,"template":"","format":"standard","meta":{"footnotes":""},"categories":[6],"tags":[],"class_list":["post-26870","post","type-post","status-publish","format-standard","has-post-thumbnail","hentry","category-ciudad-provincia"],"yoast_head":"<!-- This site is optimized with the Yoast SEO plugin v26.1.1 - https:\/\/yoast.com\/wordpress\/plugins\/seo\/ -->\n<title>ELEVAN A JUICIO LA CAUSA CONTRA EL FISCAL FERNANDO SALAS, ACUSADO DE VIOLENCIA DE G\u00c9NERO - Apuntes de San Luis<\/title>\n<meta name=\"robots\" content=\"index, follow, max-snippet:-1, max-image-preview:large, max-video-preview:-1\" \/>\n<link rel=\"canonical\" href=\"https:\/\/apuntesdesanluis.com\/index.php\/2024\/12\/17\/elevan-a-juicio-la-causa-contra-el-fiscal-fernando-salas-acusado-de-violencia-de-genero\/\" \/>\n<meta property=\"og:locale\" content=\"es_ES\" \/>\n<meta property=\"og:type\" content=\"article\" \/>\n<meta property=\"og:title\" content=\"ELEVAN A JUICIO LA CAUSA CONTRA EL FISCAL FERNANDO SALAS, ACUSADO DE VIOLENCIA DE G\u00c9NERO - Apuntes de San Luis\" \/>\n<meta property=\"og:description\" content=\"Fernando Andr\u00e9s Salas, fiscal adjunto, enfrentar\u00e1 un juicio oral tras ser imputado por amenazas y...\" \/>\n<meta property=\"og:url\" content=\"https:\/\/apuntesdesanluis.com\/index.php\/2024\/12\/17\/elevan-a-juicio-la-causa-contra-el-fiscal-fernando-salas-acusado-de-violencia-de-genero\/\" \/>\n<meta property=\"og:site_name\" content=\"Apuntes de San Luis\" \/>\n<meta property=\"article:published_time\" content=\"2024-12-17T21:43:37+00:00\" \/>\n<meta property=\"article:modified_time\" content=\"2024-12-17T21:55:22+00:00\" \/>\n<meta property=\"og:image\" content=\"https:\/\/apuntesdesanluis.com\/wp-content\/uploads\/2024\/08\/fernando-salas.png\" \/>\n\t<meta property=\"og:image:width\" content=\"700\" \/>\n\t<meta property=\"og:image:height\" content=\"446\" \/>\n\t<meta property=\"og:image:type\" content=\"image\/png\" \/>\n<meta name=\"author\" content=\"apuntesdesanluis.com\" \/>\n<meta name=\"twitter:card\" content=\"summary_large_image\" \/>\n<meta name=\"twitter:label1\" content=\"Escrito por\" \/>\n\t<meta name=\"twitter:data1\" content=\"apuntesdesanluis.com\" \/>\n\t<meta name=\"twitter:label2\" content=\"Tiempo de lectura\" \/>\n\t<meta name=\"twitter:data2\" content=\"2 minutos\" \/>\n<script type=\"application\/ld+json\" class=\"yoast-schema-graph\">{\"@context\":\"https:\/\/schema.org\",\"@graph\":[{\"@type\":\"Article\",\"@id\":\"https:\/\/apuntesdesanluis.com\/index.php\/2024\/12\/17\/elevan-a-juicio-la-causa-contra-el-fiscal-fernando-salas-acusado-de-violencia-de-genero\/#article\",\"isPartOf\":{\"@id\":\"https:\/\/apuntesdesanluis.com\/index.php\/2024\/12\/17\/elevan-a-juicio-la-causa-contra-el-fiscal-fernando-salas-acusado-de-violencia-de-genero\/\"},\"author\":{\"name\":\"apuntesdesanluis.com\",\"@id\":\"https:\/\/apuntesdesanluis.com\/#\/schema\/person\/b55151d52296fcce64d1a72538a70b90\"},\"headline\":\"ELEVAN A JUICIO LA CAUSA CONTRA EL FISCAL FERNANDO SALAS, ACUSADO DE VIOLENCIA DE G\u00c9NERO\",\"datePublished\":\"2024-12-17T21:43:37+00:00\",\"dateModified\":\"2024-12-17T21:55:22+00:00\",\"mainEntityOfPage\":{\"@id\":\"https:\/\/apuntesdesanluis.com\/index.php\/2024\/12\/17\/elevan-a-juicio-la-causa-contra-el-fiscal-fernando-salas-acusado-de-violencia-de-genero\/\"},\"wordCount\":428,\"publisher\":{\"@id\":\"https:\/\/apuntesdesanluis.com\/#\/schema\/person\/b55151d52296fcce64d1a72538a70b90\"},\"image\":{\"@id\":\"https:\/\/apuntesdesanluis.com\/index.php\/2024\/12\/17\/elevan-a-juicio-la-causa-contra-el-fiscal-fernando-salas-acusado-de-violencia-de-genero\/#primaryimage\"},\"thumbnailUrl\":\"https:\/\/apuntesdesanluis.com\/wp-content\/uploads\/2024\/08\/fernando-salas.png\",\"articleSection\":[\"Ciudad\/Provincia\"],\"inLanguage\":\"es-AR\"},{\"@type\":\"WebPage\",\"@id\":\"https:\/\/apuntesdesanluis.com\/index.php\/2024\/12\/17\/elevan-a-juicio-la-causa-contra-el-fiscal-fernando-salas-acusado-de-violencia-de-genero\/\",\"url\":\"https:\/\/apuntesdesanluis.com\/index.php\/2024\/12\/17\/elevan-a-juicio-la-causa-contra-el-fiscal-fernando-salas-acusado-de-violencia-de-genero\/\",\"name\":\"ELEVAN A JUICIO LA CAUSA CONTRA EL FISCAL FERNANDO SALAS, ACUSADO DE VIOLENCIA DE G\u00c9NERO - Apuntes de San Luis\",\"isPartOf\":{\"@id\":\"https:\/\/apuntesdesanluis.com\/#website\"},\"primaryImageOfPage\":{\"@id\":\"https:\/\/apuntesdesanluis.com\/index.php\/2024\/12\/17\/elevan-a-juicio-la-causa-contra-el-fiscal-fernando-salas-acusado-de-violencia-de-genero\/#primaryimage\"},\"image\":{\"@id\":\"https:\/\/apuntesdesanluis.com\/index.php\/2024\/12\/17\/elevan-a-juicio-la-causa-contra-el-fiscal-fernando-salas-acusado-de-violencia-de-genero\/#primaryimage\"},\"thumbnailUrl\":\"https:\/\/apuntesdesanluis.com\/wp-content\/uploads\/2024\/08\/fernando-salas.png\",\"datePublished\":\"2024-12-17T21:43:37+00:00\",\"dateModified\":\"2024-12-17T21:55:22+00:00\",\"breadcrumb\":{\"@id\":\"https:\/\/apuntesdesanluis.com\/index.php\/2024\/12\/17\/elevan-a-juicio-la-causa-contra-el-fiscal-fernando-salas-acusado-de-violencia-de-genero\/#breadcrumb\"},\"inLanguage\":\"es-AR\",\"potentialAction\":[{\"@type\":\"ReadAction\",\"target\":[\"https:\/\/apuntesdesanluis.com\/index.php\/2024\/12\/17\/elevan-a-juicio-la-causa-contra-el-fiscal-fernando-salas-acusado-de-violencia-de-genero\/\"]}]},{\"@type\":\"ImageObject\",\"inLanguage\":\"es-AR\",\"@id\":\"https:\/\/apuntesdesanluis.com\/index.php\/2024\/12\/17\/elevan-a-juicio-la-causa-contra-el-fiscal-fernando-salas-acusado-de-violencia-de-genero\/#primaryimage\",\"url\":\"https:\/\/apuntesdesanluis.com\/wp-content\/uploads\/2024\/08\/fernando-salas.png\",\"contentUrl\":\"https:\/\/apuntesdesanluis.com\/wp-content\/uploads\/2024\/08\/fernando-salas.png\",\"width\":700,\"height\":446},{\"@type\":\"BreadcrumbList\",\"@id\":\"https:\/\/apuntesdesanluis.com\/index.php\/2024\/12\/17\/elevan-a-juicio-la-causa-contra-el-fiscal-fernando-salas-acusado-de-violencia-de-genero\/#breadcrumb\",\"itemListElement\":[{\"@type\":\"ListItem\",\"position\":1,\"name\":\"Inicio\",\"item\":\"https:\/\/apuntesdesanluis.com\/\"},{\"@type\":\"ListItem\",\"position\":2,\"name\":\"ELEVAN A JUICIO LA CAUSA CONTRA EL FISCAL FERNANDO SALAS, ACUSADO DE VIOLENCIA DE G\u00c9NERO\"}]},{\"@type\":\"WebSite\",\"@id\":\"https:\/\/apuntesdesanluis.com\/#website\",\"url\":\"https:\/\/apuntesdesanluis.com\/\",\"name\":\"Apuntes de San Luis\",\"description\":\"\",\"publisher\":{\"@id\":\"https:\/\/apuntesdesanluis.com\/#\/schema\/person\/b55151d52296fcce64d1a72538a70b90\"},\"potentialAction\":[{\"@type\":\"SearchAction\",\"target\":{\"@type\":\"EntryPoint\",\"urlTemplate\":\"https:\/\/apuntesdesanluis.com\/?s={search_term_string}\"},\"query-input\":{\"@type\":\"PropertyValueSpecification\",\"valueRequired\":true,\"valueName\":\"search_term_string\"}}],\"inLanguage\":\"es-AR\"},{\"@type\":[\"Person\",\"Organization\"],\"@id\":\"https:\/\/apuntesdesanluis.com\/#\/schema\/person\/b55151d52296fcce64d1a72538a70b90\",\"name\":\"apuntesdesanluis.com\",\"image\":{\"@type\":\"ImageObject\",\"inLanguage\":\"es-AR\",\"@id\":\"https:\/\/apuntesdesanluis.com\/#\/schema\/person\/image\/\",\"url\":\"https:\/\/apuntesdesanluis.com\/wp-content\/uploads\/2023\/07\/cropped-apuntesdesanluis.png\",\"contentUrl\":\"https:\/\/apuntesdesanluis.com\/wp-content\/uploads\/2023\/07\/cropped-apuntesdesanluis.png\",\"width\":450,\"height\":112,\"caption\":\"apuntesdesanluis.com\"},\"logo\":{\"@id\":\"https:\/\/apuntesdesanluis.com\/#\/schema\/person\/image\/\"},\"sameAs\":[\"https:\/\/apuntesdesanluis.com\"],\"url\":\"https:\/\/apuntesdesanluis.com\/index.php\/author\/apuntesdesanluis-com\/\"}]}<\/script>\n<!-- \/ Yoast SEO plugin. -->","yoast_head_json":{"title":"ELEVAN A JUICIO LA CAUSA CONTRA EL FISCAL FERNANDO SALAS, ACUSADO DE VIOLENCIA DE G\u00c9NERO - Apuntes de San Luis","robots":{"index":"index","follow":"follow","max-snippet":"max-snippet:-1","max-image-preview":"max-image-preview:large","max-video-preview":"max-video-preview:-1"},"canonical":"https:\/\/apuntesdesanluis.com\/index.php\/2024\/12\/17\/elevan-a-juicio-la-causa-contra-el-fiscal-fernando-salas-acusado-de-violencia-de-genero\/","og_locale":"es_ES","og_type":"article","og_title":"ELEVAN A JUICIO LA CAUSA CONTRA EL FISCAL FERNANDO SALAS, ACUSADO DE VIOLENCIA DE G\u00c9NERO - Apuntes de San Luis","og_description":"Fernando Andr\u00e9s Salas, fiscal adjunto, enfrentar\u00e1 un juicio oral tras ser imputado por amenazas y...","og_url":"https:\/\/apuntesdesanluis.com\/index.php\/2024\/12\/17\/elevan-a-juicio-la-causa-contra-el-fiscal-fernando-salas-acusado-de-violencia-de-genero\/","og_site_name":"Apuntes de San Luis","article_published_time":"2024-12-17T21:43:37+00:00","article_modified_time":"2024-12-17T21:55:22+00:00","og_image":[{"width":700,"height":446,"url":"https:\/\/apuntesdesanluis.com\/wp-content\/uploads\/2024\/08\/fernando-salas.png","type":"image\/png"}],"author":"apuntesdesanluis.com","twitter_card":"summary_large_image","twitter_misc":{"Escrito por":"apuntesdesanluis.com","Tiempo de lectura":"2 minutos"},"schema":{"@context":"https:\/\/schema.org","@graph":[{"@type":"Article","@id":"https:\/\/apuntesdesanluis.com\/index.php\/2024\/12\/17\/elevan-a-juicio-la-causa-contra-el-fiscal-fernando-salas-acusado-de-violencia-de-genero\/#article","isPartOf":{"@id":"https:\/\/apuntesdesanluis.com\/index.php\/2024\/12\/17\/elevan-a-juicio-la-causa-contra-el-fiscal-fernando-salas-acusado-de-violencia-de-genero\/"},"author":{"name":"apuntesdesanluis.com","@id":"https:\/\/apuntesdesanluis.com\/#\/schema\/person\/b55151d52296fcce64d1a72538a70b90"},"headline":"ELEVAN A JUICIO LA CAUSA CONTRA EL FISCAL FERNANDO SALAS, ACUSADO DE VIOLENCIA DE G\u00c9NERO","datePublished":"2024-12-17T21:43:37+00:00","dateModified":"2024-12-17T21:55:22+00:00","mainEntityOfPage":{"@id":"https:\/\/apuntesdesanluis.com\/index.php\/2024\/12\/17\/elevan-a-juicio-la-causa-contra-el-fiscal-fernando-salas-acusado-de-violencia-de-genero\/"},"wordCount":428,"publisher":{"@id":"https:\/\/apuntesdesanluis.com\/#\/schema\/person\/b55151d52296fcce64d1a72538a70b90"},"image":{"@id":"https:\/\/apuntesdesanluis.com\/index.php\/2024\/12\/17\/elevan-a-juicio-la-causa-contra-el-fiscal-fernando-salas-acusado-de-violencia-de-genero\/#primaryimage"},"thumbnailUrl":"https:\/\/apuntesdesanluis.com\/wp-content\/uploads\/2024\/08\/fernando-salas.png","articleSection":["Ciudad\/Provincia"],"inLanguage":"es-AR"},{"@type":"WebPage","@id":"https:\/\/apuntesdesanluis.com\/index.php\/2024\/12\/17\/elevan-a-juicio-la-causa-contra-el-fiscal-fernando-salas-acusado-de-violencia-de-genero\/","url":"https:\/\/apuntesdesanluis.com\/index.php\/2024\/12\/17\/elevan-a-juicio-la-causa-contra-el-fiscal-fernando-salas-acusado-de-violencia-de-genero\/","name":"ELEVAN A JUICIO LA CAUSA CONTRA EL FISCAL FERNANDO SALAS, ACUSADO DE VIOLENCIA DE G\u00c9NERO - Apuntes de San Luis","isPartOf":{"@id":"https:\/\/apuntesdesanluis.com\/#website"},"primaryImageOfPage":{"@id":"https:\/\/apuntesdesanluis.com\/index.php\/2024\/12\/17\/elevan-a-juicio-la-causa-contra-el-fiscal-fernando-salas-acusado-de-violencia-de-genero\/#primaryimage"},"image":{"@id":"https:\/\/apuntesdesanluis.com\/index.php\/2024\/12\/17\/elevan-a-juicio-la-causa-contra-el-fiscal-fernando-salas-acusado-de-violencia-de-genero\/#primaryimage"},"thumbnailUrl":"https:\/\/apuntesdesanluis.com\/wp-content\/uploads\/2024\/08\/fernando-salas.png","datePublished":"2024-12-17T21:43:37+00:00","dateModified":"2024-12-17T21:55:22+00:00","breadcrumb":{"@id":"https:\/\/apuntesdesanluis.com\/index.php\/2024\/12\/17\/elevan-a-juicio-la-causa-contra-el-fiscal-fernando-salas-acusado-de-violencia-de-genero\/#breadcrumb"},"inLanguage":"es-AR","potentialAction":[{"@type":"ReadAction","target":["https:\/\/apuntesdesanluis.com\/index.php\/2024\/12\/17\/elevan-a-juicio-la-causa-contra-el-fiscal-fernando-salas-acusado-de-violencia-de-genero\/"]}]},{"@type":"ImageObject","inLanguage":"es-AR","@id":"https:\/\/apuntesdesanluis.com\/index.php\/2024\/12\/17\/elevan-a-juicio-la-causa-contra-el-fiscal-fernando-salas-acusado-de-violencia-de-genero\/#primaryimage","url":"https:\/\/apuntesdesanluis.com\/wp-content\/uploads\/2024\/08\/fernando-salas.png","contentUrl":"https:\/\/apuntesdesanluis.com\/wp-content\/uploads\/2024\/08\/fernando-salas.png","width":700,"height":446},{"@type":"BreadcrumbList","@id":"https:\/\/apuntesdesanluis.com\/index.php\/2024\/12\/17\/elevan-a-juicio-la-causa-contra-el-fiscal-fernando-salas-acusado-de-violencia-de-genero\/#breadcrumb","itemListElement":[{"@type":"ListItem","position":1,"name":"Inicio","item":"https:\/\/apuntesdesanluis.com\/"},{"@type":"ListItem","position":2,"name":"ELEVAN A JUICIO LA CAUSA CONTRA EL FISCAL FERNANDO SALAS, ACUSADO DE VIOLENCIA DE G\u00c9NERO"}]},{"@type":"WebSite","@id":"https:\/\/apuntesdesanluis.com\/#website","url":"https:\/\/apuntesdesanluis.com\/","name":"Apuntes de San Luis","description":"","publisher":{"@id":"https:\/\/apuntesdesanluis.com\/#\/schema\/person\/b55151d52296fcce64d1a72538a70b90"},"potentialAction":[{"@type":"SearchAction","target":{"@type":"EntryPoint","urlTemplate":"https:\/\/apuntesdesanluis.com\/?s={search_term_string}"},"query-input":{"@type":"PropertyValueSpecification","valueRequired":true,"valueName":"search_term_string"}}],"inLanguage":"es-AR"},{"@type":["Person","Organization"],"@id":"https:\/\/apuntesdesanluis.com\/#\/schema\/person\/b55151d52296fcce64d1a72538a70b90","name":"apuntesdesanluis.com","image":{"@type":"ImageObject","inLanguage":"es-AR","@id":"https:\/\/apuntesdesanluis.com\/#\/schema\/person\/image\/","url":"https:\/\/apuntesdesanluis.com\/wp-content\/uploads\/2023\/07\/cropped-apuntesdesanluis.png","contentUrl":"https:\/\/apuntesdesanluis.com\/wp-content\/uploads\/2023\/07\/cropped-apuntesdesanluis.png","width":450,"height":112,"caption":"apuntesdesanluis.com"},"logo":{"@id":"https:\/\/apuntesdesanluis.com\/#\/schema\/person\/image\/"},"sameAs":["https:\/\/apuntesdesanluis.com"],"url":"https:\/\/apuntesdesanluis.com\/index.php\/author\/apuntesdesanluis-com\/"}]}},"featured_image_urls":{"full":["https:\/\/apuntesdesanluis.com\/wp-content\/uploads\/2024\/08\/fernando-salas.png",700,446,false],"thumbnail":["https:\/\/apuntesdesanluis.com\/wp-content\/uploads\/2024\/08\/fernando-salas-150x150.png",150,150,true],"medium":["https:\/\/apuntesdesanluis.com\/wp-content\/uploads\/2024\/08\/fernando-salas-300x191.png",300,191,true],"medium_large":["https:\/\/apuntesdesanluis.com\/wp-content\/uploads\/2024\/08\/fernando-salas.png",640,408,false],"large":["https:\/\/apuntesdesanluis.com\/wp-content\/uploads\/2024\/08\/fernando-salas.png",640,408,false],"1536x1536":["https:\/\/apuntesdesanluis.com\/wp-content\/uploads\/2024\/08\/fernando-salas.png",700,446,false],"2048x2048":["https:\/\/apuntesdesanluis.com\/wp-content\/uploads\/2024\/08\/fernando-salas.png",700,446,false],"newsever-slider-full":["https:\/\/apuntesdesanluis.com\/wp-content\/uploads\/2024\/08\/fernando-salas.png",700,446,false],"newsever-featured":["https:\/\/apuntesdesanluis.com\/wp-content\/uploads\/2024\/08\/fernando-salas.png",700,446,false],"newsever-medium":["https:\/\/apuntesdesanluis.com\/wp-content\/uploads\/2024\/08\/fernando-salas.png",700,446,false]},"author_info":{"display_name":"apuntesdesanluis.com","author_link":"https:\/\/apuntesdesanluis.com\/index.php\/author\/apuntesdesanluis-com\/"},"category_info":"<a href=\"https:\/\/apuntesdesanluis.com\/index.php\/category\/ciudad-provincia\/\" rel=\"category tag\">Ciudad\/Provincia<\/a>","tag_info":"Ciudad\/Provincia","comment_count":"0","_links":{"self":[{"href":"https:\/\/apuntesdesanluis.com\/index.php\/wp-json\/wp\/v2\/posts\/26870","targetHints":{"allow":["GET"]}}],"collection":[{"href":"https:\/\/apuntesdesanluis.com\/index.php\/wp-json\/wp\/v2\/posts"}],"about":[{"href":"https:\/\/apuntesdesanluis.com\/index.php\/wp-json\/wp\/v2\/types\/post"}],"author":[{"embeddable":true,"href":"https:\/\/apuntesdesanluis.com\/index.php\/wp-json\/wp\/v2\/users\/1"}],"replies":[{"embeddable":true,"href":"https:\/\/apuntesdesanluis.com\/index.php\/wp-json\/wp\/v2\/comments?post=26870"}],"version-history":[{"count":1,"href":"https:\/\/apuntesdesanluis.com\/index.php\/wp-json\/wp\/v2\/posts\/26870\/revisions"}],"predecessor-version":[{"id":26871,"href":"https:\/\/apuntesdesanluis.com\/index.php\/wp-json\/wp\/v2\/posts\/26870\/revisions\/26871"}],"wp:featuredmedia":[{"embeddable":true,"href":"https:\/\/apuntesdesanluis.com\/index.php\/wp-json\/wp\/v2\/media\/20762"}],"wp:attachment":[{"href":"https:\/\/apuntesdesanluis.com\/index.php\/wp-json\/wp\/v2\/media?parent=26870"}],"wp:term":[{"taxonomy":"category","embeddable":true,"href":"https:\/\/apuntesdesanluis.com\/index.php\/wp-json\/wp\/v2\/categories?post=26870"},{"taxonomy":"post_tag","embeddable":true,"href":"https:\/\/apuntesdesanluis.com\/index.php\/wp-json\/wp\/v2\/tags?post=26870"}],"curies":[{"name":"wp","href":"https:\/\/api.w.org\/{rel}","templated":true}]}}