{"id":26875,"date":"2024-12-17T19:15:55","date_gmt":"2024-12-17T22:15:55","guid":{"rendered":"https:\/\/apuntesdesanluis.com\/?p=26875"},"modified":"2024-12-17T19:15:55","modified_gmt":"2024-12-17T22:15:55","slug":"anuncian-capacitacion-a-magistrados-sobre-programa-de-inteligencia-artificial","status":"publish","type":"post","link":"https:\/\/apuntesdesanluis.com\/index.php\/2024\/12\/17\/anuncian-capacitacion-a-magistrados-sobre-programa-de-inteligencia-artificial\/","title":{"rendered":"ANUNCIAN CAPACITACI\u00d3N A MAGISTRADOS SOBRE PROGRAMA DE INTELIGENCIA ARTIFICIAL"},"content":{"rendered":"<h3>El Poder Judicial de San Luis iniciar\u00e1 la segunda fase del novedoso <strong>Programa de Inteligencia Artificial<\/strong> (IA) con una capacitaci\u00f3n para Magistrados que comenzar\u00e1 en <strong>febrero del 2025<\/strong>.<\/h3>\n<h3>El prop\u00f3sito del entrenamiento es generar habilidades para operar con <strong>\u201cIurix Mind\u201d<\/strong>, una herramienta de Inteligencia Artificial Generativa que aplica diversas tecnolog\u00edas de lenguaje natural avanzado en los procesos judiciales de Iurix Cloud Native.<\/h3>\n<h3>La formaci\u00f3n estar\u00e1 a cargo de los Dres. <strong>Juan Gustavo Corval\u00e1n<\/strong> y <strong>Sebasti\u00e1n Chumbita<\/strong>, referentes del Laboratorio de Innovaci\u00f3n e Inteligencia Artificial de la Facultad de Derecho de la Universidad de Buenos Aires (UBA- IALAB). Este organismo tiene una reconocida trayectoria en la tem\u00e1tica y ha llevado a cabo importantes proyectos de investigaci\u00f3n y aplicaci\u00f3n en organismos judiciales nacionales e internacionales logrando m\u00faltiples reconocimientos y prestigio.<\/h3>\n<h3>Si bien en esta primera instancia las capacitaciones estar\u00e1n destinadas a Jueces y Juezas, posteriormente se prev\u00e9 la incorporaci\u00f3n de funcionarios y empleados del Poder Judicial y abogados.<\/h3>\n<p><img fetchpriority=\"high\" decoding=\"async\" class=\"wp-image-26877 aligncenter\" src=\"https:\/\/apuntesdesanluis.com\/wp-content\/uploads\/2024\/12\/IURIX-MIND-300x167.png\" alt=\"\" width=\"657\" height=\"366\" srcset=\"https:\/\/apuntesdesanluis.com\/wp-content\/uploads\/2024\/12\/IURIX-MIND-300x167.png 300w, https:\/\/apuntesdesanluis.com\/wp-content\/uploads\/2024\/12\/IURIX-MIND-720x402.png 720w, https:\/\/apuntesdesanluis.com\/wp-content\/uploads\/2024\/12\/IURIX-MIND.png 722w\" sizes=\"(max-width: 657px) 100vw, 657px\" \/><\/p>\n<h3><strong>\u00bfQU\u00c9 ES IURIX MIND?<\/strong><\/h3>\n<h3>Iurix Mind es un asistente cognitivo basado en Inteligencia Artificial Generativa. Este avance tecnol\u00f3gico permitir\u00e1 a los operadores judiciales interactuar de manera \u00e1gil con los expedientes de manera de generar documentaci\u00f3n judicial relevante y adecuada, reduciendo los tiempos de la resoluci\u00f3n de las causas y mejorando la toma de decisiones.<\/h3>\n<h3>Entre otras tareas facilitar\u00e1 la automatizaci\u00f3n de datos para ingresar escritos, el acceso a res\u00famenes de actuaciones, b\u00fasqueda de informaci\u00f3n contextual de la causa, identificaci\u00f3n de datos espec\u00edficos en actuaciones, anonimizaci\u00f3n de documentos y sugerencia de pasos procesales a seguir.<\/h3>\n<h3><strong>IMPLEMENTACI\u00d3N DE LA IA <\/strong><\/h3>\n<h3>La capacitaci\u00f3n se brindar\u00e1 en el marco de la segunda fase del Programa de Inteligencia Artificial, aprobado mediante Acuerdo N\u00b0 202-STJSL-SA-2024.<\/h3>\n<h3>El Programa se encuentra coordinado por Secretar\u00eda de Inform\u00e1tica Judicial y su objetivo es implementar \u201cIurix Mind\u201d a todas las \u00e1reas del Poder Judicial de San Luis. Durante su aplicaci\u00f3n, se ajustar\u00e1 el sistema seg\u00fan la experiencia obtenida durante la fase piloto y se evaluar\u00e1 la incorporaci\u00f3n de otras herramientas de Inteligencia Artificial Generativa que sean pertinentes para la labor judicial.<\/h3>\n<h3>El Comit\u00e9 de seguimiento del Programa est\u00e1 conformado por Ministros del Superior Tribunal de Justicia, integrantes de Secretar\u00eda de Inform\u00e1tica Judicial y representantes de la Empresa UNITECH, quienes disponen las fechas de inicio y finalizaci\u00f3n de cada instancia, monitorean la implementaci\u00f3n del Programa y realizan los ajustes que fueran necesarios.<\/h3>\n<h3>Este Programa constituye una iniciativa fundamental que busca optimizar los procesos judiciales, mejorar la toma de decisiones y fortalecer la eficiencia del servicio de justicia.<\/h3>\n<h3>Durante la pr\u00f3xima fase se ejecutar\u00e1 una prueba piloto a partir de un despliegue inicial controlado de Iurix Mind en organismos y fueros seleccionados seg\u00fan pertinencia para posteriormente realizar evaluaciones y ajustes.<\/h3>\n<h3><\/h3>\n<h3><\/h3>\n<h3><\/h3>\n<p>&nbsp;<\/p>\n","protected":false},"excerpt":{"rendered":"<p>El Poder Judicial de San Luis iniciar\u00e1 la segunda fase del novedoso Programa de Inteligencia&#8230;<\/p>\n","protected":false},"author":1,"featured_media":26876,"comment_status":"closed","ping_status":"closed","sticky":false,"template":"","format":"standard","meta":{"footnotes":""},"categories":[6],"tags":[],"class_list":["post-26875","post","type-post","status-publish","format-standard","has-post-thumbnail","hentry","category-ciudad-provincia"],"yoast_head":"<!-- This site is optimized with the Yoast SEO plugin v26.1.1 - https:\/\/yoast.com\/wordpress\/plugins\/seo\/ -->\n<title>ANUNCIAN CAPACITACI\u00d3N A MAGISTRADOS SOBRE PROGRAMA DE INTELIGENCIA ARTIFICIAL - Apuntes de San Luis<\/title>\n<meta name=\"robots\" content=\"index, follow, max-snippet:-1, max-image-preview:large, max-video-preview:-1\" \/>\n<link rel=\"canonical\" href=\"https:\/\/apuntesdesanluis.com\/index.php\/2024\/12\/17\/anuncian-capacitacion-a-magistrados-sobre-programa-de-inteligencia-artificial\/\" \/>\n<meta property=\"og:locale\" content=\"es_ES\" \/>\n<meta property=\"og:type\" content=\"article\" \/>\n<meta property=\"og:title\" content=\"ANUNCIAN CAPACITACI\u00d3N A MAGISTRADOS SOBRE PROGRAMA DE INTELIGENCIA ARTIFICIAL - Apuntes de San Luis\" \/>\n<meta property=\"og:description\" content=\"El Poder Judicial de San Luis iniciar\u00e1 la segunda fase del novedoso Programa de Inteligencia...\" \/>\n<meta property=\"og:url\" content=\"https:\/\/apuntesdesanluis.com\/index.php\/2024\/12\/17\/anuncian-capacitacion-a-magistrados-sobre-programa-de-inteligencia-artificial\/\" \/>\n<meta property=\"og:site_name\" content=\"Apuntes de San Luis\" \/>\n<meta property=\"article:published_time\" content=\"2024-12-17T22:15:55+00:00\" \/>\n<meta property=\"og:image\" content=\"https:\/\/apuntesdesanluis.com\/wp-content\/uploads\/2024\/12\/INTELIGENCIA-ARTIFICIAL-EN-LA-JUSTICIA.png\" \/>\n\t<meta property=\"og:image:width\" content=\"700\" \/>\n\t<meta property=\"og:image:height\" content=\"405\" \/>\n\t<meta property=\"og:image:type\" content=\"image\/png\" \/>\n<meta name=\"author\" content=\"apuntesdesanluis.com\" \/>\n<meta name=\"twitter:card\" content=\"summary_large_image\" \/>\n<meta name=\"twitter:label1\" content=\"Escrito por\" \/>\n\t<meta name=\"twitter:data1\" content=\"apuntesdesanluis.com\" \/>\n\t<meta name=\"twitter:label2\" content=\"Tiempo de lectura\" \/>\n\t<meta name=\"twitter:data2\" content=\"3 minutos\" \/>\n<script type=\"application\/ld+json\" class=\"yoast-schema-graph\">{\"@context\":\"https:\/\/schema.org\",\"@graph\":[{\"@type\":\"Article\",\"@id\":\"https:\/\/apuntesdesanluis.com\/index.php\/2024\/12\/17\/anuncian-capacitacion-a-magistrados-sobre-programa-de-inteligencia-artificial\/#article\",\"isPartOf\":{\"@id\":\"https:\/\/apuntesdesanluis.com\/index.php\/2024\/12\/17\/anuncian-capacitacion-a-magistrados-sobre-programa-de-inteligencia-artificial\/\"},\"author\":{\"name\":\"apuntesdesanluis.com\",\"@id\":\"https:\/\/apuntesdesanluis.com\/#\/schema\/person\/b55151d52296fcce64d1a72538a70b90\"},\"headline\":\"ANUNCIAN CAPACITACI\u00d3N A MAGISTRADOS SOBRE PROGRAMA DE INTELIGENCIA ARTIFICIAL\",\"datePublished\":\"2024-12-17T22:15:55+00:00\",\"mainEntityOfPage\":{\"@id\":\"https:\/\/apuntesdesanluis.com\/index.php\/2024\/12\/17\/anuncian-capacitacion-a-magistrados-sobre-programa-de-inteligencia-artificial\/\"},\"wordCount\":489,\"publisher\":{\"@id\":\"https:\/\/apuntesdesanluis.com\/#\/schema\/person\/b55151d52296fcce64d1a72538a70b90\"},\"image\":{\"@id\":\"https:\/\/apuntesdesanluis.com\/index.php\/2024\/12\/17\/anuncian-capacitacion-a-magistrados-sobre-programa-de-inteligencia-artificial\/#primaryimage\"},\"thumbnailUrl\":\"https:\/\/apuntesdesanluis.com\/wp-content\/uploads\/2024\/12\/INTELIGENCIA-ARTIFICIAL-EN-LA-JUSTICIA.png\",\"articleSection\":[\"Ciudad\/Provincia\"],\"inLanguage\":\"es-AR\"},{\"@type\":\"WebPage\",\"@id\":\"https:\/\/apuntesdesanluis.com\/index.php\/2024\/12\/17\/anuncian-capacitacion-a-magistrados-sobre-programa-de-inteligencia-artificial\/\",\"url\":\"https:\/\/apuntesdesanluis.com\/index.php\/2024\/12\/17\/anuncian-capacitacion-a-magistrados-sobre-programa-de-inteligencia-artificial\/\",\"name\":\"ANUNCIAN CAPACITACI\u00d3N A MAGISTRADOS SOBRE PROGRAMA DE INTELIGENCIA ARTIFICIAL - Apuntes de San Luis\",\"isPartOf\":{\"@id\":\"https:\/\/apuntesdesanluis.com\/#website\"},\"primaryImageOfPage\":{\"@id\":\"https:\/\/apuntesdesanluis.com\/index.php\/2024\/12\/17\/anuncian-capacitacion-a-magistrados-sobre-programa-de-inteligencia-artificial\/#primaryimage\"},\"image\":{\"@id\":\"https:\/\/apuntesdesanluis.com\/index.php\/2024\/12\/17\/anuncian-capacitacion-a-magistrados-sobre-programa-de-inteligencia-artificial\/#primaryimage\"},\"thumbnailUrl\":\"https:\/\/apuntesdesanluis.com\/wp-content\/uploads\/2024\/12\/INTELIGENCIA-ARTIFICIAL-EN-LA-JUSTICIA.png\",\"datePublished\":\"2024-12-17T22:15:55+00:00\",\"breadcrumb\":{\"@id\":\"https:\/\/apuntesdesanluis.com\/index.php\/2024\/12\/17\/anuncian-capacitacion-a-magistrados-sobre-programa-de-inteligencia-artificial\/#breadcrumb\"},\"inLanguage\":\"es-AR\",\"potentialAction\":[{\"@type\":\"ReadAction\",\"target\":[\"https:\/\/apuntesdesanluis.com\/index.php\/2024\/12\/17\/anuncian-capacitacion-a-magistrados-sobre-programa-de-inteligencia-artificial\/\"]}]},{\"@type\":\"ImageObject\",\"inLanguage\":\"es-AR\",\"@id\":\"https:\/\/apuntesdesanluis.com\/index.php\/2024\/12\/17\/anuncian-capacitacion-a-magistrados-sobre-programa-de-inteligencia-artificial\/#primaryimage\",\"url\":\"https:\/\/apuntesdesanluis.com\/wp-content\/uploads\/2024\/12\/INTELIGENCIA-ARTIFICIAL-EN-LA-JUSTICIA.png\",\"contentUrl\":\"https:\/\/apuntesdesanluis.com\/wp-content\/uploads\/2024\/12\/INTELIGENCIA-ARTIFICIAL-EN-LA-JUSTICIA.png\",\"width\":700,\"height\":405},{\"@type\":\"BreadcrumbList\",\"@id\":\"https:\/\/apuntesdesanluis.com\/index.php\/2024\/12\/17\/anuncian-capacitacion-a-magistrados-sobre-programa-de-inteligencia-artificial\/#breadcrumb\",\"itemListElement\":[{\"@type\":\"ListItem\",\"position\":1,\"name\":\"Inicio\",\"item\":\"https:\/\/apuntesdesanluis.com\/\"},{\"@type\":\"ListItem\",\"position\":2,\"name\":\"ANUNCIAN CAPACITACI\u00d3N A MAGISTRADOS SOBRE PROGRAMA DE INTELIGENCIA ARTIFICIAL\"}]},{\"@type\":\"WebSite\",\"@id\":\"https:\/\/apuntesdesanluis.com\/#website\",\"url\":\"https:\/\/apuntesdesanluis.com\/\",\"name\":\"Apuntes de San Luis\",\"description\":\"\",\"publisher\":{\"@id\":\"https:\/\/apuntesdesanluis.com\/#\/schema\/person\/b55151d52296fcce64d1a72538a70b90\"},\"potentialAction\":[{\"@type\":\"SearchAction\",\"target\":{\"@type\":\"EntryPoint\",\"urlTemplate\":\"https:\/\/apuntesdesanluis.com\/?s={search_term_string}\"},\"query-input\":{\"@type\":\"PropertyValueSpecification\",\"valueRequired\":true,\"valueName\":\"search_term_string\"}}],\"inLanguage\":\"es-AR\"},{\"@type\":[\"Person\",\"Organization\"],\"@id\":\"https:\/\/apuntesdesanluis.com\/#\/schema\/person\/b55151d52296fcce64d1a72538a70b90\",\"name\":\"apuntesdesanluis.com\",\"image\":{\"@type\":\"ImageObject\",\"inLanguage\":\"es-AR\",\"@id\":\"https:\/\/apuntesdesanluis.com\/#\/schema\/person\/image\/\",\"url\":\"https:\/\/apuntesdesanluis.com\/wp-content\/uploads\/2023\/07\/cropped-apuntesdesanluis.png\",\"contentUrl\":\"https:\/\/apuntesdesanluis.com\/wp-content\/uploads\/2023\/07\/cropped-apuntesdesanluis.png\",\"width\":450,\"height\":112,\"caption\":\"apuntesdesanluis.com\"},\"logo\":{\"@id\":\"https:\/\/apuntesdesanluis.com\/#\/schema\/person\/image\/\"},\"sameAs\":[\"https:\/\/apuntesdesanluis.com\"],\"url\":\"https:\/\/apuntesdesanluis.com\/index.php\/author\/apuntesdesanluis-com\/\"}]}<\/script>\n<!-- \/ Yoast SEO plugin. -->","yoast_head_json":{"title":"ANUNCIAN CAPACITACI\u00d3N A MAGISTRADOS SOBRE PROGRAMA DE INTELIGENCIA ARTIFICIAL - Apuntes de San Luis","robots":{"index":"index","follow":"follow","max-snippet":"max-snippet:-1","max-image-preview":"max-image-preview:large","max-video-preview":"max-video-preview:-1"},"canonical":"https:\/\/apuntesdesanluis.com\/index.php\/2024\/12\/17\/anuncian-capacitacion-a-magistrados-sobre-programa-de-inteligencia-artificial\/","og_locale":"es_ES","og_type":"article","og_title":"ANUNCIAN CAPACITACI\u00d3N A MAGISTRADOS SOBRE PROGRAMA DE INTELIGENCIA ARTIFICIAL - Apuntes de San Luis","og_description":"El Poder Judicial de San Luis iniciar\u00e1 la segunda fase del novedoso Programa de Inteligencia...","og_url":"https:\/\/apuntesdesanluis.com\/index.php\/2024\/12\/17\/anuncian-capacitacion-a-magistrados-sobre-programa-de-inteligencia-artificial\/","og_site_name":"Apuntes de San Luis","article_published_time":"2024-12-17T22:15:55+00:00","og_image":[{"width":700,"height":405,"url":"https:\/\/apuntesdesanluis.com\/wp-content\/uploads\/2024\/12\/INTELIGENCIA-ARTIFICIAL-EN-LA-JUSTICIA.png","type":"image\/png"}],"author":"apuntesdesanluis.com","twitter_card":"summary_large_image","twitter_misc":{"Escrito por":"apuntesdesanluis.com","Tiempo de lectura":"3 minutos"},"schema":{"@context":"https:\/\/schema.org","@graph":[{"@type":"Article","@id":"https:\/\/apuntesdesanluis.com\/index.php\/2024\/12\/17\/anuncian-capacitacion-a-magistrados-sobre-programa-de-inteligencia-artificial\/#article","isPartOf":{"@id":"https:\/\/apuntesdesanluis.com\/index.php\/2024\/12\/17\/anuncian-capacitacion-a-magistrados-sobre-programa-de-inteligencia-artificial\/"},"author":{"name":"apuntesdesanluis.com","@id":"https:\/\/apuntesdesanluis.com\/#\/schema\/person\/b55151d52296fcce64d1a72538a70b90"},"headline":"ANUNCIAN CAPACITACI\u00d3N A MAGISTRADOS SOBRE PROGRAMA DE INTELIGENCIA ARTIFICIAL","datePublished":"2024-12-17T22:15:55+00:00","mainEntityOfPage":{"@id":"https:\/\/apuntesdesanluis.com\/index.php\/2024\/12\/17\/anuncian-capacitacion-a-magistrados-sobre-programa-de-inteligencia-artificial\/"},"wordCount":489,"publisher":{"@id":"https:\/\/apuntesdesanluis.com\/#\/schema\/person\/b55151d52296fcce64d1a72538a70b90"},"image":{"@id":"https:\/\/apuntesdesanluis.com\/index.php\/2024\/12\/17\/anuncian-capacitacion-a-magistrados-sobre-programa-de-inteligencia-artificial\/#primaryimage"},"thumbnailUrl":"https:\/\/apuntesdesanluis.com\/wp-content\/uploads\/2024\/12\/INTELIGENCIA-ARTIFICIAL-EN-LA-JUSTICIA.png","articleSection":["Ciudad\/Provincia"],"inLanguage":"es-AR"},{"@type":"WebPage","@id":"https:\/\/apuntesdesanluis.com\/index.php\/2024\/12\/17\/anuncian-capacitacion-a-magistrados-sobre-programa-de-inteligencia-artificial\/","url":"https:\/\/apuntesdesanluis.com\/index.php\/2024\/12\/17\/anuncian-capacitacion-a-magistrados-sobre-programa-de-inteligencia-artificial\/","name":"ANUNCIAN CAPACITACI\u00d3N A MAGISTRADOS SOBRE PROGRAMA DE INTELIGENCIA ARTIFICIAL - Apuntes de San Luis","isPartOf":{"@id":"https:\/\/apuntesdesanluis.com\/#website"},"primaryImageOfPage":{"@id":"https:\/\/apuntesdesanluis.com\/index.php\/2024\/12\/17\/anuncian-capacitacion-a-magistrados-sobre-programa-de-inteligencia-artificial\/#primaryimage"},"image":{"@id":"https:\/\/apuntesdesanluis.com\/index.php\/2024\/12\/17\/anuncian-capacitacion-a-magistrados-sobre-programa-de-inteligencia-artificial\/#primaryimage"},"thumbnailUrl":"https:\/\/apuntesdesanluis.com\/wp-content\/uploads\/2024\/12\/INTELIGENCIA-ARTIFICIAL-EN-LA-JUSTICIA.png","datePublished":"2024-12-17T22:15:55+00:00","breadcrumb":{"@id":"https:\/\/apuntesdesanluis.com\/index.php\/2024\/12\/17\/anuncian-capacitacion-a-magistrados-sobre-programa-de-inteligencia-artificial\/#breadcrumb"},"inLanguage":"es-AR","potentialAction":[{"@type":"ReadAction","target":["https:\/\/apuntesdesanluis.com\/index.php\/2024\/12\/17\/anuncian-capacitacion-a-magistrados-sobre-programa-de-inteligencia-artificial\/"]}]},{"@type":"ImageObject","inLanguage":"es-AR","@id":"https:\/\/apuntesdesanluis.com\/index.php\/2024\/12\/17\/anuncian-capacitacion-a-magistrados-sobre-programa-de-inteligencia-artificial\/#primaryimage","url":"https:\/\/apuntesdesanluis.com\/wp-content\/uploads\/2024\/12\/INTELIGENCIA-ARTIFICIAL-EN-LA-JUSTICIA.png","contentUrl":"https:\/\/apuntesdesanluis.com\/wp-content\/uploads\/2024\/12\/INTELIGENCIA-ARTIFICIAL-EN-LA-JUSTICIA.png","width":700,"height":405},{"@type":"BreadcrumbList","@id":"https:\/\/apuntesdesanluis.com\/index.php\/2024\/12\/17\/anuncian-capacitacion-a-magistrados-sobre-programa-de-inteligencia-artificial\/#breadcrumb","itemListElement":[{"@type":"ListItem","position":1,"name":"Inicio","item":"https:\/\/apuntesdesanluis.com\/"},{"@type":"ListItem","position":2,"name":"ANUNCIAN CAPACITACI\u00d3N A MAGISTRADOS SOBRE PROGRAMA DE INTELIGENCIA ARTIFICIAL"}]},{"@type":"WebSite","@id":"https:\/\/apuntesdesanluis.com\/#website","url":"https:\/\/apuntesdesanluis.com\/","name":"Apuntes de San Luis","description":"","publisher":{"@id":"https:\/\/apuntesdesanluis.com\/#\/schema\/person\/b55151d52296fcce64d1a72538a70b90"},"potentialAction":[{"@type":"SearchAction","target":{"@type":"EntryPoint","urlTemplate":"https:\/\/apuntesdesanluis.com\/?s={search_term_string}"},"query-input":{"@type":"PropertyValueSpecification","valueRequired":true,"valueName":"search_term_string"}}],"inLanguage":"es-AR"},{"@type":["Person","Organization"],"@id":"https:\/\/apuntesdesanluis.com\/#\/schema\/person\/b55151d52296fcce64d1a72538a70b90","name":"apuntesdesanluis.com","image":{"@type":"ImageObject","inLanguage":"es-AR","@id":"https:\/\/apuntesdesanluis.com\/#\/schema\/person\/image\/","url":"https:\/\/apuntesdesanluis.com\/wp-content\/uploads\/2023\/07\/cropped-apuntesdesanluis.png","contentUrl":"https:\/\/apuntesdesanluis.com\/wp-content\/uploads\/2023\/07\/cropped-apuntesdesanluis.png","width":450,"height":112,"caption":"apuntesdesanluis.com"},"logo":{"@id":"https:\/\/apuntesdesanluis.com\/#\/schema\/person\/image\/"},"sameAs":["https:\/\/apuntesdesanluis.com"],"url":"https:\/\/apuntesdesanluis.com\/index.php\/author\/apuntesdesanluis-com\/"}]}},"featured_image_urls":{"full":["https:\/\/apuntesdesanluis.com\/wp-content\/uploads\/2024\/12\/INTELIGENCIA-ARTIFICIAL-EN-LA-JUSTICIA.png",700,405,false],"thumbnail":["https:\/\/apuntesdesanluis.com\/wp-content\/uploads\/2024\/12\/INTELIGENCIA-ARTIFICIAL-EN-LA-JUSTICIA-150x150.png",150,150,true],"medium":["https:\/\/apuntesdesanluis.com\/wp-content\/uploads\/2024\/12\/INTELIGENCIA-ARTIFICIAL-EN-LA-JUSTICIA-300x174.png",300,174,true],"medium_large":["https:\/\/apuntesdesanluis.com\/wp-content\/uploads\/2024\/12\/INTELIGENCIA-ARTIFICIAL-EN-LA-JUSTICIA.png",640,370,false],"large":["https:\/\/apuntesdesanluis.com\/wp-content\/uploads\/2024\/12\/INTELIGENCIA-ARTIFICIAL-EN-LA-JUSTICIA.png",640,370,false],"1536x1536":["https:\/\/apuntesdesanluis.com\/wp-content\/uploads\/2024\/12\/INTELIGENCIA-ARTIFICIAL-EN-LA-JUSTICIA.png",700,405,false],"2048x2048":["https:\/\/apuntesdesanluis.com\/wp-content\/uploads\/2024\/12\/INTELIGENCIA-ARTIFICIAL-EN-LA-JUSTICIA.png",700,405,false],"newsever-slider-full":["https:\/\/apuntesdesanluis.com\/wp-content\/uploads\/2024\/12\/INTELIGENCIA-ARTIFICIAL-EN-LA-JUSTICIA.png",700,405,false],"newsever-featured":["https:\/\/apuntesdesanluis.com\/wp-content\/uploads\/2024\/12\/INTELIGENCIA-ARTIFICIAL-EN-LA-JUSTICIA.png",700,405,false],"newsever-medium":["https:\/\/apuntesdesanluis.com\/wp-content\/uploads\/2024\/12\/INTELIGENCIA-ARTIFICIAL-EN-LA-JUSTICIA.png",700,405,false]},"author_info":{"display_name":"apuntesdesanluis.com","author_link":"https:\/\/apuntesdesanluis.com\/index.php\/author\/apuntesdesanluis-com\/"},"category_info":"<a href=\"https:\/\/apuntesdesanluis.com\/index.php\/category\/ciudad-provincia\/\" rel=\"category tag\">Ciudad\/Provincia<\/a>","tag_info":"Ciudad\/Provincia","comment_count":"0","_links":{"self":[{"href":"https:\/\/apuntesdesanluis.com\/index.php\/wp-json\/wp\/v2\/posts\/26875","targetHints":{"allow":["GET"]}}],"collection":[{"href":"https:\/\/apuntesdesanluis.com\/index.php\/wp-json\/wp\/v2\/posts"}],"about":[{"href":"https:\/\/apuntesdesanluis.com\/index.php\/wp-json\/wp\/v2\/types\/post"}],"author":[{"embeddable":true,"href":"https:\/\/apuntesdesanluis.com\/index.php\/wp-json\/wp\/v2\/users\/1"}],"replies":[{"embeddable":true,"href":"https:\/\/apuntesdesanluis.com\/index.php\/wp-json\/wp\/v2\/comments?post=26875"}],"version-history":[{"count":1,"href":"https:\/\/apuntesdesanluis.com\/index.php\/wp-json\/wp\/v2\/posts\/26875\/revisions"}],"predecessor-version":[{"id":26878,"href":"https:\/\/apuntesdesanluis.com\/index.php\/wp-json\/wp\/v2\/posts\/26875\/revisions\/26878"}],"wp:featuredmedia":[{"embeddable":true,"href":"https:\/\/apuntesdesanluis.com\/index.php\/wp-json\/wp\/v2\/media\/26876"}],"wp:attachment":[{"href":"https:\/\/apuntesdesanluis.com\/index.php\/wp-json\/wp\/v2\/media?parent=26875"}],"wp:term":[{"taxonomy":"category","embeddable":true,"href":"https:\/\/apuntesdesanluis.com\/index.php\/wp-json\/wp\/v2\/categories?post=26875"},{"taxonomy":"post_tag","embeddable":true,"href":"https:\/\/apuntesdesanluis.com\/index.php\/wp-json\/wp\/v2\/tags?post=26875"}],"curies":[{"name":"wp","href":"https:\/\/api.w.org\/{rel}","templated":true}]}}