{"id":26885,"date":"2024-12-17T19:58:29","date_gmt":"2024-12-17T22:58:29","guid":{"rendered":"https:\/\/apuntesdesanluis.com\/?p=26885"},"modified":"2024-12-17T19:58:29","modified_gmt":"2024-12-17T22:58:29","slug":"milei-dijo-que-la-detencion-del-gendarme-en-venezuela-fue-un-secuestro-ilegal-y-pidio-su-liberacion","status":"publish","type":"post","link":"https:\/\/apuntesdesanluis.com\/index.php\/2024\/12\/17\/milei-dijo-que-la-detencion-del-gendarme-en-venezuela-fue-un-secuestro-ilegal-y-pidio-su-liberacion\/","title":{"rendered":"MILEI DIJO QUE LA DETENCI\u00d3N DEL GENDARME EN VENEZUELA FUE UN \u201cSECUESTRO ILEGAL\u201d Y PIDI\u00d3 SU LIBERACI\u00d3N"},"content":{"rendered":"<h3><strong>Javier Milei<\/strong> se refiri\u00f3 por primera vez a la detenci\u00f3n de <strong>Nahuel Gallo<\/strong>, el gendarme retenido en Venezuela por el r\u00e9gimen de <strong>Nicol\u00e1s Maduro<\/strong>. El Presidente argentino tild\u00f3 al l\u00edder chavista de \u201cdictador criminal\u201d y dijo que desde su Gobierno trabajan para la liberaci\u00f3n del oficial.<\/h3>\n<h3>Las palabras del mandatario fueron expresadas este martes durante un acto realizado en el Colegio Militar de Buenos Aires, donde encabez\u00f3 una entrega de sables y medallas.<\/h3>\n<h3>En este contexto, comenz\u00f3 su discurso refiri\u00e9ndose al secuestro del gendarme oriundo de la provincia de Catamarca, quien est\u00e1 privado de su libertad desde el pasado 8 de diciembre.<\/h3>\n<h3>\u00a0\u201cEn primer lugar, y antes de comenzar el discurso, quiero referirme al secuestro ilegal de Nahuel Gallo en Venezuela. Fue detenido por las Fuerzas de Seguridad a cargo del dictador criminal Nicol\u00e1s Maduro por el \u00fanico delito de visitar a su pareja y su hijo&#8221;, comenz\u00f3 diciendo Milei.<\/h3>\n<h3>Luego, y mientras Argentina acelera las gestiones diplom\u00e1ticas para aumentar la presi\u00f3n sobre Maduro, el Presidente remarc\u00f3: \u201cExigimos su liberaci\u00f3n inmediata y agotaremos todas las v\u00edas diplom\u00e1ticas para devolverlo sano y salvo a la Argentina\u201d.<\/h3>\n<h3>Desde que Javier Milei conden\u00f3 el fraude en las elecciones presidenciales de julio y reconoci\u00f3 la victoria de Edmundo Gonz\u00e1lez Urrutia, Maduro ech\u00f3 a la diplomacia argentina de Venezuela. En consecuencia, el pa\u00eds se qued\u00f3 sin representaci\u00f3n consular y Brasilia asumi\u00f3 el resguardo de su residencia.<\/h3>\n<h3>Ese punto complica las gestiones actuales por la liberaci\u00f3n de Gallo. Y por este motivo, para resolver la situaci\u00f3n del argentino, las autoridades locales ya pidieron apoyo consular a Brasil.<\/h3>\n<h3>Adem\u00e1s, el Gobierno de Milei explora m\u00faltiples v\u00edas para lograr un salvoconducto y salida a la situaci\u00f3n. Gerardo Werthein, el canciller argentino, es quien lidera las gestiones exteriores para sumar interlocutores que ejerzan presi\u00f3n sobre el r\u00e9gimen bolivariano. Junto a Brasil y Colombia, Buenos Aires tambi\u00e9n est\u00e1 haciendo contactos con Par\u00eds para buscar una soluci\u00f3n.<\/h3>\n<h3><\/h3>\n<h3><\/h3>\n<p>&nbsp;<\/p>\n<h3><\/h3>\n","protected":false},"excerpt":{"rendered":"<p>Javier Milei se refiri\u00f3 por primera vez a la detenci\u00f3n de Nahuel Gallo, el gendarme&#8230;<\/p>\n","protected":false},"author":1,"featured_media":26886,"comment_status":"closed","ping_status":"closed","sticky":false,"template":"","format":"standard","meta":{"footnotes":""},"categories":[5],"tags":[],"class_list":["post-26885","post","type-post","status-publish","format-standard","has-post-thumbnail","hentry","category-nacionales-internacionales"],"yoast_head":"<!-- This site is optimized with the Yoast SEO plugin v26.1.1 - https:\/\/yoast.com\/wordpress\/plugins\/seo\/ -->\n<title>MILEI DIJO QUE LA DETENCI\u00d3N DEL GENDARME EN VENEZUELA FUE UN \u201cSECUESTRO ILEGAL\u201d Y PIDI\u00d3 SU LIBERACI\u00d3N - Apuntes de San Luis<\/title>\n<meta name=\"robots\" content=\"index, follow, max-snippet:-1, max-image-preview:large, max-video-preview:-1\" \/>\n<link rel=\"canonical\" href=\"https:\/\/apuntesdesanluis.com\/index.php\/2024\/12\/17\/milei-dijo-que-la-detencion-del-gendarme-en-venezuela-fue-un-secuestro-ilegal-y-pidio-su-liberacion\/\" \/>\n<meta property=\"og:locale\" content=\"es_ES\" \/>\n<meta property=\"og:type\" content=\"article\" \/>\n<meta property=\"og:title\" content=\"MILEI DIJO QUE LA DETENCI\u00d3N DEL GENDARME EN VENEZUELA FUE UN \u201cSECUESTRO ILEGAL\u201d Y PIDI\u00d3 SU LIBERACI\u00d3N - Apuntes de San Luis\" \/>\n<meta property=\"og:description\" content=\"Javier Milei se refiri\u00f3 por primera vez a la detenci\u00f3n de Nahuel Gallo, el gendarme...\" \/>\n<meta property=\"og:url\" content=\"https:\/\/apuntesdesanluis.com\/index.php\/2024\/12\/17\/milei-dijo-que-la-detencion-del-gendarme-en-venezuela-fue-un-secuestro-ilegal-y-pidio-su-liberacion\/\" \/>\n<meta property=\"og:site_name\" content=\"Apuntes de San Luis\" \/>\n<meta property=\"article:published_time\" content=\"2024-12-17T22:58:29+00:00\" \/>\n<meta property=\"og:image\" content=\"https:\/\/apuntesdesanluis.com\/wp-content\/uploads\/2024\/12\/MILEI-Y-EL-GENDARME.png\" \/>\n\t<meta property=\"og:image:width\" content=\"846\" \/>\n\t<meta property=\"og:image:height\" content=\"473\" \/>\n\t<meta property=\"og:image:type\" content=\"image\/png\" \/>\n<meta name=\"author\" content=\"apuntesdesanluis.com\" \/>\n<meta name=\"twitter:card\" content=\"summary_large_image\" \/>\n<meta name=\"twitter:label1\" content=\"Escrito por\" \/>\n\t<meta name=\"twitter:data1\" content=\"apuntesdesanluis.com\" \/>\n\t<meta name=\"twitter:label2\" content=\"Tiempo de lectura\" \/>\n\t<meta name=\"twitter:data2\" content=\"2 minutos\" \/>\n<script type=\"application\/ld+json\" class=\"yoast-schema-graph\">{\"@context\":\"https:\/\/schema.org\",\"@graph\":[{\"@type\":\"Article\",\"@id\":\"https:\/\/apuntesdesanluis.com\/index.php\/2024\/12\/17\/milei-dijo-que-la-detencion-del-gendarme-en-venezuela-fue-un-secuestro-ilegal-y-pidio-su-liberacion\/#article\",\"isPartOf\":{\"@id\":\"https:\/\/apuntesdesanluis.com\/index.php\/2024\/12\/17\/milei-dijo-que-la-detencion-del-gendarme-en-venezuela-fue-un-secuestro-ilegal-y-pidio-su-liberacion\/\"},\"author\":{\"name\":\"apuntesdesanluis.com\",\"@id\":\"https:\/\/apuntesdesanluis.com\/#\/schema\/person\/b55151d52296fcce64d1a72538a70b90\"},\"headline\":\"MILEI DIJO QUE LA DETENCI\u00d3N DEL GENDARME EN VENEZUELA FUE UN \u201cSECUESTRO ILEGAL\u201d Y PIDI\u00d3 SU LIBERACI\u00d3N\",\"datePublished\":\"2024-12-17T22:58:29+00:00\",\"mainEntityOfPage\":{\"@id\":\"https:\/\/apuntesdesanluis.com\/index.php\/2024\/12\/17\/milei-dijo-que-la-detencion-del-gendarme-en-venezuela-fue-un-secuestro-ilegal-y-pidio-su-liberacion\/\"},\"wordCount\":361,\"publisher\":{\"@id\":\"https:\/\/apuntesdesanluis.com\/#\/schema\/person\/b55151d52296fcce64d1a72538a70b90\"},\"image\":{\"@id\":\"https:\/\/apuntesdesanluis.com\/index.php\/2024\/12\/17\/milei-dijo-que-la-detencion-del-gendarme-en-venezuela-fue-un-secuestro-ilegal-y-pidio-su-liberacion\/#primaryimage\"},\"thumbnailUrl\":\"https:\/\/apuntesdesanluis.com\/wp-content\/uploads\/2024\/12\/MILEI-Y-EL-GENDARME.png\",\"articleSection\":[\"Nacionales\/Internacionales\"],\"inLanguage\":\"es-AR\"},{\"@type\":\"WebPage\",\"@id\":\"https:\/\/apuntesdesanluis.com\/index.php\/2024\/12\/17\/milei-dijo-que-la-detencion-del-gendarme-en-venezuela-fue-un-secuestro-ilegal-y-pidio-su-liberacion\/\",\"url\":\"https:\/\/apuntesdesanluis.com\/index.php\/2024\/12\/17\/milei-dijo-que-la-detencion-del-gendarme-en-venezuela-fue-un-secuestro-ilegal-y-pidio-su-liberacion\/\",\"name\":\"MILEI DIJO QUE LA DETENCI\u00d3N DEL GENDARME EN VENEZUELA FUE UN \u201cSECUESTRO ILEGAL\u201d Y PIDI\u00d3 SU LIBERACI\u00d3N - Apuntes de San Luis\",\"isPartOf\":{\"@id\":\"https:\/\/apuntesdesanluis.com\/#website\"},\"primaryImageOfPage\":{\"@id\":\"https:\/\/apuntesdesanluis.com\/index.php\/2024\/12\/17\/milei-dijo-que-la-detencion-del-gendarme-en-venezuela-fue-un-secuestro-ilegal-y-pidio-su-liberacion\/#primaryimage\"},\"image\":{\"@id\":\"https:\/\/apuntesdesanluis.com\/index.php\/2024\/12\/17\/milei-dijo-que-la-detencion-del-gendarme-en-venezuela-fue-un-secuestro-ilegal-y-pidio-su-liberacion\/#primaryimage\"},\"thumbnailUrl\":\"https:\/\/apuntesdesanluis.com\/wp-content\/uploads\/2024\/12\/MILEI-Y-EL-GENDARME.png\",\"datePublished\":\"2024-12-17T22:58:29+00:00\",\"breadcrumb\":{\"@id\":\"https:\/\/apuntesdesanluis.com\/index.php\/2024\/12\/17\/milei-dijo-que-la-detencion-del-gendarme-en-venezuela-fue-un-secuestro-ilegal-y-pidio-su-liberacion\/#breadcrumb\"},\"inLanguage\":\"es-AR\",\"potentialAction\":[{\"@type\":\"ReadAction\",\"target\":[\"https:\/\/apuntesdesanluis.com\/index.php\/2024\/12\/17\/milei-dijo-que-la-detencion-del-gendarme-en-venezuela-fue-un-secuestro-ilegal-y-pidio-su-liberacion\/\"]}]},{\"@type\":\"ImageObject\",\"inLanguage\":\"es-AR\",\"@id\":\"https:\/\/apuntesdesanluis.com\/index.php\/2024\/12\/17\/milei-dijo-que-la-detencion-del-gendarme-en-venezuela-fue-un-secuestro-ilegal-y-pidio-su-liberacion\/#primaryimage\",\"url\":\"https:\/\/apuntesdesanluis.com\/wp-content\/uploads\/2024\/12\/MILEI-Y-EL-GENDARME.png\",\"contentUrl\":\"https:\/\/apuntesdesanluis.com\/wp-content\/uploads\/2024\/12\/MILEI-Y-EL-GENDARME.png\",\"width\":846,\"height\":473},{\"@type\":\"BreadcrumbList\",\"@id\":\"https:\/\/apuntesdesanluis.com\/index.php\/2024\/12\/17\/milei-dijo-que-la-detencion-del-gendarme-en-venezuela-fue-un-secuestro-ilegal-y-pidio-su-liberacion\/#breadcrumb\",\"itemListElement\":[{\"@type\":\"ListItem\",\"position\":1,\"name\":\"Inicio\",\"item\":\"https:\/\/apuntesdesanluis.com\/\"},{\"@type\":\"ListItem\",\"position\":2,\"name\":\"MILEI DIJO QUE LA DETENCI\u00d3N DEL GENDARME EN VENEZUELA FUE UN \u201cSECUESTRO ILEGAL\u201d Y PIDI\u00d3 SU LIBERACI\u00d3N\"}]},{\"@type\":\"WebSite\",\"@id\":\"https:\/\/apuntesdesanluis.com\/#website\",\"url\":\"https:\/\/apuntesdesanluis.com\/\",\"name\":\"Apuntes de San Luis\",\"description\":\"\",\"publisher\":{\"@id\":\"https:\/\/apuntesdesanluis.com\/#\/schema\/person\/b55151d52296fcce64d1a72538a70b90\"},\"potentialAction\":[{\"@type\":\"SearchAction\",\"target\":{\"@type\":\"EntryPoint\",\"urlTemplate\":\"https:\/\/apuntesdesanluis.com\/?s={search_term_string}\"},\"query-input\":{\"@type\":\"PropertyValueSpecification\",\"valueRequired\":true,\"valueName\":\"search_term_string\"}}],\"inLanguage\":\"es-AR\"},{\"@type\":[\"Person\",\"Organization\"],\"@id\":\"https:\/\/apuntesdesanluis.com\/#\/schema\/person\/b55151d52296fcce64d1a72538a70b90\",\"name\":\"apuntesdesanluis.com\",\"image\":{\"@type\":\"ImageObject\",\"inLanguage\":\"es-AR\",\"@id\":\"https:\/\/apuntesdesanluis.com\/#\/schema\/person\/image\/\",\"url\":\"https:\/\/apuntesdesanluis.com\/wp-content\/uploads\/2023\/07\/cropped-apuntesdesanluis.png\",\"contentUrl\":\"https:\/\/apuntesdesanluis.com\/wp-content\/uploads\/2023\/07\/cropped-apuntesdesanluis.png\",\"width\":450,\"height\":112,\"caption\":\"apuntesdesanluis.com\"},\"logo\":{\"@id\":\"https:\/\/apuntesdesanluis.com\/#\/schema\/person\/image\/\"},\"sameAs\":[\"https:\/\/apuntesdesanluis.com\"],\"url\":\"https:\/\/apuntesdesanluis.com\/index.php\/author\/apuntesdesanluis-com\/\"}]}<\/script>\n<!-- \/ Yoast SEO plugin. -->","yoast_head_json":{"title":"MILEI DIJO QUE LA DETENCI\u00d3N DEL GENDARME EN VENEZUELA FUE UN \u201cSECUESTRO ILEGAL\u201d Y PIDI\u00d3 SU LIBERACI\u00d3N - Apuntes de San Luis","robots":{"index":"index","follow":"follow","max-snippet":"max-snippet:-1","max-image-preview":"max-image-preview:large","max-video-preview":"max-video-preview:-1"},"canonical":"https:\/\/apuntesdesanluis.com\/index.php\/2024\/12\/17\/milei-dijo-que-la-detencion-del-gendarme-en-venezuela-fue-un-secuestro-ilegal-y-pidio-su-liberacion\/","og_locale":"es_ES","og_type":"article","og_title":"MILEI DIJO QUE LA DETENCI\u00d3N DEL GENDARME EN VENEZUELA FUE UN \u201cSECUESTRO ILEGAL\u201d Y PIDI\u00d3 SU LIBERACI\u00d3N - Apuntes de San Luis","og_description":"Javier Milei se refiri\u00f3 por primera vez a la detenci\u00f3n de Nahuel Gallo, el gendarme...","og_url":"https:\/\/apuntesdesanluis.com\/index.php\/2024\/12\/17\/milei-dijo-que-la-detencion-del-gendarme-en-venezuela-fue-un-secuestro-ilegal-y-pidio-su-liberacion\/","og_site_name":"Apuntes de San Luis","article_published_time":"2024-12-17T22:58:29+00:00","og_image":[{"width":846,"height":473,"url":"https:\/\/apuntesdesanluis.com\/wp-content\/uploads\/2024\/12\/MILEI-Y-EL-GENDARME.png","type":"image\/png"}],"author":"apuntesdesanluis.com","twitter_card":"summary_large_image","twitter_misc":{"Escrito por":"apuntesdesanluis.com","Tiempo de lectura":"2 minutos"},"schema":{"@context":"https:\/\/schema.org","@graph":[{"@type":"Article","@id":"https:\/\/apuntesdesanluis.com\/index.php\/2024\/12\/17\/milei-dijo-que-la-detencion-del-gendarme-en-venezuela-fue-un-secuestro-ilegal-y-pidio-su-liberacion\/#article","isPartOf":{"@id":"https:\/\/apuntesdesanluis.com\/index.php\/2024\/12\/17\/milei-dijo-que-la-detencion-del-gendarme-en-venezuela-fue-un-secuestro-ilegal-y-pidio-su-liberacion\/"},"author":{"name":"apuntesdesanluis.com","@id":"https:\/\/apuntesdesanluis.com\/#\/schema\/person\/b55151d52296fcce64d1a72538a70b90"},"headline":"MILEI DIJO QUE LA DETENCI\u00d3N DEL GENDARME EN VENEZUELA FUE UN \u201cSECUESTRO ILEGAL\u201d Y PIDI\u00d3 SU LIBERACI\u00d3N","datePublished":"2024-12-17T22:58:29+00:00","mainEntityOfPage":{"@id":"https:\/\/apuntesdesanluis.com\/index.php\/2024\/12\/17\/milei-dijo-que-la-detencion-del-gendarme-en-venezuela-fue-un-secuestro-ilegal-y-pidio-su-liberacion\/"},"wordCount":361,"publisher":{"@id":"https:\/\/apuntesdesanluis.com\/#\/schema\/person\/b55151d52296fcce64d1a72538a70b90"},"image":{"@id":"https:\/\/apuntesdesanluis.com\/index.php\/2024\/12\/17\/milei-dijo-que-la-detencion-del-gendarme-en-venezuela-fue-un-secuestro-ilegal-y-pidio-su-liberacion\/#primaryimage"},"thumbnailUrl":"https:\/\/apuntesdesanluis.com\/wp-content\/uploads\/2024\/12\/MILEI-Y-EL-GENDARME.png","articleSection":["Nacionales\/Internacionales"],"inLanguage":"es-AR"},{"@type":"WebPage","@id":"https:\/\/apuntesdesanluis.com\/index.php\/2024\/12\/17\/milei-dijo-que-la-detencion-del-gendarme-en-venezuela-fue-un-secuestro-ilegal-y-pidio-su-liberacion\/","url":"https:\/\/apuntesdesanluis.com\/index.php\/2024\/12\/17\/milei-dijo-que-la-detencion-del-gendarme-en-venezuela-fue-un-secuestro-ilegal-y-pidio-su-liberacion\/","name":"MILEI DIJO QUE LA DETENCI\u00d3N DEL GENDARME EN VENEZUELA FUE UN \u201cSECUESTRO ILEGAL\u201d Y PIDI\u00d3 SU LIBERACI\u00d3N - Apuntes de San Luis","isPartOf":{"@id":"https:\/\/apuntesdesanluis.com\/#website"},"primaryImageOfPage":{"@id":"https:\/\/apuntesdesanluis.com\/index.php\/2024\/12\/17\/milei-dijo-que-la-detencion-del-gendarme-en-venezuela-fue-un-secuestro-ilegal-y-pidio-su-liberacion\/#primaryimage"},"image":{"@id":"https:\/\/apuntesdesanluis.com\/index.php\/2024\/12\/17\/milei-dijo-que-la-detencion-del-gendarme-en-venezuela-fue-un-secuestro-ilegal-y-pidio-su-liberacion\/#primaryimage"},"thumbnailUrl":"https:\/\/apuntesdesanluis.com\/wp-content\/uploads\/2024\/12\/MILEI-Y-EL-GENDARME.png","datePublished":"2024-12-17T22:58:29+00:00","breadcrumb":{"@id":"https:\/\/apuntesdesanluis.com\/index.php\/2024\/12\/17\/milei-dijo-que-la-detencion-del-gendarme-en-venezuela-fue-un-secuestro-ilegal-y-pidio-su-liberacion\/#breadcrumb"},"inLanguage":"es-AR","potentialAction":[{"@type":"ReadAction","target":["https:\/\/apuntesdesanluis.com\/index.php\/2024\/12\/17\/milei-dijo-que-la-detencion-del-gendarme-en-venezuela-fue-un-secuestro-ilegal-y-pidio-su-liberacion\/"]}]},{"@type":"ImageObject","inLanguage":"es-AR","@id":"https:\/\/apuntesdesanluis.com\/index.php\/2024\/12\/17\/milei-dijo-que-la-detencion-del-gendarme-en-venezuela-fue-un-secuestro-ilegal-y-pidio-su-liberacion\/#primaryimage","url":"https:\/\/apuntesdesanluis.com\/wp-content\/uploads\/2024\/12\/MILEI-Y-EL-GENDARME.png","contentUrl":"https:\/\/apuntesdesanluis.com\/wp-content\/uploads\/2024\/12\/MILEI-Y-EL-GENDARME.png","width":846,"height":473},{"@type":"BreadcrumbList","@id":"https:\/\/apuntesdesanluis.com\/index.php\/2024\/12\/17\/milei-dijo-que-la-detencion-del-gendarme-en-venezuela-fue-un-secuestro-ilegal-y-pidio-su-liberacion\/#breadcrumb","itemListElement":[{"@type":"ListItem","position":1,"name":"Inicio","item":"https:\/\/apuntesdesanluis.com\/"},{"@type":"ListItem","position":2,"name":"MILEI DIJO QUE LA DETENCI\u00d3N DEL GENDARME EN VENEZUELA FUE UN \u201cSECUESTRO ILEGAL\u201d Y PIDI\u00d3 SU LIBERACI\u00d3N"}]},{"@type":"WebSite","@id":"https:\/\/apuntesdesanluis.com\/#website","url":"https:\/\/apuntesdesanluis.com\/","name":"Apuntes de San Luis","description":"","publisher":{"@id":"https:\/\/apuntesdesanluis.com\/#\/schema\/person\/b55151d52296fcce64d1a72538a70b90"},"potentialAction":[{"@type":"SearchAction","target":{"@type":"EntryPoint","urlTemplate":"https:\/\/apuntesdesanluis.com\/?s={search_term_string}"},"query-input":{"@type":"PropertyValueSpecification","valueRequired":true,"valueName":"search_term_string"}}],"inLanguage":"es-AR"},{"@type":["Person","Organization"],"@id":"https:\/\/apuntesdesanluis.com\/#\/schema\/person\/b55151d52296fcce64d1a72538a70b90","name":"apuntesdesanluis.com","image":{"@type":"ImageObject","inLanguage":"es-AR","@id":"https:\/\/apuntesdesanluis.com\/#\/schema\/person\/image\/","url":"https:\/\/apuntesdesanluis.com\/wp-content\/uploads\/2023\/07\/cropped-apuntesdesanluis.png","contentUrl":"https:\/\/apuntesdesanluis.com\/wp-content\/uploads\/2023\/07\/cropped-apuntesdesanluis.png","width":450,"height":112,"caption":"apuntesdesanluis.com"},"logo":{"@id":"https:\/\/apuntesdesanluis.com\/#\/schema\/person\/image\/"},"sameAs":["https:\/\/apuntesdesanluis.com"],"url":"https:\/\/apuntesdesanluis.com\/index.php\/author\/apuntesdesanluis-com\/"}]}},"featured_image_urls":{"full":["https:\/\/apuntesdesanluis.com\/wp-content\/uploads\/2024\/12\/MILEI-Y-EL-GENDARME.png",846,473,false],"thumbnail":["https:\/\/apuntesdesanluis.com\/wp-content\/uploads\/2024\/12\/MILEI-Y-EL-GENDARME-150x150.png",150,150,true],"medium":["https:\/\/apuntesdesanluis.com\/wp-content\/uploads\/2024\/12\/MILEI-Y-EL-GENDARME-300x168.png",300,168,true],"medium_large":["https:\/\/apuntesdesanluis.com\/wp-content\/uploads\/2024\/12\/MILEI-Y-EL-GENDARME-768x429.png",640,358,true],"large":["https:\/\/apuntesdesanluis.com\/wp-content\/uploads\/2024\/12\/MILEI-Y-EL-GENDARME.png",640,358,false],"1536x1536":["https:\/\/apuntesdesanluis.com\/wp-content\/uploads\/2024\/12\/MILEI-Y-EL-GENDARME.png",846,473,false],"2048x2048":["https:\/\/apuntesdesanluis.com\/wp-content\/uploads\/2024\/12\/MILEI-Y-EL-GENDARME.png",846,473,false],"newsever-slider-full":["https:\/\/apuntesdesanluis.com\/wp-content\/uploads\/2024\/12\/MILEI-Y-EL-GENDARME.png",846,473,false],"newsever-featured":["https:\/\/apuntesdesanluis.com\/wp-content\/uploads\/2024\/12\/MILEI-Y-EL-GENDARME.png",846,473,false],"newsever-medium":["https:\/\/apuntesdesanluis.com\/wp-content\/uploads\/2024\/12\/MILEI-Y-EL-GENDARME-720x473.png",720,473,true]},"author_info":{"display_name":"apuntesdesanluis.com","author_link":"https:\/\/apuntesdesanluis.com\/index.php\/author\/apuntesdesanluis-com\/"},"category_info":"<a href=\"https:\/\/apuntesdesanluis.com\/index.php\/category\/nacionales-internacionales\/\" rel=\"category tag\">Nacionales\/Internacionales<\/a>","tag_info":"Nacionales\/Internacionales","comment_count":"0","_links":{"self":[{"href":"https:\/\/apuntesdesanluis.com\/index.php\/wp-json\/wp\/v2\/posts\/26885","targetHints":{"allow":["GET"]}}],"collection":[{"href":"https:\/\/apuntesdesanluis.com\/index.php\/wp-json\/wp\/v2\/posts"}],"about":[{"href":"https:\/\/apuntesdesanluis.com\/index.php\/wp-json\/wp\/v2\/types\/post"}],"author":[{"embeddable":true,"href":"https:\/\/apuntesdesanluis.com\/index.php\/wp-json\/wp\/v2\/users\/1"}],"replies":[{"embeddable":true,"href":"https:\/\/apuntesdesanluis.com\/index.php\/wp-json\/wp\/v2\/comments?post=26885"}],"version-history":[{"count":1,"href":"https:\/\/apuntesdesanluis.com\/index.php\/wp-json\/wp\/v2\/posts\/26885\/revisions"}],"predecessor-version":[{"id":26887,"href":"https:\/\/apuntesdesanluis.com\/index.php\/wp-json\/wp\/v2\/posts\/26885\/revisions\/26887"}],"wp:featuredmedia":[{"embeddable":true,"href":"https:\/\/apuntesdesanluis.com\/index.php\/wp-json\/wp\/v2\/media\/26886"}],"wp:attachment":[{"href":"https:\/\/apuntesdesanluis.com\/index.php\/wp-json\/wp\/v2\/media?parent=26885"}],"wp:term":[{"taxonomy":"category","embeddable":true,"href":"https:\/\/apuntesdesanluis.com\/index.php\/wp-json\/wp\/v2\/categories?post=26885"},{"taxonomy":"post_tag","embeddable":true,"href":"https:\/\/apuntesdesanluis.com\/index.php\/wp-json\/wp\/v2\/tags?post=26885"}],"curies":[{"name":"wp","href":"https:\/\/api.w.org\/{rel}","templated":true}]}}