{"id":26893,"date":"2024-12-17T14:27:53","date_gmt":"2024-12-17T17:27:53","guid":{"rendered":"https:\/\/apuntesdesanluis.com\/?p=26893"},"modified":"2024-12-17T20:29:24","modified_gmt":"2024-12-17T23:29:24","slug":"un-hombre-caminaba-por-la-banquina-en-ruta-14-y-fue-embestido-por-una-camioneta","status":"publish","type":"post","link":"https:\/\/apuntesdesanluis.com\/index.php\/2024\/12\/17\/un-hombre-caminaba-por-la-banquina-en-ruta-14-y-fue-embestido-por-una-camioneta\/","title":{"rendered":"UN HOMBRE CAMINABA POR LA BANQUINA EN RUTA 14 Y FUE EMBESTIDO POR UNA CAMIONETA"},"content":{"rendered":"<h3>La Direcci\u00f3n General de Polic\u00eda Caminera y Seguridad Vial inform\u00f3 que este lunes, alrededor de las 21:30, se produjo un siniestro vial en la ruta provincial 14, a unos 3 kil\u00f3metros hacia el sur de la ruta nacional 8.<\/h3>\n<h3>En ese lugar, una camioneta Ford Ranger que circulaba de norte a sur, conducida por un hombre de 41 a\u00f1os, quien iba en compa\u00f1\u00eda de un hombre de 30 a\u00f1os, embisti\u00f3 a un hombre de 44 a\u00f1os de edad, el cual circulaba a pie sobre la ruta, cerca de la banquina.<\/h3>\n<h3>De acuerdo a lo manifestado por el conductor del veh\u00edculo, no alcanz\u00f3 a esquivar al individuo que iba caminando y lo embisti\u00f3 con el espejo retrovisor derecho en el brazo izquierdo, lo que ocasion\u00f3 la ca\u00edda del hombre de 44 a\u00f1os sobre la banquina.<\/h3>\n<h3>A ese sitio acudi\u00f3 una ambulancia del hospital de Justo Daract, cuyo personal m\u00e9dico asisti\u00f3 al hombre que hab\u00eda sido embestido.<\/h3>\n<h3>Posteriormente, el individuo fue trasladado hacia el hospital de la ciudad de Justo Daract.<\/h3>\n<h3>Cabe se\u00f1alar que en el lugar se les realiz\u00f3 el alcotest al conductor de la camioneta y al hombre que result\u00f3 lesionado, arrojando resultado negativo en ambos casos.<\/h3>\n<p>&nbsp;<\/p>\n<p>&nbsp;<\/p>\n<p>&nbsp;<\/p>\n","protected":false},"excerpt":{"rendered":"<p>La Direcci\u00f3n General de Polic\u00eda Caminera y Seguridad Vial inform\u00f3 que este lunes, alrededor de&#8230;<\/p>\n","protected":false},"author":1,"featured_media":26894,"comment_status":"closed","ping_status":"closed","sticky":false,"template":"","format":"standard","meta":{"footnotes":""},"categories":[6],"tags":[],"class_list":["post-26893","post","type-post","status-publish","format-standard","has-post-thumbnail","hentry","category-ciudad-provincia"],"yoast_head":"<!-- This site is optimized with the Yoast SEO plugin v26.1.1 - https:\/\/yoast.com\/wordpress\/plugins\/seo\/ -->\n<title>UN HOMBRE CAMINABA POR LA BANQUINA EN RUTA 14 Y FUE EMBESTIDO POR UNA CAMIONETA - Apuntes de San Luis<\/title>\n<meta name=\"robots\" content=\"index, follow, max-snippet:-1, max-image-preview:large, max-video-preview:-1\" \/>\n<link rel=\"canonical\" href=\"https:\/\/apuntesdesanluis.com\/index.php\/2024\/12\/17\/un-hombre-caminaba-por-la-banquina-en-ruta-14-y-fue-embestido-por-una-camioneta\/\" \/>\n<meta property=\"og:locale\" content=\"es_ES\" \/>\n<meta property=\"og:type\" content=\"article\" \/>\n<meta property=\"og:title\" content=\"UN HOMBRE CAMINABA POR LA BANQUINA EN RUTA 14 Y FUE EMBESTIDO POR UNA CAMIONETA - Apuntes de San Luis\" \/>\n<meta property=\"og:description\" content=\"La Direcci\u00f3n General de Polic\u00eda Caminera y Seguridad Vial inform\u00f3 que este lunes, alrededor de...\" \/>\n<meta property=\"og:url\" content=\"https:\/\/apuntesdesanluis.com\/index.php\/2024\/12\/17\/un-hombre-caminaba-por-la-banquina-en-ruta-14-y-fue-embestido-por-una-camioneta\/\" \/>\n<meta property=\"og:site_name\" content=\"Apuntes de San Luis\" \/>\n<meta property=\"article:published_time\" content=\"2024-12-17T17:27:53+00:00\" \/>\n<meta property=\"article:modified_time\" content=\"2024-12-17T23:29:24+00:00\" \/>\n<meta property=\"og:image\" content=\"https:\/\/apuntesdesanluis.com\/wp-content\/uploads\/2024\/12\/Imagen-de-WhatsApp-2024-12-17-a-las-13.19.22_81bc518d.jpg\" \/>\n\t<meta property=\"og:image:width\" content=\"607\" \/>\n\t<meta property=\"og:image:height\" content=\"377\" \/>\n\t<meta property=\"og:image:type\" content=\"image\/jpeg\" \/>\n<meta name=\"author\" content=\"apuntesdesanluis.com\" \/>\n<meta name=\"twitter:card\" content=\"summary_large_image\" \/>\n<meta name=\"twitter:label1\" content=\"Escrito por\" \/>\n\t<meta name=\"twitter:data1\" content=\"apuntesdesanluis.com\" \/>\n\t<meta name=\"twitter:label2\" content=\"Tiempo de lectura\" \/>\n\t<meta name=\"twitter:data2\" content=\"2 minutos\" \/>\n<script type=\"application\/ld+json\" class=\"yoast-schema-graph\">{\"@context\":\"https:\/\/schema.org\",\"@graph\":[{\"@type\":\"Article\",\"@id\":\"https:\/\/apuntesdesanluis.com\/index.php\/2024\/12\/17\/un-hombre-caminaba-por-la-banquina-en-ruta-14-y-fue-embestido-por-una-camioneta\/#article\",\"isPartOf\":{\"@id\":\"https:\/\/apuntesdesanluis.com\/index.php\/2024\/12\/17\/un-hombre-caminaba-por-la-banquina-en-ruta-14-y-fue-embestido-por-una-camioneta\/\"},\"author\":{\"name\":\"apuntesdesanluis.com\",\"@id\":\"https:\/\/apuntesdesanluis.com\/#\/schema\/person\/b55151d52296fcce64d1a72538a70b90\"},\"headline\":\"UN HOMBRE CAMINABA POR LA BANQUINA EN RUTA 14 Y FUE EMBESTIDO POR UNA CAMIONETA\",\"datePublished\":\"2024-12-17T17:27:53+00:00\",\"dateModified\":\"2024-12-17T23:29:24+00:00\",\"mainEntityOfPage\":{\"@id\":\"https:\/\/apuntesdesanluis.com\/index.php\/2024\/12\/17\/un-hombre-caminaba-por-la-banquina-en-ruta-14-y-fue-embestido-por-una-camioneta\/\"},\"wordCount\":219,\"publisher\":{\"@id\":\"https:\/\/apuntesdesanluis.com\/#\/schema\/person\/b55151d52296fcce64d1a72538a70b90\"},\"image\":{\"@id\":\"https:\/\/apuntesdesanluis.com\/index.php\/2024\/12\/17\/un-hombre-caminaba-por-la-banquina-en-ruta-14-y-fue-embestido-por-una-camioneta\/#primaryimage\"},\"thumbnailUrl\":\"https:\/\/apuntesdesanluis.com\/wp-content\/uploads\/2024\/12\/Imagen-de-WhatsApp-2024-12-17-a-las-13.19.22_81bc518d.jpg\",\"articleSection\":[\"Ciudad\/Provincia\"],\"inLanguage\":\"es-AR\"},{\"@type\":\"WebPage\",\"@id\":\"https:\/\/apuntesdesanluis.com\/index.php\/2024\/12\/17\/un-hombre-caminaba-por-la-banquina-en-ruta-14-y-fue-embestido-por-una-camioneta\/\",\"url\":\"https:\/\/apuntesdesanluis.com\/index.php\/2024\/12\/17\/un-hombre-caminaba-por-la-banquina-en-ruta-14-y-fue-embestido-por-una-camioneta\/\",\"name\":\"UN HOMBRE CAMINABA POR LA BANQUINA EN RUTA 14 Y FUE EMBESTIDO POR UNA CAMIONETA - Apuntes de San Luis\",\"isPartOf\":{\"@id\":\"https:\/\/apuntesdesanluis.com\/#website\"},\"primaryImageOfPage\":{\"@id\":\"https:\/\/apuntesdesanluis.com\/index.php\/2024\/12\/17\/un-hombre-caminaba-por-la-banquina-en-ruta-14-y-fue-embestido-por-una-camioneta\/#primaryimage\"},\"image\":{\"@id\":\"https:\/\/apuntesdesanluis.com\/index.php\/2024\/12\/17\/un-hombre-caminaba-por-la-banquina-en-ruta-14-y-fue-embestido-por-una-camioneta\/#primaryimage\"},\"thumbnailUrl\":\"https:\/\/apuntesdesanluis.com\/wp-content\/uploads\/2024\/12\/Imagen-de-WhatsApp-2024-12-17-a-las-13.19.22_81bc518d.jpg\",\"datePublished\":\"2024-12-17T17:27:53+00:00\",\"dateModified\":\"2024-12-17T23:29:24+00:00\",\"breadcrumb\":{\"@id\":\"https:\/\/apuntesdesanluis.com\/index.php\/2024\/12\/17\/un-hombre-caminaba-por-la-banquina-en-ruta-14-y-fue-embestido-por-una-camioneta\/#breadcrumb\"},\"inLanguage\":\"es-AR\",\"potentialAction\":[{\"@type\":\"ReadAction\",\"target\":[\"https:\/\/apuntesdesanluis.com\/index.php\/2024\/12\/17\/un-hombre-caminaba-por-la-banquina-en-ruta-14-y-fue-embestido-por-una-camioneta\/\"]}]},{\"@type\":\"ImageObject\",\"inLanguage\":\"es-AR\",\"@id\":\"https:\/\/apuntesdesanluis.com\/index.php\/2024\/12\/17\/un-hombre-caminaba-por-la-banquina-en-ruta-14-y-fue-embestido-por-una-camioneta\/#primaryimage\",\"url\":\"https:\/\/apuntesdesanluis.com\/wp-content\/uploads\/2024\/12\/Imagen-de-WhatsApp-2024-12-17-a-las-13.19.22_81bc518d.jpg\",\"contentUrl\":\"https:\/\/apuntesdesanluis.com\/wp-content\/uploads\/2024\/12\/Imagen-de-WhatsApp-2024-12-17-a-las-13.19.22_81bc518d.jpg\",\"width\":607,\"height\":377},{\"@type\":\"BreadcrumbList\",\"@id\":\"https:\/\/apuntesdesanluis.com\/index.php\/2024\/12\/17\/un-hombre-caminaba-por-la-banquina-en-ruta-14-y-fue-embestido-por-una-camioneta\/#breadcrumb\",\"itemListElement\":[{\"@type\":\"ListItem\",\"position\":1,\"name\":\"Inicio\",\"item\":\"https:\/\/apuntesdesanluis.com\/\"},{\"@type\":\"ListItem\",\"position\":2,\"name\":\"UN HOMBRE CAMINABA POR LA BANQUINA EN RUTA 14 Y FUE EMBESTIDO POR UNA CAMIONETA\"}]},{\"@type\":\"WebSite\",\"@id\":\"https:\/\/apuntesdesanluis.com\/#website\",\"url\":\"https:\/\/apuntesdesanluis.com\/\",\"name\":\"Apuntes de San Luis\",\"description\":\"\",\"publisher\":{\"@id\":\"https:\/\/apuntesdesanluis.com\/#\/schema\/person\/b55151d52296fcce64d1a72538a70b90\"},\"potentialAction\":[{\"@type\":\"SearchAction\",\"target\":{\"@type\":\"EntryPoint\",\"urlTemplate\":\"https:\/\/apuntesdesanluis.com\/?s={search_term_string}\"},\"query-input\":{\"@type\":\"PropertyValueSpecification\",\"valueRequired\":true,\"valueName\":\"search_term_string\"}}],\"inLanguage\":\"es-AR\"},{\"@type\":[\"Person\",\"Organization\"],\"@id\":\"https:\/\/apuntesdesanluis.com\/#\/schema\/person\/b55151d52296fcce64d1a72538a70b90\",\"name\":\"apuntesdesanluis.com\",\"image\":{\"@type\":\"ImageObject\",\"inLanguage\":\"es-AR\",\"@id\":\"https:\/\/apuntesdesanluis.com\/#\/schema\/person\/image\/\",\"url\":\"https:\/\/apuntesdesanluis.com\/wp-content\/uploads\/2023\/07\/cropped-apuntesdesanluis.png\",\"contentUrl\":\"https:\/\/apuntesdesanluis.com\/wp-content\/uploads\/2023\/07\/cropped-apuntesdesanluis.png\",\"width\":450,\"height\":112,\"caption\":\"apuntesdesanluis.com\"},\"logo\":{\"@id\":\"https:\/\/apuntesdesanluis.com\/#\/schema\/person\/image\/\"},\"sameAs\":[\"https:\/\/apuntesdesanluis.com\"],\"url\":\"https:\/\/apuntesdesanluis.com\/index.php\/author\/apuntesdesanluis-com\/\"}]}<\/script>\n<!-- \/ Yoast SEO plugin. -->","yoast_head_json":{"title":"UN HOMBRE CAMINABA POR LA BANQUINA EN RUTA 14 Y FUE EMBESTIDO POR UNA CAMIONETA - Apuntes de San Luis","robots":{"index":"index","follow":"follow","max-snippet":"max-snippet:-1","max-image-preview":"max-image-preview:large","max-video-preview":"max-video-preview:-1"},"canonical":"https:\/\/apuntesdesanluis.com\/index.php\/2024\/12\/17\/un-hombre-caminaba-por-la-banquina-en-ruta-14-y-fue-embestido-por-una-camioneta\/","og_locale":"es_ES","og_type":"article","og_title":"UN HOMBRE CAMINABA POR LA BANQUINA EN RUTA 14 Y FUE EMBESTIDO POR UNA CAMIONETA - Apuntes de San Luis","og_description":"La Direcci\u00f3n General de Polic\u00eda Caminera y Seguridad Vial inform\u00f3 que este lunes, alrededor de...","og_url":"https:\/\/apuntesdesanluis.com\/index.php\/2024\/12\/17\/un-hombre-caminaba-por-la-banquina-en-ruta-14-y-fue-embestido-por-una-camioneta\/","og_site_name":"Apuntes de San Luis","article_published_time":"2024-12-17T17:27:53+00:00","article_modified_time":"2024-12-17T23:29:24+00:00","og_image":[{"width":607,"height":377,"url":"https:\/\/apuntesdesanluis.com\/wp-content\/uploads\/2024\/12\/Imagen-de-WhatsApp-2024-12-17-a-las-13.19.22_81bc518d.jpg","type":"image\/jpeg"}],"author":"apuntesdesanluis.com","twitter_card":"summary_large_image","twitter_misc":{"Escrito por":"apuntesdesanluis.com","Tiempo de lectura":"2 minutos"},"schema":{"@context":"https:\/\/schema.org","@graph":[{"@type":"Article","@id":"https:\/\/apuntesdesanluis.com\/index.php\/2024\/12\/17\/un-hombre-caminaba-por-la-banquina-en-ruta-14-y-fue-embestido-por-una-camioneta\/#article","isPartOf":{"@id":"https:\/\/apuntesdesanluis.com\/index.php\/2024\/12\/17\/un-hombre-caminaba-por-la-banquina-en-ruta-14-y-fue-embestido-por-una-camioneta\/"},"author":{"name":"apuntesdesanluis.com","@id":"https:\/\/apuntesdesanluis.com\/#\/schema\/person\/b55151d52296fcce64d1a72538a70b90"},"headline":"UN HOMBRE CAMINABA POR LA BANQUINA EN RUTA 14 Y FUE EMBESTIDO POR UNA CAMIONETA","datePublished":"2024-12-17T17:27:53+00:00","dateModified":"2024-12-17T23:29:24+00:00","mainEntityOfPage":{"@id":"https:\/\/apuntesdesanluis.com\/index.php\/2024\/12\/17\/un-hombre-caminaba-por-la-banquina-en-ruta-14-y-fue-embestido-por-una-camioneta\/"},"wordCount":219,"publisher":{"@id":"https:\/\/apuntesdesanluis.com\/#\/schema\/person\/b55151d52296fcce64d1a72538a70b90"},"image":{"@id":"https:\/\/apuntesdesanluis.com\/index.php\/2024\/12\/17\/un-hombre-caminaba-por-la-banquina-en-ruta-14-y-fue-embestido-por-una-camioneta\/#primaryimage"},"thumbnailUrl":"https:\/\/apuntesdesanluis.com\/wp-content\/uploads\/2024\/12\/Imagen-de-WhatsApp-2024-12-17-a-las-13.19.22_81bc518d.jpg","articleSection":["Ciudad\/Provincia"],"inLanguage":"es-AR"},{"@type":"WebPage","@id":"https:\/\/apuntesdesanluis.com\/index.php\/2024\/12\/17\/un-hombre-caminaba-por-la-banquina-en-ruta-14-y-fue-embestido-por-una-camioneta\/","url":"https:\/\/apuntesdesanluis.com\/index.php\/2024\/12\/17\/un-hombre-caminaba-por-la-banquina-en-ruta-14-y-fue-embestido-por-una-camioneta\/","name":"UN HOMBRE CAMINABA POR LA BANQUINA EN RUTA 14 Y FUE EMBESTIDO POR UNA CAMIONETA - Apuntes de San Luis","isPartOf":{"@id":"https:\/\/apuntesdesanluis.com\/#website"},"primaryImageOfPage":{"@id":"https:\/\/apuntesdesanluis.com\/index.php\/2024\/12\/17\/un-hombre-caminaba-por-la-banquina-en-ruta-14-y-fue-embestido-por-una-camioneta\/#primaryimage"},"image":{"@id":"https:\/\/apuntesdesanluis.com\/index.php\/2024\/12\/17\/un-hombre-caminaba-por-la-banquina-en-ruta-14-y-fue-embestido-por-una-camioneta\/#primaryimage"},"thumbnailUrl":"https:\/\/apuntesdesanluis.com\/wp-content\/uploads\/2024\/12\/Imagen-de-WhatsApp-2024-12-17-a-las-13.19.22_81bc518d.jpg","datePublished":"2024-12-17T17:27:53+00:00","dateModified":"2024-12-17T23:29:24+00:00","breadcrumb":{"@id":"https:\/\/apuntesdesanluis.com\/index.php\/2024\/12\/17\/un-hombre-caminaba-por-la-banquina-en-ruta-14-y-fue-embestido-por-una-camioneta\/#breadcrumb"},"inLanguage":"es-AR","potentialAction":[{"@type":"ReadAction","target":["https:\/\/apuntesdesanluis.com\/index.php\/2024\/12\/17\/un-hombre-caminaba-por-la-banquina-en-ruta-14-y-fue-embestido-por-una-camioneta\/"]}]},{"@type":"ImageObject","inLanguage":"es-AR","@id":"https:\/\/apuntesdesanluis.com\/index.php\/2024\/12\/17\/un-hombre-caminaba-por-la-banquina-en-ruta-14-y-fue-embestido-por-una-camioneta\/#primaryimage","url":"https:\/\/apuntesdesanluis.com\/wp-content\/uploads\/2024\/12\/Imagen-de-WhatsApp-2024-12-17-a-las-13.19.22_81bc518d.jpg","contentUrl":"https:\/\/apuntesdesanluis.com\/wp-content\/uploads\/2024\/12\/Imagen-de-WhatsApp-2024-12-17-a-las-13.19.22_81bc518d.jpg","width":607,"height":377},{"@type":"BreadcrumbList","@id":"https:\/\/apuntesdesanluis.com\/index.php\/2024\/12\/17\/un-hombre-caminaba-por-la-banquina-en-ruta-14-y-fue-embestido-por-una-camioneta\/#breadcrumb","itemListElement":[{"@type":"ListItem","position":1,"name":"Inicio","item":"https:\/\/apuntesdesanluis.com\/"},{"@type":"ListItem","position":2,"name":"UN HOMBRE CAMINABA POR LA BANQUINA EN RUTA 14 Y FUE EMBESTIDO POR UNA CAMIONETA"}]},{"@type":"WebSite","@id":"https:\/\/apuntesdesanluis.com\/#website","url":"https:\/\/apuntesdesanluis.com\/","name":"Apuntes de San Luis","description":"","publisher":{"@id":"https:\/\/apuntesdesanluis.com\/#\/schema\/person\/b55151d52296fcce64d1a72538a70b90"},"potentialAction":[{"@type":"SearchAction","target":{"@type":"EntryPoint","urlTemplate":"https:\/\/apuntesdesanluis.com\/?s={search_term_string}"},"query-input":{"@type":"PropertyValueSpecification","valueRequired":true,"valueName":"search_term_string"}}],"inLanguage":"es-AR"},{"@type":["Person","Organization"],"@id":"https:\/\/apuntesdesanluis.com\/#\/schema\/person\/b55151d52296fcce64d1a72538a70b90","name":"apuntesdesanluis.com","image":{"@type":"ImageObject","inLanguage":"es-AR","@id":"https:\/\/apuntesdesanluis.com\/#\/schema\/person\/image\/","url":"https:\/\/apuntesdesanluis.com\/wp-content\/uploads\/2023\/07\/cropped-apuntesdesanluis.png","contentUrl":"https:\/\/apuntesdesanluis.com\/wp-content\/uploads\/2023\/07\/cropped-apuntesdesanluis.png","width":450,"height":112,"caption":"apuntesdesanluis.com"},"logo":{"@id":"https:\/\/apuntesdesanluis.com\/#\/schema\/person\/image\/"},"sameAs":["https:\/\/apuntesdesanluis.com"],"url":"https:\/\/apuntesdesanluis.com\/index.php\/author\/apuntesdesanluis-com\/"}]}},"featured_image_urls":{"full":["https:\/\/apuntesdesanluis.com\/wp-content\/uploads\/2024\/12\/Imagen-de-WhatsApp-2024-12-17-a-las-13.19.22_81bc518d.jpg",607,377,false],"thumbnail":["https:\/\/apuntesdesanluis.com\/wp-content\/uploads\/2024\/12\/Imagen-de-WhatsApp-2024-12-17-a-las-13.19.22_81bc518d-150x150.jpg",150,150,true],"medium":["https:\/\/apuntesdesanluis.com\/wp-content\/uploads\/2024\/12\/Imagen-de-WhatsApp-2024-12-17-a-las-13.19.22_81bc518d-300x186.jpg",300,186,true],"medium_large":["https:\/\/apuntesdesanluis.com\/wp-content\/uploads\/2024\/12\/Imagen-de-WhatsApp-2024-12-17-a-las-13.19.22_81bc518d.jpg",607,377,false],"large":["https:\/\/apuntesdesanluis.com\/wp-content\/uploads\/2024\/12\/Imagen-de-WhatsApp-2024-12-17-a-las-13.19.22_81bc518d.jpg",607,377,false],"1536x1536":["https:\/\/apuntesdesanluis.com\/wp-content\/uploads\/2024\/12\/Imagen-de-WhatsApp-2024-12-17-a-las-13.19.22_81bc518d.jpg",607,377,false],"2048x2048":["https:\/\/apuntesdesanluis.com\/wp-content\/uploads\/2024\/12\/Imagen-de-WhatsApp-2024-12-17-a-las-13.19.22_81bc518d.jpg",607,377,false],"newsever-slider-full":["https:\/\/apuntesdesanluis.com\/wp-content\/uploads\/2024\/12\/Imagen-de-WhatsApp-2024-12-17-a-las-13.19.22_81bc518d.jpg",607,377,false],"newsever-featured":["https:\/\/apuntesdesanluis.com\/wp-content\/uploads\/2024\/12\/Imagen-de-WhatsApp-2024-12-17-a-las-13.19.22_81bc518d.jpg",607,377,false],"newsever-medium":["https:\/\/apuntesdesanluis.com\/wp-content\/uploads\/2024\/12\/Imagen-de-WhatsApp-2024-12-17-a-las-13.19.22_81bc518d.jpg",607,377,false]},"author_info":{"display_name":"apuntesdesanluis.com","author_link":"https:\/\/apuntesdesanluis.com\/index.php\/author\/apuntesdesanluis-com\/"},"category_info":"<a href=\"https:\/\/apuntesdesanluis.com\/index.php\/category\/ciudad-provincia\/\" rel=\"category tag\">Ciudad\/Provincia<\/a>","tag_info":"Ciudad\/Provincia","comment_count":"0","_links":{"self":[{"href":"https:\/\/apuntesdesanluis.com\/index.php\/wp-json\/wp\/v2\/posts\/26893","targetHints":{"allow":["GET"]}}],"collection":[{"href":"https:\/\/apuntesdesanluis.com\/index.php\/wp-json\/wp\/v2\/posts"}],"about":[{"href":"https:\/\/apuntesdesanluis.com\/index.php\/wp-json\/wp\/v2\/types\/post"}],"author":[{"embeddable":true,"href":"https:\/\/apuntesdesanluis.com\/index.php\/wp-json\/wp\/v2\/users\/1"}],"replies":[{"embeddable":true,"href":"https:\/\/apuntesdesanluis.com\/index.php\/wp-json\/wp\/v2\/comments?post=26893"}],"version-history":[{"count":1,"href":"https:\/\/apuntesdesanluis.com\/index.php\/wp-json\/wp\/v2\/posts\/26893\/revisions"}],"predecessor-version":[{"id":26895,"href":"https:\/\/apuntesdesanluis.com\/index.php\/wp-json\/wp\/v2\/posts\/26893\/revisions\/26895"}],"wp:featuredmedia":[{"embeddable":true,"href":"https:\/\/apuntesdesanluis.com\/index.php\/wp-json\/wp\/v2\/media\/26894"}],"wp:attachment":[{"href":"https:\/\/apuntesdesanluis.com\/index.php\/wp-json\/wp\/v2\/media?parent=26893"}],"wp:term":[{"taxonomy":"category","embeddable":true,"href":"https:\/\/apuntesdesanluis.com\/index.php\/wp-json\/wp\/v2\/categories?post=26893"},{"taxonomy":"post_tag","embeddable":true,"href":"https:\/\/apuntesdesanluis.com\/index.php\/wp-json\/wp\/v2\/tags?post=26893"}],"curies":[{"name":"wp","href":"https:\/\/api.w.org\/{rel}","templated":true}]}}