{"id":26905,"date":"2024-12-17T21:48:38","date_gmt":"2024-12-18T00:48:38","guid":{"rendered":"https:\/\/apuntesdesanluis.com\/?p=26905"},"modified":"2024-12-17T21:49:13","modified_gmt":"2024-12-18T00:49:13","slug":"la-justicia-federal-pidio-la-extradicion-del-ex-senador-edgardo-kueider-y-su-secretaria","status":"publish","type":"post","link":"https:\/\/apuntesdesanluis.com\/index.php\/2024\/12\/17\/la-justicia-federal-pidio-la-extradicion-del-ex-senador-edgardo-kueider-y-su-secretaria\/","title":{"rendered":"LA JUSTICIA FEDERAL PIDI\u00d3 LA EXTRADICI\u00d3N DEL EX SENADOR EDGARDO KUEIDER Y SU SECRETARIA"},"content":{"rendered":"<h3>La jueza federal de San Isidro <strong>Sandra Arroyo Salgado<\/strong>, envi\u00f3 este martes un exhorto internacional a Paraguay para pedir las extradiciones del exsenador Edgardo Kueider y su secretaria <strong>Iara Guinsel Costa<\/strong>, con fines de tomar declaraci\u00f3n indagatoria a ambos en el marco de la investigaci\u00f3n por enriquecimiento il\u00edcito. La magistrada realiz\u00f3 el pedido a trav\u00e9s de la Canciller\u00eda argentina y solicit\u00f3 adem\u00e1s que sean detenidos una vez que ingresen al pa\u00eds.<\/h3>\n<h3>Tambi\u00e9n pidi\u00f3 una serie de medidas de prueba a sus pares paraguayos, como el secuestro de tel\u00e9fonos celulares y otros elementos que los imputados llevaban cuando intentaron cruzar a Paraguay con 211.000 d\u00f3lares sin declarar, informaron fuentes judiciales a Noticias Argentinas. Sumado a esto, requiri\u00f3 que se allane el departamento en Asunci\u00f3n donde cumplen arresto domiciliario y se env\u00ede todo elemento que pueda resultar de inter\u00e9s, en particular dispositivos electr\u00f3nicos.<\/h3>\n<h3>En el exhorto, se inform\u00f3 a la Justicia paraguaya que Kueider y Guinsel Costa son requeridos para tomarles declaraci\u00f3n indagatoria bajo la imputaci\u00f3n de integrar una asociaci\u00f3n il\u00edcita para cometer maniobras de lavado de activos desde principios de 2017 al presente. La jueza reclam\u00f3 adem\u00e1s que la Justicia de Paraguay secuestre de manera inmediata tel\u00e9fonos celulares, computadoras, pendrives y discos externos que tengan los acusados.<\/h3>\n<p><img fetchpriority=\"high\" decoding=\"async\" class=\"wp-image-26276 aligncenter\" src=\"https:\/\/apuntesdesanluis.com\/wp-content\/uploads\/2024\/12\/KUEIDER-Y-SU-SECRE-300x169.png\" alt=\"\" width=\"715\" height=\"403\" srcset=\"https:\/\/apuntesdesanluis.com\/wp-content\/uploads\/2024\/12\/KUEIDER-Y-SU-SECRE-300x169.png 300w, https:\/\/apuntesdesanluis.com\/wp-content\/uploads\/2024\/12\/KUEIDER-Y-SU-SECRE.png 874w\" sizes=\"(max-width: 715px) 100vw, 715px\" \/><\/p>\n<h3>La causa que tiene Arroyo Salgado se abri\u00f3 en julio pasado tras una denuncia a ra\u00edz de publicaciones de la revista An\u00e1lisis y el sitio El Disenso, que revelaron que el exsenador ten\u00eda tres departamentos con cocheras en un edificio de lujo en la ciudad entrerriana de Paran\u00e1. Los inmuebles est\u00e1n a nombre de una sociedad inactiva que se llama Betail SA, la cual sospechan que habr\u00eda sido una pantalla para ocultar que Kueider ser\u00eda el verdadero due\u00f1o. Las expensas de esas propiedades pasaron a estar a nombre de Guinsel Costa, quien ya figuraba como empleada del exlegislador en el Senado.<\/h3>\n<h3>La investigaci\u00f3n contra ambos se unific\u00f3 con la que se lleva adelante en el juzgado federal de San Isidro y la fiscal\u00eda de ese distrito a cargo de Fernando Dom\u00ednguez por pago de sobornos por parte de la empresa de seguridad privada Securitas a exfuncionarios entrerrianos vinculados a la empresa provincial de energ\u00eda ENERSA para adjudicarse contratos entre 2016 y 2018. En ese per\u00edodo, Kuieder era secretario general de Gobierno de la gesti\u00f3n del peronista Gustavo Bordet.<\/h3>\n<h3>Kueider ya no tiene fueros parlamentarios y por ello puede ser detenido en Argentina, m\u00e1s all\u00e1 de que present\u00f3 una acci\u00f3n de amparo para que se revierta esta situaci\u00f3n, que por el momento est\u00e1 sin resolver en el fuero contencioso administrativo federal de la Ciudad de Buenos Aires. La imputaci\u00f3n en su contra es por delitos como enriquecimiento il\u00edcito, abuso de autoridad, incumplimiento de deberes de funcionario p\u00fablico, cohecho pasivo y activo, negociaciones incompatibles y lavado de activos.<\/h3>\n<h3><\/h3>\n<h3><\/h3>\n<h3><\/h3>\n","protected":false},"excerpt":{"rendered":"<p>La jueza federal de San Isidro Sandra Arroyo Salgado, envi\u00f3 este martes un exhorto internacional&#8230;<\/p>\n","protected":false},"author":1,"featured_media":26906,"comment_status":"closed","ping_status":"closed","sticky":false,"template":"","format":"standard","meta":{"footnotes":""},"categories":[5],"tags":[],"class_list":["post-26905","post","type-post","status-publish","format-standard","has-post-thumbnail","hentry","category-nacionales-internacionales"],"yoast_head":"<!-- This site is optimized with the Yoast SEO plugin v26.1.1 - https:\/\/yoast.com\/wordpress\/plugins\/seo\/ -->\n<title>LA JUSTICIA FEDERAL PIDI\u00d3 LA EXTRADICI\u00d3N DEL EX SENADOR EDGARDO KUEIDER Y SU SECRETARIA - Apuntes de San Luis<\/title>\n<meta name=\"robots\" content=\"index, follow, max-snippet:-1, max-image-preview:large, max-video-preview:-1\" \/>\n<link rel=\"canonical\" href=\"https:\/\/apuntesdesanluis.com\/index.php\/2024\/12\/17\/la-justicia-federal-pidio-la-extradicion-del-ex-senador-edgardo-kueider-y-su-secretaria\/\" \/>\n<meta property=\"og:locale\" content=\"es_ES\" \/>\n<meta property=\"og:type\" content=\"article\" \/>\n<meta property=\"og:title\" content=\"LA JUSTICIA FEDERAL PIDI\u00d3 LA EXTRADICI\u00d3N DEL EX SENADOR EDGARDO KUEIDER Y SU SECRETARIA - Apuntes de San Luis\" \/>\n<meta property=\"og:description\" content=\"La jueza federal de San Isidro Sandra Arroyo Salgado, envi\u00f3 este martes un exhorto internacional...\" \/>\n<meta property=\"og:url\" content=\"https:\/\/apuntesdesanluis.com\/index.php\/2024\/12\/17\/la-justicia-federal-pidio-la-extradicion-del-ex-senador-edgardo-kueider-y-su-secretaria\/\" \/>\n<meta property=\"og:site_name\" content=\"Apuntes de San Luis\" \/>\n<meta property=\"article:published_time\" content=\"2024-12-18T00:48:38+00:00\" \/>\n<meta property=\"article:modified_time\" content=\"2024-12-18T00:49:13+00:00\" \/>\n<meta property=\"og:image\" content=\"https:\/\/apuntesdesanluis.com\/wp-content\/uploads\/2024\/12\/arroyo-salgado.png\" \/>\n\t<meta property=\"og:image:width\" content=\"769\" \/>\n\t<meta property=\"og:image:height\" content=\"451\" \/>\n\t<meta property=\"og:image:type\" content=\"image\/png\" \/>\n<meta name=\"author\" content=\"apuntesdesanluis.com\" \/>\n<meta name=\"twitter:card\" content=\"summary_large_image\" \/>\n<meta name=\"twitter:label1\" content=\"Escrito por\" \/>\n\t<meta name=\"twitter:data1\" content=\"apuntesdesanluis.com\" \/>\n\t<meta name=\"twitter:label2\" content=\"Tiempo de lectura\" \/>\n\t<meta name=\"twitter:data2\" content=\"3 minutos\" \/>\n<script type=\"application\/ld+json\" class=\"yoast-schema-graph\">{\"@context\":\"https:\/\/schema.org\",\"@graph\":[{\"@type\":\"Article\",\"@id\":\"https:\/\/apuntesdesanluis.com\/index.php\/2024\/12\/17\/la-justicia-federal-pidio-la-extradicion-del-ex-senador-edgardo-kueider-y-su-secretaria\/#article\",\"isPartOf\":{\"@id\":\"https:\/\/apuntesdesanluis.com\/index.php\/2024\/12\/17\/la-justicia-federal-pidio-la-extradicion-del-ex-senador-edgardo-kueider-y-su-secretaria\/\"},\"author\":{\"name\":\"apuntesdesanluis.com\",\"@id\":\"https:\/\/apuntesdesanluis.com\/#\/schema\/person\/b55151d52296fcce64d1a72538a70b90\"},\"headline\":\"LA JUSTICIA FEDERAL PIDI\u00d3 LA EXTRADICI\u00d3N DEL EX SENADOR EDGARDO KUEIDER Y SU SECRETARIA\",\"datePublished\":\"2024-12-18T00:48:38+00:00\",\"dateModified\":\"2024-12-18T00:49:13+00:00\",\"mainEntityOfPage\":{\"@id\":\"https:\/\/apuntesdesanluis.com\/index.php\/2024\/12\/17\/la-justicia-federal-pidio-la-extradicion-del-ex-senador-edgardo-kueider-y-su-secretaria\/\"},\"wordCount\":512,\"publisher\":{\"@id\":\"https:\/\/apuntesdesanluis.com\/#\/schema\/person\/b55151d52296fcce64d1a72538a70b90\"},\"image\":{\"@id\":\"https:\/\/apuntesdesanluis.com\/index.php\/2024\/12\/17\/la-justicia-federal-pidio-la-extradicion-del-ex-senador-edgardo-kueider-y-su-secretaria\/#primaryimage\"},\"thumbnailUrl\":\"https:\/\/apuntesdesanluis.com\/wp-content\/uploads\/2024\/12\/arroyo-salgado.png\",\"articleSection\":[\"Nacionales\/Internacionales\"],\"inLanguage\":\"es-AR\"},{\"@type\":\"WebPage\",\"@id\":\"https:\/\/apuntesdesanluis.com\/index.php\/2024\/12\/17\/la-justicia-federal-pidio-la-extradicion-del-ex-senador-edgardo-kueider-y-su-secretaria\/\",\"url\":\"https:\/\/apuntesdesanluis.com\/index.php\/2024\/12\/17\/la-justicia-federal-pidio-la-extradicion-del-ex-senador-edgardo-kueider-y-su-secretaria\/\",\"name\":\"LA JUSTICIA FEDERAL PIDI\u00d3 LA EXTRADICI\u00d3N DEL EX SENADOR EDGARDO KUEIDER Y SU SECRETARIA - Apuntes de San Luis\",\"isPartOf\":{\"@id\":\"https:\/\/apuntesdesanluis.com\/#website\"},\"primaryImageOfPage\":{\"@id\":\"https:\/\/apuntesdesanluis.com\/index.php\/2024\/12\/17\/la-justicia-federal-pidio-la-extradicion-del-ex-senador-edgardo-kueider-y-su-secretaria\/#primaryimage\"},\"image\":{\"@id\":\"https:\/\/apuntesdesanluis.com\/index.php\/2024\/12\/17\/la-justicia-federal-pidio-la-extradicion-del-ex-senador-edgardo-kueider-y-su-secretaria\/#primaryimage\"},\"thumbnailUrl\":\"https:\/\/apuntesdesanluis.com\/wp-content\/uploads\/2024\/12\/arroyo-salgado.png\",\"datePublished\":\"2024-12-18T00:48:38+00:00\",\"dateModified\":\"2024-12-18T00:49:13+00:00\",\"breadcrumb\":{\"@id\":\"https:\/\/apuntesdesanluis.com\/index.php\/2024\/12\/17\/la-justicia-federal-pidio-la-extradicion-del-ex-senador-edgardo-kueider-y-su-secretaria\/#breadcrumb\"},\"inLanguage\":\"es-AR\",\"potentialAction\":[{\"@type\":\"ReadAction\",\"target\":[\"https:\/\/apuntesdesanluis.com\/index.php\/2024\/12\/17\/la-justicia-federal-pidio-la-extradicion-del-ex-senador-edgardo-kueider-y-su-secretaria\/\"]}]},{\"@type\":\"ImageObject\",\"inLanguage\":\"es-AR\",\"@id\":\"https:\/\/apuntesdesanluis.com\/index.php\/2024\/12\/17\/la-justicia-federal-pidio-la-extradicion-del-ex-senador-edgardo-kueider-y-su-secretaria\/#primaryimage\",\"url\":\"https:\/\/apuntesdesanluis.com\/wp-content\/uploads\/2024\/12\/arroyo-salgado.png\",\"contentUrl\":\"https:\/\/apuntesdesanluis.com\/wp-content\/uploads\/2024\/12\/arroyo-salgado.png\",\"width\":769,\"height\":451},{\"@type\":\"BreadcrumbList\",\"@id\":\"https:\/\/apuntesdesanluis.com\/index.php\/2024\/12\/17\/la-justicia-federal-pidio-la-extradicion-del-ex-senador-edgardo-kueider-y-su-secretaria\/#breadcrumb\",\"itemListElement\":[{\"@type\":\"ListItem\",\"position\":1,\"name\":\"Inicio\",\"item\":\"https:\/\/apuntesdesanluis.com\/\"},{\"@type\":\"ListItem\",\"position\":2,\"name\":\"LA JUSTICIA FEDERAL PIDI\u00d3 LA EXTRADICI\u00d3N DEL EX SENADOR EDGARDO KUEIDER Y SU SECRETARIA\"}]},{\"@type\":\"WebSite\",\"@id\":\"https:\/\/apuntesdesanluis.com\/#website\",\"url\":\"https:\/\/apuntesdesanluis.com\/\",\"name\":\"Apuntes de San Luis\",\"description\":\"\",\"publisher\":{\"@id\":\"https:\/\/apuntesdesanluis.com\/#\/schema\/person\/b55151d52296fcce64d1a72538a70b90\"},\"potentialAction\":[{\"@type\":\"SearchAction\",\"target\":{\"@type\":\"EntryPoint\",\"urlTemplate\":\"https:\/\/apuntesdesanluis.com\/?s={search_term_string}\"},\"query-input\":{\"@type\":\"PropertyValueSpecification\",\"valueRequired\":true,\"valueName\":\"search_term_string\"}}],\"inLanguage\":\"es-AR\"},{\"@type\":[\"Person\",\"Organization\"],\"@id\":\"https:\/\/apuntesdesanluis.com\/#\/schema\/person\/b55151d52296fcce64d1a72538a70b90\",\"name\":\"apuntesdesanluis.com\",\"image\":{\"@type\":\"ImageObject\",\"inLanguage\":\"es-AR\",\"@id\":\"https:\/\/apuntesdesanluis.com\/#\/schema\/person\/image\/\",\"url\":\"https:\/\/apuntesdesanluis.com\/wp-content\/uploads\/2023\/07\/cropped-apuntesdesanluis.png\",\"contentUrl\":\"https:\/\/apuntesdesanluis.com\/wp-content\/uploads\/2023\/07\/cropped-apuntesdesanluis.png\",\"width\":450,\"height\":112,\"caption\":\"apuntesdesanluis.com\"},\"logo\":{\"@id\":\"https:\/\/apuntesdesanluis.com\/#\/schema\/person\/image\/\"},\"sameAs\":[\"https:\/\/apuntesdesanluis.com\"],\"url\":\"https:\/\/apuntesdesanluis.com\/index.php\/author\/apuntesdesanluis-com\/\"}]}<\/script>\n<!-- \/ Yoast SEO plugin. -->","yoast_head_json":{"title":"LA JUSTICIA FEDERAL PIDI\u00d3 LA EXTRADICI\u00d3N DEL EX SENADOR EDGARDO KUEIDER Y SU SECRETARIA - Apuntes de San Luis","robots":{"index":"index","follow":"follow","max-snippet":"max-snippet:-1","max-image-preview":"max-image-preview:large","max-video-preview":"max-video-preview:-1"},"canonical":"https:\/\/apuntesdesanluis.com\/index.php\/2024\/12\/17\/la-justicia-federal-pidio-la-extradicion-del-ex-senador-edgardo-kueider-y-su-secretaria\/","og_locale":"es_ES","og_type":"article","og_title":"LA JUSTICIA FEDERAL PIDI\u00d3 LA EXTRADICI\u00d3N DEL EX SENADOR EDGARDO KUEIDER Y SU SECRETARIA - Apuntes de San Luis","og_description":"La jueza federal de San Isidro Sandra Arroyo Salgado, envi\u00f3 este martes un exhorto internacional...","og_url":"https:\/\/apuntesdesanluis.com\/index.php\/2024\/12\/17\/la-justicia-federal-pidio-la-extradicion-del-ex-senador-edgardo-kueider-y-su-secretaria\/","og_site_name":"Apuntes de San Luis","article_published_time":"2024-12-18T00:48:38+00:00","article_modified_time":"2024-12-18T00:49:13+00:00","og_image":[{"width":769,"height":451,"url":"https:\/\/apuntesdesanluis.com\/wp-content\/uploads\/2024\/12\/arroyo-salgado.png","type":"image\/png"}],"author":"apuntesdesanluis.com","twitter_card":"summary_large_image","twitter_misc":{"Escrito por":"apuntesdesanluis.com","Tiempo de lectura":"3 minutos"},"schema":{"@context":"https:\/\/schema.org","@graph":[{"@type":"Article","@id":"https:\/\/apuntesdesanluis.com\/index.php\/2024\/12\/17\/la-justicia-federal-pidio-la-extradicion-del-ex-senador-edgardo-kueider-y-su-secretaria\/#article","isPartOf":{"@id":"https:\/\/apuntesdesanluis.com\/index.php\/2024\/12\/17\/la-justicia-federal-pidio-la-extradicion-del-ex-senador-edgardo-kueider-y-su-secretaria\/"},"author":{"name":"apuntesdesanluis.com","@id":"https:\/\/apuntesdesanluis.com\/#\/schema\/person\/b55151d52296fcce64d1a72538a70b90"},"headline":"LA JUSTICIA FEDERAL PIDI\u00d3 LA EXTRADICI\u00d3N DEL EX SENADOR EDGARDO KUEIDER Y SU SECRETARIA","datePublished":"2024-12-18T00:48:38+00:00","dateModified":"2024-12-18T00:49:13+00:00","mainEntityOfPage":{"@id":"https:\/\/apuntesdesanluis.com\/index.php\/2024\/12\/17\/la-justicia-federal-pidio-la-extradicion-del-ex-senador-edgardo-kueider-y-su-secretaria\/"},"wordCount":512,"publisher":{"@id":"https:\/\/apuntesdesanluis.com\/#\/schema\/person\/b55151d52296fcce64d1a72538a70b90"},"image":{"@id":"https:\/\/apuntesdesanluis.com\/index.php\/2024\/12\/17\/la-justicia-federal-pidio-la-extradicion-del-ex-senador-edgardo-kueider-y-su-secretaria\/#primaryimage"},"thumbnailUrl":"https:\/\/apuntesdesanluis.com\/wp-content\/uploads\/2024\/12\/arroyo-salgado.png","articleSection":["Nacionales\/Internacionales"],"inLanguage":"es-AR"},{"@type":"WebPage","@id":"https:\/\/apuntesdesanluis.com\/index.php\/2024\/12\/17\/la-justicia-federal-pidio-la-extradicion-del-ex-senador-edgardo-kueider-y-su-secretaria\/","url":"https:\/\/apuntesdesanluis.com\/index.php\/2024\/12\/17\/la-justicia-federal-pidio-la-extradicion-del-ex-senador-edgardo-kueider-y-su-secretaria\/","name":"LA JUSTICIA FEDERAL PIDI\u00d3 LA EXTRADICI\u00d3N DEL EX SENADOR EDGARDO KUEIDER Y SU SECRETARIA - Apuntes de San Luis","isPartOf":{"@id":"https:\/\/apuntesdesanluis.com\/#website"},"primaryImageOfPage":{"@id":"https:\/\/apuntesdesanluis.com\/index.php\/2024\/12\/17\/la-justicia-federal-pidio-la-extradicion-del-ex-senador-edgardo-kueider-y-su-secretaria\/#primaryimage"},"image":{"@id":"https:\/\/apuntesdesanluis.com\/index.php\/2024\/12\/17\/la-justicia-federal-pidio-la-extradicion-del-ex-senador-edgardo-kueider-y-su-secretaria\/#primaryimage"},"thumbnailUrl":"https:\/\/apuntesdesanluis.com\/wp-content\/uploads\/2024\/12\/arroyo-salgado.png","datePublished":"2024-12-18T00:48:38+00:00","dateModified":"2024-12-18T00:49:13+00:00","breadcrumb":{"@id":"https:\/\/apuntesdesanluis.com\/index.php\/2024\/12\/17\/la-justicia-federal-pidio-la-extradicion-del-ex-senador-edgardo-kueider-y-su-secretaria\/#breadcrumb"},"inLanguage":"es-AR","potentialAction":[{"@type":"ReadAction","target":["https:\/\/apuntesdesanluis.com\/index.php\/2024\/12\/17\/la-justicia-federal-pidio-la-extradicion-del-ex-senador-edgardo-kueider-y-su-secretaria\/"]}]},{"@type":"ImageObject","inLanguage":"es-AR","@id":"https:\/\/apuntesdesanluis.com\/index.php\/2024\/12\/17\/la-justicia-federal-pidio-la-extradicion-del-ex-senador-edgardo-kueider-y-su-secretaria\/#primaryimage","url":"https:\/\/apuntesdesanluis.com\/wp-content\/uploads\/2024\/12\/arroyo-salgado.png","contentUrl":"https:\/\/apuntesdesanluis.com\/wp-content\/uploads\/2024\/12\/arroyo-salgado.png","width":769,"height":451},{"@type":"BreadcrumbList","@id":"https:\/\/apuntesdesanluis.com\/index.php\/2024\/12\/17\/la-justicia-federal-pidio-la-extradicion-del-ex-senador-edgardo-kueider-y-su-secretaria\/#breadcrumb","itemListElement":[{"@type":"ListItem","position":1,"name":"Inicio","item":"https:\/\/apuntesdesanluis.com\/"},{"@type":"ListItem","position":2,"name":"LA JUSTICIA FEDERAL PIDI\u00d3 LA EXTRADICI\u00d3N DEL EX SENADOR EDGARDO KUEIDER Y SU SECRETARIA"}]},{"@type":"WebSite","@id":"https:\/\/apuntesdesanluis.com\/#website","url":"https:\/\/apuntesdesanluis.com\/","name":"Apuntes de San Luis","description":"","publisher":{"@id":"https:\/\/apuntesdesanluis.com\/#\/schema\/person\/b55151d52296fcce64d1a72538a70b90"},"potentialAction":[{"@type":"SearchAction","target":{"@type":"EntryPoint","urlTemplate":"https:\/\/apuntesdesanluis.com\/?s={search_term_string}"},"query-input":{"@type":"PropertyValueSpecification","valueRequired":true,"valueName":"search_term_string"}}],"inLanguage":"es-AR"},{"@type":["Person","Organization"],"@id":"https:\/\/apuntesdesanluis.com\/#\/schema\/person\/b55151d52296fcce64d1a72538a70b90","name":"apuntesdesanluis.com","image":{"@type":"ImageObject","inLanguage":"es-AR","@id":"https:\/\/apuntesdesanluis.com\/#\/schema\/person\/image\/","url":"https:\/\/apuntesdesanluis.com\/wp-content\/uploads\/2023\/07\/cropped-apuntesdesanluis.png","contentUrl":"https:\/\/apuntesdesanluis.com\/wp-content\/uploads\/2023\/07\/cropped-apuntesdesanluis.png","width":450,"height":112,"caption":"apuntesdesanluis.com"},"logo":{"@id":"https:\/\/apuntesdesanluis.com\/#\/schema\/person\/image\/"},"sameAs":["https:\/\/apuntesdesanluis.com"],"url":"https:\/\/apuntesdesanluis.com\/index.php\/author\/apuntesdesanluis-com\/"}]}},"featured_image_urls":{"full":["https:\/\/apuntesdesanluis.com\/wp-content\/uploads\/2024\/12\/arroyo-salgado.png",769,451,false],"thumbnail":["https:\/\/apuntesdesanluis.com\/wp-content\/uploads\/2024\/12\/arroyo-salgado-150x150.png",150,150,true],"medium":["https:\/\/apuntesdesanluis.com\/wp-content\/uploads\/2024\/12\/arroyo-salgado-300x176.png",300,176,true],"medium_large":["https:\/\/apuntesdesanluis.com\/wp-content\/uploads\/2024\/12\/arroyo-salgado.png",640,375,false],"large":["https:\/\/apuntesdesanluis.com\/wp-content\/uploads\/2024\/12\/arroyo-salgado.png",640,375,false],"1536x1536":["https:\/\/apuntesdesanluis.com\/wp-content\/uploads\/2024\/12\/arroyo-salgado.png",769,451,false],"2048x2048":["https:\/\/apuntesdesanluis.com\/wp-content\/uploads\/2024\/12\/arroyo-salgado.png",769,451,false],"newsever-slider-full":["https:\/\/apuntesdesanluis.com\/wp-content\/uploads\/2024\/12\/arroyo-salgado.png",769,451,false],"newsever-featured":["https:\/\/apuntesdesanluis.com\/wp-content\/uploads\/2024\/12\/arroyo-salgado.png",769,451,false],"newsever-medium":["https:\/\/apuntesdesanluis.com\/wp-content\/uploads\/2024\/12\/arroyo-salgado-720x451.png",720,451,true]},"author_info":{"display_name":"apuntesdesanluis.com","author_link":"https:\/\/apuntesdesanluis.com\/index.php\/author\/apuntesdesanluis-com\/"},"category_info":"<a href=\"https:\/\/apuntesdesanluis.com\/index.php\/category\/nacionales-internacionales\/\" rel=\"category tag\">Nacionales\/Internacionales<\/a>","tag_info":"Nacionales\/Internacionales","comment_count":"0","_links":{"self":[{"href":"https:\/\/apuntesdesanluis.com\/index.php\/wp-json\/wp\/v2\/posts\/26905","targetHints":{"allow":["GET"]}}],"collection":[{"href":"https:\/\/apuntesdesanluis.com\/index.php\/wp-json\/wp\/v2\/posts"}],"about":[{"href":"https:\/\/apuntesdesanluis.com\/index.php\/wp-json\/wp\/v2\/types\/post"}],"author":[{"embeddable":true,"href":"https:\/\/apuntesdesanluis.com\/index.php\/wp-json\/wp\/v2\/users\/1"}],"replies":[{"embeddable":true,"href":"https:\/\/apuntesdesanluis.com\/index.php\/wp-json\/wp\/v2\/comments?post=26905"}],"version-history":[{"count":2,"href":"https:\/\/apuntesdesanluis.com\/index.php\/wp-json\/wp\/v2\/posts\/26905\/revisions"}],"predecessor-version":[{"id":26908,"href":"https:\/\/apuntesdesanluis.com\/index.php\/wp-json\/wp\/v2\/posts\/26905\/revisions\/26908"}],"wp:featuredmedia":[{"embeddable":true,"href":"https:\/\/apuntesdesanluis.com\/index.php\/wp-json\/wp\/v2\/media\/26906"}],"wp:attachment":[{"href":"https:\/\/apuntesdesanluis.com\/index.php\/wp-json\/wp\/v2\/media?parent=26905"}],"wp:term":[{"taxonomy":"category","embeddable":true,"href":"https:\/\/apuntesdesanluis.com\/index.php\/wp-json\/wp\/v2\/categories?post=26905"},{"taxonomy":"post_tag","embeddable":true,"href":"https:\/\/apuntesdesanluis.com\/index.php\/wp-json\/wp\/v2\/tags?post=26905"}],"curies":[{"name":"wp","href":"https:\/\/api.w.org\/{rel}","templated":true}]}}