{"id":26943,"date":"2024-12-19T15:25:39","date_gmt":"2024-12-19T18:25:39","guid":{"rendered":"https:\/\/apuntesdesanluis.com\/?p=26943"},"modified":"2024-12-19T15:25:39","modified_gmt":"2024-12-19T18:25:39","slug":"prorrogaron-prision-preventiva-para-la-mujer-acusada-de-abusar-de-su-hijo","status":"publish","type":"post","link":"https:\/\/apuntesdesanluis.com\/index.php\/2024\/12\/19\/prorrogaron-prision-preventiva-para-la-mujer-acusada-de-abusar-de-su-hijo\/","title":{"rendered":"PRORROGARON PRISI\u00d3N PREVENTIVA PARA LA MUJER ACUSADA DE ABUSAR DE SU HIJO"},"content":{"rendered":"<h3>La Jueza de Garant\u00eda N\u00ba 2 de la ciudad de San Luis, Agustina Dopazo, decidi\u00f3 extender la prisi\u00f3n preventiva de una mujer imputada de abusar de su hijo, por el t\u00e9rmino de 90 d\u00edas. La magistrada tambi\u00e9n prorrog\u00f3 por 120 d\u00edas el plazo para la investigaci\u00f3n penal preparatoria.<\/h3>\n<h3>Durante la audiencia, la Fiscal\u00eda de G\u00e9nero N\u00ba 1, a cargo de la Fiscal Mar\u00eda del Valle Dur\u00e1n y Fiscal Adjunta, Antonella Romagnoli, detall\u00f3 los avances de la investigaci\u00f3n, las evidencias que pudieron recabar hasta la fecha y las pruebas que a\u00fan quedan por recolectar. En este marco, solicit\u00f3 la pr\u00f3rroga de la prisi\u00f3n preventiva y de la investigaci\u00f3n penal preparatoria por el plazo de 120 d\u00edas.<\/h3>\n<h3>A la imputada, progenitora de la v\u00edctima, se le formularon cargos el 21 de septiembre de 2024 por los delitos de abuso sexual gravemente ultrajante doblemente agravado por el v\u00ednculo y por la convivencia preexistente, corrupci\u00f3n de menores agravada por el v\u00ednculo y pornograf\u00eda infantil agravada por ser la v\u00edctima menor de trece a\u00f1os, todo en concurso real.<\/h3>\n<h3><\/h3>\n<h3><\/h3>\n<p>&nbsp;<\/p>\n<p>&nbsp;<\/p>\n","protected":false},"excerpt":{"rendered":"<p>La Jueza de Garant\u00eda N\u00ba 2 de la ciudad de San Luis, Agustina Dopazo, decidi\u00f3&#8230;<\/p>\n","protected":false},"author":1,"featured_media":580,"comment_status":"closed","ping_status":"closed","sticky":false,"template":"","format":"standard","meta":{"footnotes":""},"categories":[6],"tags":[],"class_list":["post-26943","post","type-post","status-publish","format-standard","has-post-thumbnail","hentry","category-ciudad-provincia"],"yoast_head":"<!-- This site is optimized with the Yoast SEO plugin v26.1.1 - https:\/\/yoast.com\/wordpress\/plugins\/seo\/ -->\n<title>PRORROGARON PRISI\u00d3N PREVENTIVA PARA LA MUJER ACUSADA DE ABUSAR DE SU HIJO - Apuntes de San Luis<\/title>\n<meta name=\"robots\" content=\"index, follow, max-snippet:-1, max-image-preview:large, max-video-preview:-1\" \/>\n<link rel=\"canonical\" href=\"https:\/\/apuntesdesanluis.com\/index.php\/2024\/12\/19\/prorrogaron-prision-preventiva-para-la-mujer-acusada-de-abusar-de-su-hijo\/\" \/>\n<meta property=\"og:locale\" content=\"es_ES\" \/>\n<meta property=\"og:type\" content=\"article\" \/>\n<meta property=\"og:title\" content=\"PRORROGARON PRISI\u00d3N PREVENTIVA PARA LA MUJER ACUSADA DE ABUSAR DE SU HIJO - Apuntes de San Luis\" \/>\n<meta property=\"og:description\" content=\"La Jueza de Garant\u00eda N\u00ba 2 de la ciudad de San Luis, Agustina Dopazo, decidi\u00f3...\" \/>\n<meta property=\"og:url\" content=\"https:\/\/apuntesdesanluis.com\/index.php\/2024\/12\/19\/prorrogaron-prision-preventiva-para-la-mujer-acusada-de-abusar-de-su-hijo\/\" \/>\n<meta property=\"og:site_name\" content=\"Apuntes de San Luis\" \/>\n<meta property=\"article:published_time\" content=\"2024-12-19T18:25:39+00:00\" \/>\n<meta property=\"og:image\" content=\"https:\/\/apuntesdesanluis.com\/wp-content\/uploads\/2023\/07\/tribunales-puntanos.png\" \/>\n\t<meta property=\"og:image:width\" content=\"788\" \/>\n\t<meta property=\"og:image:height\" content=\"480\" \/>\n\t<meta property=\"og:image:type\" content=\"image\/png\" \/>\n<meta name=\"author\" content=\"apuntesdesanluis.com\" \/>\n<meta name=\"twitter:card\" content=\"summary_large_image\" \/>\n<meta name=\"twitter:label1\" content=\"Escrito por\" \/>\n\t<meta name=\"twitter:data1\" content=\"apuntesdesanluis.com\" \/>\n\t<meta name=\"twitter:label2\" content=\"Tiempo de lectura\" \/>\n\t<meta name=\"twitter:data2\" content=\"1 minuto\" \/>\n<script type=\"application\/ld+json\" class=\"yoast-schema-graph\">{\"@context\":\"https:\/\/schema.org\",\"@graph\":[{\"@type\":\"Article\",\"@id\":\"https:\/\/apuntesdesanluis.com\/index.php\/2024\/12\/19\/prorrogaron-prision-preventiva-para-la-mujer-acusada-de-abusar-de-su-hijo\/#article\",\"isPartOf\":{\"@id\":\"https:\/\/apuntesdesanluis.com\/index.php\/2024\/12\/19\/prorrogaron-prision-preventiva-para-la-mujer-acusada-de-abusar-de-su-hijo\/\"},\"author\":{\"name\":\"apuntesdesanluis.com\",\"@id\":\"https:\/\/apuntesdesanluis.com\/#\/schema\/person\/b55151d52296fcce64d1a72538a70b90\"},\"headline\":\"PRORROGARON PRISI\u00d3N PREVENTIVA PARA LA MUJER ACUSADA DE ABUSAR DE SU HIJO\",\"datePublished\":\"2024-12-19T18:25:39+00:00\",\"mainEntityOfPage\":{\"@id\":\"https:\/\/apuntesdesanluis.com\/index.php\/2024\/12\/19\/prorrogaron-prision-preventiva-para-la-mujer-acusada-de-abusar-de-su-hijo\/\"},\"wordCount\":205,\"publisher\":{\"@id\":\"https:\/\/apuntesdesanluis.com\/#\/schema\/person\/b55151d52296fcce64d1a72538a70b90\"},\"image\":{\"@id\":\"https:\/\/apuntesdesanluis.com\/index.php\/2024\/12\/19\/prorrogaron-prision-preventiva-para-la-mujer-acusada-de-abusar-de-su-hijo\/#primaryimage\"},\"thumbnailUrl\":\"https:\/\/apuntesdesanluis.com\/wp-content\/uploads\/2023\/07\/tribunales-puntanos.png\",\"articleSection\":[\"Ciudad\/Provincia\"],\"inLanguage\":\"es-AR\"},{\"@type\":\"WebPage\",\"@id\":\"https:\/\/apuntesdesanluis.com\/index.php\/2024\/12\/19\/prorrogaron-prision-preventiva-para-la-mujer-acusada-de-abusar-de-su-hijo\/\",\"url\":\"https:\/\/apuntesdesanluis.com\/index.php\/2024\/12\/19\/prorrogaron-prision-preventiva-para-la-mujer-acusada-de-abusar-de-su-hijo\/\",\"name\":\"PRORROGARON PRISI\u00d3N PREVENTIVA PARA LA MUJER ACUSADA DE ABUSAR DE SU HIJO - Apuntes de San Luis\",\"isPartOf\":{\"@id\":\"https:\/\/apuntesdesanluis.com\/#website\"},\"primaryImageOfPage\":{\"@id\":\"https:\/\/apuntesdesanluis.com\/index.php\/2024\/12\/19\/prorrogaron-prision-preventiva-para-la-mujer-acusada-de-abusar-de-su-hijo\/#primaryimage\"},\"image\":{\"@id\":\"https:\/\/apuntesdesanluis.com\/index.php\/2024\/12\/19\/prorrogaron-prision-preventiva-para-la-mujer-acusada-de-abusar-de-su-hijo\/#primaryimage\"},\"thumbnailUrl\":\"https:\/\/apuntesdesanluis.com\/wp-content\/uploads\/2023\/07\/tribunales-puntanos.png\",\"datePublished\":\"2024-12-19T18:25:39+00:00\",\"breadcrumb\":{\"@id\":\"https:\/\/apuntesdesanluis.com\/index.php\/2024\/12\/19\/prorrogaron-prision-preventiva-para-la-mujer-acusada-de-abusar-de-su-hijo\/#breadcrumb\"},\"inLanguage\":\"es-AR\",\"potentialAction\":[{\"@type\":\"ReadAction\",\"target\":[\"https:\/\/apuntesdesanluis.com\/index.php\/2024\/12\/19\/prorrogaron-prision-preventiva-para-la-mujer-acusada-de-abusar-de-su-hijo\/\"]}]},{\"@type\":\"ImageObject\",\"inLanguage\":\"es-AR\",\"@id\":\"https:\/\/apuntesdesanluis.com\/index.php\/2024\/12\/19\/prorrogaron-prision-preventiva-para-la-mujer-acusada-de-abusar-de-su-hijo\/#primaryimage\",\"url\":\"https:\/\/apuntesdesanluis.com\/wp-content\/uploads\/2023\/07\/tribunales-puntanos.png\",\"contentUrl\":\"https:\/\/apuntesdesanluis.com\/wp-content\/uploads\/2023\/07\/tribunales-puntanos.png\",\"width\":788,\"height\":480},{\"@type\":\"BreadcrumbList\",\"@id\":\"https:\/\/apuntesdesanluis.com\/index.php\/2024\/12\/19\/prorrogaron-prision-preventiva-para-la-mujer-acusada-de-abusar-de-su-hijo\/#breadcrumb\",\"itemListElement\":[{\"@type\":\"ListItem\",\"position\":1,\"name\":\"Inicio\",\"item\":\"https:\/\/apuntesdesanluis.com\/\"},{\"@type\":\"ListItem\",\"position\":2,\"name\":\"PRORROGARON PRISI\u00d3N PREVENTIVA PARA LA MUJER ACUSADA DE ABUSAR DE SU HIJO\"}]},{\"@type\":\"WebSite\",\"@id\":\"https:\/\/apuntesdesanluis.com\/#website\",\"url\":\"https:\/\/apuntesdesanluis.com\/\",\"name\":\"Apuntes de San Luis\",\"description\":\"\",\"publisher\":{\"@id\":\"https:\/\/apuntesdesanluis.com\/#\/schema\/person\/b55151d52296fcce64d1a72538a70b90\"},\"potentialAction\":[{\"@type\":\"SearchAction\",\"target\":{\"@type\":\"EntryPoint\",\"urlTemplate\":\"https:\/\/apuntesdesanluis.com\/?s={search_term_string}\"},\"query-input\":{\"@type\":\"PropertyValueSpecification\",\"valueRequired\":true,\"valueName\":\"search_term_string\"}}],\"inLanguage\":\"es-AR\"},{\"@type\":[\"Person\",\"Organization\"],\"@id\":\"https:\/\/apuntesdesanluis.com\/#\/schema\/person\/b55151d52296fcce64d1a72538a70b90\",\"name\":\"apuntesdesanluis.com\",\"image\":{\"@type\":\"ImageObject\",\"inLanguage\":\"es-AR\",\"@id\":\"https:\/\/apuntesdesanluis.com\/#\/schema\/person\/image\/\",\"url\":\"https:\/\/apuntesdesanluis.com\/wp-content\/uploads\/2023\/07\/cropped-apuntesdesanluis.png\",\"contentUrl\":\"https:\/\/apuntesdesanluis.com\/wp-content\/uploads\/2023\/07\/cropped-apuntesdesanluis.png\",\"width\":450,\"height\":112,\"caption\":\"apuntesdesanluis.com\"},\"logo\":{\"@id\":\"https:\/\/apuntesdesanluis.com\/#\/schema\/person\/image\/\"},\"sameAs\":[\"https:\/\/apuntesdesanluis.com\"],\"url\":\"https:\/\/apuntesdesanluis.com\/index.php\/author\/apuntesdesanluis-com\/\"}]}<\/script>\n<!-- \/ Yoast SEO plugin. -->","yoast_head_json":{"title":"PRORROGARON PRISI\u00d3N PREVENTIVA PARA LA MUJER ACUSADA DE ABUSAR DE SU HIJO - Apuntes de San Luis","robots":{"index":"index","follow":"follow","max-snippet":"max-snippet:-1","max-image-preview":"max-image-preview:large","max-video-preview":"max-video-preview:-1"},"canonical":"https:\/\/apuntesdesanluis.com\/index.php\/2024\/12\/19\/prorrogaron-prision-preventiva-para-la-mujer-acusada-de-abusar-de-su-hijo\/","og_locale":"es_ES","og_type":"article","og_title":"PRORROGARON PRISI\u00d3N PREVENTIVA PARA LA MUJER ACUSADA DE ABUSAR DE SU HIJO - Apuntes de San Luis","og_description":"La Jueza de Garant\u00eda N\u00ba 2 de la ciudad de San Luis, Agustina Dopazo, decidi\u00f3...","og_url":"https:\/\/apuntesdesanluis.com\/index.php\/2024\/12\/19\/prorrogaron-prision-preventiva-para-la-mujer-acusada-de-abusar-de-su-hijo\/","og_site_name":"Apuntes de San Luis","article_published_time":"2024-12-19T18:25:39+00:00","og_image":[{"width":788,"height":480,"url":"https:\/\/apuntesdesanluis.com\/wp-content\/uploads\/2023\/07\/tribunales-puntanos.png","type":"image\/png"}],"author":"apuntesdesanluis.com","twitter_card":"summary_large_image","twitter_misc":{"Escrito por":"apuntesdesanluis.com","Tiempo de lectura":"1 minuto"},"schema":{"@context":"https:\/\/schema.org","@graph":[{"@type":"Article","@id":"https:\/\/apuntesdesanluis.com\/index.php\/2024\/12\/19\/prorrogaron-prision-preventiva-para-la-mujer-acusada-de-abusar-de-su-hijo\/#article","isPartOf":{"@id":"https:\/\/apuntesdesanluis.com\/index.php\/2024\/12\/19\/prorrogaron-prision-preventiva-para-la-mujer-acusada-de-abusar-de-su-hijo\/"},"author":{"name":"apuntesdesanluis.com","@id":"https:\/\/apuntesdesanluis.com\/#\/schema\/person\/b55151d52296fcce64d1a72538a70b90"},"headline":"PRORROGARON PRISI\u00d3N PREVENTIVA PARA LA MUJER ACUSADA DE ABUSAR DE SU HIJO","datePublished":"2024-12-19T18:25:39+00:00","mainEntityOfPage":{"@id":"https:\/\/apuntesdesanluis.com\/index.php\/2024\/12\/19\/prorrogaron-prision-preventiva-para-la-mujer-acusada-de-abusar-de-su-hijo\/"},"wordCount":205,"publisher":{"@id":"https:\/\/apuntesdesanluis.com\/#\/schema\/person\/b55151d52296fcce64d1a72538a70b90"},"image":{"@id":"https:\/\/apuntesdesanluis.com\/index.php\/2024\/12\/19\/prorrogaron-prision-preventiva-para-la-mujer-acusada-de-abusar-de-su-hijo\/#primaryimage"},"thumbnailUrl":"https:\/\/apuntesdesanluis.com\/wp-content\/uploads\/2023\/07\/tribunales-puntanos.png","articleSection":["Ciudad\/Provincia"],"inLanguage":"es-AR"},{"@type":"WebPage","@id":"https:\/\/apuntesdesanluis.com\/index.php\/2024\/12\/19\/prorrogaron-prision-preventiva-para-la-mujer-acusada-de-abusar-de-su-hijo\/","url":"https:\/\/apuntesdesanluis.com\/index.php\/2024\/12\/19\/prorrogaron-prision-preventiva-para-la-mujer-acusada-de-abusar-de-su-hijo\/","name":"PRORROGARON PRISI\u00d3N PREVENTIVA PARA LA MUJER ACUSADA DE ABUSAR DE SU HIJO - Apuntes de San Luis","isPartOf":{"@id":"https:\/\/apuntesdesanluis.com\/#website"},"primaryImageOfPage":{"@id":"https:\/\/apuntesdesanluis.com\/index.php\/2024\/12\/19\/prorrogaron-prision-preventiva-para-la-mujer-acusada-de-abusar-de-su-hijo\/#primaryimage"},"image":{"@id":"https:\/\/apuntesdesanluis.com\/index.php\/2024\/12\/19\/prorrogaron-prision-preventiva-para-la-mujer-acusada-de-abusar-de-su-hijo\/#primaryimage"},"thumbnailUrl":"https:\/\/apuntesdesanluis.com\/wp-content\/uploads\/2023\/07\/tribunales-puntanos.png","datePublished":"2024-12-19T18:25:39+00:00","breadcrumb":{"@id":"https:\/\/apuntesdesanluis.com\/index.php\/2024\/12\/19\/prorrogaron-prision-preventiva-para-la-mujer-acusada-de-abusar-de-su-hijo\/#breadcrumb"},"inLanguage":"es-AR","potentialAction":[{"@type":"ReadAction","target":["https:\/\/apuntesdesanluis.com\/index.php\/2024\/12\/19\/prorrogaron-prision-preventiva-para-la-mujer-acusada-de-abusar-de-su-hijo\/"]}]},{"@type":"ImageObject","inLanguage":"es-AR","@id":"https:\/\/apuntesdesanluis.com\/index.php\/2024\/12\/19\/prorrogaron-prision-preventiva-para-la-mujer-acusada-de-abusar-de-su-hijo\/#primaryimage","url":"https:\/\/apuntesdesanluis.com\/wp-content\/uploads\/2023\/07\/tribunales-puntanos.png","contentUrl":"https:\/\/apuntesdesanluis.com\/wp-content\/uploads\/2023\/07\/tribunales-puntanos.png","width":788,"height":480},{"@type":"BreadcrumbList","@id":"https:\/\/apuntesdesanluis.com\/index.php\/2024\/12\/19\/prorrogaron-prision-preventiva-para-la-mujer-acusada-de-abusar-de-su-hijo\/#breadcrumb","itemListElement":[{"@type":"ListItem","position":1,"name":"Inicio","item":"https:\/\/apuntesdesanluis.com\/"},{"@type":"ListItem","position":2,"name":"PRORROGARON PRISI\u00d3N PREVENTIVA PARA LA MUJER ACUSADA DE ABUSAR DE SU HIJO"}]},{"@type":"WebSite","@id":"https:\/\/apuntesdesanluis.com\/#website","url":"https:\/\/apuntesdesanluis.com\/","name":"Apuntes de San Luis","description":"","publisher":{"@id":"https:\/\/apuntesdesanluis.com\/#\/schema\/person\/b55151d52296fcce64d1a72538a70b90"},"potentialAction":[{"@type":"SearchAction","target":{"@type":"EntryPoint","urlTemplate":"https:\/\/apuntesdesanluis.com\/?s={search_term_string}"},"query-input":{"@type":"PropertyValueSpecification","valueRequired":true,"valueName":"search_term_string"}}],"inLanguage":"es-AR"},{"@type":["Person","Organization"],"@id":"https:\/\/apuntesdesanluis.com\/#\/schema\/person\/b55151d52296fcce64d1a72538a70b90","name":"apuntesdesanluis.com","image":{"@type":"ImageObject","inLanguage":"es-AR","@id":"https:\/\/apuntesdesanluis.com\/#\/schema\/person\/image\/","url":"https:\/\/apuntesdesanluis.com\/wp-content\/uploads\/2023\/07\/cropped-apuntesdesanluis.png","contentUrl":"https:\/\/apuntesdesanluis.com\/wp-content\/uploads\/2023\/07\/cropped-apuntesdesanluis.png","width":450,"height":112,"caption":"apuntesdesanluis.com"},"logo":{"@id":"https:\/\/apuntesdesanluis.com\/#\/schema\/person\/image\/"},"sameAs":["https:\/\/apuntesdesanluis.com"],"url":"https:\/\/apuntesdesanluis.com\/index.php\/author\/apuntesdesanluis-com\/"}]}},"featured_image_urls":{"full":["https:\/\/apuntesdesanluis.com\/wp-content\/uploads\/2023\/07\/tribunales-puntanos.png",788,480,false],"thumbnail":["https:\/\/apuntesdesanluis.com\/wp-content\/uploads\/2023\/07\/tribunales-puntanos-150x150.png",150,150,true],"medium":["https:\/\/apuntesdesanluis.com\/wp-content\/uploads\/2023\/07\/tribunales-puntanos-300x183.png",300,183,true],"medium_large":["https:\/\/apuntesdesanluis.com\/wp-content\/uploads\/2023\/07\/tribunales-puntanos-768x468.png",640,390,true],"large":["https:\/\/apuntesdesanluis.com\/wp-content\/uploads\/2023\/07\/tribunales-puntanos.png",640,390,false],"1536x1536":["https:\/\/apuntesdesanluis.com\/wp-content\/uploads\/2023\/07\/tribunales-puntanos.png",788,480,false],"2048x2048":["https:\/\/apuntesdesanluis.com\/wp-content\/uploads\/2023\/07\/tribunales-puntanos.png",788,480,false],"newsever-slider-full":["https:\/\/apuntesdesanluis.com\/wp-content\/uploads\/2023\/07\/tribunales-puntanos.png",788,480,false],"newsever-featured":["https:\/\/apuntesdesanluis.com\/wp-content\/uploads\/2023\/07\/tribunales-puntanos.png",788,480,false],"newsever-medium":["https:\/\/apuntesdesanluis.com\/wp-content\/uploads\/2023\/07\/tribunales-puntanos-720x475.png",720,475,true]},"author_info":{"display_name":"apuntesdesanluis.com","author_link":"https:\/\/apuntesdesanluis.com\/index.php\/author\/apuntesdesanluis-com\/"},"category_info":"<a href=\"https:\/\/apuntesdesanluis.com\/index.php\/category\/ciudad-provincia\/\" rel=\"category tag\">Ciudad\/Provincia<\/a>","tag_info":"Ciudad\/Provincia","comment_count":"0","_links":{"self":[{"href":"https:\/\/apuntesdesanluis.com\/index.php\/wp-json\/wp\/v2\/posts\/26943","targetHints":{"allow":["GET"]}}],"collection":[{"href":"https:\/\/apuntesdesanluis.com\/index.php\/wp-json\/wp\/v2\/posts"}],"about":[{"href":"https:\/\/apuntesdesanluis.com\/index.php\/wp-json\/wp\/v2\/types\/post"}],"author":[{"embeddable":true,"href":"https:\/\/apuntesdesanluis.com\/index.php\/wp-json\/wp\/v2\/users\/1"}],"replies":[{"embeddable":true,"href":"https:\/\/apuntesdesanluis.com\/index.php\/wp-json\/wp\/v2\/comments?post=26943"}],"version-history":[{"count":1,"href":"https:\/\/apuntesdesanluis.com\/index.php\/wp-json\/wp\/v2\/posts\/26943\/revisions"}],"predecessor-version":[{"id":26944,"href":"https:\/\/apuntesdesanluis.com\/index.php\/wp-json\/wp\/v2\/posts\/26943\/revisions\/26944"}],"wp:featuredmedia":[{"embeddable":true,"href":"https:\/\/apuntesdesanluis.com\/index.php\/wp-json\/wp\/v2\/media\/580"}],"wp:attachment":[{"href":"https:\/\/apuntesdesanluis.com\/index.php\/wp-json\/wp\/v2\/media?parent=26943"}],"wp:term":[{"taxonomy":"category","embeddable":true,"href":"https:\/\/apuntesdesanluis.com\/index.php\/wp-json\/wp\/v2\/categories?post=26943"},{"taxonomy":"post_tag","embeddable":true,"href":"https:\/\/apuntesdesanluis.com\/index.php\/wp-json\/wp\/v2\/tags?post=26943"}],"curies":[{"name":"wp","href":"https:\/\/api.w.org\/{rel}","templated":true}]}}