{"id":26950,"date":"2024-12-19T15:59:41","date_gmt":"2024-12-19T18:59:41","guid":{"rendered":"https:\/\/apuntesdesanluis.com\/?p=26950"},"modified":"2024-12-19T15:59:41","modified_gmt":"2024-12-19T18:59:41","slug":"afirman-quen-el-plan-de-alfabetizacion-logro-una-mejora-considerable","status":"publish","type":"post","link":"https:\/\/apuntesdesanluis.com\/index.php\/2024\/12\/19\/afirman-quen-el-plan-de-alfabetizacion-logro-una-mejora-considerable\/","title":{"rendered":"AFIRMAN QUEN EL PLAN DE ALFABETIZACI\u00d3N LOGR\u00d3 \u201cUNA MEJORA CONSIDERABLE\u201d"},"content":{"rendered":"<h3>Este jueves, en la presentaci\u00f3n de los resultados del <strong>Plan Provincial de Alfabetizaci\u00f3n 2024<\/strong>, la directora de Innovaci\u00f3n y Planeamiento del ministerio de Educaci\u00f3n, <strong>Virginia Petrino<\/strong>, se apoy\u00f3 en una presentaci\u00f3n PowerPoint para mostrar los logros a los que arribaron docentes de toda la provincia, con esfuerzo y dedicaci\u00f3n, para mejorar la lectura, la compresi\u00f3n lectora y la escritura.<\/h3>\n<h3>Las evaluaciones abarcaron sala de 5 a\u00f1os, 1\u00b0, 2\u00b0 y 3\u00b0 grado, permitiendo un diagn\u00f3stico detallado de los progresos en Lengua, cit\u00f3 en el Sal\u00f3n Blanco de Casa de Gobierno. De los 30.858 estudiantes matriculados en estos niveles, se alcanz\u00f3 a evaluar a 29.596, lo que representa casi el 95% de la matr\u00edcula provincial.<\/h3>\n<h3>\u201cLa implementaci\u00f3n del Plan Provincial de Alfabetizaci\u00f3n ha sido posible gracias al compromiso de los docentes y los directores de las escuelas. El trabajo en conjunto y las estrategias de capacitaci\u00f3n en el aula, sumado al uso de la cartilla Klofkyna, son fundamentales para lograr estos avances. Si bien los resultados son muy buenos, este es un proceso a largo plazo, y seguimos apuntando a que en 2025 cada estudiante alcance los conocimientos esperados para su grado\u201d, mencion\u00f3.<\/h3>\n<p><iframe title=\"Virginia Petrino, directora de Innovaci\u00f3n y Planeamiento\" width=\"640\" height=\"360\" src=\"https:\/\/www.youtube.com\/embed\/q7rLP-weXCI?feature=oembed\" frameborder=\"0\" allow=\"accelerometer; autoplay; clipboard-write; encrypted-media; gyroscope; picture-in-picture; web-share\" referrerpolicy=\"strict-origin-when-cross-origin\" allowfullscreen><\/iframe><\/p>\n<h3>SOBRE LOS DIAGN\u00d3STICOS<\/h3>\n<h3>En sala de 5 a\u00f1os, la evaluaci\u00f3n se centr\u00f3 en la conciencia fonol\u00f3gica y la relaci\u00f3n fonema-grafema, es decir, en la habilidad de los estudiantes para asociar sonidos con letras y reconocer im\u00e1genes representativas. Tambi\u00e9n se trabaj\u00f3 en la escritura en cursiva, evaluando c\u00f3mo los ni\u00f1os sostienen el l\u00e1piz y trazan las letras. Los resultados fueron alentadores: un 77,2% logr\u00f3 asociar fonemas y grafemas correctamente, y un 66,8% demostr\u00f3 una adecuada escritura en cursiva.<\/h3>\n<h3>En primer grado el foco estuvo en la lectura y escritura de palabras aisladas, con \u00e9nfasis en la correspondencia entre palabras e im\u00e1genes. En comparaci\u00f3n con los resultados de abril, el 85,5% de los estudiantes logr\u00f3 realizar la lectura correctamente, mientras que el 59,7% alcanz\u00f3 un buen nivel de escritura.<\/h3>\n<h3>En segundo grado, el Plan Provincial de Alfabetizaci\u00f3n comenz\u00f3 a mostrar su mayor consolidaci\u00f3n con un enfoque en la comprensi\u00f3n de oraciones simples y su escritura. El 79,8% de los estudiantes logr\u00f3 identificar correctamente la oraci\u00f3n y asociarla con la imagen correspondiente. En cuanto a la escritura de oraciones dictadas, el 79,5% de los alumnos alcanz\u00f3 una buena calificaci\u00f3n.<\/h3>\n<h3>Este es un avance significativo respecto a los resultados de abril, cuando solo el 35% de los estudiantes lograba leer oraciones con comprensi\u00f3n y solo el 25% era capaz de escribir oraciones correctamente.<\/h3>\n<h3>En tercer grado, se realizaron dos evaluaciones: una para estudiantes con un nivel avanzado y otra para los de nivel b\u00e1sico. Los resultados fueron prometedores: un 89,9% de los alumnos alcanz\u00f3 el nivel esperado en lectura de p\u00e1rrafos simples y escritura de oraciones; mientras que, el 89,3% logr\u00f3 una escritura adecuada. Sin embargo, la producci\u00f3n de textos sigue siendo un desaf\u00edo que se abordar\u00e1 durante el 2025 con el objetivo de ampliar el vocabulario de los chicos, mejorar el uso de signos de puntuaci\u00f3n y consolidar las estructuras gramaticales y producci\u00f3n de textos.<\/h3>\n<h3><\/h3>\n<p>&nbsp;<\/p>\n<p>&nbsp;<\/p>\n","protected":false},"excerpt":{"rendered":"<p>Este jueves, en la presentaci\u00f3n de los resultados del Plan Provincial de Alfabetizaci\u00f3n 2024, la&#8230;<\/p>\n","protected":false},"author":1,"featured_media":26951,"comment_status":"closed","ping_status":"closed","sticky":false,"template":"","format":"standard","meta":{"footnotes":""},"categories":[6],"tags":[],"class_list":["post-26950","post","type-post","status-publish","format-standard","has-post-thumbnail","hentry","category-ciudad-provincia"],"yoast_head":"<!-- This site is optimized with the Yoast SEO plugin v26.1.1 - https:\/\/yoast.com\/wordpress\/plugins\/seo\/ -->\n<title>AFIRMAN QUEN EL PLAN DE ALFABETIZACI\u00d3N LOGR\u00d3 \u201cUNA MEJORA CONSIDERABLE\u201d - Apuntes de San Luis<\/title>\n<meta name=\"robots\" content=\"index, follow, max-snippet:-1, max-image-preview:large, max-video-preview:-1\" \/>\n<link rel=\"canonical\" href=\"https:\/\/apuntesdesanluis.com\/index.php\/2024\/12\/19\/afirman-quen-el-plan-de-alfabetizacion-logro-una-mejora-considerable\/\" \/>\n<meta property=\"og:locale\" content=\"es_ES\" \/>\n<meta property=\"og:type\" content=\"article\" \/>\n<meta property=\"og:title\" content=\"AFIRMAN QUEN EL PLAN DE ALFABETIZACI\u00d3N LOGR\u00d3 \u201cUNA MEJORA CONSIDERABLE\u201d - Apuntes de San Luis\" \/>\n<meta property=\"og:description\" content=\"Este jueves, en la presentaci\u00f3n de los resultados del Plan Provincial de Alfabetizaci\u00f3n 2024, la...\" \/>\n<meta property=\"og:url\" content=\"https:\/\/apuntesdesanluis.com\/index.php\/2024\/12\/19\/afirman-quen-el-plan-de-alfabetizacion-logro-una-mejora-considerable\/\" \/>\n<meta property=\"og:site_name\" content=\"Apuntes de San Luis\" \/>\n<meta property=\"article:published_time\" content=\"2024-12-19T18:59:41+00:00\" \/>\n<meta property=\"og:image\" content=\"https:\/\/apuntesdesanluis.com\/wp-content\/uploads\/2024\/12\/PLAN-ALFABETIZACION.jpg\" \/>\n\t<meta property=\"og:image:width\" content=\"700\" \/>\n\t<meta property=\"og:image:height\" content=\"425\" \/>\n\t<meta property=\"og:image:type\" content=\"image\/jpeg\" \/>\n<meta name=\"author\" content=\"apuntesdesanluis.com\" \/>\n<meta name=\"twitter:card\" content=\"summary_large_image\" \/>\n<meta name=\"twitter:label1\" content=\"Escrito por\" \/>\n\t<meta name=\"twitter:data1\" content=\"apuntesdesanluis.com\" \/>\n\t<meta name=\"twitter:label2\" content=\"Tiempo de lectura\" \/>\n\t<meta name=\"twitter:data2\" content=\"3 minutos\" \/>\n<script type=\"application\/ld+json\" class=\"yoast-schema-graph\">{\"@context\":\"https:\/\/schema.org\",\"@graph\":[{\"@type\":\"Article\",\"@id\":\"https:\/\/apuntesdesanluis.com\/index.php\/2024\/12\/19\/afirman-quen-el-plan-de-alfabetizacion-logro-una-mejora-considerable\/#article\",\"isPartOf\":{\"@id\":\"https:\/\/apuntesdesanluis.com\/index.php\/2024\/12\/19\/afirman-quen-el-plan-de-alfabetizacion-logro-una-mejora-considerable\/\"},\"author\":{\"name\":\"apuntesdesanluis.com\",\"@id\":\"https:\/\/apuntesdesanluis.com\/#\/schema\/person\/b55151d52296fcce64d1a72538a70b90\"},\"headline\":\"AFIRMAN QUEN EL PLAN DE ALFABETIZACI\u00d3N LOGR\u00d3 \u201cUNA MEJORA CONSIDERABLE\u201d\",\"datePublished\":\"2024-12-19T18:59:41+00:00\",\"mainEntityOfPage\":{\"@id\":\"https:\/\/apuntesdesanluis.com\/index.php\/2024\/12\/19\/afirman-quen-el-plan-de-alfabetizacion-logro-una-mejora-considerable\/\"},\"wordCount\":540,\"publisher\":{\"@id\":\"https:\/\/apuntesdesanluis.com\/#\/schema\/person\/b55151d52296fcce64d1a72538a70b90\"},\"image\":{\"@id\":\"https:\/\/apuntesdesanluis.com\/index.php\/2024\/12\/19\/afirman-quen-el-plan-de-alfabetizacion-logro-una-mejora-considerable\/#primaryimage\"},\"thumbnailUrl\":\"https:\/\/apuntesdesanluis.com\/wp-content\/uploads\/2024\/12\/PLAN-ALFABETIZACION.jpg\",\"articleSection\":[\"Ciudad\/Provincia\"],\"inLanguage\":\"es-AR\"},{\"@type\":\"WebPage\",\"@id\":\"https:\/\/apuntesdesanluis.com\/index.php\/2024\/12\/19\/afirman-quen-el-plan-de-alfabetizacion-logro-una-mejora-considerable\/\",\"url\":\"https:\/\/apuntesdesanluis.com\/index.php\/2024\/12\/19\/afirman-quen-el-plan-de-alfabetizacion-logro-una-mejora-considerable\/\",\"name\":\"AFIRMAN QUEN EL PLAN DE ALFABETIZACI\u00d3N LOGR\u00d3 \u201cUNA MEJORA CONSIDERABLE\u201d - Apuntes de San Luis\",\"isPartOf\":{\"@id\":\"https:\/\/apuntesdesanluis.com\/#website\"},\"primaryImageOfPage\":{\"@id\":\"https:\/\/apuntesdesanluis.com\/index.php\/2024\/12\/19\/afirman-quen-el-plan-de-alfabetizacion-logro-una-mejora-considerable\/#primaryimage\"},\"image\":{\"@id\":\"https:\/\/apuntesdesanluis.com\/index.php\/2024\/12\/19\/afirman-quen-el-plan-de-alfabetizacion-logro-una-mejora-considerable\/#primaryimage\"},\"thumbnailUrl\":\"https:\/\/apuntesdesanluis.com\/wp-content\/uploads\/2024\/12\/PLAN-ALFABETIZACION.jpg\",\"datePublished\":\"2024-12-19T18:59:41+00:00\",\"breadcrumb\":{\"@id\":\"https:\/\/apuntesdesanluis.com\/index.php\/2024\/12\/19\/afirman-quen-el-plan-de-alfabetizacion-logro-una-mejora-considerable\/#breadcrumb\"},\"inLanguage\":\"es-AR\",\"potentialAction\":[{\"@type\":\"ReadAction\",\"target\":[\"https:\/\/apuntesdesanluis.com\/index.php\/2024\/12\/19\/afirman-quen-el-plan-de-alfabetizacion-logro-una-mejora-considerable\/\"]}]},{\"@type\":\"ImageObject\",\"inLanguage\":\"es-AR\",\"@id\":\"https:\/\/apuntesdesanluis.com\/index.php\/2024\/12\/19\/afirman-quen-el-plan-de-alfabetizacion-logro-una-mejora-considerable\/#primaryimage\",\"url\":\"https:\/\/apuntesdesanluis.com\/wp-content\/uploads\/2024\/12\/PLAN-ALFABETIZACION.jpg\",\"contentUrl\":\"https:\/\/apuntesdesanluis.com\/wp-content\/uploads\/2024\/12\/PLAN-ALFABETIZACION.jpg\",\"width\":700,\"height\":425},{\"@type\":\"BreadcrumbList\",\"@id\":\"https:\/\/apuntesdesanluis.com\/index.php\/2024\/12\/19\/afirman-quen-el-plan-de-alfabetizacion-logro-una-mejora-considerable\/#breadcrumb\",\"itemListElement\":[{\"@type\":\"ListItem\",\"position\":1,\"name\":\"Inicio\",\"item\":\"https:\/\/apuntesdesanluis.com\/\"},{\"@type\":\"ListItem\",\"position\":2,\"name\":\"AFIRMAN QUEN EL PLAN DE ALFABETIZACI\u00d3N LOGR\u00d3 \u201cUNA MEJORA CONSIDERABLE\u201d\"}]},{\"@type\":\"WebSite\",\"@id\":\"https:\/\/apuntesdesanluis.com\/#website\",\"url\":\"https:\/\/apuntesdesanluis.com\/\",\"name\":\"Apuntes de San Luis\",\"description\":\"\",\"publisher\":{\"@id\":\"https:\/\/apuntesdesanluis.com\/#\/schema\/person\/b55151d52296fcce64d1a72538a70b90\"},\"potentialAction\":[{\"@type\":\"SearchAction\",\"target\":{\"@type\":\"EntryPoint\",\"urlTemplate\":\"https:\/\/apuntesdesanluis.com\/?s={search_term_string}\"},\"query-input\":{\"@type\":\"PropertyValueSpecification\",\"valueRequired\":true,\"valueName\":\"search_term_string\"}}],\"inLanguage\":\"es-AR\"},{\"@type\":[\"Person\",\"Organization\"],\"@id\":\"https:\/\/apuntesdesanluis.com\/#\/schema\/person\/b55151d52296fcce64d1a72538a70b90\",\"name\":\"apuntesdesanluis.com\",\"image\":{\"@type\":\"ImageObject\",\"inLanguage\":\"es-AR\",\"@id\":\"https:\/\/apuntesdesanluis.com\/#\/schema\/person\/image\/\",\"url\":\"https:\/\/apuntesdesanluis.com\/wp-content\/uploads\/2023\/07\/cropped-apuntesdesanluis.png\",\"contentUrl\":\"https:\/\/apuntesdesanluis.com\/wp-content\/uploads\/2023\/07\/cropped-apuntesdesanluis.png\",\"width\":450,\"height\":112,\"caption\":\"apuntesdesanluis.com\"},\"logo\":{\"@id\":\"https:\/\/apuntesdesanluis.com\/#\/schema\/person\/image\/\"},\"sameAs\":[\"https:\/\/apuntesdesanluis.com\"],\"url\":\"https:\/\/apuntesdesanluis.com\/index.php\/author\/apuntesdesanluis-com\/\"}]}<\/script>\n<!-- \/ Yoast SEO plugin. -->","yoast_head_json":{"title":"AFIRMAN QUEN EL PLAN DE ALFABETIZACI\u00d3N LOGR\u00d3 \u201cUNA MEJORA CONSIDERABLE\u201d - Apuntes de San Luis","robots":{"index":"index","follow":"follow","max-snippet":"max-snippet:-1","max-image-preview":"max-image-preview:large","max-video-preview":"max-video-preview:-1"},"canonical":"https:\/\/apuntesdesanluis.com\/index.php\/2024\/12\/19\/afirman-quen-el-plan-de-alfabetizacion-logro-una-mejora-considerable\/","og_locale":"es_ES","og_type":"article","og_title":"AFIRMAN QUEN EL PLAN DE ALFABETIZACI\u00d3N LOGR\u00d3 \u201cUNA MEJORA CONSIDERABLE\u201d - Apuntes de San Luis","og_description":"Este jueves, en la presentaci\u00f3n de los resultados del Plan Provincial de Alfabetizaci\u00f3n 2024, la...","og_url":"https:\/\/apuntesdesanluis.com\/index.php\/2024\/12\/19\/afirman-quen-el-plan-de-alfabetizacion-logro-una-mejora-considerable\/","og_site_name":"Apuntes de San Luis","article_published_time":"2024-12-19T18:59:41+00:00","og_image":[{"width":700,"height":425,"url":"https:\/\/apuntesdesanluis.com\/wp-content\/uploads\/2024\/12\/PLAN-ALFABETIZACION.jpg","type":"image\/jpeg"}],"author":"apuntesdesanluis.com","twitter_card":"summary_large_image","twitter_misc":{"Escrito por":"apuntesdesanluis.com","Tiempo de lectura":"3 minutos"},"schema":{"@context":"https:\/\/schema.org","@graph":[{"@type":"Article","@id":"https:\/\/apuntesdesanluis.com\/index.php\/2024\/12\/19\/afirman-quen-el-plan-de-alfabetizacion-logro-una-mejora-considerable\/#article","isPartOf":{"@id":"https:\/\/apuntesdesanluis.com\/index.php\/2024\/12\/19\/afirman-quen-el-plan-de-alfabetizacion-logro-una-mejora-considerable\/"},"author":{"name":"apuntesdesanluis.com","@id":"https:\/\/apuntesdesanluis.com\/#\/schema\/person\/b55151d52296fcce64d1a72538a70b90"},"headline":"AFIRMAN QUEN EL PLAN DE ALFABETIZACI\u00d3N LOGR\u00d3 \u201cUNA MEJORA CONSIDERABLE\u201d","datePublished":"2024-12-19T18:59:41+00:00","mainEntityOfPage":{"@id":"https:\/\/apuntesdesanluis.com\/index.php\/2024\/12\/19\/afirman-quen-el-plan-de-alfabetizacion-logro-una-mejora-considerable\/"},"wordCount":540,"publisher":{"@id":"https:\/\/apuntesdesanluis.com\/#\/schema\/person\/b55151d52296fcce64d1a72538a70b90"},"image":{"@id":"https:\/\/apuntesdesanluis.com\/index.php\/2024\/12\/19\/afirman-quen-el-plan-de-alfabetizacion-logro-una-mejora-considerable\/#primaryimage"},"thumbnailUrl":"https:\/\/apuntesdesanluis.com\/wp-content\/uploads\/2024\/12\/PLAN-ALFABETIZACION.jpg","articleSection":["Ciudad\/Provincia"],"inLanguage":"es-AR"},{"@type":"WebPage","@id":"https:\/\/apuntesdesanluis.com\/index.php\/2024\/12\/19\/afirman-quen-el-plan-de-alfabetizacion-logro-una-mejora-considerable\/","url":"https:\/\/apuntesdesanluis.com\/index.php\/2024\/12\/19\/afirman-quen-el-plan-de-alfabetizacion-logro-una-mejora-considerable\/","name":"AFIRMAN QUEN EL PLAN DE ALFABETIZACI\u00d3N LOGR\u00d3 \u201cUNA MEJORA CONSIDERABLE\u201d - Apuntes de San Luis","isPartOf":{"@id":"https:\/\/apuntesdesanluis.com\/#website"},"primaryImageOfPage":{"@id":"https:\/\/apuntesdesanluis.com\/index.php\/2024\/12\/19\/afirman-quen-el-plan-de-alfabetizacion-logro-una-mejora-considerable\/#primaryimage"},"image":{"@id":"https:\/\/apuntesdesanluis.com\/index.php\/2024\/12\/19\/afirman-quen-el-plan-de-alfabetizacion-logro-una-mejora-considerable\/#primaryimage"},"thumbnailUrl":"https:\/\/apuntesdesanluis.com\/wp-content\/uploads\/2024\/12\/PLAN-ALFABETIZACION.jpg","datePublished":"2024-12-19T18:59:41+00:00","breadcrumb":{"@id":"https:\/\/apuntesdesanluis.com\/index.php\/2024\/12\/19\/afirman-quen-el-plan-de-alfabetizacion-logro-una-mejora-considerable\/#breadcrumb"},"inLanguage":"es-AR","potentialAction":[{"@type":"ReadAction","target":["https:\/\/apuntesdesanluis.com\/index.php\/2024\/12\/19\/afirman-quen-el-plan-de-alfabetizacion-logro-una-mejora-considerable\/"]}]},{"@type":"ImageObject","inLanguage":"es-AR","@id":"https:\/\/apuntesdesanluis.com\/index.php\/2024\/12\/19\/afirman-quen-el-plan-de-alfabetizacion-logro-una-mejora-considerable\/#primaryimage","url":"https:\/\/apuntesdesanluis.com\/wp-content\/uploads\/2024\/12\/PLAN-ALFABETIZACION.jpg","contentUrl":"https:\/\/apuntesdesanluis.com\/wp-content\/uploads\/2024\/12\/PLAN-ALFABETIZACION.jpg","width":700,"height":425},{"@type":"BreadcrumbList","@id":"https:\/\/apuntesdesanluis.com\/index.php\/2024\/12\/19\/afirman-quen-el-plan-de-alfabetizacion-logro-una-mejora-considerable\/#breadcrumb","itemListElement":[{"@type":"ListItem","position":1,"name":"Inicio","item":"https:\/\/apuntesdesanluis.com\/"},{"@type":"ListItem","position":2,"name":"AFIRMAN QUEN EL PLAN DE ALFABETIZACI\u00d3N LOGR\u00d3 \u201cUNA MEJORA CONSIDERABLE\u201d"}]},{"@type":"WebSite","@id":"https:\/\/apuntesdesanluis.com\/#website","url":"https:\/\/apuntesdesanluis.com\/","name":"Apuntes de San Luis","description":"","publisher":{"@id":"https:\/\/apuntesdesanluis.com\/#\/schema\/person\/b55151d52296fcce64d1a72538a70b90"},"potentialAction":[{"@type":"SearchAction","target":{"@type":"EntryPoint","urlTemplate":"https:\/\/apuntesdesanluis.com\/?s={search_term_string}"},"query-input":{"@type":"PropertyValueSpecification","valueRequired":true,"valueName":"search_term_string"}}],"inLanguage":"es-AR"},{"@type":["Person","Organization"],"@id":"https:\/\/apuntesdesanluis.com\/#\/schema\/person\/b55151d52296fcce64d1a72538a70b90","name":"apuntesdesanluis.com","image":{"@type":"ImageObject","inLanguage":"es-AR","@id":"https:\/\/apuntesdesanluis.com\/#\/schema\/person\/image\/","url":"https:\/\/apuntesdesanluis.com\/wp-content\/uploads\/2023\/07\/cropped-apuntesdesanluis.png","contentUrl":"https:\/\/apuntesdesanluis.com\/wp-content\/uploads\/2023\/07\/cropped-apuntesdesanluis.png","width":450,"height":112,"caption":"apuntesdesanluis.com"},"logo":{"@id":"https:\/\/apuntesdesanluis.com\/#\/schema\/person\/image\/"},"sameAs":["https:\/\/apuntesdesanluis.com"],"url":"https:\/\/apuntesdesanluis.com\/index.php\/author\/apuntesdesanluis-com\/"}]}},"featured_image_urls":{"full":["https:\/\/apuntesdesanluis.com\/wp-content\/uploads\/2024\/12\/PLAN-ALFABETIZACION.jpg",700,425,false],"thumbnail":["https:\/\/apuntesdesanluis.com\/wp-content\/uploads\/2024\/12\/PLAN-ALFABETIZACION-150x150.jpg",150,150,true],"medium":["https:\/\/apuntesdesanluis.com\/wp-content\/uploads\/2024\/12\/PLAN-ALFABETIZACION-300x182.jpg",300,182,true],"medium_large":["https:\/\/apuntesdesanluis.com\/wp-content\/uploads\/2024\/12\/PLAN-ALFABETIZACION.jpg",640,389,false],"large":["https:\/\/apuntesdesanluis.com\/wp-content\/uploads\/2024\/12\/PLAN-ALFABETIZACION.jpg",640,389,false],"1536x1536":["https:\/\/apuntesdesanluis.com\/wp-content\/uploads\/2024\/12\/PLAN-ALFABETIZACION.jpg",700,425,false],"2048x2048":["https:\/\/apuntesdesanluis.com\/wp-content\/uploads\/2024\/12\/PLAN-ALFABETIZACION.jpg",700,425,false],"newsever-slider-full":["https:\/\/apuntesdesanluis.com\/wp-content\/uploads\/2024\/12\/PLAN-ALFABETIZACION.jpg",700,425,false],"newsever-featured":["https:\/\/apuntesdesanluis.com\/wp-content\/uploads\/2024\/12\/PLAN-ALFABETIZACION.jpg",700,425,false],"newsever-medium":["https:\/\/apuntesdesanluis.com\/wp-content\/uploads\/2024\/12\/PLAN-ALFABETIZACION.jpg",700,425,false]},"author_info":{"display_name":"apuntesdesanluis.com","author_link":"https:\/\/apuntesdesanluis.com\/index.php\/author\/apuntesdesanluis-com\/"},"category_info":"<a href=\"https:\/\/apuntesdesanluis.com\/index.php\/category\/ciudad-provincia\/\" rel=\"category tag\">Ciudad\/Provincia<\/a>","tag_info":"Ciudad\/Provincia","comment_count":"0","_links":{"self":[{"href":"https:\/\/apuntesdesanluis.com\/index.php\/wp-json\/wp\/v2\/posts\/26950","targetHints":{"allow":["GET"]}}],"collection":[{"href":"https:\/\/apuntesdesanluis.com\/index.php\/wp-json\/wp\/v2\/posts"}],"about":[{"href":"https:\/\/apuntesdesanluis.com\/index.php\/wp-json\/wp\/v2\/types\/post"}],"author":[{"embeddable":true,"href":"https:\/\/apuntesdesanluis.com\/index.php\/wp-json\/wp\/v2\/users\/1"}],"replies":[{"embeddable":true,"href":"https:\/\/apuntesdesanluis.com\/index.php\/wp-json\/wp\/v2\/comments?post=26950"}],"version-history":[{"count":1,"href":"https:\/\/apuntesdesanluis.com\/index.php\/wp-json\/wp\/v2\/posts\/26950\/revisions"}],"predecessor-version":[{"id":26952,"href":"https:\/\/apuntesdesanluis.com\/index.php\/wp-json\/wp\/v2\/posts\/26950\/revisions\/26952"}],"wp:featuredmedia":[{"embeddable":true,"href":"https:\/\/apuntesdesanluis.com\/index.php\/wp-json\/wp\/v2\/media\/26951"}],"wp:attachment":[{"href":"https:\/\/apuntesdesanluis.com\/index.php\/wp-json\/wp\/v2\/media?parent=26950"}],"wp:term":[{"taxonomy":"category","embeddable":true,"href":"https:\/\/apuntesdesanluis.com\/index.php\/wp-json\/wp\/v2\/categories?post=26950"},{"taxonomy":"post_tag","embeddable":true,"href":"https:\/\/apuntesdesanluis.com\/index.php\/wp-json\/wp\/v2\/tags?post=26950"}],"curies":[{"name":"wp","href":"https:\/\/api.w.org\/{rel}","templated":true}]}}