{"id":26956,"date":"2024-12-19T16:32:01","date_gmt":"2024-12-19T19:32:01","guid":{"rendered":"https:\/\/apuntesdesanluis.com\/?p=26956"},"modified":"2024-12-19T21:12:53","modified_gmt":"2024-12-20T00:12:53","slug":"un-nene-de-3-anos-se-cayo-a-la-pileta-y-murio-ahogado","status":"publish","type":"post","link":"https:\/\/apuntesdesanluis.com\/index.php\/2024\/12\/19\/un-nene-de-3-anos-se-cayo-a-la-pileta-y-murio-ahogado\/","title":{"rendered":"UN NENE DE 3 A\u00d1OS SE CAY\u00d3 A LA PILETA Y MURI\u00d3 AHOGADO"},"content":{"rendered":"<h3>Ocurri\u00f3 este jueves pasado el mediod\u00eda, en el barrio La Ribera, donde el peque\u00f1o se encontraba visitando a su abuela.<\/h3>\n<h3>De acuerdo a las averiguaciones, la mujer, el ni\u00f1o y una hija de la mujer hab\u00edan llegado en veh\u00edculo al domicilio tras haber realizado unas compras.<\/h3>\n<h3>La mujer se dirigi\u00f3 hacia el sector del ba\u00f1o y al salir encontr\u00f3 al menor en el interior de la pileta, sin reacci\u00f3n alguna.<\/h3>\n<h3>Inmediatamente llev\u00f3 al menor por sus propios medios hacia el Hospital \u201cDr. Braulio Moyano\u201d, ubicado en el mismo barrio, a una cuadra y media aproximadamente de su domicilio.<\/h3>\n<h3>La mujer ingres\u00f3 alrededor de las 12:50 horas al sector de la guardia con el ni\u00f1o. En ese momento, el menor no presentaba signos vitales y se encontraba en paro cardiorrespiratorio, de acuerdo a la informaci\u00f3n policial.<\/h3>\n<h3>Personal m\u00e9dico realiz\u00f3 trabajos de reanimaci\u00f3n b\u00e1sica y avanzada, y luego de 45 minutos de maniobras se constat\u00f3 el deceso del menor a las 13:35 horas.<\/h3>\n<h3>Tom\u00f3 intervenci\u00f3n la Fiscal\u00eda de Instrucci\u00f3n N\u00b0 2 de la Segunda Circunscripci\u00f3n Judicial, a cargo de la Dra. Daniela Torres.<\/h3>\n<p>&nbsp;<\/p>\n<p>&nbsp;<\/p>\n<p>&nbsp;<\/p>\n<p>&nbsp;<\/p>\n<p>&nbsp;<\/p>\n<p>&nbsp;<\/p>\n<p>&nbsp;<\/p>\n<p>&nbsp;<\/p>\n","protected":false},"excerpt":{"rendered":"<p>Ocurri\u00f3 este jueves pasado el mediod\u00eda, en el barrio La Ribera, donde el peque\u00f1o se&#8230;<\/p>\n","protected":false},"author":1,"featured_media":26957,"comment_status":"closed","ping_status":"closed","sticky":false,"template":"","format":"standard","meta":{"footnotes":""},"categories":[6],"tags":[],"class_list":["post-26956","post","type-post","status-publish","format-standard","has-post-thumbnail","hentry","category-ciudad-provincia"],"yoast_head":"<!-- This site is optimized with the Yoast SEO plugin v26.1.1 - https:\/\/yoast.com\/wordpress\/plugins\/seo\/ -->\n<title>UN NENE DE 3 A\u00d1OS SE CAY\u00d3 A LA PILETA Y MURI\u00d3 AHOGADO - Apuntes de San Luis<\/title>\n<meta name=\"robots\" content=\"index, follow, max-snippet:-1, max-image-preview:large, max-video-preview:-1\" \/>\n<link rel=\"canonical\" href=\"https:\/\/apuntesdesanluis.com\/index.php\/2024\/12\/19\/un-nene-de-3-anos-se-cayo-a-la-pileta-y-murio-ahogado\/\" \/>\n<meta property=\"og:locale\" content=\"es_ES\" \/>\n<meta property=\"og:type\" content=\"article\" \/>\n<meta property=\"og:title\" content=\"UN NENE DE 3 A\u00d1OS SE CAY\u00d3 A LA PILETA Y MURI\u00d3 AHOGADO - Apuntes de San Luis\" \/>\n<meta property=\"og:description\" content=\"Ocurri\u00f3 este jueves pasado el mediod\u00eda, en el barrio La Ribera, donde el peque\u00f1o se...\" \/>\n<meta property=\"og:url\" content=\"https:\/\/apuntesdesanluis.com\/index.php\/2024\/12\/19\/un-nene-de-3-anos-se-cayo-a-la-pileta-y-murio-ahogado\/\" \/>\n<meta property=\"og:site_name\" content=\"Apuntes de San Luis\" \/>\n<meta property=\"article:published_time\" content=\"2024-12-19T19:32:01+00:00\" \/>\n<meta property=\"article:modified_time\" content=\"2024-12-20T00:12:53+00:00\" \/>\n<meta property=\"og:image\" content=\"https:\/\/apuntesdesanluis.com\/wp-content\/uploads\/2024\/12\/braulio.jpg\" \/>\n\t<meta property=\"og:image:width\" content=\"579\" \/>\n\t<meta property=\"og:image:height\" content=\"378\" \/>\n\t<meta property=\"og:image:type\" content=\"image\/jpeg\" \/>\n<meta name=\"author\" content=\"apuntesdesanluis.com\" \/>\n<meta name=\"twitter:card\" content=\"summary_large_image\" \/>\n<meta name=\"twitter:label1\" content=\"Escrito por\" \/>\n\t<meta name=\"twitter:data1\" content=\"apuntesdesanluis.com\" \/>\n\t<meta name=\"twitter:label2\" content=\"Tiempo de lectura\" \/>\n\t<meta name=\"twitter:data2\" content=\"2 minutos\" \/>\n<script type=\"application\/ld+json\" class=\"yoast-schema-graph\">{\"@context\":\"https:\/\/schema.org\",\"@graph\":[{\"@type\":\"Article\",\"@id\":\"https:\/\/apuntesdesanluis.com\/index.php\/2024\/12\/19\/un-nene-de-3-anos-se-cayo-a-la-pileta-y-murio-ahogado\/#article\",\"isPartOf\":{\"@id\":\"https:\/\/apuntesdesanluis.com\/index.php\/2024\/12\/19\/un-nene-de-3-anos-se-cayo-a-la-pileta-y-murio-ahogado\/\"},\"author\":{\"name\":\"apuntesdesanluis.com\",\"@id\":\"https:\/\/apuntesdesanluis.com\/#\/schema\/person\/b55151d52296fcce64d1a72538a70b90\"},\"headline\":\"UN NENE DE 3 A\u00d1OS SE CAY\u00d3 A LA PILETA Y MURI\u00d3 AHOGADO\",\"datePublished\":\"2024-12-19T19:32:01+00:00\",\"dateModified\":\"2024-12-20T00:12:53+00:00\",\"mainEntityOfPage\":{\"@id\":\"https:\/\/apuntesdesanluis.com\/index.php\/2024\/12\/19\/un-nene-de-3-anos-se-cayo-a-la-pileta-y-murio-ahogado\/\"},\"wordCount\":214,\"publisher\":{\"@id\":\"https:\/\/apuntesdesanluis.com\/#\/schema\/person\/b55151d52296fcce64d1a72538a70b90\"},\"image\":{\"@id\":\"https:\/\/apuntesdesanluis.com\/index.php\/2024\/12\/19\/un-nene-de-3-anos-se-cayo-a-la-pileta-y-murio-ahogado\/#primaryimage\"},\"thumbnailUrl\":\"https:\/\/apuntesdesanluis.com\/wp-content\/uploads\/2024\/12\/braulio.jpg\",\"articleSection\":[\"Ciudad\/Provincia\"],\"inLanguage\":\"es-AR\"},{\"@type\":\"WebPage\",\"@id\":\"https:\/\/apuntesdesanluis.com\/index.php\/2024\/12\/19\/un-nene-de-3-anos-se-cayo-a-la-pileta-y-murio-ahogado\/\",\"url\":\"https:\/\/apuntesdesanluis.com\/index.php\/2024\/12\/19\/un-nene-de-3-anos-se-cayo-a-la-pileta-y-murio-ahogado\/\",\"name\":\"UN NENE DE 3 A\u00d1OS SE CAY\u00d3 A LA PILETA Y MURI\u00d3 AHOGADO - Apuntes de San Luis\",\"isPartOf\":{\"@id\":\"https:\/\/apuntesdesanluis.com\/#website\"},\"primaryImageOfPage\":{\"@id\":\"https:\/\/apuntesdesanluis.com\/index.php\/2024\/12\/19\/un-nene-de-3-anos-se-cayo-a-la-pileta-y-murio-ahogado\/#primaryimage\"},\"image\":{\"@id\":\"https:\/\/apuntesdesanluis.com\/index.php\/2024\/12\/19\/un-nene-de-3-anos-se-cayo-a-la-pileta-y-murio-ahogado\/#primaryimage\"},\"thumbnailUrl\":\"https:\/\/apuntesdesanluis.com\/wp-content\/uploads\/2024\/12\/braulio.jpg\",\"datePublished\":\"2024-12-19T19:32:01+00:00\",\"dateModified\":\"2024-12-20T00:12:53+00:00\",\"breadcrumb\":{\"@id\":\"https:\/\/apuntesdesanluis.com\/index.php\/2024\/12\/19\/un-nene-de-3-anos-se-cayo-a-la-pileta-y-murio-ahogado\/#breadcrumb\"},\"inLanguage\":\"es-AR\",\"potentialAction\":[{\"@type\":\"ReadAction\",\"target\":[\"https:\/\/apuntesdesanluis.com\/index.php\/2024\/12\/19\/un-nene-de-3-anos-se-cayo-a-la-pileta-y-murio-ahogado\/\"]}]},{\"@type\":\"ImageObject\",\"inLanguage\":\"es-AR\",\"@id\":\"https:\/\/apuntesdesanluis.com\/index.php\/2024\/12\/19\/un-nene-de-3-anos-se-cayo-a-la-pileta-y-murio-ahogado\/#primaryimage\",\"url\":\"https:\/\/apuntesdesanluis.com\/wp-content\/uploads\/2024\/12\/braulio.jpg\",\"contentUrl\":\"https:\/\/apuntesdesanluis.com\/wp-content\/uploads\/2024\/12\/braulio.jpg\",\"width\":579,\"height\":378},{\"@type\":\"BreadcrumbList\",\"@id\":\"https:\/\/apuntesdesanluis.com\/index.php\/2024\/12\/19\/un-nene-de-3-anos-se-cayo-a-la-pileta-y-murio-ahogado\/#breadcrumb\",\"itemListElement\":[{\"@type\":\"ListItem\",\"position\":1,\"name\":\"Inicio\",\"item\":\"https:\/\/apuntesdesanluis.com\/\"},{\"@type\":\"ListItem\",\"position\":2,\"name\":\"UN NENE DE 3 A\u00d1OS SE CAY\u00d3 A LA PILETA Y MURI\u00d3 AHOGADO\"}]},{\"@type\":\"WebSite\",\"@id\":\"https:\/\/apuntesdesanluis.com\/#website\",\"url\":\"https:\/\/apuntesdesanluis.com\/\",\"name\":\"Apuntes de San Luis\",\"description\":\"\",\"publisher\":{\"@id\":\"https:\/\/apuntesdesanluis.com\/#\/schema\/person\/b55151d52296fcce64d1a72538a70b90\"},\"potentialAction\":[{\"@type\":\"SearchAction\",\"target\":{\"@type\":\"EntryPoint\",\"urlTemplate\":\"https:\/\/apuntesdesanluis.com\/?s={search_term_string}\"},\"query-input\":{\"@type\":\"PropertyValueSpecification\",\"valueRequired\":true,\"valueName\":\"search_term_string\"}}],\"inLanguage\":\"es-AR\"},{\"@type\":[\"Person\",\"Organization\"],\"@id\":\"https:\/\/apuntesdesanluis.com\/#\/schema\/person\/b55151d52296fcce64d1a72538a70b90\",\"name\":\"apuntesdesanluis.com\",\"image\":{\"@type\":\"ImageObject\",\"inLanguage\":\"es-AR\",\"@id\":\"https:\/\/apuntesdesanluis.com\/#\/schema\/person\/image\/\",\"url\":\"https:\/\/apuntesdesanluis.com\/wp-content\/uploads\/2023\/07\/cropped-apuntesdesanluis.png\",\"contentUrl\":\"https:\/\/apuntesdesanluis.com\/wp-content\/uploads\/2023\/07\/cropped-apuntesdesanluis.png\",\"width\":450,\"height\":112,\"caption\":\"apuntesdesanluis.com\"},\"logo\":{\"@id\":\"https:\/\/apuntesdesanluis.com\/#\/schema\/person\/image\/\"},\"sameAs\":[\"https:\/\/apuntesdesanluis.com\"],\"url\":\"https:\/\/apuntesdesanluis.com\/index.php\/author\/apuntesdesanluis-com\/\"}]}<\/script>\n<!-- \/ Yoast SEO plugin. -->","yoast_head_json":{"title":"UN NENE DE 3 A\u00d1OS SE CAY\u00d3 A LA PILETA Y MURI\u00d3 AHOGADO - Apuntes de San Luis","robots":{"index":"index","follow":"follow","max-snippet":"max-snippet:-1","max-image-preview":"max-image-preview:large","max-video-preview":"max-video-preview:-1"},"canonical":"https:\/\/apuntesdesanluis.com\/index.php\/2024\/12\/19\/un-nene-de-3-anos-se-cayo-a-la-pileta-y-murio-ahogado\/","og_locale":"es_ES","og_type":"article","og_title":"UN NENE DE 3 A\u00d1OS SE CAY\u00d3 A LA PILETA Y MURI\u00d3 AHOGADO - Apuntes de San Luis","og_description":"Ocurri\u00f3 este jueves pasado el mediod\u00eda, en el barrio La Ribera, donde el peque\u00f1o se...","og_url":"https:\/\/apuntesdesanluis.com\/index.php\/2024\/12\/19\/un-nene-de-3-anos-se-cayo-a-la-pileta-y-murio-ahogado\/","og_site_name":"Apuntes de San Luis","article_published_time":"2024-12-19T19:32:01+00:00","article_modified_time":"2024-12-20T00:12:53+00:00","og_image":[{"width":579,"height":378,"url":"https:\/\/apuntesdesanluis.com\/wp-content\/uploads\/2024\/12\/braulio.jpg","type":"image\/jpeg"}],"author":"apuntesdesanluis.com","twitter_card":"summary_large_image","twitter_misc":{"Escrito por":"apuntesdesanluis.com","Tiempo de lectura":"2 minutos"},"schema":{"@context":"https:\/\/schema.org","@graph":[{"@type":"Article","@id":"https:\/\/apuntesdesanluis.com\/index.php\/2024\/12\/19\/un-nene-de-3-anos-se-cayo-a-la-pileta-y-murio-ahogado\/#article","isPartOf":{"@id":"https:\/\/apuntesdesanluis.com\/index.php\/2024\/12\/19\/un-nene-de-3-anos-se-cayo-a-la-pileta-y-murio-ahogado\/"},"author":{"name":"apuntesdesanluis.com","@id":"https:\/\/apuntesdesanluis.com\/#\/schema\/person\/b55151d52296fcce64d1a72538a70b90"},"headline":"UN NENE DE 3 A\u00d1OS SE CAY\u00d3 A LA PILETA Y MURI\u00d3 AHOGADO","datePublished":"2024-12-19T19:32:01+00:00","dateModified":"2024-12-20T00:12:53+00:00","mainEntityOfPage":{"@id":"https:\/\/apuntesdesanluis.com\/index.php\/2024\/12\/19\/un-nene-de-3-anos-se-cayo-a-la-pileta-y-murio-ahogado\/"},"wordCount":214,"publisher":{"@id":"https:\/\/apuntesdesanluis.com\/#\/schema\/person\/b55151d52296fcce64d1a72538a70b90"},"image":{"@id":"https:\/\/apuntesdesanluis.com\/index.php\/2024\/12\/19\/un-nene-de-3-anos-se-cayo-a-la-pileta-y-murio-ahogado\/#primaryimage"},"thumbnailUrl":"https:\/\/apuntesdesanluis.com\/wp-content\/uploads\/2024\/12\/braulio.jpg","articleSection":["Ciudad\/Provincia"],"inLanguage":"es-AR"},{"@type":"WebPage","@id":"https:\/\/apuntesdesanluis.com\/index.php\/2024\/12\/19\/un-nene-de-3-anos-se-cayo-a-la-pileta-y-murio-ahogado\/","url":"https:\/\/apuntesdesanluis.com\/index.php\/2024\/12\/19\/un-nene-de-3-anos-se-cayo-a-la-pileta-y-murio-ahogado\/","name":"UN NENE DE 3 A\u00d1OS SE CAY\u00d3 A LA PILETA Y MURI\u00d3 AHOGADO - Apuntes de San Luis","isPartOf":{"@id":"https:\/\/apuntesdesanluis.com\/#website"},"primaryImageOfPage":{"@id":"https:\/\/apuntesdesanluis.com\/index.php\/2024\/12\/19\/un-nene-de-3-anos-se-cayo-a-la-pileta-y-murio-ahogado\/#primaryimage"},"image":{"@id":"https:\/\/apuntesdesanluis.com\/index.php\/2024\/12\/19\/un-nene-de-3-anos-se-cayo-a-la-pileta-y-murio-ahogado\/#primaryimage"},"thumbnailUrl":"https:\/\/apuntesdesanluis.com\/wp-content\/uploads\/2024\/12\/braulio.jpg","datePublished":"2024-12-19T19:32:01+00:00","dateModified":"2024-12-20T00:12:53+00:00","breadcrumb":{"@id":"https:\/\/apuntesdesanluis.com\/index.php\/2024\/12\/19\/un-nene-de-3-anos-se-cayo-a-la-pileta-y-murio-ahogado\/#breadcrumb"},"inLanguage":"es-AR","potentialAction":[{"@type":"ReadAction","target":["https:\/\/apuntesdesanluis.com\/index.php\/2024\/12\/19\/un-nene-de-3-anos-se-cayo-a-la-pileta-y-murio-ahogado\/"]}]},{"@type":"ImageObject","inLanguage":"es-AR","@id":"https:\/\/apuntesdesanluis.com\/index.php\/2024\/12\/19\/un-nene-de-3-anos-se-cayo-a-la-pileta-y-murio-ahogado\/#primaryimage","url":"https:\/\/apuntesdesanluis.com\/wp-content\/uploads\/2024\/12\/braulio.jpg","contentUrl":"https:\/\/apuntesdesanluis.com\/wp-content\/uploads\/2024\/12\/braulio.jpg","width":579,"height":378},{"@type":"BreadcrumbList","@id":"https:\/\/apuntesdesanluis.com\/index.php\/2024\/12\/19\/un-nene-de-3-anos-se-cayo-a-la-pileta-y-murio-ahogado\/#breadcrumb","itemListElement":[{"@type":"ListItem","position":1,"name":"Inicio","item":"https:\/\/apuntesdesanluis.com\/"},{"@type":"ListItem","position":2,"name":"UN NENE DE 3 A\u00d1OS SE CAY\u00d3 A LA PILETA Y MURI\u00d3 AHOGADO"}]},{"@type":"WebSite","@id":"https:\/\/apuntesdesanluis.com\/#website","url":"https:\/\/apuntesdesanluis.com\/","name":"Apuntes de San Luis","description":"","publisher":{"@id":"https:\/\/apuntesdesanluis.com\/#\/schema\/person\/b55151d52296fcce64d1a72538a70b90"},"potentialAction":[{"@type":"SearchAction","target":{"@type":"EntryPoint","urlTemplate":"https:\/\/apuntesdesanluis.com\/?s={search_term_string}"},"query-input":{"@type":"PropertyValueSpecification","valueRequired":true,"valueName":"search_term_string"}}],"inLanguage":"es-AR"},{"@type":["Person","Organization"],"@id":"https:\/\/apuntesdesanluis.com\/#\/schema\/person\/b55151d52296fcce64d1a72538a70b90","name":"apuntesdesanluis.com","image":{"@type":"ImageObject","inLanguage":"es-AR","@id":"https:\/\/apuntesdesanluis.com\/#\/schema\/person\/image\/","url":"https:\/\/apuntesdesanluis.com\/wp-content\/uploads\/2023\/07\/cropped-apuntesdesanluis.png","contentUrl":"https:\/\/apuntesdesanluis.com\/wp-content\/uploads\/2023\/07\/cropped-apuntesdesanluis.png","width":450,"height":112,"caption":"apuntesdesanluis.com"},"logo":{"@id":"https:\/\/apuntesdesanluis.com\/#\/schema\/person\/image\/"},"sameAs":["https:\/\/apuntesdesanluis.com"],"url":"https:\/\/apuntesdesanluis.com\/index.php\/author\/apuntesdesanluis-com\/"}]}},"featured_image_urls":{"full":["https:\/\/apuntesdesanluis.com\/wp-content\/uploads\/2024\/12\/braulio.jpg",579,378,false],"thumbnail":["https:\/\/apuntesdesanluis.com\/wp-content\/uploads\/2024\/12\/braulio-150x150.jpg",150,150,true],"medium":["https:\/\/apuntesdesanluis.com\/wp-content\/uploads\/2024\/12\/braulio-300x196.jpg",300,196,true],"medium_large":["https:\/\/apuntesdesanluis.com\/wp-content\/uploads\/2024\/12\/braulio.jpg",579,378,false],"large":["https:\/\/apuntesdesanluis.com\/wp-content\/uploads\/2024\/12\/braulio.jpg",579,378,false],"1536x1536":["https:\/\/apuntesdesanluis.com\/wp-content\/uploads\/2024\/12\/braulio.jpg",579,378,false],"2048x2048":["https:\/\/apuntesdesanluis.com\/wp-content\/uploads\/2024\/12\/braulio.jpg",579,378,false],"newsever-slider-full":["https:\/\/apuntesdesanluis.com\/wp-content\/uploads\/2024\/12\/braulio.jpg",579,378,false],"newsever-featured":["https:\/\/apuntesdesanluis.com\/wp-content\/uploads\/2024\/12\/braulio.jpg",579,378,false],"newsever-medium":["https:\/\/apuntesdesanluis.com\/wp-content\/uploads\/2024\/12\/braulio.jpg",579,378,false]},"author_info":{"display_name":"apuntesdesanluis.com","author_link":"https:\/\/apuntesdesanluis.com\/index.php\/author\/apuntesdesanluis-com\/"},"category_info":"<a href=\"https:\/\/apuntesdesanluis.com\/index.php\/category\/ciudad-provincia\/\" rel=\"category tag\">Ciudad\/Provincia<\/a>","tag_info":"Ciudad\/Provincia","comment_count":"0","_links":{"self":[{"href":"https:\/\/apuntesdesanluis.com\/index.php\/wp-json\/wp\/v2\/posts\/26956","targetHints":{"allow":["GET"]}}],"collection":[{"href":"https:\/\/apuntesdesanluis.com\/index.php\/wp-json\/wp\/v2\/posts"}],"about":[{"href":"https:\/\/apuntesdesanluis.com\/index.php\/wp-json\/wp\/v2\/types\/post"}],"author":[{"embeddable":true,"href":"https:\/\/apuntesdesanluis.com\/index.php\/wp-json\/wp\/v2\/users\/1"}],"replies":[{"embeddable":true,"href":"https:\/\/apuntesdesanluis.com\/index.php\/wp-json\/wp\/v2\/comments?post=26956"}],"version-history":[{"count":2,"href":"https:\/\/apuntesdesanluis.com\/index.php\/wp-json\/wp\/v2\/posts\/26956\/revisions"}],"predecessor-version":[{"id":26969,"href":"https:\/\/apuntesdesanluis.com\/index.php\/wp-json\/wp\/v2\/posts\/26956\/revisions\/26969"}],"wp:featuredmedia":[{"embeddable":true,"href":"https:\/\/apuntesdesanluis.com\/index.php\/wp-json\/wp\/v2\/media\/26957"}],"wp:attachment":[{"href":"https:\/\/apuntesdesanluis.com\/index.php\/wp-json\/wp\/v2\/media?parent=26956"}],"wp:term":[{"taxonomy":"category","embeddable":true,"href":"https:\/\/apuntesdesanluis.com\/index.php\/wp-json\/wp\/v2\/categories?post=26956"},{"taxonomy":"post_tag","embeddable":true,"href":"https:\/\/apuntesdesanluis.com\/index.php\/wp-json\/wp\/v2\/tags?post=26956"}],"curies":[{"name":"wp","href":"https:\/\/api.w.org\/{rel}","templated":true}]}}