{"id":26959,"date":"2024-12-19T16:45:13","date_gmt":"2024-12-19T19:45:13","guid":{"rendered":"https:\/\/apuntesdesanluis.com\/?p=26959"},"modified":"2024-12-19T16:45:13","modified_gmt":"2024-12-19T19:45:13","slug":"la-corte-suprema-declaro-inconstitucional-la-reeleccion-indefinida-de-insfran-en-formosa","status":"publish","type":"post","link":"https:\/\/apuntesdesanluis.com\/index.php\/2024\/12\/19\/la-corte-suprema-declaro-inconstitucional-la-reeleccion-indefinida-de-insfran-en-formosa\/","title":{"rendered":"LA CORTE SUPREMA DECLAR\u00d3 INCONSTITUCIONAL LA REELECCI\u00d3N INDEFINIDA DE INSFR\u00c1N EN FORMOSA"},"content":{"rendered":"<h3>La Corte Suprema de Justicia declar\u00f3 la inconstitucionalidad del art\u00edculo que habilita la reelecci\u00f3n indefinida del gobernador en la provincia de Formosa.<\/h3>\n<h3>La decisi\u00f3n se refiere a la situaci\u00f3n del gobernador de esa provincia, el peronista <strong>Gildo Insfr\u00e1n<\/strong>, que est\u00e1 al frente del Poder Ejecutivo desde 1995.<\/h3>\n<h3>El amparo que precedi\u00f3 al fallo, fue presentado por el frente \u201cConfederaci\u00f3n Frente Amplio Formose\u00f1o\u201d y los jueces Horacio Rosatti, Juan Carlos Maqueda y Ricardo Lorenzetti acordaron en que la cl\u00e1usula impugnada (aprobada en 2003) dej\u00f3 expl\u00edcita una ambig\u00fcedad sobre permitir o no las reelecciones de forma ilimitadas<\/h3>\n<h3>De esa manera, se ve\u00eda afectada la alternancia en el Poder Ejecutivo provincial y en la divisi\u00f3n de poderes, para mantener el sistema democr\u00e1tico con un correcto funcionamiento.<\/h3>\n<h3>Rosatti, Maqueda y Lorenzetti aseguraron que las provincias \u201cdeben ajustarse a los l\u00edmites de la Constituci\u00f3n Nacional\u201d y argumentaron que la reelecci\u00f3n ilimitada \u201cfomenta la personalizaci\u00f3n del poder, debilitando el sistema de frenos y contrapesos, y otorgando ventajas inadecuadas en contiendas electorales\u201d.<\/h3>\n<h3>Por su parte, el juez Carlos Rosenkrantz manifest\u00f3 que este tipo de pr\u00e1cticas electorales \u201cerosiona\u201d la representaci\u00f3n de los gobernantes y puede derivar en \u201cpr\u00e1cticas autoritarias\u201d; asimismo asever\u00f3 que Insfr\u00e1n completar\u00e1 su mandato sin problemas.<\/h3>\n<h3>En definitiva, el fallo establece que Formosa deber\u00e1 modificar su Constituci\u00f3n mediante los \u201cprocedimientos previstos en su normativa\u201d, para ponerle freno a las reelecciones indefinidas, marcando un precedente \u201cen la relaci\u00f3n entre federalismo y los principios fundamentales del orden republicano\u201d.<\/h3>\n<h3><\/h3>\n<p>&nbsp;<\/p>\n<p>&nbsp;<\/p>\n<p>&nbsp;<\/p>\n<h3><\/h3>\n<p>&nbsp;<\/p>\n<p>&nbsp;<\/p>\n","protected":false},"excerpt":{"rendered":"<p>La Corte Suprema de Justicia declar\u00f3 la inconstitucionalidad del art\u00edculo que habilita la reelecci\u00f3n indefinida&#8230;<\/p>\n","protected":false},"author":1,"featured_media":26960,"comment_status":"closed","ping_status":"closed","sticky":false,"template":"","format":"standard","meta":{"footnotes":""},"categories":[5],"tags":[],"class_list":["post-26959","post","type-post","status-publish","format-standard","has-post-thumbnail","hentry","category-nacionales-internacionales"],"yoast_head":"<!-- This site is optimized with the Yoast SEO plugin v26.1.1 - https:\/\/yoast.com\/wordpress\/plugins\/seo\/ -->\n<title>LA CORTE SUPREMA DECLAR\u00d3 INCONSTITUCIONAL LA REELECCI\u00d3N INDEFINIDA DE INSFR\u00c1N EN FORMOSA - Apuntes de San Luis<\/title>\n<meta name=\"robots\" content=\"index, follow, max-snippet:-1, max-image-preview:large, max-video-preview:-1\" \/>\n<link rel=\"canonical\" href=\"https:\/\/apuntesdesanluis.com\/index.php\/2024\/12\/19\/la-corte-suprema-declaro-inconstitucional-la-reeleccion-indefinida-de-insfran-en-formosa\/\" \/>\n<meta property=\"og:locale\" content=\"es_ES\" \/>\n<meta property=\"og:type\" content=\"article\" \/>\n<meta property=\"og:title\" content=\"LA CORTE SUPREMA DECLAR\u00d3 INCONSTITUCIONAL LA REELECCI\u00d3N INDEFINIDA DE INSFR\u00c1N EN FORMOSA - Apuntes de San Luis\" \/>\n<meta property=\"og:description\" content=\"La Corte Suprema de Justicia declar\u00f3 la inconstitucionalidad del art\u00edculo que habilita la reelecci\u00f3n indefinida...\" \/>\n<meta property=\"og:url\" content=\"https:\/\/apuntesdesanluis.com\/index.php\/2024\/12\/19\/la-corte-suprema-declaro-inconstitucional-la-reeleccion-indefinida-de-insfran-en-formosa\/\" \/>\n<meta property=\"og:site_name\" content=\"Apuntes de San Luis\" \/>\n<meta property=\"article:published_time\" content=\"2024-12-19T19:45:13+00:00\" \/>\n<meta property=\"og:image\" content=\"https:\/\/apuntesdesanluis.com\/wp-content\/uploads\/2024\/12\/insfran.png\" \/>\n\t<meta property=\"og:image:width\" content=\"798\" \/>\n\t<meta property=\"og:image:height\" content=\"523\" \/>\n\t<meta property=\"og:image:type\" content=\"image\/png\" \/>\n<meta name=\"author\" content=\"apuntesdesanluis.com\" \/>\n<meta name=\"twitter:card\" content=\"summary_large_image\" \/>\n<meta name=\"twitter:label1\" content=\"Escrito por\" \/>\n\t<meta name=\"twitter:data1\" content=\"apuntesdesanluis.com\" \/>\n\t<meta name=\"twitter:label2\" content=\"Tiempo de lectura\" \/>\n\t<meta name=\"twitter:data2\" content=\"2 minutos\" \/>\n<script type=\"application\/ld+json\" class=\"yoast-schema-graph\">{\"@context\":\"https:\/\/schema.org\",\"@graph\":[{\"@type\":\"Article\",\"@id\":\"https:\/\/apuntesdesanluis.com\/index.php\/2024\/12\/19\/la-corte-suprema-declaro-inconstitucional-la-reeleccion-indefinida-de-insfran-en-formosa\/#article\",\"isPartOf\":{\"@id\":\"https:\/\/apuntesdesanluis.com\/index.php\/2024\/12\/19\/la-corte-suprema-declaro-inconstitucional-la-reeleccion-indefinida-de-insfran-en-formosa\/\"},\"author\":{\"name\":\"apuntesdesanluis.com\",\"@id\":\"https:\/\/apuntesdesanluis.com\/#\/schema\/person\/b55151d52296fcce64d1a72538a70b90\"},\"headline\":\"LA CORTE SUPREMA DECLAR\u00d3 INCONSTITUCIONAL LA REELECCI\u00d3N INDEFINIDA DE INSFR\u00c1N EN FORMOSA\",\"datePublished\":\"2024-12-19T19:45:13+00:00\",\"mainEntityOfPage\":{\"@id\":\"https:\/\/apuntesdesanluis.com\/index.php\/2024\/12\/19\/la-corte-suprema-declaro-inconstitucional-la-reeleccion-indefinida-de-insfran-en-formosa\/\"},\"wordCount\":280,\"publisher\":{\"@id\":\"https:\/\/apuntesdesanluis.com\/#\/schema\/person\/b55151d52296fcce64d1a72538a70b90\"},\"image\":{\"@id\":\"https:\/\/apuntesdesanluis.com\/index.php\/2024\/12\/19\/la-corte-suprema-declaro-inconstitucional-la-reeleccion-indefinida-de-insfran-en-formosa\/#primaryimage\"},\"thumbnailUrl\":\"https:\/\/apuntesdesanluis.com\/wp-content\/uploads\/2024\/12\/insfran.png\",\"articleSection\":[\"Nacionales\/Internacionales\"],\"inLanguage\":\"es-AR\"},{\"@type\":\"WebPage\",\"@id\":\"https:\/\/apuntesdesanluis.com\/index.php\/2024\/12\/19\/la-corte-suprema-declaro-inconstitucional-la-reeleccion-indefinida-de-insfran-en-formosa\/\",\"url\":\"https:\/\/apuntesdesanluis.com\/index.php\/2024\/12\/19\/la-corte-suprema-declaro-inconstitucional-la-reeleccion-indefinida-de-insfran-en-formosa\/\",\"name\":\"LA CORTE SUPREMA DECLAR\u00d3 INCONSTITUCIONAL LA REELECCI\u00d3N INDEFINIDA DE INSFR\u00c1N EN FORMOSA - Apuntes de San Luis\",\"isPartOf\":{\"@id\":\"https:\/\/apuntesdesanluis.com\/#website\"},\"primaryImageOfPage\":{\"@id\":\"https:\/\/apuntesdesanluis.com\/index.php\/2024\/12\/19\/la-corte-suprema-declaro-inconstitucional-la-reeleccion-indefinida-de-insfran-en-formosa\/#primaryimage\"},\"image\":{\"@id\":\"https:\/\/apuntesdesanluis.com\/index.php\/2024\/12\/19\/la-corte-suprema-declaro-inconstitucional-la-reeleccion-indefinida-de-insfran-en-formosa\/#primaryimage\"},\"thumbnailUrl\":\"https:\/\/apuntesdesanluis.com\/wp-content\/uploads\/2024\/12\/insfran.png\",\"datePublished\":\"2024-12-19T19:45:13+00:00\",\"breadcrumb\":{\"@id\":\"https:\/\/apuntesdesanluis.com\/index.php\/2024\/12\/19\/la-corte-suprema-declaro-inconstitucional-la-reeleccion-indefinida-de-insfran-en-formosa\/#breadcrumb\"},\"inLanguage\":\"es-AR\",\"potentialAction\":[{\"@type\":\"ReadAction\",\"target\":[\"https:\/\/apuntesdesanluis.com\/index.php\/2024\/12\/19\/la-corte-suprema-declaro-inconstitucional-la-reeleccion-indefinida-de-insfran-en-formosa\/\"]}]},{\"@type\":\"ImageObject\",\"inLanguage\":\"es-AR\",\"@id\":\"https:\/\/apuntesdesanluis.com\/index.php\/2024\/12\/19\/la-corte-suprema-declaro-inconstitucional-la-reeleccion-indefinida-de-insfran-en-formosa\/#primaryimage\",\"url\":\"https:\/\/apuntesdesanluis.com\/wp-content\/uploads\/2024\/12\/insfran.png\",\"contentUrl\":\"https:\/\/apuntesdesanluis.com\/wp-content\/uploads\/2024\/12\/insfran.png\",\"width\":798,\"height\":523},{\"@type\":\"BreadcrumbList\",\"@id\":\"https:\/\/apuntesdesanluis.com\/index.php\/2024\/12\/19\/la-corte-suprema-declaro-inconstitucional-la-reeleccion-indefinida-de-insfran-en-formosa\/#breadcrumb\",\"itemListElement\":[{\"@type\":\"ListItem\",\"position\":1,\"name\":\"Inicio\",\"item\":\"https:\/\/apuntesdesanluis.com\/\"},{\"@type\":\"ListItem\",\"position\":2,\"name\":\"LA CORTE SUPREMA DECLAR\u00d3 INCONSTITUCIONAL LA REELECCI\u00d3N INDEFINIDA DE INSFR\u00c1N EN FORMOSA\"}]},{\"@type\":\"WebSite\",\"@id\":\"https:\/\/apuntesdesanluis.com\/#website\",\"url\":\"https:\/\/apuntesdesanluis.com\/\",\"name\":\"Apuntes de San Luis\",\"description\":\"\",\"publisher\":{\"@id\":\"https:\/\/apuntesdesanluis.com\/#\/schema\/person\/b55151d52296fcce64d1a72538a70b90\"},\"potentialAction\":[{\"@type\":\"SearchAction\",\"target\":{\"@type\":\"EntryPoint\",\"urlTemplate\":\"https:\/\/apuntesdesanluis.com\/?s={search_term_string}\"},\"query-input\":{\"@type\":\"PropertyValueSpecification\",\"valueRequired\":true,\"valueName\":\"search_term_string\"}}],\"inLanguage\":\"es-AR\"},{\"@type\":[\"Person\",\"Organization\"],\"@id\":\"https:\/\/apuntesdesanluis.com\/#\/schema\/person\/b55151d52296fcce64d1a72538a70b90\",\"name\":\"apuntesdesanluis.com\",\"image\":{\"@type\":\"ImageObject\",\"inLanguage\":\"es-AR\",\"@id\":\"https:\/\/apuntesdesanluis.com\/#\/schema\/person\/image\/\",\"url\":\"https:\/\/apuntesdesanluis.com\/wp-content\/uploads\/2023\/07\/cropped-apuntesdesanluis.png\",\"contentUrl\":\"https:\/\/apuntesdesanluis.com\/wp-content\/uploads\/2023\/07\/cropped-apuntesdesanluis.png\",\"width\":450,\"height\":112,\"caption\":\"apuntesdesanluis.com\"},\"logo\":{\"@id\":\"https:\/\/apuntesdesanluis.com\/#\/schema\/person\/image\/\"},\"sameAs\":[\"https:\/\/apuntesdesanluis.com\"],\"url\":\"https:\/\/apuntesdesanluis.com\/index.php\/author\/apuntesdesanluis-com\/\"}]}<\/script>\n<!-- \/ Yoast SEO plugin. -->","yoast_head_json":{"title":"LA CORTE SUPREMA DECLAR\u00d3 INCONSTITUCIONAL LA REELECCI\u00d3N INDEFINIDA DE INSFR\u00c1N EN FORMOSA - Apuntes de San Luis","robots":{"index":"index","follow":"follow","max-snippet":"max-snippet:-1","max-image-preview":"max-image-preview:large","max-video-preview":"max-video-preview:-1"},"canonical":"https:\/\/apuntesdesanluis.com\/index.php\/2024\/12\/19\/la-corte-suprema-declaro-inconstitucional-la-reeleccion-indefinida-de-insfran-en-formosa\/","og_locale":"es_ES","og_type":"article","og_title":"LA CORTE SUPREMA DECLAR\u00d3 INCONSTITUCIONAL LA REELECCI\u00d3N INDEFINIDA DE INSFR\u00c1N EN FORMOSA - Apuntes de San Luis","og_description":"La Corte Suprema de Justicia declar\u00f3 la inconstitucionalidad del art\u00edculo que habilita la reelecci\u00f3n indefinida...","og_url":"https:\/\/apuntesdesanluis.com\/index.php\/2024\/12\/19\/la-corte-suprema-declaro-inconstitucional-la-reeleccion-indefinida-de-insfran-en-formosa\/","og_site_name":"Apuntes de San Luis","article_published_time":"2024-12-19T19:45:13+00:00","og_image":[{"width":798,"height":523,"url":"https:\/\/apuntesdesanluis.com\/wp-content\/uploads\/2024\/12\/insfran.png","type":"image\/png"}],"author":"apuntesdesanluis.com","twitter_card":"summary_large_image","twitter_misc":{"Escrito por":"apuntesdesanluis.com","Tiempo de lectura":"2 minutos"},"schema":{"@context":"https:\/\/schema.org","@graph":[{"@type":"Article","@id":"https:\/\/apuntesdesanluis.com\/index.php\/2024\/12\/19\/la-corte-suprema-declaro-inconstitucional-la-reeleccion-indefinida-de-insfran-en-formosa\/#article","isPartOf":{"@id":"https:\/\/apuntesdesanluis.com\/index.php\/2024\/12\/19\/la-corte-suprema-declaro-inconstitucional-la-reeleccion-indefinida-de-insfran-en-formosa\/"},"author":{"name":"apuntesdesanluis.com","@id":"https:\/\/apuntesdesanluis.com\/#\/schema\/person\/b55151d52296fcce64d1a72538a70b90"},"headline":"LA CORTE SUPREMA DECLAR\u00d3 INCONSTITUCIONAL LA REELECCI\u00d3N INDEFINIDA DE INSFR\u00c1N EN FORMOSA","datePublished":"2024-12-19T19:45:13+00:00","mainEntityOfPage":{"@id":"https:\/\/apuntesdesanluis.com\/index.php\/2024\/12\/19\/la-corte-suprema-declaro-inconstitucional-la-reeleccion-indefinida-de-insfran-en-formosa\/"},"wordCount":280,"publisher":{"@id":"https:\/\/apuntesdesanluis.com\/#\/schema\/person\/b55151d52296fcce64d1a72538a70b90"},"image":{"@id":"https:\/\/apuntesdesanluis.com\/index.php\/2024\/12\/19\/la-corte-suprema-declaro-inconstitucional-la-reeleccion-indefinida-de-insfran-en-formosa\/#primaryimage"},"thumbnailUrl":"https:\/\/apuntesdesanluis.com\/wp-content\/uploads\/2024\/12\/insfran.png","articleSection":["Nacionales\/Internacionales"],"inLanguage":"es-AR"},{"@type":"WebPage","@id":"https:\/\/apuntesdesanluis.com\/index.php\/2024\/12\/19\/la-corte-suprema-declaro-inconstitucional-la-reeleccion-indefinida-de-insfran-en-formosa\/","url":"https:\/\/apuntesdesanluis.com\/index.php\/2024\/12\/19\/la-corte-suprema-declaro-inconstitucional-la-reeleccion-indefinida-de-insfran-en-formosa\/","name":"LA CORTE SUPREMA DECLAR\u00d3 INCONSTITUCIONAL LA REELECCI\u00d3N INDEFINIDA DE INSFR\u00c1N EN FORMOSA - Apuntes de San Luis","isPartOf":{"@id":"https:\/\/apuntesdesanluis.com\/#website"},"primaryImageOfPage":{"@id":"https:\/\/apuntesdesanluis.com\/index.php\/2024\/12\/19\/la-corte-suprema-declaro-inconstitucional-la-reeleccion-indefinida-de-insfran-en-formosa\/#primaryimage"},"image":{"@id":"https:\/\/apuntesdesanluis.com\/index.php\/2024\/12\/19\/la-corte-suprema-declaro-inconstitucional-la-reeleccion-indefinida-de-insfran-en-formosa\/#primaryimage"},"thumbnailUrl":"https:\/\/apuntesdesanluis.com\/wp-content\/uploads\/2024\/12\/insfran.png","datePublished":"2024-12-19T19:45:13+00:00","breadcrumb":{"@id":"https:\/\/apuntesdesanluis.com\/index.php\/2024\/12\/19\/la-corte-suprema-declaro-inconstitucional-la-reeleccion-indefinida-de-insfran-en-formosa\/#breadcrumb"},"inLanguage":"es-AR","potentialAction":[{"@type":"ReadAction","target":["https:\/\/apuntesdesanluis.com\/index.php\/2024\/12\/19\/la-corte-suprema-declaro-inconstitucional-la-reeleccion-indefinida-de-insfran-en-formosa\/"]}]},{"@type":"ImageObject","inLanguage":"es-AR","@id":"https:\/\/apuntesdesanluis.com\/index.php\/2024\/12\/19\/la-corte-suprema-declaro-inconstitucional-la-reeleccion-indefinida-de-insfran-en-formosa\/#primaryimage","url":"https:\/\/apuntesdesanluis.com\/wp-content\/uploads\/2024\/12\/insfran.png","contentUrl":"https:\/\/apuntesdesanluis.com\/wp-content\/uploads\/2024\/12\/insfran.png","width":798,"height":523},{"@type":"BreadcrumbList","@id":"https:\/\/apuntesdesanluis.com\/index.php\/2024\/12\/19\/la-corte-suprema-declaro-inconstitucional-la-reeleccion-indefinida-de-insfran-en-formosa\/#breadcrumb","itemListElement":[{"@type":"ListItem","position":1,"name":"Inicio","item":"https:\/\/apuntesdesanluis.com\/"},{"@type":"ListItem","position":2,"name":"LA CORTE SUPREMA DECLAR\u00d3 INCONSTITUCIONAL LA REELECCI\u00d3N INDEFINIDA DE INSFR\u00c1N EN FORMOSA"}]},{"@type":"WebSite","@id":"https:\/\/apuntesdesanluis.com\/#website","url":"https:\/\/apuntesdesanluis.com\/","name":"Apuntes de San Luis","description":"","publisher":{"@id":"https:\/\/apuntesdesanluis.com\/#\/schema\/person\/b55151d52296fcce64d1a72538a70b90"},"potentialAction":[{"@type":"SearchAction","target":{"@type":"EntryPoint","urlTemplate":"https:\/\/apuntesdesanluis.com\/?s={search_term_string}"},"query-input":{"@type":"PropertyValueSpecification","valueRequired":true,"valueName":"search_term_string"}}],"inLanguage":"es-AR"},{"@type":["Person","Organization"],"@id":"https:\/\/apuntesdesanluis.com\/#\/schema\/person\/b55151d52296fcce64d1a72538a70b90","name":"apuntesdesanluis.com","image":{"@type":"ImageObject","inLanguage":"es-AR","@id":"https:\/\/apuntesdesanluis.com\/#\/schema\/person\/image\/","url":"https:\/\/apuntesdesanluis.com\/wp-content\/uploads\/2023\/07\/cropped-apuntesdesanluis.png","contentUrl":"https:\/\/apuntesdesanluis.com\/wp-content\/uploads\/2023\/07\/cropped-apuntesdesanluis.png","width":450,"height":112,"caption":"apuntesdesanluis.com"},"logo":{"@id":"https:\/\/apuntesdesanluis.com\/#\/schema\/person\/image\/"},"sameAs":["https:\/\/apuntesdesanluis.com"],"url":"https:\/\/apuntesdesanluis.com\/index.php\/author\/apuntesdesanluis-com\/"}]}},"featured_image_urls":{"full":["https:\/\/apuntesdesanluis.com\/wp-content\/uploads\/2024\/12\/insfran.png",798,523,false],"thumbnail":["https:\/\/apuntesdesanluis.com\/wp-content\/uploads\/2024\/12\/insfran-150x150.png",150,150,true],"medium":["https:\/\/apuntesdesanluis.com\/wp-content\/uploads\/2024\/12\/insfran-300x197.png",300,197,true],"medium_large":["https:\/\/apuntesdesanluis.com\/wp-content\/uploads\/2024\/12\/insfran-768x503.png",640,419,true],"large":["https:\/\/apuntesdesanluis.com\/wp-content\/uploads\/2024\/12\/insfran.png",640,419,false],"1536x1536":["https:\/\/apuntesdesanluis.com\/wp-content\/uploads\/2024\/12\/insfran.png",798,523,false],"2048x2048":["https:\/\/apuntesdesanluis.com\/wp-content\/uploads\/2024\/12\/insfran.png",798,523,false],"newsever-slider-full":["https:\/\/apuntesdesanluis.com\/wp-content\/uploads\/2024\/12\/insfran.png",798,523,false],"newsever-featured":["https:\/\/apuntesdesanluis.com\/wp-content\/uploads\/2024\/12\/insfran.png",798,523,false],"newsever-medium":["https:\/\/apuntesdesanluis.com\/wp-content\/uploads\/2024\/12\/insfran-720x475.png",720,475,true]},"author_info":{"display_name":"apuntesdesanluis.com","author_link":"https:\/\/apuntesdesanluis.com\/index.php\/author\/apuntesdesanluis-com\/"},"category_info":"<a href=\"https:\/\/apuntesdesanluis.com\/index.php\/category\/nacionales-internacionales\/\" rel=\"category tag\">Nacionales\/Internacionales<\/a>","tag_info":"Nacionales\/Internacionales","comment_count":"0","_links":{"self":[{"href":"https:\/\/apuntesdesanluis.com\/index.php\/wp-json\/wp\/v2\/posts\/26959","targetHints":{"allow":["GET"]}}],"collection":[{"href":"https:\/\/apuntesdesanluis.com\/index.php\/wp-json\/wp\/v2\/posts"}],"about":[{"href":"https:\/\/apuntesdesanluis.com\/index.php\/wp-json\/wp\/v2\/types\/post"}],"author":[{"embeddable":true,"href":"https:\/\/apuntesdesanluis.com\/index.php\/wp-json\/wp\/v2\/users\/1"}],"replies":[{"embeddable":true,"href":"https:\/\/apuntesdesanluis.com\/index.php\/wp-json\/wp\/v2\/comments?post=26959"}],"version-history":[{"count":1,"href":"https:\/\/apuntesdesanluis.com\/index.php\/wp-json\/wp\/v2\/posts\/26959\/revisions"}],"predecessor-version":[{"id":26961,"href":"https:\/\/apuntesdesanluis.com\/index.php\/wp-json\/wp\/v2\/posts\/26959\/revisions\/26961"}],"wp:featuredmedia":[{"embeddable":true,"href":"https:\/\/apuntesdesanluis.com\/index.php\/wp-json\/wp\/v2\/media\/26960"}],"wp:attachment":[{"href":"https:\/\/apuntesdesanluis.com\/index.php\/wp-json\/wp\/v2\/media?parent=26959"}],"wp:term":[{"taxonomy":"category","embeddable":true,"href":"https:\/\/apuntesdesanluis.com\/index.php\/wp-json\/wp\/v2\/categories?post=26959"},{"taxonomy":"post_tag","embeddable":true,"href":"https:\/\/apuntesdesanluis.com\/index.php\/wp-json\/wp\/v2\/tags?post=26959"}],"curies":[{"name":"wp","href":"https:\/\/api.w.org\/{rel}","templated":true}]}}