{"id":26962,"date":"2024-12-19T16:58:05","date_gmt":"2024-12-19T19:58:05","guid":{"rendered":"https:\/\/apuntesdesanluis.com\/?p=26962"},"modified":"2024-12-19T16:58:05","modified_gmt":"2024-12-19T19:58:05","slug":"villarruel-apunto-contra-bullrich-por-el-gendarme-secuestrado-jamas-lo-habria-autorizado-a-ir","status":"publish","type":"post","link":"https:\/\/apuntesdesanluis.com\/index.php\/2024\/12\/19\/villarruel-apunto-contra-bullrich-por-el-gendarme-secuestrado-jamas-lo-habria-autorizado-a-ir\/","title":{"rendered":"VILLARRUEL APUNT\u00d3 CONTRA BULLRICH POR EL GENDARME SECUESTRADO: \u201cJAM\u00c1S LO HABR\u00cdA AUTORIZADO A IR\u201d"},"content":{"rendered":"<h3>Victoria Villarruel se refiri\u00f3 este jueves por primera vez a la situaci\u00f3n del gendarme secuestrado en Venezuela y apunt\u00f3 contra la ministra de Seguridad, Patricia Bullrich, por habilitarlo a viajar al pa\u00eds vecino que se encuentra bajo el r\u00e9gimen de Nicol\u00e1s Maduro.<\/h3>\n<h3>La postura de la Vicepresidente fue expresada a trav\u00e9s de sus redes sociales, donde respondi\u00f3 a la pregunta de un usuario que le consult\u00f3 su opini\u00f3n sobre el caso de Nahuel Gallo, detenido desde el pasado 8 de diciembre.<\/h3>\n<h3>\u201cJam\u00e1s habr\u00eda autorizado a un gendarme a ir a Venezuela. Lo que est\u00e1 ocurriendo es la consecuencia tristemente obvia, pero como no soy del \u00e1rea de seguridad no opino de las sanciones y acciones que se debieran tomar. Slds\u201d, contest\u00f3 contundente.<\/h3>\n<h3><img fetchpriority=\"high\" decoding=\"async\" class=\"wp-image-26964 aligncenter\" src=\"https:\/\/apuntesdesanluis.com\/wp-content\/uploads\/2024\/12\/posteo-3-300x107.png\" alt=\"\" width=\"586\" height=\"209\" srcset=\"https:\/\/apuntesdesanluis.com\/wp-content\/uploads\/2024\/12\/posteo-3-300x107.png 300w, https:\/\/apuntesdesanluis.com\/wp-content\/uploads\/2024\/12\/posteo-3.png 700w\" sizes=\"(max-width: 586px) 100vw, 586px\" \/><\/h3>\n<h4 style=\"text-align: center;\"><em>El tuit de Victoria Villarruel.<\/em><\/h4>\n<h3>En su respuesta, Villarruel desliz\u00f3 una cr\u00edtica contra Bullrich, la encargada de la cartera, a quien en su posteo le adjudic\u00f3 la responsabilidad de que el cabo primero de la Gendarmer\u00eda Nacional Argentina est\u00e9 privado de su libertad desde hace m\u00e1s de 10 d\u00edas.<\/h3>\n<h3>El mensaje de la vice contra una de las ministras m\u00e1s cercanas al Presidente ocurre tambi\u00e9n en un contexto donde su v\u00ednculo con Javier Milei contin\u00faa distante. La tensi\u00f3n y los reproches del mandatario para con su compa\u00f1era de f\u00f3rmula los mantienen distanciados desde hace meses.<\/h3>\n<h3><\/h3>\n<h3><\/h3>\n<h3><\/h3>\n","protected":false},"excerpt":{"rendered":"<p>Victoria Villarruel se refiri\u00f3 este jueves por primera vez a la situaci\u00f3n del gendarme secuestrado&#8230;<\/p>\n","protected":false},"author":1,"featured_media":26963,"comment_status":"closed","ping_status":"closed","sticky":false,"template":"","format":"standard","meta":{"footnotes":""},"categories":[5],"tags":[],"class_list":["post-26962","post","type-post","status-publish","format-standard","has-post-thumbnail","hentry","category-nacionales-internacionales"],"yoast_head":"<!-- This site is optimized with the Yoast SEO plugin v26.1.1 - https:\/\/yoast.com\/wordpress\/plugins\/seo\/ -->\n<title>VILLARRUEL APUNT\u00d3 CONTRA BULLRICH POR EL GENDARME SECUESTRADO: \u201cJAM\u00c1S LO HABR\u00cdA AUTORIZADO A IR\u201d - Apuntes de San Luis<\/title>\n<meta name=\"robots\" content=\"index, follow, max-snippet:-1, max-image-preview:large, max-video-preview:-1\" \/>\n<link rel=\"canonical\" href=\"https:\/\/apuntesdesanluis.com\/index.php\/2024\/12\/19\/villarruel-apunto-contra-bullrich-por-el-gendarme-secuestrado-jamas-lo-habria-autorizado-a-ir\/\" \/>\n<meta property=\"og:locale\" content=\"es_ES\" \/>\n<meta property=\"og:type\" content=\"article\" \/>\n<meta property=\"og:title\" content=\"VILLARRUEL APUNT\u00d3 CONTRA BULLRICH POR EL GENDARME SECUESTRADO: \u201cJAM\u00c1S LO HABR\u00cdA AUTORIZADO A IR\u201d - Apuntes de San Luis\" \/>\n<meta property=\"og:description\" content=\"Victoria Villarruel se refiri\u00f3 este jueves por primera vez a la situaci\u00f3n del gendarme secuestrado...\" \/>\n<meta property=\"og:url\" content=\"https:\/\/apuntesdesanluis.com\/index.php\/2024\/12\/19\/villarruel-apunto-contra-bullrich-por-el-gendarme-secuestrado-jamas-lo-habria-autorizado-a-ir\/\" \/>\n<meta property=\"og:site_name\" content=\"Apuntes de San Luis\" \/>\n<meta property=\"article:published_time\" content=\"2024-12-19T19:58:05+00:00\" \/>\n<meta property=\"og:image\" content=\"https:\/\/apuntesdesanluis.com\/wp-content\/uploads\/2024\/12\/villarruel-y-bullrich.png\" \/>\n\t<meta property=\"og:image:width\" content=\"700\" \/>\n\t<meta property=\"og:image:height\" content=\"399\" \/>\n\t<meta property=\"og:image:type\" content=\"image\/png\" \/>\n<meta name=\"author\" content=\"apuntesdesanluis.com\" \/>\n<meta name=\"twitter:card\" content=\"summary_large_image\" \/>\n<meta name=\"twitter:label1\" content=\"Escrito por\" \/>\n\t<meta name=\"twitter:data1\" content=\"apuntesdesanluis.com\" \/>\n\t<meta name=\"twitter:label2\" content=\"Tiempo de lectura\" \/>\n\t<meta name=\"twitter:data2\" content=\"2 minutos\" \/>\n<script type=\"application\/ld+json\" class=\"yoast-schema-graph\">{\"@context\":\"https:\/\/schema.org\",\"@graph\":[{\"@type\":\"Article\",\"@id\":\"https:\/\/apuntesdesanluis.com\/index.php\/2024\/12\/19\/villarruel-apunto-contra-bullrich-por-el-gendarme-secuestrado-jamas-lo-habria-autorizado-a-ir\/#article\",\"isPartOf\":{\"@id\":\"https:\/\/apuntesdesanluis.com\/index.php\/2024\/12\/19\/villarruel-apunto-contra-bullrich-por-el-gendarme-secuestrado-jamas-lo-habria-autorizado-a-ir\/\"},\"author\":{\"name\":\"apuntesdesanluis.com\",\"@id\":\"https:\/\/apuntesdesanluis.com\/#\/schema\/person\/b55151d52296fcce64d1a72538a70b90\"},\"headline\":\"VILLARRUEL APUNT\u00d3 CONTRA BULLRICH POR EL GENDARME SECUESTRADO: \u201cJAM\u00c1S LO HABR\u00cdA AUTORIZADO A IR\u201d\",\"datePublished\":\"2024-12-19T19:58:05+00:00\",\"mainEntityOfPage\":{\"@id\":\"https:\/\/apuntesdesanluis.com\/index.php\/2024\/12\/19\/villarruel-apunto-contra-bullrich-por-el-gendarme-secuestrado-jamas-lo-habria-autorizado-a-ir\/\"},\"wordCount\":250,\"publisher\":{\"@id\":\"https:\/\/apuntesdesanluis.com\/#\/schema\/person\/b55151d52296fcce64d1a72538a70b90\"},\"image\":{\"@id\":\"https:\/\/apuntesdesanluis.com\/index.php\/2024\/12\/19\/villarruel-apunto-contra-bullrich-por-el-gendarme-secuestrado-jamas-lo-habria-autorizado-a-ir\/#primaryimage\"},\"thumbnailUrl\":\"https:\/\/apuntesdesanluis.com\/wp-content\/uploads\/2024\/12\/villarruel-y-bullrich.png\",\"articleSection\":[\"Nacionales\/Internacionales\"],\"inLanguage\":\"es-AR\"},{\"@type\":\"WebPage\",\"@id\":\"https:\/\/apuntesdesanluis.com\/index.php\/2024\/12\/19\/villarruel-apunto-contra-bullrich-por-el-gendarme-secuestrado-jamas-lo-habria-autorizado-a-ir\/\",\"url\":\"https:\/\/apuntesdesanluis.com\/index.php\/2024\/12\/19\/villarruel-apunto-contra-bullrich-por-el-gendarme-secuestrado-jamas-lo-habria-autorizado-a-ir\/\",\"name\":\"VILLARRUEL APUNT\u00d3 CONTRA BULLRICH POR EL GENDARME SECUESTRADO: \u201cJAM\u00c1S LO HABR\u00cdA AUTORIZADO A IR\u201d - Apuntes de San Luis\",\"isPartOf\":{\"@id\":\"https:\/\/apuntesdesanluis.com\/#website\"},\"primaryImageOfPage\":{\"@id\":\"https:\/\/apuntesdesanluis.com\/index.php\/2024\/12\/19\/villarruel-apunto-contra-bullrich-por-el-gendarme-secuestrado-jamas-lo-habria-autorizado-a-ir\/#primaryimage\"},\"image\":{\"@id\":\"https:\/\/apuntesdesanluis.com\/index.php\/2024\/12\/19\/villarruel-apunto-contra-bullrich-por-el-gendarme-secuestrado-jamas-lo-habria-autorizado-a-ir\/#primaryimage\"},\"thumbnailUrl\":\"https:\/\/apuntesdesanluis.com\/wp-content\/uploads\/2024\/12\/villarruel-y-bullrich.png\",\"datePublished\":\"2024-12-19T19:58:05+00:00\",\"breadcrumb\":{\"@id\":\"https:\/\/apuntesdesanluis.com\/index.php\/2024\/12\/19\/villarruel-apunto-contra-bullrich-por-el-gendarme-secuestrado-jamas-lo-habria-autorizado-a-ir\/#breadcrumb\"},\"inLanguage\":\"es-AR\",\"potentialAction\":[{\"@type\":\"ReadAction\",\"target\":[\"https:\/\/apuntesdesanluis.com\/index.php\/2024\/12\/19\/villarruel-apunto-contra-bullrich-por-el-gendarme-secuestrado-jamas-lo-habria-autorizado-a-ir\/\"]}]},{\"@type\":\"ImageObject\",\"inLanguage\":\"es-AR\",\"@id\":\"https:\/\/apuntesdesanluis.com\/index.php\/2024\/12\/19\/villarruel-apunto-contra-bullrich-por-el-gendarme-secuestrado-jamas-lo-habria-autorizado-a-ir\/#primaryimage\",\"url\":\"https:\/\/apuntesdesanluis.com\/wp-content\/uploads\/2024\/12\/villarruel-y-bullrich.png\",\"contentUrl\":\"https:\/\/apuntesdesanluis.com\/wp-content\/uploads\/2024\/12\/villarruel-y-bullrich.png\",\"width\":700,\"height\":399},{\"@type\":\"BreadcrumbList\",\"@id\":\"https:\/\/apuntesdesanluis.com\/index.php\/2024\/12\/19\/villarruel-apunto-contra-bullrich-por-el-gendarme-secuestrado-jamas-lo-habria-autorizado-a-ir\/#breadcrumb\",\"itemListElement\":[{\"@type\":\"ListItem\",\"position\":1,\"name\":\"Inicio\",\"item\":\"https:\/\/apuntesdesanluis.com\/\"},{\"@type\":\"ListItem\",\"position\":2,\"name\":\"VILLARRUEL APUNT\u00d3 CONTRA BULLRICH POR EL GENDARME SECUESTRADO: \u201cJAM\u00c1S LO HABR\u00cdA AUTORIZADO A IR\u201d\"}]},{\"@type\":\"WebSite\",\"@id\":\"https:\/\/apuntesdesanluis.com\/#website\",\"url\":\"https:\/\/apuntesdesanluis.com\/\",\"name\":\"Apuntes de San Luis\",\"description\":\"\",\"publisher\":{\"@id\":\"https:\/\/apuntesdesanluis.com\/#\/schema\/person\/b55151d52296fcce64d1a72538a70b90\"},\"potentialAction\":[{\"@type\":\"SearchAction\",\"target\":{\"@type\":\"EntryPoint\",\"urlTemplate\":\"https:\/\/apuntesdesanluis.com\/?s={search_term_string}\"},\"query-input\":{\"@type\":\"PropertyValueSpecification\",\"valueRequired\":true,\"valueName\":\"search_term_string\"}}],\"inLanguage\":\"es-AR\"},{\"@type\":[\"Person\",\"Organization\"],\"@id\":\"https:\/\/apuntesdesanluis.com\/#\/schema\/person\/b55151d52296fcce64d1a72538a70b90\",\"name\":\"apuntesdesanluis.com\",\"image\":{\"@type\":\"ImageObject\",\"inLanguage\":\"es-AR\",\"@id\":\"https:\/\/apuntesdesanluis.com\/#\/schema\/person\/image\/\",\"url\":\"https:\/\/apuntesdesanluis.com\/wp-content\/uploads\/2023\/07\/cropped-apuntesdesanluis.png\",\"contentUrl\":\"https:\/\/apuntesdesanluis.com\/wp-content\/uploads\/2023\/07\/cropped-apuntesdesanluis.png\",\"width\":450,\"height\":112,\"caption\":\"apuntesdesanluis.com\"},\"logo\":{\"@id\":\"https:\/\/apuntesdesanluis.com\/#\/schema\/person\/image\/\"},\"sameAs\":[\"https:\/\/apuntesdesanluis.com\"],\"url\":\"https:\/\/apuntesdesanluis.com\/index.php\/author\/apuntesdesanluis-com\/\"}]}<\/script>\n<!-- \/ Yoast SEO plugin. -->","yoast_head_json":{"title":"VILLARRUEL APUNT\u00d3 CONTRA BULLRICH POR EL GENDARME SECUESTRADO: \u201cJAM\u00c1S LO HABR\u00cdA AUTORIZADO A IR\u201d - Apuntes de San Luis","robots":{"index":"index","follow":"follow","max-snippet":"max-snippet:-1","max-image-preview":"max-image-preview:large","max-video-preview":"max-video-preview:-1"},"canonical":"https:\/\/apuntesdesanluis.com\/index.php\/2024\/12\/19\/villarruel-apunto-contra-bullrich-por-el-gendarme-secuestrado-jamas-lo-habria-autorizado-a-ir\/","og_locale":"es_ES","og_type":"article","og_title":"VILLARRUEL APUNT\u00d3 CONTRA BULLRICH POR EL GENDARME SECUESTRADO: \u201cJAM\u00c1S LO HABR\u00cdA AUTORIZADO A IR\u201d - Apuntes de San Luis","og_description":"Victoria Villarruel se refiri\u00f3 este jueves por primera vez a la situaci\u00f3n del gendarme secuestrado...","og_url":"https:\/\/apuntesdesanluis.com\/index.php\/2024\/12\/19\/villarruel-apunto-contra-bullrich-por-el-gendarme-secuestrado-jamas-lo-habria-autorizado-a-ir\/","og_site_name":"Apuntes de San Luis","article_published_time":"2024-12-19T19:58:05+00:00","og_image":[{"width":700,"height":399,"url":"https:\/\/apuntesdesanluis.com\/wp-content\/uploads\/2024\/12\/villarruel-y-bullrich.png","type":"image\/png"}],"author":"apuntesdesanluis.com","twitter_card":"summary_large_image","twitter_misc":{"Escrito por":"apuntesdesanluis.com","Tiempo de lectura":"2 minutos"},"schema":{"@context":"https:\/\/schema.org","@graph":[{"@type":"Article","@id":"https:\/\/apuntesdesanluis.com\/index.php\/2024\/12\/19\/villarruel-apunto-contra-bullrich-por-el-gendarme-secuestrado-jamas-lo-habria-autorizado-a-ir\/#article","isPartOf":{"@id":"https:\/\/apuntesdesanluis.com\/index.php\/2024\/12\/19\/villarruel-apunto-contra-bullrich-por-el-gendarme-secuestrado-jamas-lo-habria-autorizado-a-ir\/"},"author":{"name":"apuntesdesanluis.com","@id":"https:\/\/apuntesdesanluis.com\/#\/schema\/person\/b55151d52296fcce64d1a72538a70b90"},"headline":"VILLARRUEL APUNT\u00d3 CONTRA BULLRICH POR EL GENDARME SECUESTRADO: \u201cJAM\u00c1S LO HABR\u00cdA AUTORIZADO A IR\u201d","datePublished":"2024-12-19T19:58:05+00:00","mainEntityOfPage":{"@id":"https:\/\/apuntesdesanluis.com\/index.php\/2024\/12\/19\/villarruel-apunto-contra-bullrich-por-el-gendarme-secuestrado-jamas-lo-habria-autorizado-a-ir\/"},"wordCount":250,"publisher":{"@id":"https:\/\/apuntesdesanluis.com\/#\/schema\/person\/b55151d52296fcce64d1a72538a70b90"},"image":{"@id":"https:\/\/apuntesdesanluis.com\/index.php\/2024\/12\/19\/villarruel-apunto-contra-bullrich-por-el-gendarme-secuestrado-jamas-lo-habria-autorizado-a-ir\/#primaryimage"},"thumbnailUrl":"https:\/\/apuntesdesanluis.com\/wp-content\/uploads\/2024\/12\/villarruel-y-bullrich.png","articleSection":["Nacionales\/Internacionales"],"inLanguage":"es-AR"},{"@type":"WebPage","@id":"https:\/\/apuntesdesanluis.com\/index.php\/2024\/12\/19\/villarruel-apunto-contra-bullrich-por-el-gendarme-secuestrado-jamas-lo-habria-autorizado-a-ir\/","url":"https:\/\/apuntesdesanluis.com\/index.php\/2024\/12\/19\/villarruel-apunto-contra-bullrich-por-el-gendarme-secuestrado-jamas-lo-habria-autorizado-a-ir\/","name":"VILLARRUEL APUNT\u00d3 CONTRA BULLRICH POR EL GENDARME SECUESTRADO: \u201cJAM\u00c1S LO HABR\u00cdA AUTORIZADO A IR\u201d - Apuntes de San Luis","isPartOf":{"@id":"https:\/\/apuntesdesanluis.com\/#website"},"primaryImageOfPage":{"@id":"https:\/\/apuntesdesanluis.com\/index.php\/2024\/12\/19\/villarruel-apunto-contra-bullrich-por-el-gendarme-secuestrado-jamas-lo-habria-autorizado-a-ir\/#primaryimage"},"image":{"@id":"https:\/\/apuntesdesanluis.com\/index.php\/2024\/12\/19\/villarruel-apunto-contra-bullrich-por-el-gendarme-secuestrado-jamas-lo-habria-autorizado-a-ir\/#primaryimage"},"thumbnailUrl":"https:\/\/apuntesdesanluis.com\/wp-content\/uploads\/2024\/12\/villarruel-y-bullrich.png","datePublished":"2024-12-19T19:58:05+00:00","breadcrumb":{"@id":"https:\/\/apuntesdesanluis.com\/index.php\/2024\/12\/19\/villarruel-apunto-contra-bullrich-por-el-gendarme-secuestrado-jamas-lo-habria-autorizado-a-ir\/#breadcrumb"},"inLanguage":"es-AR","potentialAction":[{"@type":"ReadAction","target":["https:\/\/apuntesdesanluis.com\/index.php\/2024\/12\/19\/villarruel-apunto-contra-bullrich-por-el-gendarme-secuestrado-jamas-lo-habria-autorizado-a-ir\/"]}]},{"@type":"ImageObject","inLanguage":"es-AR","@id":"https:\/\/apuntesdesanluis.com\/index.php\/2024\/12\/19\/villarruel-apunto-contra-bullrich-por-el-gendarme-secuestrado-jamas-lo-habria-autorizado-a-ir\/#primaryimage","url":"https:\/\/apuntesdesanluis.com\/wp-content\/uploads\/2024\/12\/villarruel-y-bullrich.png","contentUrl":"https:\/\/apuntesdesanluis.com\/wp-content\/uploads\/2024\/12\/villarruel-y-bullrich.png","width":700,"height":399},{"@type":"BreadcrumbList","@id":"https:\/\/apuntesdesanluis.com\/index.php\/2024\/12\/19\/villarruel-apunto-contra-bullrich-por-el-gendarme-secuestrado-jamas-lo-habria-autorizado-a-ir\/#breadcrumb","itemListElement":[{"@type":"ListItem","position":1,"name":"Inicio","item":"https:\/\/apuntesdesanluis.com\/"},{"@type":"ListItem","position":2,"name":"VILLARRUEL APUNT\u00d3 CONTRA BULLRICH POR EL GENDARME SECUESTRADO: \u201cJAM\u00c1S LO HABR\u00cdA AUTORIZADO A IR\u201d"}]},{"@type":"WebSite","@id":"https:\/\/apuntesdesanluis.com\/#website","url":"https:\/\/apuntesdesanluis.com\/","name":"Apuntes de San Luis","description":"","publisher":{"@id":"https:\/\/apuntesdesanluis.com\/#\/schema\/person\/b55151d52296fcce64d1a72538a70b90"},"potentialAction":[{"@type":"SearchAction","target":{"@type":"EntryPoint","urlTemplate":"https:\/\/apuntesdesanluis.com\/?s={search_term_string}"},"query-input":{"@type":"PropertyValueSpecification","valueRequired":true,"valueName":"search_term_string"}}],"inLanguage":"es-AR"},{"@type":["Person","Organization"],"@id":"https:\/\/apuntesdesanluis.com\/#\/schema\/person\/b55151d52296fcce64d1a72538a70b90","name":"apuntesdesanluis.com","image":{"@type":"ImageObject","inLanguage":"es-AR","@id":"https:\/\/apuntesdesanluis.com\/#\/schema\/person\/image\/","url":"https:\/\/apuntesdesanluis.com\/wp-content\/uploads\/2023\/07\/cropped-apuntesdesanluis.png","contentUrl":"https:\/\/apuntesdesanluis.com\/wp-content\/uploads\/2023\/07\/cropped-apuntesdesanluis.png","width":450,"height":112,"caption":"apuntesdesanluis.com"},"logo":{"@id":"https:\/\/apuntesdesanluis.com\/#\/schema\/person\/image\/"},"sameAs":["https:\/\/apuntesdesanluis.com"],"url":"https:\/\/apuntesdesanluis.com\/index.php\/author\/apuntesdesanluis-com\/"}]}},"featured_image_urls":{"full":["https:\/\/apuntesdesanluis.com\/wp-content\/uploads\/2024\/12\/villarruel-y-bullrich.png",700,399,false],"thumbnail":["https:\/\/apuntesdesanluis.com\/wp-content\/uploads\/2024\/12\/villarruel-y-bullrich-150x150.png",150,150,true],"medium":["https:\/\/apuntesdesanluis.com\/wp-content\/uploads\/2024\/12\/villarruel-y-bullrich-300x171.png",300,171,true],"medium_large":["https:\/\/apuntesdesanluis.com\/wp-content\/uploads\/2024\/12\/villarruel-y-bullrich.png",640,365,false],"large":["https:\/\/apuntesdesanluis.com\/wp-content\/uploads\/2024\/12\/villarruel-y-bullrich.png",640,365,false],"1536x1536":["https:\/\/apuntesdesanluis.com\/wp-content\/uploads\/2024\/12\/villarruel-y-bullrich.png",700,399,false],"2048x2048":["https:\/\/apuntesdesanluis.com\/wp-content\/uploads\/2024\/12\/villarruel-y-bullrich.png",700,399,false],"newsever-slider-full":["https:\/\/apuntesdesanluis.com\/wp-content\/uploads\/2024\/12\/villarruel-y-bullrich.png",700,399,false],"newsever-featured":["https:\/\/apuntesdesanluis.com\/wp-content\/uploads\/2024\/12\/villarruel-y-bullrich.png",700,399,false],"newsever-medium":["https:\/\/apuntesdesanluis.com\/wp-content\/uploads\/2024\/12\/villarruel-y-bullrich.png",700,399,false]},"author_info":{"display_name":"apuntesdesanluis.com","author_link":"https:\/\/apuntesdesanluis.com\/index.php\/author\/apuntesdesanluis-com\/"},"category_info":"<a href=\"https:\/\/apuntesdesanluis.com\/index.php\/category\/nacionales-internacionales\/\" rel=\"category tag\">Nacionales\/Internacionales<\/a>","tag_info":"Nacionales\/Internacionales","comment_count":"0","_links":{"self":[{"href":"https:\/\/apuntesdesanluis.com\/index.php\/wp-json\/wp\/v2\/posts\/26962","targetHints":{"allow":["GET"]}}],"collection":[{"href":"https:\/\/apuntesdesanluis.com\/index.php\/wp-json\/wp\/v2\/posts"}],"about":[{"href":"https:\/\/apuntesdesanluis.com\/index.php\/wp-json\/wp\/v2\/types\/post"}],"author":[{"embeddable":true,"href":"https:\/\/apuntesdesanluis.com\/index.php\/wp-json\/wp\/v2\/users\/1"}],"replies":[{"embeddable":true,"href":"https:\/\/apuntesdesanluis.com\/index.php\/wp-json\/wp\/v2\/comments?post=26962"}],"version-history":[{"count":1,"href":"https:\/\/apuntesdesanluis.com\/index.php\/wp-json\/wp\/v2\/posts\/26962\/revisions"}],"predecessor-version":[{"id":26965,"href":"https:\/\/apuntesdesanluis.com\/index.php\/wp-json\/wp\/v2\/posts\/26962\/revisions\/26965"}],"wp:featuredmedia":[{"embeddable":true,"href":"https:\/\/apuntesdesanluis.com\/index.php\/wp-json\/wp\/v2\/media\/26963"}],"wp:attachment":[{"href":"https:\/\/apuntesdesanluis.com\/index.php\/wp-json\/wp\/v2\/media?parent=26962"}],"wp:term":[{"taxonomy":"category","embeddable":true,"href":"https:\/\/apuntesdesanluis.com\/index.php\/wp-json\/wp\/v2\/categories?post=26962"},{"taxonomy":"post_tag","embeddable":true,"href":"https:\/\/apuntesdesanluis.com\/index.php\/wp-json\/wp\/v2\/tags?post=26962"}],"curies":[{"name":"wp","href":"https:\/\/api.w.org\/{rel}","templated":true}]}}