{"id":26966,"date":"2024-12-18T20:09:05","date_gmt":"2024-12-18T23:09:05","guid":{"rendered":"https:\/\/apuntesdesanluis.com\/?p=26966"},"modified":"2024-12-19T17:12:10","modified_gmt":"2024-12-19T20:12:10","slug":"papa-noel-en-terapia-el-original-video-de-la-afa-a-dos-anos-del-mundial-qatar-2022","status":"publish","type":"post","link":"https:\/\/apuntesdesanluis.com\/index.php\/2024\/12\/18\/papa-noel-en-terapia-el-original-video-de-la-afa-a-dos-anos-del-mundial-qatar-2022\/","title":{"rendered":"PAP\u00c1 NOEL EN TERAPIA: EL ORIGINAL VIDEO DE LA AFA A DOS A\u00d1OS DEL MUNDIAL QATAR 2022"},"content":{"rendered":"<h3>Un creativo video de la <strong>AFA<\/strong> muestra a <strong>Pap\u00e1 Noel<\/strong> en terapia, frustrado porque los argentinos ya no necesitan regalos: la Copa del Mundo les cambi\u00f3 la vida.<\/h3>\n<h3>Este 18 de diciembre marc\u00f3 dos a\u00f1os desde que Argentina conquist\u00f3 el Mundial de Qatar 2022 en la \u00e9pica final frente a Francia. Para conmemorar el aniversario, la AFA lanz\u00f3 un creativo video en sus redes sociales, protagonizado por un Pap\u00e1 Noel en plena crisis existencial.<\/h3>\n<h3>En el aviso, el querido personaje navide\u00f1o intenta procesar un problema que jam\u00e1s imagin\u00f3: no puede superar la felicidad que los argentinos alcanzaron con aquel triunfo.<\/h3>\n<h3>El spot muestra a Pap\u00e1 Noel en el div\u00e1n de una psic\u00f3loga, explic\u00e1ndole su frustraci\u00f3n: \u201cHace a\u00f1os que recorro pa\u00edses haciendo felices a grandes y a chicos, pero desde hace dos a\u00f1os ya no s\u00e9 qu\u00e9 traerles a los argentinos. Desde el 2022, ellos ya son felices\u201d.<\/h3>\n<h3>A lo largo de la sesi\u00f3n, relata su descontento con los regalos que intenta llevar: \u201cLlevo remeras, pero solo usan las de la Selecci\u00f3n. Calzoncillos nuevos, pero por c\u00e1bala solo usan los de la final. Llevo mates, pero los quieren con las tres estrellas. Antes armaban el arbolito, ahora arman juntadas para ver las repeticiones de la final\u201d.<\/h3>\n<p>&nbsp;<\/p>\n<p><iframe title=\"Pap\u00e1 Noel en el div\u00e1n: la AFA celebra el aniversario de la final de Qatar 2022 con un emotivo video\" width=\"640\" height=\"360\" src=\"https:\/\/www.youtube.com\/embed\/ZFPe8MBuqiQ?feature=oembed\" frameborder=\"0\" allow=\"accelerometer; autoplay; clipboard-write; encrypted-media; gyroscope; picture-in-picture; web-share\" referrerpolicy=\"strict-origin-when-cross-origin\" allowfullscreen><\/iframe><\/p>\n<p>&nbsp;<\/p>\n<p>&nbsp;<\/p>\n<p>&nbsp;<\/p>\n","protected":false},"excerpt":{"rendered":"<p>Un creativo video de la AFA muestra a Pap\u00e1 Noel en terapia, frustrado porque los&#8230;<\/p>\n","protected":false},"author":1,"featured_media":26967,"comment_status":"closed","ping_status":"closed","sticky":false,"template":"","format":"standard","meta":{"footnotes":""},"categories":[5],"tags":[],"class_list":["post-26966","post","type-post","status-publish","format-standard","has-post-thumbnail","hentry","category-nacionales-internacionales"],"yoast_head":"<!-- This site is optimized with the Yoast SEO plugin v26.1.1 - https:\/\/yoast.com\/wordpress\/plugins\/seo\/ -->\n<title>PAP\u00c1 NOEL EN TERAPIA: EL ORIGINAL VIDEO DE LA AFA A DOS A\u00d1OS DEL MUNDIAL QATAR 2022 - Apuntes de San Luis<\/title>\n<meta name=\"robots\" content=\"index, follow, max-snippet:-1, max-image-preview:large, max-video-preview:-1\" \/>\n<link rel=\"canonical\" href=\"https:\/\/apuntesdesanluis.com\/index.php\/2024\/12\/18\/papa-noel-en-terapia-el-original-video-de-la-afa-a-dos-anos-del-mundial-qatar-2022\/\" \/>\n<meta property=\"og:locale\" content=\"es_ES\" \/>\n<meta property=\"og:type\" content=\"article\" \/>\n<meta property=\"og:title\" content=\"PAP\u00c1 NOEL EN TERAPIA: EL ORIGINAL VIDEO DE LA AFA A DOS A\u00d1OS DEL MUNDIAL QATAR 2022 - Apuntes de San Luis\" \/>\n<meta property=\"og:description\" content=\"Un creativo video de la AFA muestra a Pap\u00e1 Noel en terapia, frustrado porque los...\" \/>\n<meta property=\"og:url\" content=\"https:\/\/apuntesdesanluis.com\/index.php\/2024\/12\/18\/papa-noel-en-terapia-el-original-video-de-la-afa-a-dos-anos-del-mundial-qatar-2022\/\" \/>\n<meta property=\"og:site_name\" content=\"Apuntes de San Luis\" \/>\n<meta property=\"article:published_time\" content=\"2024-12-18T23:09:05+00:00\" \/>\n<meta property=\"article:modified_time\" content=\"2024-12-19T20:12:10+00:00\" \/>\n<meta property=\"og:image\" content=\"https:\/\/apuntesdesanluis.com\/wp-content\/uploads\/2024\/12\/papa-noel.png\" \/>\n\t<meta property=\"og:image:width\" content=\"821\" \/>\n\t<meta property=\"og:image:height\" content=\"462\" \/>\n\t<meta property=\"og:image:type\" content=\"image\/png\" \/>\n<meta name=\"author\" content=\"apuntesdesanluis.com\" \/>\n<meta name=\"twitter:card\" content=\"summary_large_image\" \/>\n<meta name=\"twitter:label1\" content=\"Escrito por\" \/>\n\t<meta name=\"twitter:data1\" content=\"apuntesdesanluis.com\" \/>\n\t<meta name=\"twitter:label2\" content=\"Tiempo de lectura\" \/>\n\t<meta name=\"twitter:data2\" content=\"2 minutos\" \/>\n<script type=\"application\/ld+json\" class=\"yoast-schema-graph\">{\"@context\":\"https:\/\/schema.org\",\"@graph\":[{\"@type\":\"Article\",\"@id\":\"https:\/\/apuntesdesanluis.com\/index.php\/2024\/12\/18\/papa-noel-en-terapia-el-original-video-de-la-afa-a-dos-anos-del-mundial-qatar-2022\/#article\",\"isPartOf\":{\"@id\":\"https:\/\/apuntesdesanluis.com\/index.php\/2024\/12\/18\/papa-noel-en-terapia-el-original-video-de-la-afa-a-dos-anos-del-mundial-qatar-2022\/\"},\"author\":{\"name\":\"apuntesdesanluis.com\",\"@id\":\"https:\/\/apuntesdesanluis.com\/#\/schema\/person\/b55151d52296fcce64d1a72538a70b90\"},\"headline\":\"PAP\u00c1 NOEL EN TERAPIA: EL ORIGINAL VIDEO DE LA AFA A DOS A\u00d1OS DEL MUNDIAL QATAR 2022\",\"datePublished\":\"2024-12-18T23:09:05+00:00\",\"dateModified\":\"2024-12-19T20:12:10+00:00\",\"mainEntityOfPage\":{\"@id\":\"https:\/\/apuntesdesanluis.com\/index.php\/2024\/12\/18\/papa-noel-en-terapia-el-original-video-de-la-afa-a-dos-anos-del-mundial-qatar-2022\/\"},\"wordCount\":246,\"publisher\":{\"@id\":\"https:\/\/apuntesdesanluis.com\/#\/schema\/person\/b55151d52296fcce64d1a72538a70b90\"},\"image\":{\"@id\":\"https:\/\/apuntesdesanluis.com\/index.php\/2024\/12\/18\/papa-noel-en-terapia-el-original-video-de-la-afa-a-dos-anos-del-mundial-qatar-2022\/#primaryimage\"},\"thumbnailUrl\":\"https:\/\/apuntesdesanluis.com\/wp-content\/uploads\/2024\/12\/papa-noel.png\",\"articleSection\":[\"Nacionales\/Internacionales\"],\"inLanguage\":\"es-AR\"},{\"@type\":\"WebPage\",\"@id\":\"https:\/\/apuntesdesanluis.com\/index.php\/2024\/12\/18\/papa-noel-en-terapia-el-original-video-de-la-afa-a-dos-anos-del-mundial-qatar-2022\/\",\"url\":\"https:\/\/apuntesdesanluis.com\/index.php\/2024\/12\/18\/papa-noel-en-terapia-el-original-video-de-la-afa-a-dos-anos-del-mundial-qatar-2022\/\",\"name\":\"PAP\u00c1 NOEL EN TERAPIA: EL ORIGINAL VIDEO DE LA AFA A DOS A\u00d1OS DEL MUNDIAL QATAR 2022 - Apuntes de San Luis\",\"isPartOf\":{\"@id\":\"https:\/\/apuntesdesanluis.com\/#website\"},\"primaryImageOfPage\":{\"@id\":\"https:\/\/apuntesdesanluis.com\/index.php\/2024\/12\/18\/papa-noel-en-terapia-el-original-video-de-la-afa-a-dos-anos-del-mundial-qatar-2022\/#primaryimage\"},\"image\":{\"@id\":\"https:\/\/apuntesdesanluis.com\/index.php\/2024\/12\/18\/papa-noel-en-terapia-el-original-video-de-la-afa-a-dos-anos-del-mundial-qatar-2022\/#primaryimage\"},\"thumbnailUrl\":\"https:\/\/apuntesdesanluis.com\/wp-content\/uploads\/2024\/12\/papa-noel.png\",\"datePublished\":\"2024-12-18T23:09:05+00:00\",\"dateModified\":\"2024-12-19T20:12:10+00:00\",\"breadcrumb\":{\"@id\":\"https:\/\/apuntesdesanluis.com\/index.php\/2024\/12\/18\/papa-noel-en-terapia-el-original-video-de-la-afa-a-dos-anos-del-mundial-qatar-2022\/#breadcrumb\"},\"inLanguage\":\"es-AR\",\"potentialAction\":[{\"@type\":\"ReadAction\",\"target\":[\"https:\/\/apuntesdesanluis.com\/index.php\/2024\/12\/18\/papa-noel-en-terapia-el-original-video-de-la-afa-a-dos-anos-del-mundial-qatar-2022\/\"]}]},{\"@type\":\"ImageObject\",\"inLanguage\":\"es-AR\",\"@id\":\"https:\/\/apuntesdesanluis.com\/index.php\/2024\/12\/18\/papa-noel-en-terapia-el-original-video-de-la-afa-a-dos-anos-del-mundial-qatar-2022\/#primaryimage\",\"url\":\"https:\/\/apuntesdesanluis.com\/wp-content\/uploads\/2024\/12\/papa-noel.png\",\"contentUrl\":\"https:\/\/apuntesdesanluis.com\/wp-content\/uploads\/2024\/12\/papa-noel.png\",\"width\":821,\"height\":462},{\"@type\":\"BreadcrumbList\",\"@id\":\"https:\/\/apuntesdesanluis.com\/index.php\/2024\/12\/18\/papa-noel-en-terapia-el-original-video-de-la-afa-a-dos-anos-del-mundial-qatar-2022\/#breadcrumb\",\"itemListElement\":[{\"@type\":\"ListItem\",\"position\":1,\"name\":\"Inicio\",\"item\":\"https:\/\/apuntesdesanluis.com\/\"},{\"@type\":\"ListItem\",\"position\":2,\"name\":\"PAP\u00c1 NOEL EN TERAPIA: EL ORIGINAL VIDEO DE LA AFA A DOS A\u00d1OS DEL MUNDIAL QATAR 2022\"}]},{\"@type\":\"WebSite\",\"@id\":\"https:\/\/apuntesdesanluis.com\/#website\",\"url\":\"https:\/\/apuntesdesanluis.com\/\",\"name\":\"Apuntes de San Luis\",\"description\":\"\",\"publisher\":{\"@id\":\"https:\/\/apuntesdesanluis.com\/#\/schema\/person\/b55151d52296fcce64d1a72538a70b90\"},\"potentialAction\":[{\"@type\":\"SearchAction\",\"target\":{\"@type\":\"EntryPoint\",\"urlTemplate\":\"https:\/\/apuntesdesanluis.com\/?s={search_term_string}\"},\"query-input\":{\"@type\":\"PropertyValueSpecification\",\"valueRequired\":true,\"valueName\":\"search_term_string\"}}],\"inLanguage\":\"es-AR\"},{\"@type\":[\"Person\",\"Organization\"],\"@id\":\"https:\/\/apuntesdesanluis.com\/#\/schema\/person\/b55151d52296fcce64d1a72538a70b90\",\"name\":\"apuntesdesanluis.com\",\"image\":{\"@type\":\"ImageObject\",\"inLanguage\":\"es-AR\",\"@id\":\"https:\/\/apuntesdesanluis.com\/#\/schema\/person\/image\/\",\"url\":\"https:\/\/apuntesdesanluis.com\/wp-content\/uploads\/2023\/07\/cropped-apuntesdesanluis.png\",\"contentUrl\":\"https:\/\/apuntesdesanluis.com\/wp-content\/uploads\/2023\/07\/cropped-apuntesdesanluis.png\",\"width\":450,\"height\":112,\"caption\":\"apuntesdesanluis.com\"},\"logo\":{\"@id\":\"https:\/\/apuntesdesanluis.com\/#\/schema\/person\/image\/\"},\"sameAs\":[\"https:\/\/apuntesdesanluis.com\"],\"url\":\"https:\/\/apuntesdesanluis.com\/index.php\/author\/apuntesdesanluis-com\/\"}]}<\/script>\n<!-- \/ Yoast SEO plugin. -->","yoast_head_json":{"title":"PAP\u00c1 NOEL EN TERAPIA: EL ORIGINAL VIDEO DE LA AFA A DOS A\u00d1OS DEL MUNDIAL QATAR 2022 - Apuntes de San Luis","robots":{"index":"index","follow":"follow","max-snippet":"max-snippet:-1","max-image-preview":"max-image-preview:large","max-video-preview":"max-video-preview:-1"},"canonical":"https:\/\/apuntesdesanluis.com\/index.php\/2024\/12\/18\/papa-noel-en-terapia-el-original-video-de-la-afa-a-dos-anos-del-mundial-qatar-2022\/","og_locale":"es_ES","og_type":"article","og_title":"PAP\u00c1 NOEL EN TERAPIA: EL ORIGINAL VIDEO DE LA AFA A DOS A\u00d1OS DEL MUNDIAL QATAR 2022 - Apuntes de San Luis","og_description":"Un creativo video de la AFA muestra a Pap\u00e1 Noel en terapia, frustrado porque los...","og_url":"https:\/\/apuntesdesanluis.com\/index.php\/2024\/12\/18\/papa-noel-en-terapia-el-original-video-de-la-afa-a-dos-anos-del-mundial-qatar-2022\/","og_site_name":"Apuntes de San Luis","article_published_time":"2024-12-18T23:09:05+00:00","article_modified_time":"2024-12-19T20:12:10+00:00","og_image":[{"width":821,"height":462,"url":"https:\/\/apuntesdesanluis.com\/wp-content\/uploads\/2024\/12\/papa-noel.png","type":"image\/png"}],"author":"apuntesdesanluis.com","twitter_card":"summary_large_image","twitter_misc":{"Escrito por":"apuntesdesanluis.com","Tiempo de lectura":"2 minutos"},"schema":{"@context":"https:\/\/schema.org","@graph":[{"@type":"Article","@id":"https:\/\/apuntesdesanluis.com\/index.php\/2024\/12\/18\/papa-noel-en-terapia-el-original-video-de-la-afa-a-dos-anos-del-mundial-qatar-2022\/#article","isPartOf":{"@id":"https:\/\/apuntesdesanluis.com\/index.php\/2024\/12\/18\/papa-noel-en-terapia-el-original-video-de-la-afa-a-dos-anos-del-mundial-qatar-2022\/"},"author":{"name":"apuntesdesanluis.com","@id":"https:\/\/apuntesdesanluis.com\/#\/schema\/person\/b55151d52296fcce64d1a72538a70b90"},"headline":"PAP\u00c1 NOEL EN TERAPIA: EL ORIGINAL VIDEO DE LA AFA A DOS A\u00d1OS DEL MUNDIAL QATAR 2022","datePublished":"2024-12-18T23:09:05+00:00","dateModified":"2024-12-19T20:12:10+00:00","mainEntityOfPage":{"@id":"https:\/\/apuntesdesanluis.com\/index.php\/2024\/12\/18\/papa-noel-en-terapia-el-original-video-de-la-afa-a-dos-anos-del-mundial-qatar-2022\/"},"wordCount":246,"publisher":{"@id":"https:\/\/apuntesdesanluis.com\/#\/schema\/person\/b55151d52296fcce64d1a72538a70b90"},"image":{"@id":"https:\/\/apuntesdesanluis.com\/index.php\/2024\/12\/18\/papa-noel-en-terapia-el-original-video-de-la-afa-a-dos-anos-del-mundial-qatar-2022\/#primaryimage"},"thumbnailUrl":"https:\/\/apuntesdesanluis.com\/wp-content\/uploads\/2024\/12\/papa-noel.png","articleSection":["Nacionales\/Internacionales"],"inLanguage":"es-AR"},{"@type":"WebPage","@id":"https:\/\/apuntesdesanluis.com\/index.php\/2024\/12\/18\/papa-noel-en-terapia-el-original-video-de-la-afa-a-dos-anos-del-mundial-qatar-2022\/","url":"https:\/\/apuntesdesanluis.com\/index.php\/2024\/12\/18\/papa-noel-en-terapia-el-original-video-de-la-afa-a-dos-anos-del-mundial-qatar-2022\/","name":"PAP\u00c1 NOEL EN TERAPIA: EL ORIGINAL VIDEO DE LA AFA A DOS A\u00d1OS DEL MUNDIAL QATAR 2022 - Apuntes de San Luis","isPartOf":{"@id":"https:\/\/apuntesdesanluis.com\/#website"},"primaryImageOfPage":{"@id":"https:\/\/apuntesdesanluis.com\/index.php\/2024\/12\/18\/papa-noel-en-terapia-el-original-video-de-la-afa-a-dos-anos-del-mundial-qatar-2022\/#primaryimage"},"image":{"@id":"https:\/\/apuntesdesanluis.com\/index.php\/2024\/12\/18\/papa-noel-en-terapia-el-original-video-de-la-afa-a-dos-anos-del-mundial-qatar-2022\/#primaryimage"},"thumbnailUrl":"https:\/\/apuntesdesanluis.com\/wp-content\/uploads\/2024\/12\/papa-noel.png","datePublished":"2024-12-18T23:09:05+00:00","dateModified":"2024-12-19T20:12:10+00:00","breadcrumb":{"@id":"https:\/\/apuntesdesanluis.com\/index.php\/2024\/12\/18\/papa-noel-en-terapia-el-original-video-de-la-afa-a-dos-anos-del-mundial-qatar-2022\/#breadcrumb"},"inLanguage":"es-AR","potentialAction":[{"@type":"ReadAction","target":["https:\/\/apuntesdesanluis.com\/index.php\/2024\/12\/18\/papa-noel-en-terapia-el-original-video-de-la-afa-a-dos-anos-del-mundial-qatar-2022\/"]}]},{"@type":"ImageObject","inLanguage":"es-AR","@id":"https:\/\/apuntesdesanluis.com\/index.php\/2024\/12\/18\/papa-noel-en-terapia-el-original-video-de-la-afa-a-dos-anos-del-mundial-qatar-2022\/#primaryimage","url":"https:\/\/apuntesdesanluis.com\/wp-content\/uploads\/2024\/12\/papa-noel.png","contentUrl":"https:\/\/apuntesdesanluis.com\/wp-content\/uploads\/2024\/12\/papa-noel.png","width":821,"height":462},{"@type":"BreadcrumbList","@id":"https:\/\/apuntesdesanluis.com\/index.php\/2024\/12\/18\/papa-noel-en-terapia-el-original-video-de-la-afa-a-dos-anos-del-mundial-qatar-2022\/#breadcrumb","itemListElement":[{"@type":"ListItem","position":1,"name":"Inicio","item":"https:\/\/apuntesdesanluis.com\/"},{"@type":"ListItem","position":2,"name":"PAP\u00c1 NOEL EN TERAPIA: EL ORIGINAL VIDEO DE LA AFA A DOS A\u00d1OS DEL MUNDIAL QATAR 2022"}]},{"@type":"WebSite","@id":"https:\/\/apuntesdesanluis.com\/#website","url":"https:\/\/apuntesdesanluis.com\/","name":"Apuntes de San Luis","description":"","publisher":{"@id":"https:\/\/apuntesdesanluis.com\/#\/schema\/person\/b55151d52296fcce64d1a72538a70b90"},"potentialAction":[{"@type":"SearchAction","target":{"@type":"EntryPoint","urlTemplate":"https:\/\/apuntesdesanluis.com\/?s={search_term_string}"},"query-input":{"@type":"PropertyValueSpecification","valueRequired":true,"valueName":"search_term_string"}}],"inLanguage":"es-AR"},{"@type":["Person","Organization"],"@id":"https:\/\/apuntesdesanluis.com\/#\/schema\/person\/b55151d52296fcce64d1a72538a70b90","name":"apuntesdesanluis.com","image":{"@type":"ImageObject","inLanguage":"es-AR","@id":"https:\/\/apuntesdesanluis.com\/#\/schema\/person\/image\/","url":"https:\/\/apuntesdesanluis.com\/wp-content\/uploads\/2023\/07\/cropped-apuntesdesanluis.png","contentUrl":"https:\/\/apuntesdesanluis.com\/wp-content\/uploads\/2023\/07\/cropped-apuntesdesanluis.png","width":450,"height":112,"caption":"apuntesdesanluis.com"},"logo":{"@id":"https:\/\/apuntesdesanluis.com\/#\/schema\/person\/image\/"},"sameAs":["https:\/\/apuntesdesanluis.com"],"url":"https:\/\/apuntesdesanluis.com\/index.php\/author\/apuntesdesanluis-com\/"}]}},"featured_image_urls":{"full":["https:\/\/apuntesdesanluis.com\/wp-content\/uploads\/2024\/12\/papa-noel.png",821,462,false],"thumbnail":["https:\/\/apuntesdesanluis.com\/wp-content\/uploads\/2024\/12\/papa-noel-150x150.png",150,150,true],"medium":["https:\/\/apuntesdesanluis.com\/wp-content\/uploads\/2024\/12\/papa-noel-300x169.png",300,169,true],"medium_large":["https:\/\/apuntesdesanluis.com\/wp-content\/uploads\/2024\/12\/papa-noel-768x432.png",640,360,true],"large":["https:\/\/apuntesdesanluis.com\/wp-content\/uploads\/2024\/12\/papa-noel.png",640,360,false],"1536x1536":["https:\/\/apuntesdesanluis.com\/wp-content\/uploads\/2024\/12\/papa-noel.png",821,462,false],"2048x2048":["https:\/\/apuntesdesanluis.com\/wp-content\/uploads\/2024\/12\/papa-noel.png",821,462,false],"newsever-slider-full":["https:\/\/apuntesdesanluis.com\/wp-content\/uploads\/2024\/12\/papa-noel.png",821,462,false],"newsever-featured":["https:\/\/apuntesdesanluis.com\/wp-content\/uploads\/2024\/12\/papa-noel.png",821,462,false],"newsever-medium":["https:\/\/apuntesdesanluis.com\/wp-content\/uploads\/2024\/12\/papa-noel-720x462.png",720,462,true]},"author_info":{"display_name":"apuntesdesanluis.com","author_link":"https:\/\/apuntesdesanluis.com\/index.php\/author\/apuntesdesanluis-com\/"},"category_info":"<a href=\"https:\/\/apuntesdesanluis.com\/index.php\/category\/nacionales-internacionales\/\" rel=\"category tag\">Nacionales\/Internacionales<\/a>","tag_info":"Nacionales\/Internacionales","comment_count":"0","_links":{"self":[{"href":"https:\/\/apuntesdesanluis.com\/index.php\/wp-json\/wp\/v2\/posts\/26966","targetHints":{"allow":["GET"]}}],"collection":[{"href":"https:\/\/apuntesdesanluis.com\/index.php\/wp-json\/wp\/v2\/posts"}],"about":[{"href":"https:\/\/apuntesdesanluis.com\/index.php\/wp-json\/wp\/v2\/types\/post"}],"author":[{"embeddable":true,"href":"https:\/\/apuntesdesanluis.com\/index.php\/wp-json\/wp\/v2\/users\/1"}],"replies":[{"embeddable":true,"href":"https:\/\/apuntesdesanluis.com\/index.php\/wp-json\/wp\/v2\/comments?post=26966"}],"version-history":[{"count":1,"href":"https:\/\/apuntesdesanluis.com\/index.php\/wp-json\/wp\/v2\/posts\/26966\/revisions"}],"predecessor-version":[{"id":26968,"href":"https:\/\/apuntesdesanluis.com\/index.php\/wp-json\/wp\/v2\/posts\/26966\/revisions\/26968"}],"wp:featuredmedia":[{"embeddable":true,"href":"https:\/\/apuntesdesanluis.com\/index.php\/wp-json\/wp\/v2\/media\/26967"}],"wp:attachment":[{"href":"https:\/\/apuntesdesanluis.com\/index.php\/wp-json\/wp\/v2\/media?parent=26966"}],"wp:term":[{"taxonomy":"category","embeddable":true,"href":"https:\/\/apuntesdesanluis.com\/index.php\/wp-json\/wp\/v2\/categories?post=26966"},{"taxonomy":"post_tag","embeddable":true,"href":"https:\/\/apuntesdesanluis.com\/index.php\/wp-json\/wp\/v2\/tags?post=26966"}],"curies":[{"name":"wp","href":"https:\/\/api.w.org\/{rel}","templated":true}]}}