{"id":26970,"date":"2024-12-20T08:21:23","date_gmt":"2024-12-20T11:21:23","guid":{"rendered":"https:\/\/apuntesdesanluis.com\/?p=26970"},"modified":"2024-12-20T08:21:23","modified_gmt":"2024-12-20T11:21:23","slug":"destituyeron-a-gloria-ruiz-de-la-vicegobernacion-de-neuquen","status":"publish","type":"post","link":"https:\/\/apuntesdesanluis.com\/index.php\/2024\/12\/20\/destituyeron-a-gloria-ruiz-de-la-vicegobernacion-de-neuquen\/","title":{"rendered":"DESTITUYERON A GLORIA RUIZ DE LA VICEGOBERNACI\u00d3N DE NEUQU\u00c9N"},"content":{"rendered":"<h3>En una sesi\u00f3n especial que comenz\u00f3 pasadas las 15:30, la Legislatura de Neuqu\u00e9n destituy\u00f3 a la vicegobernadora suspendida <strong>Gloria Ruiz<\/strong> por \u201cinhabilidad moral\u201d para ejercer el cargo.<\/h3>\n<h3>El debate, presidido por Zulma Reina, vicepresidenta primera de la C\u00e1mara, se extendi\u00f3 por m\u00e1s de cinco horas y culmin\u00f3 con una votaci\u00f3n de 30 a favor, alcanzando los dos tercios necesarios para la destituci\u00f3n. Ruiz no asisti\u00f3 a la sesi\u00f3n, pero sus abogados presentaron una defensa que no convenci\u00f3 a la mayor\u00eda de los legisladores.<\/h3>\n<h3><strong>TENSIONES Y CUESTIONAMIENTOS<\/strong><\/h3>\n<h3>El primer orador fue Claudio Dom\u00ednguez del Movimiento Popular Neuquino (MPN), quien enfatiz\u00f3 la amplitud del proceso investigativo, destacando que Ruiz tuvo dos oportunidades para defenderse. Sin embargo, critic\u00f3 su actitud de \u201cvictimizaci\u00f3n\u201d y su intento de \u201cdesviar el foco\u201d de los hechos investigados. Dom\u00ednguez subray\u00f3 que Ruiz reconoci\u00f3 haber utilizado el nombre de su suegra para justificar la compra de una camioneta Toyota SW4, acci\u00f3n que consider\u00f3 incompatible con las responsabilidades de su cargo.<\/h3>\n<h3>Por su parte, el diputado Francisco L\u00e9pore, de Avanzar, present\u00f3 un informe detallado con diapositivas que expusieron las irregularidades detectadas, incluyendo designaciones irregulares, nepotismo, contrataciones directas con sobreprecios y declaraciones patrimoniales falsas. L\u00e9pore calific\u00f3 de inadmisible el uso de fondos p\u00fablicos para fines personales, como gigantograf\u00edas y campa\u00f1as publicitarias que promov\u00edan la imagen de Ruiz.<\/h3>\n<h3><strong>CR\u00cdTICAS POR EL MANEJO IRREGULAR DE FONDOS P\u00daBLICOS<\/strong><\/h3>\n<h3>Uno de los puntos m\u00e1s controvertidos fue el manejo de fondos p\u00fablicos que, seg\u00fan la investigaci\u00f3n, involucr\u00f3 transferencias sospechosas a las cuentas personales del hermano de Ruiz, Pablo Ruiz, quien se desempe\u00f1aba como coordinador en la Legislatura. El diputado Marcelo Berm\u00fadez, del PRO, afirm\u00f3 que esta situaci\u00f3n revelaba un \u201cgrave d\u00e9ficit de gesti\u00f3n\u201d y acus\u00f3 a Ruiz de faltar a la verdad al negar conocimiento sobre estas transferencias.<\/h3>\n<h3>Guillermo Monzani, de Hacemos Neuqu\u00e9n, defendi\u00f3 a la secretaria de C\u00e1mara, Isabel Ricchini, quien fue se\u00f1alada por el equipo defensor de Ruiz. Monzani la calific\u00f3 como la persona \u201cm\u00e1s capacitada del equipo\u201d y cuestion\u00f3 los intentos de cargar responsabilidades en los trabajadores legislativos.<\/h3>\n<h3><strong>ABSTENCIONES Y TENSIONES ENTRE LOS BLOQUES<\/strong><\/h3>\n<h3>Los bloques de izquierda y Uni\u00f3n por la Patria solicitaron abstenerse de la votaci\u00f3n, argumentando que el proceso estaba \u201cviciado de irregularidades\u201d. Sin embargo, esta solicitud fue rechazada. Tres legisladores peronistas abandonaron el recinto, mientras que los dos representantes de la izquierda permanecieron intentando mantener su abstenci\u00f3n, aunque sus votos fueron contabilizados como negativos.<\/h3>\n<h3>Lorena Parrilli, de Uni\u00f3n por la Patria, calific\u00f3 el procedimiento como \u201cilegal e ileg\u00edtimo\u201d y sostuvo que \u201cno hay imparcialidad en este juicio pol\u00edtico\u201d. Por su parte, Dar\u00edo Mart\u00ednez critic\u00f3 la falta de una ley de \u00c9tica P\u00fablica que regule situaciones como esta.<\/h3>\n<h3><strong>UN FALLO HIST\u00d3RICO<\/strong><\/h3>\n<h3>La votaci\u00f3n final, con 30 votos a favor, sell\u00f3 la destituci\u00f3n de Gloria Ruiz, quien hab\u00eda sido suspendida preventivamente el 27 de noviembre. Seg\u00fan los legisladores, los argumentos de la defensa no lograron justificar las graves irregularidades detectadas, entre las que se incluyeron contrataciones irregulares, nepotismo y manejo indebido de recursos p\u00fablicos.<\/h3>\n<h3>El resultado marca un precedente hist\u00f3rico en la pol\u00edtica neuquina, dejando en evidencia la necesidad de mayor transparencia y control en la gesti\u00f3n p\u00fablica.<\/h3>\n<p>&nbsp;<\/p>\n<p>&nbsp;<\/p>\n<p>&nbsp;<\/p>\n<p>&nbsp;<\/p>\n<p>&nbsp;<\/p>\n<p>&nbsp;<\/p>\n","protected":false},"excerpt":{"rendered":"<p>En una sesi\u00f3n especial que comenz\u00f3 pasadas las 15:30, la Legislatura de Neuqu\u00e9n destituy\u00f3 a&#8230;<\/p>\n","protected":false},"author":1,"featured_media":26972,"comment_status":"closed","ping_status":"closed","sticky":false,"template":"","format":"standard","meta":{"footnotes":""},"categories":[5],"tags":[],"class_list":["post-26970","post","type-post","status-publish","format-standard","has-post-thumbnail","hentry","category-nacionales-internacionales"],"yoast_head":"<!-- This site is optimized with the Yoast SEO plugin v26.1.1 - https:\/\/yoast.com\/wordpress\/plugins\/seo\/ -->\n<title>DESTITUYERON A GLORIA RUIZ DE LA VICEGOBERNACI\u00d3N DE NEUQU\u00c9N - Apuntes de San Luis<\/title>\n<meta name=\"robots\" content=\"index, follow, max-snippet:-1, max-image-preview:large, max-video-preview:-1\" \/>\n<link rel=\"canonical\" href=\"https:\/\/apuntesdesanluis.com\/index.php\/2024\/12\/20\/destituyeron-a-gloria-ruiz-de-la-vicegobernacion-de-neuquen\/\" \/>\n<meta property=\"og:locale\" content=\"es_ES\" \/>\n<meta property=\"og:type\" content=\"article\" \/>\n<meta property=\"og:title\" content=\"DESTITUYERON A GLORIA RUIZ DE LA VICEGOBERNACI\u00d3N DE NEUQU\u00c9N - Apuntes de San Luis\" \/>\n<meta property=\"og:description\" content=\"En una sesi\u00f3n especial que comenz\u00f3 pasadas las 15:30, la Legislatura de Neuqu\u00e9n destituy\u00f3 a...\" \/>\n<meta property=\"og:url\" content=\"https:\/\/apuntesdesanluis.com\/index.php\/2024\/12\/20\/destituyeron-a-gloria-ruiz-de-la-vicegobernacion-de-neuquen\/\" \/>\n<meta property=\"og:site_name\" content=\"Apuntes de San Luis\" \/>\n<meta property=\"article:published_time\" content=\"2024-12-20T11:21:23+00:00\" \/>\n<meta property=\"og:image\" content=\"https:\/\/apuntesdesanluis.com\/wp-content\/uploads\/2024\/12\/gloria-ruiz.png\" \/>\n\t<meta property=\"og:image:width\" content=\"518\" \/>\n\t<meta property=\"og:image:height\" content=\"318\" \/>\n\t<meta property=\"og:image:type\" content=\"image\/png\" \/>\n<meta name=\"author\" content=\"apuntesdesanluis.com\" \/>\n<meta name=\"twitter:card\" content=\"summary_large_image\" \/>\n<meta name=\"twitter:label1\" content=\"Escrito por\" \/>\n\t<meta name=\"twitter:data1\" content=\"apuntesdesanluis.com\" \/>\n\t<meta name=\"twitter:label2\" content=\"Tiempo de lectura\" \/>\n\t<meta name=\"twitter:data2\" content=\"3 minutos\" \/>\n<script type=\"application\/ld+json\" class=\"yoast-schema-graph\">{\"@context\":\"https:\/\/schema.org\",\"@graph\":[{\"@type\":\"Article\",\"@id\":\"https:\/\/apuntesdesanluis.com\/index.php\/2024\/12\/20\/destituyeron-a-gloria-ruiz-de-la-vicegobernacion-de-neuquen\/#article\",\"isPartOf\":{\"@id\":\"https:\/\/apuntesdesanluis.com\/index.php\/2024\/12\/20\/destituyeron-a-gloria-ruiz-de-la-vicegobernacion-de-neuquen\/\"},\"author\":{\"name\":\"apuntesdesanluis.com\",\"@id\":\"https:\/\/apuntesdesanluis.com\/#\/schema\/person\/b55151d52296fcce64d1a72538a70b90\"},\"headline\":\"DESTITUYERON A GLORIA RUIZ DE LA VICEGOBERNACI\u00d3N DE NEUQU\u00c9N\",\"datePublished\":\"2024-12-20T11:21:23+00:00\",\"mainEntityOfPage\":{\"@id\":\"https:\/\/apuntesdesanluis.com\/index.php\/2024\/12\/20\/destituyeron-a-gloria-ruiz-de-la-vicegobernacion-de-neuquen\/\"},\"wordCount\":582,\"publisher\":{\"@id\":\"https:\/\/apuntesdesanluis.com\/#\/schema\/person\/b55151d52296fcce64d1a72538a70b90\"},\"image\":{\"@id\":\"https:\/\/apuntesdesanluis.com\/index.php\/2024\/12\/20\/destituyeron-a-gloria-ruiz-de-la-vicegobernacion-de-neuquen\/#primaryimage\"},\"thumbnailUrl\":\"https:\/\/apuntesdesanluis.com\/wp-content\/uploads\/2024\/12\/gloria-ruiz.png\",\"articleSection\":[\"Nacionales\/Internacionales\"],\"inLanguage\":\"es-AR\"},{\"@type\":\"WebPage\",\"@id\":\"https:\/\/apuntesdesanluis.com\/index.php\/2024\/12\/20\/destituyeron-a-gloria-ruiz-de-la-vicegobernacion-de-neuquen\/\",\"url\":\"https:\/\/apuntesdesanluis.com\/index.php\/2024\/12\/20\/destituyeron-a-gloria-ruiz-de-la-vicegobernacion-de-neuquen\/\",\"name\":\"DESTITUYERON A GLORIA RUIZ DE LA VICEGOBERNACI\u00d3N DE NEUQU\u00c9N - Apuntes de San Luis\",\"isPartOf\":{\"@id\":\"https:\/\/apuntesdesanluis.com\/#website\"},\"primaryImageOfPage\":{\"@id\":\"https:\/\/apuntesdesanluis.com\/index.php\/2024\/12\/20\/destituyeron-a-gloria-ruiz-de-la-vicegobernacion-de-neuquen\/#primaryimage\"},\"image\":{\"@id\":\"https:\/\/apuntesdesanluis.com\/index.php\/2024\/12\/20\/destituyeron-a-gloria-ruiz-de-la-vicegobernacion-de-neuquen\/#primaryimage\"},\"thumbnailUrl\":\"https:\/\/apuntesdesanluis.com\/wp-content\/uploads\/2024\/12\/gloria-ruiz.png\",\"datePublished\":\"2024-12-20T11:21:23+00:00\",\"breadcrumb\":{\"@id\":\"https:\/\/apuntesdesanluis.com\/index.php\/2024\/12\/20\/destituyeron-a-gloria-ruiz-de-la-vicegobernacion-de-neuquen\/#breadcrumb\"},\"inLanguage\":\"es-AR\",\"potentialAction\":[{\"@type\":\"ReadAction\",\"target\":[\"https:\/\/apuntesdesanluis.com\/index.php\/2024\/12\/20\/destituyeron-a-gloria-ruiz-de-la-vicegobernacion-de-neuquen\/\"]}]},{\"@type\":\"ImageObject\",\"inLanguage\":\"es-AR\",\"@id\":\"https:\/\/apuntesdesanluis.com\/index.php\/2024\/12\/20\/destituyeron-a-gloria-ruiz-de-la-vicegobernacion-de-neuquen\/#primaryimage\",\"url\":\"https:\/\/apuntesdesanluis.com\/wp-content\/uploads\/2024\/12\/gloria-ruiz.png\",\"contentUrl\":\"https:\/\/apuntesdesanluis.com\/wp-content\/uploads\/2024\/12\/gloria-ruiz.png\",\"width\":518,\"height\":318},{\"@type\":\"BreadcrumbList\",\"@id\":\"https:\/\/apuntesdesanluis.com\/index.php\/2024\/12\/20\/destituyeron-a-gloria-ruiz-de-la-vicegobernacion-de-neuquen\/#breadcrumb\",\"itemListElement\":[{\"@type\":\"ListItem\",\"position\":1,\"name\":\"Inicio\",\"item\":\"https:\/\/apuntesdesanluis.com\/\"},{\"@type\":\"ListItem\",\"position\":2,\"name\":\"DESTITUYERON A GLORIA RUIZ DE LA VICEGOBERNACI\u00d3N DE NEUQU\u00c9N\"}]},{\"@type\":\"WebSite\",\"@id\":\"https:\/\/apuntesdesanluis.com\/#website\",\"url\":\"https:\/\/apuntesdesanluis.com\/\",\"name\":\"Apuntes de San Luis\",\"description\":\"\",\"publisher\":{\"@id\":\"https:\/\/apuntesdesanluis.com\/#\/schema\/person\/b55151d52296fcce64d1a72538a70b90\"},\"potentialAction\":[{\"@type\":\"SearchAction\",\"target\":{\"@type\":\"EntryPoint\",\"urlTemplate\":\"https:\/\/apuntesdesanluis.com\/?s={search_term_string}\"},\"query-input\":{\"@type\":\"PropertyValueSpecification\",\"valueRequired\":true,\"valueName\":\"search_term_string\"}}],\"inLanguage\":\"es-AR\"},{\"@type\":[\"Person\",\"Organization\"],\"@id\":\"https:\/\/apuntesdesanluis.com\/#\/schema\/person\/b55151d52296fcce64d1a72538a70b90\",\"name\":\"apuntesdesanluis.com\",\"image\":{\"@type\":\"ImageObject\",\"inLanguage\":\"es-AR\",\"@id\":\"https:\/\/apuntesdesanluis.com\/#\/schema\/person\/image\/\",\"url\":\"https:\/\/apuntesdesanluis.com\/wp-content\/uploads\/2023\/07\/cropped-apuntesdesanluis.png\",\"contentUrl\":\"https:\/\/apuntesdesanluis.com\/wp-content\/uploads\/2023\/07\/cropped-apuntesdesanluis.png\",\"width\":450,\"height\":112,\"caption\":\"apuntesdesanluis.com\"},\"logo\":{\"@id\":\"https:\/\/apuntesdesanluis.com\/#\/schema\/person\/image\/\"},\"sameAs\":[\"https:\/\/apuntesdesanluis.com\"],\"url\":\"https:\/\/apuntesdesanluis.com\/index.php\/author\/apuntesdesanluis-com\/\"}]}<\/script>\n<!-- \/ Yoast SEO plugin. -->","yoast_head_json":{"title":"DESTITUYERON A GLORIA RUIZ DE LA VICEGOBERNACI\u00d3N DE NEUQU\u00c9N - Apuntes de San Luis","robots":{"index":"index","follow":"follow","max-snippet":"max-snippet:-1","max-image-preview":"max-image-preview:large","max-video-preview":"max-video-preview:-1"},"canonical":"https:\/\/apuntesdesanluis.com\/index.php\/2024\/12\/20\/destituyeron-a-gloria-ruiz-de-la-vicegobernacion-de-neuquen\/","og_locale":"es_ES","og_type":"article","og_title":"DESTITUYERON A GLORIA RUIZ DE LA VICEGOBERNACI\u00d3N DE NEUQU\u00c9N - Apuntes de San Luis","og_description":"En una sesi\u00f3n especial que comenz\u00f3 pasadas las 15:30, la Legislatura de Neuqu\u00e9n destituy\u00f3 a...","og_url":"https:\/\/apuntesdesanluis.com\/index.php\/2024\/12\/20\/destituyeron-a-gloria-ruiz-de-la-vicegobernacion-de-neuquen\/","og_site_name":"Apuntes de San Luis","article_published_time":"2024-12-20T11:21:23+00:00","og_image":[{"width":518,"height":318,"url":"https:\/\/apuntesdesanluis.com\/wp-content\/uploads\/2024\/12\/gloria-ruiz.png","type":"image\/png"}],"author":"apuntesdesanluis.com","twitter_card":"summary_large_image","twitter_misc":{"Escrito por":"apuntesdesanluis.com","Tiempo de lectura":"3 minutos"},"schema":{"@context":"https:\/\/schema.org","@graph":[{"@type":"Article","@id":"https:\/\/apuntesdesanluis.com\/index.php\/2024\/12\/20\/destituyeron-a-gloria-ruiz-de-la-vicegobernacion-de-neuquen\/#article","isPartOf":{"@id":"https:\/\/apuntesdesanluis.com\/index.php\/2024\/12\/20\/destituyeron-a-gloria-ruiz-de-la-vicegobernacion-de-neuquen\/"},"author":{"name":"apuntesdesanluis.com","@id":"https:\/\/apuntesdesanluis.com\/#\/schema\/person\/b55151d52296fcce64d1a72538a70b90"},"headline":"DESTITUYERON A GLORIA RUIZ DE LA VICEGOBERNACI\u00d3N DE NEUQU\u00c9N","datePublished":"2024-12-20T11:21:23+00:00","mainEntityOfPage":{"@id":"https:\/\/apuntesdesanluis.com\/index.php\/2024\/12\/20\/destituyeron-a-gloria-ruiz-de-la-vicegobernacion-de-neuquen\/"},"wordCount":582,"publisher":{"@id":"https:\/\/apuntesdesanluis.com\/#\/schema\/person\/b55151d52296fcce64d1a72538a70b90"},"image":{"@id":"https:\/\/apuntesdesanluis.com\/index.php\/2024\/12\/20\/destituyeron-a-gloria-ruiz-de-la-vicegobernacion-de-neuquen\/#primaryimage"},"thumbnailUrl":"https:\/\/apuntesdesanluis.com\/wp-content\/uploads\/2024\/12\/gloria-ruiz.png","articleSection":["Nacionales\/Internacionales"],"inLanguage":"es-AR"},{"@type":"WebPage","@id":"https:\/\/apuntesdesanluis.com\/index.php\/2024\/12\/20\/destituyeron-a-gloria-ruiz-de-la-vicegobernacion-de-neuquen\/","url":"https:\/\/apuntesdesanluis.com\/index.php\/2024\/12\/20\/destituyeron-a-gloria-ruiz-de-la-vicegobernacion-de-neuquen\/","name":"DESTITUYERON A GLORIA RUIZ DE LA VICEGOBERNACI\u00d3N DE NEUQU\u00c9N - Apuntes de San Luis","isPartOf":{"@id":"https:\/\/apuntesdesanluis.com\/#website"},"primaryImageOfPage":{"@id":"https:\/\/apuntesdesanluis.com\/index.php\/2024\/12\/20\/destituyeron-a-gloria-ruiz-de-la-vicegobernacion-de-neuquen\/#primaryimage"},"image":{"@id":"https:\/\/apuntesdesanluis.com\/index.php\/2024\/12\/20\/destituyeron-a-gloria-ruiz-de-la-vicegobernacion-de-neuquen\/#primaryimage"},"thumbnailUrl":"https:\/\/apuntesdesanluis.com\/wp-content\/uploads\/2024\/12\/gloria-ruiz.png","datePublished":"2024-12-20T11:21:23+00:00","breadcrumb":{"@id":"https:\/\/apuntesdesanluis.com\/index.php\/2024\/12\/20\/destituyeron-a-gloria-ruiz-de-la-vicegobernacion-de-neuquen\/#breadcrumb"},"inLanguage":"es-AR","potentialAction":[{"@type":"ReadAction","target":["https:\/\/apuntesdesanluis.com\/index.php\/2024\/12\/20\/destituyeron-a-gloria-ruiz-de-la-vicegobernacion-de-neuquen\/"]}]},{"@type":"ImageObject","inLanguage":"es-AR","@id":"https:\/\/apuntesdesanluis.com\/index.php\/2024\/12\/20\/destituyeron-a-gloria-ruiz-de-la-vicegobernacion-de-neuquen\/#primaryimage","url":"https:\/\/apuntesdesanluis.com\/wp-content\/uploads\/2024\/12\/gloria-ruiz.png","contentUrl":"https:\/\/apuntesdesanluis.com\/wp-content\/uploads\/2024\/12\/gloria-ruiz.png","width":518,"height":318},{"@type":"BreadcrumbList","@id":"https:\/\/apuntesdesanluis.com\/index.php\/2024\/12\/20\/destituyeron-a-gloria-ruiz-de-la-vicegobernacion-de-neuquen\/#breadcrumb","itemListElement":[{"@type":"ListItem","position":1,"name":"Inicio","item":"https:\/\/apuntesdesanluis.com\/"},{"@type":"ListItem","position":2,"name":"DESTITUYERON A GLORIA RUIZ DE LA VICEGOBERNACI\u00d3N DE NEUQU\u00c9N"}]},{"@type":"WebSite","@id":"https:\/\/apuntesdesanluis.com\/#website","url":"https:\/\/apuntesdesanluis.com\/","name":"Apuntes de San Luis","description":"","publisher":{"@id":"https:\/\/apuntesdesanluis.com\/#\/schema\/person\/b55151d52296fcce64d1a72538a70b90"},"potentialAction":[{"@type":"SearchAction","target":{"@type":"EntryPoint","urlTemplate":"https:\/\/apuntesdesanluis.com\/?s={search_term_string}"},"query-input":{"@type":"PropertyValueSpecification","valueRequired":true,"valueName":"search_term_string"}}],"inLanguage":"es-AR"},{"@type":["Person","Organization"],"@id":"https:\/\/apuntesdesanluis.com\/#\/schema\/person\/b55151d52296fcce64d1a72538a70b90","name":"apuntesdesanluis.com","image":{"@type":"ImageObject","inLanguage":"es-AR","@id":"https:\/\/apuntesdesanluis.com\/#\/schema\/person\/image\/","url":"https:\/\/apuntesdesanluis.com\/wp-content\/uploads\/2023\/07\/cropped-apuntesdesanluis.png","contentUrl":"https:\/\/apuntesdesanluis.com\/wp-content\/uploads\/2023\/07\/cropped-apuntesdesanluis.png","width":450,"height":112,"caption":"apuntesdesanluis.com"},"logo":{"@id":"https:\/\/apuntesdesanluis.com\/#\/schema\/person\/image\/"},"sameAs":["https:\/\/apuntesdesanluis.com"],"url":"https:\/\/apuntesdesanluis.com\/index.php\/author\/apuntesdesanluis-com\/"}]}},"featured_image_urls":{"full":["https:\/\/apuntesdesanluis.com\/wp-content\/uploads\/2024\/12\/gloria-ruiz.png",518,318,false],"thumbnail":["https:\/\/apuntesdesanluis.com\/wp-content\/uploads\/2024\/12\/gloria-ruiz-150x150.png",150,150,true],"medium":["https:\/\/apuntesdesanluis.com\/wp-content\/uploads\/2024\/12\/gloria-ruiz-300x184.png",300,184,true],"medium_large":["https:\/\/apuntesdesanluis.com\/wp-content\/uploads\/2024\/12\/gloria-ruiz.png",518,318,false],"large":["https:\/\/apuntesdesanluis.com\/wp-content\/uploads\/2024\/12\/gloria-ruiz.png",518,318,false],"1536x1536":["https:\/\/apuntesdesanluis.com\/wp-content\/uploads\/2024\/12\/gloria-ruiz.png",518,318,false],"2048x2048":["https:\/\/apuntesdesanluis.com\/wp-content\/uploads\/2024\/12\/gloria-ruiz.png",518,318,false],"newsever-slider-full":["https:\/\/apuntesdesanluis.com\/wp-content\/uploads\/2024\/12\/gloria-ruiz.png",518,318,false],"newsever-featured":["https:\/\/apuntesdesanluis.com\/wp-content\/uploads\/2024\/12\/gloria-ruiz.png",518,318,false],"newsever-medium":["https:\/\/apuntesdesanluis.com\/wp-content\/uploads\/2024\/12\/gloria-ruiz.png",518,318,false]},"author_info":{"display_name":"apuntesdesanluis.com","author_link":"https:\/\/apuntesdesanluis.com\/index.php\/author\/apuntesdesanluis-com\/"},"category_info":"<a href=\"https:\/\/apuntesdesanluis.com\/index.php\/category\/nacionales-internacionales\/\" rel=\"category tag\">Nacionales\/Internacionales<\/a>","tag_info":"Nacionales\/Internacionales","comment_count":"0","_links":{"self":[{"href":"https:\/\/apuntesdesanluis.com\/index.php\/wp-json\/wp\/v2\/posts\/26970","targetHints":{"allow":["GET"]}}],"collection":[{"href":"https:\/\/apuntesdesanluis.com\/index.php\/wp-json\/wp\/v2\/posts"}],"about":[{"href":"https:\/\/apuntesdesanluis.com\/index.php\/wp-json\/wp\/v2\/types\/post"}],"author":[{"embeddable":true,"href":"https:\/\/apuntesdesanluis.com\/index.php\/wp-json\/wp\/v2\/users\/1"}],"replies":[{"embeddable":true,"href":"https:\/\/apuntesdesanluis.com\/index.php\/wp-json\/wp\/v2\/comments?post=26970"}],"version-history":[{"count":2,"href":"https:\/\/apuntesdesanluis.com\/index.php\/wp-json\/wp\/v2\/posts\/26970\/revisions"}],"predecessor-version":[{"id":26973,"href":"https:\/\/apuntesdesanluis.com\/index.php\/wp-json\/wp\/v2\/posts\/26970\/revisions\/26973"}],"wp:featuredmedia":[{"embeddable":true,"href":"https:\/\/apuntesdesanluis.com\/index.php\/wp-json\/wp\/v2\/media\/26972"}],"wp:attachment":[{"href":"https:\/\/apuntesdesanluis.com\/index.php\/wp-json\/wp\/v2\/media?parent=26970"}],"wp:term":[{"taxonomy":"category","embeddable":true,"href":"https:\/\/apuntesdesanluis.com\/index.php\/wp-json\/wp\/v2\/categories?post=26970"},{"taxonomy":"post_tag","embeddable":true,"href":"https:\/\/apuntesdesanluis.com\/index.php\/wp-json\/wp\/v2\/tags?post=26970"}],"curies":[{"name":"wp","href":"https:\/\/api.w.org\/{rel}","templated":true}]}}