{"id":26974,"date":"2024-12-20T08:23:34","date_gmt":"2024-12-20T11:23:34","guid":{"rendered":"https:\/\/apuntesdesanluis.com\/?p=26974"},"modified":"2024-12-20T08:23:34","modified_gmt":"2024-12-20T11:23:34","slug":"poggi-y-frontera-inauguraron-la-renovacion-de-plaza-sarmiento","status":"publish","type":"post","link":"https:\/\/apuntesdesanluis.com\/index.php\/2024\/12\/20\/poggi-y-frontera-inauguraron-la-renovacion-de-plaza-sarmiento\/","title":{"rendered":"POGGI Y FRONTERA INAUGURARON LA RENOVACI\u00d3N DE PLAZA SARMIENTO"},"content":{"rendered":"<h3>Este jueves por la tarde el intendente <strong>Maximiliano Frontera<\/strong> encabez\u00f3 el acto de inauguraci\u00f3n en este popular espacio verde, con la presencia del gobernador <strong>Claudio Poggi<\/strong>, autoridades legislativas, eclesi\u00e1sticas, vecinos y vecinas, comerciantes e instituciones de la zona que celebraron la obra.<\/h3>\n<h3>Al comienzo tuvo lugar el descubrimiento de una placa recordatoria de este momento tan especial. El padre David Picca y el pastor Pablo Mangieri dieron su bendici\u00f3n.<\/h3>\n<p><img fetchpriority=\"high\" decoding=\"async\" class=\"wp-image-26976 aligncenter\" src=\"https:\/\/apuntesdesanluis.com\/wp-content\/uploads\/2024\/12\/470881033_904183711901414_9069927444646454189_n-300x200.jpg\" alt=\"\" width=\"563\" height=\"375\" srcset=\"https:\/\/apuntesdesanluis.com\/wp-content\/uploads\/2024\/12\/470881033_904183711901414_9069927444646454189_n-300x200.jpg 300w, https:\/\/apuntesdesanluis.com\/wp-content\/uploads\/2024\/12\/470881033_904183711901414_9069927444646454189_n.jpg 700w\" sizes=\"(max-width: 563px) 100vw, 563px\" \/><\/p>\n<h3>Posteriormente el vecino Nicolas Bachei y Jorge Lucero, presidente de la comisi\u00f3n vecinal del barrio, brindaron palabras de agradecimiento.<\/h3>\n<h3>La celebraci\u00f3n concluy\u00f3 con la presentaci\u00f3n de n\u00fameros art\u00edsticos: Carmen \u00c1vila Ballet, Danza Teatro del Portal 271, Escuela Real de la Danza, Razas de mi Pueblo y Dance Fitness.<\/h3>\n<p><img decoding=\"async\" class=\"wp-image-26977 aligncenter\" src=\"https:\/\/apuntesdesanluis.com\/wp-content\/uploads\/2024\/12\/470995519_904184871901298_4565736591727981926_n-300x200.jpg\" alt=\"\" width=\"563\" height=\"375\" srcset=\"https:\/\/apuntesdesanluis.com\/wp-content\/uploads\/2024\/12\/470995519_904184871901298_4565736591727981926_n-300x200.jpg 300w, https:\/\/apuntesdesanluis.com\/wp-content\/uploads\/2024\/12\/470995519_904184871901298_4565736591727981926_n.jpg 700w\" sizes=\"(max-width: 563px) 100vw, 563px\" \/><\/p>\n<h3>En cuanto a la obra, las tareas consistieron en nivelaci\u00f3n y compactaci\u00f3n del suelo, contrapiso de hormig\u00f3n, instalaci\u00f3n de piso de goma, colocaci\u00f3n de nuevos juegos y veredas. Tambi\u00e9n se sumaron luminarias Led y se potenciaron las existentes.<\/h3>\n<h3>El mobiliario recreativo hoy permite ofrecer un espacio m\u00e1s seguro para ni\u00f1os y ni\u00f1as, as\u00ed como tambi\u00e9n brinda mayor inclusi\u00f3n.<\/h3>\n<p><img decoding=\"async\" class=\"wp-image-26978 aligncenter\" src=\"https:\/\/apuntesdesanluis.com\/wp-content\/uploads\/2024\/12\/471155270_904184251901360_2332349753104932493_n-300x200.jpg\" alt=\"\" width=\"563\" height=\"375\" srcset=\"https:\/\/apuntesdesanluis.com\/wp-content\/uploads\/2024\/12\/471155270_904184251901360_2332349753104932493_n-300x200.jpg 300w, https:\/\/apuntesdesanluis.com\/wp-content\/uploads\/2024\/12\/471155270_904184251901360_2332349753104932493_n.jpg 700w\" sizes=\"(max-width: 563px) 100vw, 563px\" \/><\/p>\n<h3>El intendente remarc\u00f3 que \u201cla remodelaci\u00f3n de las plazas continuar\u00e1 en otras zonas para que cada ciudadano pueda disfrutarlas a pleno, junto a sus hijos\u201d.<\/h3>\n<p>&nbsp;<\/p>\n<p>&nbsp;<\/p>\n<p>&nbsp;<\/p>\n<p>&nbsp;<\/p>\n<p>&nbsp;<\/p>\n<p>&nbsp;<\/p>\n","protected":false},"excerpt":{"rendered":"<p>Este jueves por la tarde el intendente Maximiliano Frontera encabez\u00f3 el acto de inauguraci\u00f3n en&#8230;<\/p>\n","protected":false},"author":1,"featured_media":26975,"comment_status":"closed","ping_status":"closed","sticky":false,"template":"","format":"standard","meta":{"footnotes":""},"categories":[6],"tags":[],"class_list":["post-26974","post","type-post","status-publish","format-standard","has-post-thumbnail","hentry","category-ciudad-provincia"],"yoast_head":"<!-- This site is optimized with the Yoast SEO plugin v26.1.1 - https:\/\/yoast.com\/wordpress\/plugins\/seo\/ -->\n<title>POGGI Y FRONTERA INAUGURARON LA RENOVACI\u00d3N DE PLAZA SARMIENTO - Apuntes de San Luis<\/title>\n<meta name=\"robots\" content=\"index, follow, max-snippet:-1, max-image-preview:large, max-video-preview:-1\" \/>\n<link rel=\"canonical\" href=\"https:\/\/apuntesdesanluis.com\/index.php\/2024\/12\/20\/poggi-y-frontera-inauguraron-la-renovacion-de-plaza-sarmiento\/\" \/>\n<meta property=\"og:locale\" content=\"es_ES\" \/>\n<meta property=\"og:type\" content=\"article\" \/>\n<meta property=\"og:title\" content=\"POGGI Y FRONTERA INAUGURARON LA RENOVACI\u00d3N DE PLAZA SARMIENTO - Apuntes de San Luis\" \/>\n<meta property=\"og:description\" content=\"Este jueves por la tarde el intendente Maximiliano Frontera encabez\u00f3 el acto de inauguraci\u00f3n en...\" \/>\n<meta property=\"og:url\" content=\"https:\/\/apuntesdesanluis.com\/index.php\/2024\/12\/20\/poggi-y-frontera-inauguraron-la-renovacion-de-plaza-sarmiento\/\" \/>\n<meta property=\"og:site_name\" content=\"Apuntes de San Luis\" \/>\n<meta property=\"article:published_time\" content=\"2024-12-20T11:23:34+00:00\" \/>\n<meta property=\"og:image\" content=\"https:\/\/apuntesdesanluis.com\/wp-content\/uploads\/2024\/12\/471164244_904183658568086_6997903737592380497_n.jpg\" \/>\n\t<meta property=\"og:image:width\" content=\"700\" \/>\n\t<meta property=\"og:image:height\" content=\"434\" \/>\n\t<meta property=\"og:image:type\" content=\"image\/jpeg\" \/>\n<meta name=\"author\" content=\"apuntesdesanluis.com\" \/>\n<meta name=\"twitter:card\" content=\"summary_large_image\" \/>\n<meta name=\"twitter:label1\" content=\"Escrito por\" \/>\n\t<meta name=\"twitter:data1\" content=\"apuntesdesanluis.com\" \/>\n\t<meta name=\"twitter:label2\" content=\"Tiempo de lectura\" \/>\n\t<meta name=\"twitter:data2\" content=\"2 minutos\" \/>\n<script type=\"application\/ld+json\" class=\"yoast-schema-graph\">{\"@context\":\"https:\/\/schema.org\",\"@graph\":[{\"@type\":\"Article\",\"@id\":\"https:\/\/apuntesdesanluis.com\/index.php\/2024\/12\/20\/poggi-y-frontera-inauguraron-la-renovacion-de-plaza-sarmiento\/#article\",\"isPartOf\":{\"@id\":\"https:\/\/apuntesdesanluis.com\/index.php\/2024\/12\/20\/poggi-y-frontera-inauguraron-la-renovacion-de-plaza-sarmiento\/\"},\"author\":{\"name\":\"apuntesdesanluis.com\",\"@id\":\"https:\/\/apuntesdesanluis.com\/#\/schema\/person\/b55151d52296fcce64d1a72538a70b90\"},\"headline\":\"POGGI Y FRONTERA INAUGURARON LA RENOVACI\u00d3N DE PLAZA SARMIENTO\",\"datePublished\":\"2024-12-20T11:23:34+00:00\",\"mainEntityOfPage\":{\"@id\":\"https:\/\/apuntesdesanluis.com\/index.php\/2024\/12\/20\/poggi-y-frontera-inauguraron-la-renovacion-de-plaza-sarmiento\/\"},\"wordCount\":235,\"publisher\":{\"@id\":\"https:\/\/apuntesdesanluis.com\/#\/schema\/person\/b55151d52296fcce64d1a72538a70b90\"},\"image\":{\"@id\":\"https:\/\/apuntesdesanluis.com\/index.php\/2024\/12\/20\/poggi-y-frontera-inauguraron-la-renovacion-de-plaza-sarmiento\/#primaryimage\"},\"thumbnailUrl\":\"https:\/\/apuntesdesanluis.com\/wp-content\/uploads\/2024\/12\/471164244_904183658568086_6997903737592380497_n.jpg\",\"articleSection\":[\"Ciudad\/Provincia\"],\"inLanguage\":\"es-AR\"},{\"@type\":\"WebPage\",\"@id\":\"https:\/\/apuntesdesanluis.com\/index.php\/2024\/12\/20\/poggi-y-frontera-inauguraron-la-renovacion-de-plaza-sarmiento\/\",\"url\":\"https:\/\/apuntesdesanluis.com\/index.php\/2024\/12\/20\/poggi-y-frontera-inauguraron-la-renovacion-de-plaza-sarmiento\/\",\"name\":\"POGGI Y FRONTERA INAUGURARON LA RENOVACI\u00d3N DE PLAZA SARMIENTO - Apuntes de San Luis\",\"isPartOf\":{\"@id\":\"https:\/\/apuntesdesanluis.com\/#website\"},\"primaryImageOfPage\":{\"@id\":\"https:\/\/apuntesdesanluis.com\/index.php\/2024\/12\/20\/poggi-y-frontera-inauguraron-la-renovacion-de-plaza-sarmiento\/#primaryimage\"},\"image\":{\"@id\":\"https:\/\/apuntesdesanluis.com\/index.php\/2024\/12\/20\/poggi-y-frontera-inauguraron-la-renovacion-de-plaza-sarmiento\/#primaryimage\"},\"thumbnailUrl\":\"https:\/\/apuntesdesanluis.com\/wp-content\/uploads\/2024\/12\/471164244_904183658568086_6997903737592380497_n.jpg\",\"datePublished\":\"2024-12-20T11:23:34+00:00\",\"breadcrumb\":{\"@id\":\"https:\/\/apuntesdesanluis.com\/index.php\/2024\/12\/20\/poggi-y-frontera-inauguraron-la-renovacion-de-plaza-sarmiento\/#breadcrumb\"},\"inLanguage\":\"es-AR\",\"potentialAction\":[{\"@type\":\"ReadAction\",\"target\":[\"https:\/\/apuntesdesanluis.com\/index.php\/2024\/12\/20\/poggi-y-frontera-inauguraron-la-renovacion-de-plaza-sarmiento\/\"]}]},{\"@type\":\"ImageObject\",\"inLanguage\":\"es-AR\",\"@id\":\"https:\/\/apuntesdesanluis.com\/index.php\/2024\/12\/20\/poggi-y-frontera-inauguraron-la-renovacion-de-plaza-sarmiento\/#primaryimage\",\"url\":\"https:\/\/apuntesdesanluis.com\/wp-content\/uploads\/2024\/12\/471164244_904183658568086_6997903737592380497_n.jpg\",\"contentUrl\":\"https:\/\/apuntesdesanluis.com\/wp-content\/uploads\/2024\/12\/471164244_904183658568086_6997903737592380497_n.jpg\",\"width\":700,\"height\":434},{\"@type\":\"BreadcrumbList\",\"@id\":\"https:\/\/apuntesdesanluis.com\/index.php\/2024\/12\/20\/poggi-y-frontera-inauguraron-la-renovacion-de-plaza-sarmiento\/#breadcrumb\",\"itemListElement\":[{\"@type\":\"ListItem\",\"position\":1,\"name\":\"Inicio\",\"item\":\"https:\/\/apuntesdesanluis.com\/\"},{\"@type\":\"ListItem\",\"position\":2,\"name\":\"POGGI Y FRONTERA INAUGURARON LA RENOVACI\u00d3N DE PLAZA SARMIENTO\"}]},{\"@type\":\"WebSite\",\"@id\":\"https:\/\/apuntesdesanluis.com\/#website\",\"url\":\"https:\/\/apuntesdesanluis.com\/\",\"name\":\"Apuntes de San Luis\",\"description\":\"\",\"publisher\":{\"@id\":\"https:\/\/apuntesdesanluis.com\/#\/schema\/person\/b55151d52296fcce64d1a72538a70b90\"},\"potentialAction\":[{\"@type\":\"SearchAction\",\"target\":{\"@type\":\"EntryPoint\",\"urlTemplate\":\"https:\/\/apuntesdesanluis.com\/?s={search_term_string}\"},\"query-input\":{\"@type\":\"PropertyValueSpecification\",\"valueRequired\":true,\"valueName\":\"search_term_string\"}}],\"inLanguage\":\"es-AR\"},{\"@type\":[\"Person\",\"Organization\"],\"@id\":\"https:\/\/apuntesdesanluis.com\/#\/schema\/person\/b55151d52296fcce64d1a72538a70b90\",\"name\":\"apuntesdesanluis.com\",\"image\":{\"@type\":\"ImageObject\",\"inLanguage\":\"es-AR\",\"@id\":\"https:\/\/apuntesdesanluis.com\/#\/schema\/person\/image\/\",\"url\":\"https:\/\/apuntesdesanluis.com\/wp-content\/uploads\/2023\/07\/cropped-apuntesdesanluis.png\",\"contentUrl\":\"https:\/\/apuntesdesanluis.com\/wp-content\/uploads\/2023\/07\/cropped-apuntesdesanluis.png\",\"width\":450,\"height\":112,\"caption\":\"apuntesdesanluis.com\"},\"logo\":{\"@id\":\"https:\/\/apuntesdesanluis.com\/#\/schema\/person\/image\/\"},\"sameAs\":[\"https:\/\/apuntesdesanluis.com\"],\"url\":\"https:\/\/apuntesdesanluis.com\/index.php\/author\/apuntesdesanluis-com\/\"}]}<\/script>\n<!-- \/ Yoast SEO plugin. -->","yoast_head_json":{"title":"POGGI Y FRONTERA INAUGURARON LA RENOVACI\u00d3N DE PLAZA SARMIENTO - Apuntes de San Luis","robots":{"index":"index","follow":"follow","max-snippet":"max-snippet:-1","max-image-preview":"max-image-preview:large","max-video-preview":"max-video-preview:-1"},"canonical":"https:\/\/apuntesdesanluis.com\/index.php\/2024\/12\/20\/poggi-y-frontera-inauguraron-la-renovacion-de-plaza-sarmiento\/","og_locale":"es_ES","og_type":"article","og_title":"POGGI Y FRONTERA INAUGURARON LA RENOVACI\u00d3N DE PLAZA SARMIENTO - Apuntes de San Luis","og_description":"Este jueves por la tarde el intendente Maximiliano Frontera encabez\u00f3 el acto de inauguraci\u00f3n en...","og_url":"https:\/\/apuntesdesanluis.com\/index.php\/2024\/12\/20\/poggi-y-frontera-inauguraron-la-renovacion-de-plaza-sarmiento\/","og_site_name":"Apuntes de San Luis","article_published_time":"2024-12-20T11:23:34+00:00","og_image":[{"width":700,"height":434,"url":"https:\/\/apuntesdesanluis.com\/wp-content\/uploads\/2024\/12\/471164244_904183658568086_6997903737592380497_n.jpg","type":"image\/jpeg"}],"author":"apuntesdesanluis.com","twitter_card":"summary_large_image","twitter_misc":{"Escrito por":"apuntesdesanluis.com","Tiempo de lectura":"2 minutos"},"schema":{"@context":"https:\/\/schema.org","@graph":[{"@type":"Article","@id":"https:\/\/apuntesdesanluis.com\/index.php\/2024\/12\/20\/poggi-y-frontera-inauguraron-la-renovacion-de-plaza-sarmiento\/#article","isPartOf":{"@id":"https:\/\/apuntesdesanluis.com\/index.php\/2024\/12\/20\/poggi-y-frontera-inauguraron-la-renovacion-de-plaza-sarmiento\/"},"author":{"name":"apuntesdesanluis.com","@id":"https:\/\/apuntesdesanluis.com\/#\/schema\/person\/b55151d52296fcce64d1a72538a70b90"},"headline":"POGGI Y FRONTERA INAUGURARON LA RENOVACI\u00d3N DE PLAZA SARMIENTO","datePublished":"2024-12-20T11:23:34+00:00","mainEntityOfPage":{"@id":"https:\/\/apuntesdesanluis.com\/index.php\/2024\/12\/20\/poggi-y-frontera-inauguraron-la-renovacion-de-plaza-sarmiento\/"},"wordCount":235,"publisher":{"@id":"https:\/\/apuntesdesanluis.com\/#\/schema\/person\/b55151d52296fcce64d1a72538a70b90"},"image":{"@id":"https:\/\/apuntesdesanluis.com\/index.php\/2024\/12\/20\/poggi-y-frontera-inauguraron-la-renovacion-de-plaza-sarmiento\/#primaryimage"},"thumbnailUrl":"https:\/\/apuntesdesanluis.com\/wp-content\/uploads\/2024\/12\/471164244_904183658568086_6997903737592380497_n.jpg","articleSection":["Ciudad\/Provincia"],"inLanguage":"es-AR"},{"@type":"WebPage","@id":"https:\/\/apuntesdesanluis.com\/index.php\/2024\/12\/20\/poggi-y-frontera-inauguraron-la-renovacion-de-plaza-sarmiento\/","url":"https:\/\/apuntesdesanluis.com\/index.php\/2024\/12\/20\/poggi-y-frontera-inauguraron-la-renovacion-de-plaza-sarmiento\/","name":"POGGI Y FRONTERA INAUGURARON LA RENOVACI\u00d3N DE PLAZA SARMIENTO - Apuntes de San Luis","isPartOf":{"@id":"https:\/\/apuntesdesanluis.com\/#website"},"primaryImageOfPage":{"@id":"https:\/\/apuntesdesanluis.com\/index.php\/2024\/12\/20\/poggi-y-frontera-inauguraron-la-renovacion-de-plaza-sarmiento\/#primaryimage"},"image":{"@id":"https:\/\/apuntesdesanluis.com\/index.php\/2024\/12\/20\/poggi-y-frontera-inauguraron-la-renovacion-de-plaza-sarmiento\/#primaryimage"},"thumbnailUrl":"https:\/\/apuntesdesanluis.com\/wp-content\/uploads\/2024\/12\/471164244_904183658568086_6997903737592380497_n.jpg","datePublished":"2024-12-20T11:23:34+00:00","breadcrumb":{"@id":"https:\/\/apuntesdesanluis.com\/index.php\/2024\/12\/20\/poggi-y-frontera-inauguraron-la-renovacion-de-plaza-sarmiento\/#breadcrumb"},"inLanguage":"es-AR","potentialAction":[{"@type":"ReadAction","target":["https:\/\/apuntesdesanluis.com\/index.php\/2024\/12\/20\/poggi-y-frontera-inauguraron-la-renovacion-de-plaza-sarmiento\/"]}]},{"@type":"ImageObject","inLanguage":"es-AR","@id":"https:\/\/apuntesdesanluis.com\/index.php\/2024\/12\/20\/poggi-y-frontera-inauguraron-la-renovacion-de-plaza-sarmiento\/#primaryimage","url":"https:\/\/apuntesdesanluis.com\/wp-content\/uploads\/2024\/12\/471164244_904183658568086_6997903737592380497_n.jpg","contentUrl":"https:\/\/apuntesdesanluis.com\/wp-content\/uploads\/2024\/12\/471164244_904183658568086_6997903737592380497_n.jpg","width":700,"height":434},{"@type":"BreadcrumbList","@id":"https:\/\/apuntesdesanluis.com\/index.php\/2024\/12\/20\/poggi-y-frontera-inauguraron-la-renovacion-de-plaza-sarmiento\/#breadcrumb","itemListElement":[{"@type":"ListItem","position":1,"name":"Inicio","item":"https:\/\/apuntesdesanluis.com\/"},{"@type":"ListItem","position":2,"name":"POGGI Y FRONTERA INAUGURARON LA RENOVACI\u00d3N DE PLAZA SARMIENTO"}]},{"@type":"WebSite","@id":"https:\/\/apuntesdesanluis.com\/#website","url":"https:\/\/apuntesdesanluis.com\/","name":"Apuntes de San Luis","description":"","publisher":{"@id":"https:\/\/apuntesdesanluis.com\/#\/schema\/person\/b55151d52296fcce64d1a72538a70b90"},"potentialAction":[{"@type":"SearchAction","target":{"@type":"EntryPoint","urlTemplate":"https:\/\/apuntesdesanluis.com\/?s={search_term_string}"},"query-input":{"@type":"PropertyValueSpecification","valueRequired":true,"valueName":"search_term_string"}}],"inLanguage":"es-AR"},{"@type":["Person","Organization"],"@id":"https:\/\/apuntesdesanluis.com\/#\/schema\/person\/b55151d52296fcce64d1a72538a70b90","name":"apuntesdesanluis.com","image":{"@type":"ImageObject","inLanguage":"es-AR","@id":"https:\/\/apuntesdesanluis.com\/#\/schema\/person\/image\/","url":"https:\/\/apuntesdesanluis.com\/wp-content\/uploads\/2023\/07\/cropped-apuntesdesanluis.png","contentUrl":"https:\/\/apuntesdesanluis.com\/wp-content\/uploads\/2023\/07\/cropped-apuntesdesanluis.png","width":450,"height":112,"caption":"apuntesdesanluis.com"},"logo":{"@id":"https:\/\/apuntesdesanluis.com\/#\/schema\/person\/image\/"},"sameAs":["https:\/\/apuntesdesanluis.com"],"url":"https:\/\/apuntesdesanluis.com\/index.php\/author\/apuntesdesanluis-com\/"}]}},"featured_image_urls":{"full":["https:\/\/apuntesdesanluis.com\/wp-content\/uploads\/2024\/12\/471164244_904183658568086_6997903737592380497_n.jpg",700,434,false],"thumbnail":["https:\/\/apuntesdesanluis.com\/wp-content\/uploads\/2024\/12\/471164244_904183658568086_6997903737592380497_n-150x150.jpg",150,150,true],"medium":["https:\/\/apuntesdesanluis.com\/wp-content\/uploads\/2024\/12\/471164244_904183658568086_6997903737592380497_n-300x186.jpg",300,186,true],"medium_large":["https:\/\/apuntesdesanluis.com\/wp-content\/uploads\/2024\/12\/471164244_904183658568086_6997903737592380497_n.jpg",640,397,false],"large":["https:\/\/apuntesdesanluis.com\/wp-content\/uploads\/2024\/12\/471164244_904183658568086_6997903737592380497_n.jpg",640,397,false],"1536x1536":["https:\/\/apuntesdesanluis.com\/wp-content\/uploads\/2024\/12\/471164244_904183658568086_6997903737592380497_n.jpg",700,434,false],"2048x2048":["https:\/\/apuntesdesanluis.com\/wp-content\/uploads\/2024\/12\/471164244_904183658568086_6997903737592380497_n.jpg",700,434,false],"newsever-slider-full":["https:\/\/apuntesdesanluis.com\/wp-content\/uploads\/2024\/12\/471164244_904183658568086_6997903737592380497_n.jpg",700,434,false],"newsever-featured":["https:\/\/apuntesdesanluis.com\/wp-content\/uploads\/2024\/12\/471164244_904183658568086_6997903737592380497_n.jpg",700,434,false],"newsever-medium":["https:\/\/apuntesdesanluis.com\/wp-content\/uploads\/2024\/12\/471164244_904183658568086_6997903737592380497_n.jpg",700,434,false]},"author_info":{"display_name":"apuntesdesanluis.com","author_link":"https:\/\/apuntesdesanluis.com\/index.php\/author\/apuntesdesanluis-com\/"},"category_info":"<a href=\"https:\/\/apuntesdesanluis.com\/index.php\/category\/ciudad-provincia\/\" rel=\"category tag\">Ciudad\/Provincia<\/a>","tag_info":"Ciudad\/Provincia","comment_count":"0","_links":{"self":[{"href":"https:\/\/apuntesdesanluis.com\/index.php\/wp-json\/wp\/v2\/posts\/26974","targetHints":{"allow":["GET"]}}],"collection":[{"href":"https:\/\/apuntesdesanluis.com\/index.php\/wp-json\/wp\/v2\/posts"}],"about":[{"href":"https:\/\/apuntesdesanluis.com\/index.php\/wp-json\/wp\/v2\/types\/post"}],"author":[{"embeddable":true,"href":"https:\/\/apuntesdesanluis.com\/index.php\/wp-json\/wp\/v2\/users\/1"}],"replies":[{"embeddable":true,"href":"https:\/\/apuntesdesanluis.com\/index.php\/wp-json\/wp\/v2\/comments?post=26974"}],"version-history":[{"count":1,"href":"https:\/\/apuntesdesanluis.com\/index.php\/wp-json\/wp\/v2\/posts\/26974\/revisions"}],"predecessor-version":[{"id":26979,"href":"https:\/\/apuntesdesanluis.com\/index.php\/wp-json\/wp\/v2\/posts\/26974\/revisions\/26979"}],"wp:featuredmedia":[{"embeddable":true,"href":"https:\/\/apuntesdesanluis.com\/index.php\/wp-json\/wp\/v2\/media\/26975"}],"wp:attachment":[{"href":"https:\/\/apuntesdesanluis.com\/index.php\/wp-json\/wp\/v2\/media?parent=26974"}],"wp:term":[{"taxonomy":"category","embeddable":true,"href":"https:\/\/apuntesdesanluis.com\/index.php\/wp-json\/wp\/v2\/categories?post=26974"},{"taxonomy":"post_tag","embeddable":true,"href":"https:\/\/apuntesdesanluis.com\/index.php\/wp-json\/wp\/v2\/tags?post=26974"}],"curies":[{"name":"wp","href":"https:\/\/api.w.org\/{rel}","templated":true}]}}