{"id":26980,"date":"2024-12-20T18:32:48","date_gmt":"2024-12-20T21:32:48","guid":{"rendered":"https:\/\/apuntesdesanluis.com\/?p=26980"},"modified":"2024-12-20T18:34:16","modified_gmt":"2024-12-20T21:34:16","slug":"amondarain-asume-como-ministro-de-gobierno-en-lugar-de-facundo-endeiza","status":"publish","type":"post","link":"https:\/\/apuntesdesanluis.com\/index.php\/2024\/12\/20\/amondarain-asume-como-ministro-de-gobierno-en-lugar-de-facundo-endeiza\/","title":{"rendered":"AMONDARAIN ASUMIR\u00c1 COMO MINISTRO DE GOBIERNO EN LUGAR DE FACUNDO ENDEIZA"},"content":{"rendered":"<h3>El pr\u00f3ximo lunes asumir\u00e1 <strong>Gonzalo Amondarain<\/strong> como ministro de Gobierno, en remplazo de <strong>Facundo Endeiza<\/strong>, quien se desempe\u00f1aba en la citada cartera, seguir\u00e1 colaborando desde otro rol en el Gobierno provincial.<\/h3>\n<h3>Amondarain se desempe\u00f1\u00f3 desde el 10 de diciembre de 2023 como director de Asuntos Municipales, dependiente del ministerio que a partir del lunes tendr\u00e1 a su cargo.<\/h3>\n<h3>Oriundo de Buena Esperanza, hijo del hist\u00f3rico dirigente radical del departamento Dupuy, Carlos amondarain, Gonzalo es fundador del partido pol\u00edtico Avanzar San Luis y de profesi\u00f3n Contador P\u00fablico.<\/h3>\n<h3>Mantiene un fluido vinculo institucional con todos los intendentes de la provincia. Entre sus antecedentes en la administraci\u00f3n p\u00fablica, se destaca haberse desempe\u00f1ado como ministro del Campo en la anterior gesti\u00f3n del gobernador, <strong>Claudio Poggi<\/strong>.<\/h3>\n<h3><img fetchpriority=\"high\" decoding=\"async\" class=\"wp-image-8798 aligncenter\" src=\"https:\/\/apuntesdesanluis.com\/wp-content\/uploads\/2023\/12\/juan-alvarez-pinto-300x249.png\" alt=\"\" width=\"518\" height=\"430\" srcset=\"https:\/\/apuntesdesanluis.com\/wp-content\/uploads\/2023\/12\/juan-alvarez-pinto-300x249.png 300w, https:\/\/apuntesdesanluis.com\/wp-content\/uploads\/2023\/12\/juan-alvarez-pinto.png 523w\" sizes=\"(max-width: 518px) 100vw, 518px\" \/><\/h3>\n<h3>El Primer Mandatario le tomar\u00e1 juramento al funcionario oriundo de Buena Esperanza el pr\u00f3ximo lunes. En el mismo acto, jurar\u00e1 como ministro de Turismo y Cultura el actual intendente de Villa de Merlo, con uso de licencia, <strong>Juan Manuel \u00c1lvarez Pinto<\/strong>.<\/h3>\n<h3><\/h3>\n<h3><\/h3>\n<h3><\/h3>\n<p>&nbsp;<\/p>\n<p>&nbsp;<\/p>\n<p>&nbsp;<\/p>\n","protected":false},"excerpt":{"rendered":"<p>El pr\u00f3ximo lunes asumir\u00e1 Gonzalo Amondarain como ministro de Gobierno, en remplazo de Facundo Endeiza,&#8230;<\/p>\n","protected":false},"author":1,"featured_media":26981,"comment_status":"closed","ping_status":"closed","sticky":false,"template":"","format":"standard","meta":{"footnotes":""},"categories":[6],"tags":[],"class_list":["post-26980","post","type-post","status-publish","format-standard","has-post-thumbnail","hentry","category-ciudad-provincia"],"yoast_head":"<!-- This site is optimized with the Yoast SEO plugin v26.1.1 - https:\/\/yoast.com\/wordpress\/plugins\/seo\/ -->\n<title>AMONDARAIN ASUMIR\u00c1 COMO MINISTRO DE GOBIERNO EN LUGAR DE FACUNDO ENDEIZA - Apuntes de San Luis<\/title>\n<meta name=\"robots\" content=\"index, follow, max-snippet:-1, max-image-preview:large, max-video-preview:-1\" \/>\n<link rel=\"canonical\" href=\"https:\/\/apuntesdesanluis.com\/index.php\/2024\/12\/20\/amondarain-asume-como-ministro-de-gobierno-en-lugar-de-facundo-endeiza\/\" \/>\n<meta property=\"og:locale\" content=\"es_ES\" \/>\n<meta property=\"og:type\" content=\"article\" \/>\n<meta property=\"og:title\" content=\"AMONDARAIN ASUMIR\u00c1 COMO MINISTRO DE GOBIERNO EN LUGAR DE FACUNDO ENDEIZA - Apuntes de San Luis\" \/>\n<meta property=\"og:description\" content=\"El pr\u00f3ximo lunes asumir\u00e1 Gonzalo Amondarain como ministro de Gobierno, en remplazo de Facundo Endeiza,...\" \/>\n<meta property=\"og:url\" content=\"https:\/\/apuntesdesanluis.com\/index.php\/2024\/12\/20\/amondarain-asume-como-ministro-de-gobierno-en-lugar-de-facundo-endeiza\/\" \/>\n<meta property=\"og:site_name\" content=\"Apuntes de San Luis\" \/>\n<meta property=\"article:published_time\" content=\"2024-12-20T21:32:48+00:00\" \/>\n<meta property=\"article:modified_time\" content=\"2024-12-20T21:34:16+00:00\" \/>\n<meta property=\"og:image\" content=\"https:\/\/apuntesdesanluis.com\/wp-content\/uploads\/2024\/12\/gonzalo-amondarain.png\" \/>\n\t<meta property=\"og:image:width\" content=\"580\" \/>\n\t<meta property=\"og:image:height\" content=\"369\" \/>\n\t<meta property=\"og:image:type\" content=\"image\/png\" \/>\n<meta name=\"author\" content=\"apuntesdesanluis.com\" \/>\n<meta name=\"twitter:card\" content=\"summary_large_image\" \/>\n<meta name=\"twitter:label1\" content=\"Escrito por\" \/>\n\t<meta name=\"twitter:data1\" content=\"apuntesdesanluis.com\" \/>\n\t<meta name=\"twitter:label2\" content=\"Tiempo de lectura\" \/>\n\t<meta name=\"twitter:data2\" content=\"2 minutos\" \/>\n<script type=\"application\/ld+json\" class=\"yoast-schema-graph\">{\"@context\":\"https:\/\/schema.org\",\"@graph\":[{\"@type\":\"Article\",\"@id\":\"https:\/\/apuntesdesanluis.com\/index.php\/2024\/12\/20\/amondarain-asume-como-ministro-de-gobierno-en-lugar-de-facundo-endeiza\/#article\",\"isPartOf\":{\"@id\":\"https:\/\/apuntesdesanluis.com\/index.php\/2024\/12\/20\/amondarain-asume-como-ministro-de-gobierno-en-lugar-de-facundo-endeiza\/\"},\"author\":{\"name\":\"apuntesdesanluis.com\",\"@id\":\"https:\/\/apuntesdesanluis.com\/#\/schema\/person\/b55151d52296fcce64d1a72538a70b90\"},\"headline\":\"AMONDARAIN ASUMIR\u00c1 COMO MINISTRO DE GOBIERNO EN LUGAR DE FACUNDO ENDEIZA\",\"datePublished\":\"2024-12-20T21:32:48+00:00\",\"dateModified\":\"2024-12-20T21:34:16+00:00\",\"mainEntityOfPage\":{\"@id\":\"https:\/\/apuntesdesanluis.com\/index.php\/2024\/12\/20\/amondarain-asume-como-ministro-de-gobierno-en-lugar-de-facundo-endeiza\/\"},\"wordCount\":185,\"publisher\":{\"@id\":\"https:\/\/apuntesdesanluis.com\/#\/schema\/person\/b55151d52296fcce64d1a72538a70b90\"},\"image\":{\"@id\":\"https:\/\/apuntesdesanluis.com\/index.php\/2024\/12\/20\/amondarain-asume-como-ministro-de-gobierno-en-lugar-de-facundo-endeiza\/#primaryimage\"},\"thumbnailUrl\":\"https:\/\/apuntesdesanluis.com\/wp-content\/uploads\/2024\/12\/gonzalo-amondarain.png\",\"articleSection\":[\"Ciudad\/Provincia\"],\"inLanguage\":\"es-AR\"},{\"@type\":\"WebPage\",\"@id\":\"https:\/\/apuntesdesanluis.com\/index.php\/2024\/12\/20\/amondarain-asume-como-ministro-de-gobierno-en-lugar-de-facundo-endeiza\/\",\"url\":\"https:\/\/apuntesdesanluis.com\/index.php\/2024\/12\/20\/amondarain-asume-como-ministro-de-gobierno-en-lugar-de-facundo-endeiza\/\",\"name\":\"AMONDARAIN ASUMIR\u00c1 COMO MINISTRO DE GOBIERNO EN LUGAR DE FACUNDO ENDEIZA - Apuntes de San Luis\",\"isPartOf\":{\"@id\":\"https:\/\/apuntesdesanluis.com\/#website\"},\"primaryImageOfPage\":{\"@id\":\"https:\/\/apuntesdesanluis.com\/index.php\/2024\/12\/20\/amondarain-asume-como-ministro-de-gobierno-en-lugar-de-facundo-endeiza\/#primaryimage\"},\"image\":{\"@id\":\"https:\/\/apuntesdesanluis.com\/index.php\/2024\/12\/20\/amondarain-asume-como-ministro-de-gobierno-en-lugar-de-facundo-endeiza\/#primaryimage\"},\"thumbnailUrl\":\"https:\/\/apuntesdesanluis.com\/wp-content\/uploads\/2024\/12\/gonzalo-amondarain.png\",\"datePublished\":\"2024-12-20T21:32:48+00:00\",\"dateModified\":\"2024-12-20T21:34:16+00:00\",\"breadcrumb\":{\"@id\":\"https:\/\/apuntesdesanluis.com\/index.php\/2024\/12\/20\/amondarain-asume-como-ministro-de-gobierno-en-lugar-de-facundo-endeiza\/#breadcrumb\"},\"inLanguage\":\"es-AR\",\"potentialAction\":[{\"@type\":\"ReadAction\",\"target\":[\"https:\/\/apuntesdesanluis.com\/index.php\/2024\/12\/20\/amondarain-asume-como-ministro-de-gobierno-en-lugar-de-facundo-endeiza\/\"]}]},{\"@type\":\"ImageObject\",\"inLanguage\":\"es-AR\",\"@id\":\"https:\/\/apuntesdesanluis.com\/index.php\/2024\/12\/20\/amondarain-asume-como-ministro-de-gobierno-en-lugar-de-facundo-endeiza\/#primaryimage\",\"url\":\"https:\/\/apuntesdesanluis.com\/wp-content\/uploads\/2024\/12\/gonzalo-amondarain.png\",\"contentUrl\":\"https:\/\/apuntesdesanluis.com\/wp-content\/uploads\/2024\/12\/gonzalo-amondarain.png\",\"width\":580,\"height\":369},{\"@type\":\"BreadcrumbList\",\"@id\":\"https:\/\/apuntesdesanluis.com\/index.php\/2024\/12\/20\/amondarain-asume-como-ministro-de-gobierno-en-lugar-de-facundo-endeiza\/#breadcrumb\",\"itemListElement\":[{\"@type\":\"ListItem\",\"position\":1,\"name\":\"Inicio\",\"item\":\"https:\/\/apuntesdesanluis.com\/\"},{\"@type\":\"ListItem\",\"position\":2,\"name\":\"AMONDARAIN ASUMIR\u00c1 COMO MINISTRO DE GOBIERNO EN LUGAR DE FACUNDO ENDEIZA\"}]},{\"@type\":\"WebSite\",\"@id\":\"https:\/\/apuntesdesanluis.com\/#website\",\"url\":\"https:\/\/apuntesdesanluis.com\/\",\"name\":\"Apuntes de San Luis\",\"description\":\"\",\"publisher\":{\"@id\":\"https:\/\/apuntesdesanluis.com\/#\/schema\/person\/b55151d52296fcce64d1a72538a70b90\"},\"potentialAction\":[{\"@type\":\"SearchAction\",\"target\":{\"@type\":\"EntryPoint\",\"urlTemplate\":\"https:\/\/apuntesdesanluis.com\/?s={search_term_string}\"},\"query-input\":{\"@type\":\"PropertyValueSpecification\",\"valueRequired\":true,\"valueName\":\"search_term_string\"}}],\"inLanguage\":\"es-AR\"},{\"@type\":[\"Person\",\"Organization\"],\"@id\":\"https:\/\/apuntesdesanluis.com\/#\/schema\/person\/b55151d52296fcce64d1a72538a70b90\",\"name\":\"apuntesdesanluis.com\",\"image\":{\"@type\":\"ImageObject\",\"inLanguage\":\"es-AR\",\"@id\":\"https:\/\/apuntesdesanluis.com\/#\/schema\/person\/image\/\",\"url\":\"https:\/\/apuntesdesanluis.com\/wp-content\/uploads\/2023\/07\/cropped-apuntesdesanluis.png\",\"contentUrl\":\"https:\/\/apuntesdesanluis.com\/wp-content\/uploads\/2023\/07\/cropped-apuntesdesanluis.png\",\"width\":450,\"height\":112,\"caption\":\"apuntesdesanluis.com\"},\"logo\":{\"@id\":\"https:\/\/apuntesdesanluis.com\/#\/schema\/person\/image\/\"},\"sameAs\":[\"https:\/\/apuntesdesanluis.com\"],\"url\":\"https:\/\/apuntesdesanluis.com\/index.php\/author\/apuntesdesanluis-com\/\"}]}<\/script>\n<!-- \/ Yoast SEO plugin. -->","yoast_head_json":{"title":"AMONDARAIN ASUMIR\u00c1 COMO MINISTRO DE GOBIERNO EN LUGAR DE FACUNDO ENDEIZA - Apuntes de San Luis","robots":{"index":"index","follow":"follow","max-snippet":"max-snippet:-1","max-image-preview":"max-image-preview:large","max-video-preview":"max-video-preview:-1"},"canonical":"https:\/\/apuntesdesanluis.com\/index.php\/2024\/12\/20\/amondarain-asume-como-ministro-de-gobierno-en-lugar-de-facundo-endeiza\/","og_locale":"es_ES","og_type":"article","og_title":"AMONDARAIN ASUMIR\u00c1 COMO MINISTRO DE GOBIERNO EN LUGAR DE FACUNDO ENDEIZA - Apuntes de San Luis","og_description":"El pr\u00f3ximo lunes asumir\u00e1 Gonzalo Amondarain como ministro de Gobierno, en remplazo de Facundo Endeiza,...","og_url":"https:\/\/apuntesdesanluis.com\/index.php\/2024\/12\/20\/amondarain-asume-como-ministro-de-gobierno-en-lugar-de-facundo-endeiza\/","og_site_name":"Apuntes de San Luis","article_published_time":"2024-12-20T21:32:48+00:00","article_modified_time":"2024-12-20T21:34:16+00:00","og_image":[{"width":580,"height":369,"url":"https:\/\/apuntesdesanluis.com\/wp-content\/uploads\/2024\/12\/gonzalo-amondarain.png","type":"image\/png"}],"author":"apuntesdesanluis.com","twitter_card":"summary_large_image","twitter_misc":{"Escrito por":"apuntesdesanluis.com","Tiempo de lectura":"2 minutos"},"schema":{"@context":"https:\/\/schema.org","@graph":[{"@type":"Article","@id":"https:\/\/apuntesdesanluis.com\/index.php\/2024\/12\/20\/amondarain-asume-como-ministro-de-gobierno-en-lugar-de-facundo-endeiza\/#article","isPartOf":{"@id":"https:\/\/apuntesdesanluis.com\/index.php\/2024\/12\/20\/amondarain-asume-como-ministro-de-gobierno-en-lugar-de-facundo-endeiza\/"},"author":{"name":"apuntesdesanluis.com","@id":"https:\/\/apuntesdesanluis.com\/#\/schema\/person\/b55151d52296fcce64d1a72538a70b90"},"headline":"AMONDARAIN ASUMIR\u00c1 COMO MINISTRO DE GOBIERNO EN LUGAR DE FACUNDO ENDEIZA","datePublished":"2024-12-20T21:32:48+00:00","dateModified":"2024-12-20T21:34:16+00:00","mainEntityOfPage":{"@id":"https:\/\/apuntesdesanluis.com\/index.php\/2024\/12\/20\/amondarain-asume-como-ministro-de-gobierno-en-lugar-de-facundo-endeiza\/"},"wordCount":185,"publisher":{"@id":"https:\/\/apuntesdesanluis.com\/#\/schema\/person\/b55151d52296fcce64d1a72538a70b90"},"image":{"@id":"https:\/\/apuntesdesanluis.com\/index.php\/2024\/12\/20\/amondarain-asume-como-ministro-de-gobierno-en-lugar-de-facundo-endeiza\/#primaryimage"},"thumbnailUrl":"https:\/\/apuntesdesanluis.com\/wp-content\/uploads\/2024\/12\/gonzalo-amondarain.png","articleSection":["Ciudad\/Provincia"],"inLanguage":"es-AR"},{"@type":"WebPage","@id":"https:\/\/apuntesdesanluis.com\/index.php\/2024\/12\/20\/amondarain-asume-como-ministro-de-gobierno-en-lugar-de-facundo-endeiza\/","url":"https:\/\/apuntesdesanluis.com\/index.php\/2024\/12\/20\/amondarain-asume-como-ministro-de-gobierno-en-lugar-de-facundo-endeiza\/","name":"AMONDARAIN ASUMIR\u00c1 COMO MINISTRO DE GOBIERNO EN LUGAR DE FACUNDO ENDEIZA - Apuntes de San Luis","isPartOf":{"@id":"https:\/\/apuntesdesanluis.com\/#website"},"primaryImageOfPage":{"@id":"https:\/\/apuntesdesanluis.com\/index.php\/2024\/12\/20\/amondarain-asume-como-ministro-de-gobierno-en-lugar-de-facundo-endeiza\/#primaryimage"},"image":{"@id":"https:\/\/apuntesdesanluis.com\/index.php\/2024\/12\/20\/amondarain-asume-como-ministro-de-gobierno-en-lugar-de-facundo-endeiza\/#primaryimage"},"thumbnailUrl":"https:\/\/apuntesdesanluis.com\/wp-content\/uploads\/2024\/12\/gonzalo-amondarain.png","datePublished":"2024-12-20T21:32:48+00:00","dateModified":"2024-12-20T21:34:16+00:00","breadcrumb":{"@id":"https:\/\/apuntesdesanluis.com\/index.php\/2024\/12\/20\/amondarain-asume-como-ministro-de-gobierno-en-lugar-de-facundo-endeiza\/#breadcrumb"},"inLanguage":"es-AR","potentialAction":[{"@type":"ReadAction","target":["https:\/\/apuntesdesanluis.com\/index.php\/2024\/12\/20\/amondarain-asume-como-ministro-de-gobierno-en-lugar-de-facundo-endeiza\/"]}]},{"@type":"ImageObject","inLanguage":"es-AR","@id":"https:\/\/apuntesdesanluis.com\/index.php\/2024\/12\/20\/amondarain-asume-como-ministro-de-gobierno-en-lugar-de-facundo-endeiza\/#primaryimage","url":"https:\/\/apuntesdesanluis.com\/wp-content\/uploads\/2024\/12\/gonzalo-amondarain.png","contentUrl":"https:\/\/apuntesdesanluis.com\/wp-content\/uploads\/2024\/12\/gonzalo-amondarain.png","width":580,"height":369},{"@type":"BreadcrumbList","@id":"https:\/\/apuntesdesanluis.com\/index.php\/2024\/12\/20\/amondarain-asume-como-ministro-de-gobierno-en-lugar-de-facundo-endeiza\/#breadcrumb","itemListElement":[{"@type":"ListItem","position":1,"name":"Inicio","item":"https:\/\/apuntesdesanluis.com\/"},{"@type":"ListItem","position":2,"name":"AMONDARAIN ASUMIR\u00c1 COMO MINISTRO DE GOBIERNO EN LUGAR DE FACUNDO ENDEIZA"}]},{"@type":"WebSite","@id":"https:\/\/apuntesdesanluis.com\/#website","url":"https:\/\/apuntesdesanluis.com\/","name":"Apuntes de San Luis","description":"","publisher":{"@id":"https:\/\/apuntesdesanluis.com\/#\/schema\/person\/b55151d52296fcce64d1a72538a70b90"},"potentialAction":[{"@type":"SearchAction","target":{"@type":"EntryPoint","urlTemplate":"https:\/\/apuntesdesanluis.com\/?s={search_term_string}"},"query-input":{"@type":"PropertyValueSpecification","valueRequired":true,"valueName":"search_term_string"}}],"inLanguage":"es-AR"},{"@type":["Person","Organization"],"@id":"https:\/\/apuntesdesanluis.com\/#\/schema\/person\/b55151d52296fcce64d1a72538a70b90","name":"apuntesdesanluis.com","image":{"@type":"ImageObject","inLanguage":"es-AR","@id":"https:\/\/apuntesdesanluis.com\/#\/schema\/person\/image\/","url":"https:\/\/apuntesdesanluis.com\/wp-content\/uploads\/2023\/07\/cropped-apuntesdesanluis.png","contentUrl":"https:\/\/apuntesdesanluis.com\/wp-content\/uploads\/2023\/07\/cropped-apuntesdesanluis.png","width":450,"height":112,"caption":"apuntesdesanluis.com"},"logo":{"@id":"https:\/\/apuntesdesanluis.com\/#\/schema\/person\/image\/"},"sameAs":["https:\/\/apuntesdesanluis.com"],"url":"https:\/\/apuntesdesanluis.com\/index.php\/author\/apuntesdesanluis-com\/"}]}},"featured_image_urls":{"full":["https:\/\/apuntesdesanluis.com\/wp-content\/uploads\/2024\/12\/gonzalo-amondarain.png",580,369,false],"thumbnail":["https:\/\/apuntesdesanluis.com\/wp-content\/uploads\/2024\/12\/gonzalo-amondarain-150x150.png",150,150,true],"medium":["https:\/\/apuntesdesanluis.com\/wp-content\/uploads\/2024\/12\/gonzalo-amondarain-300x191.png",300,191,true],"medium_large":["https:\/\/apuntesdesanluis.com\/wp-content\/uploads\/2024\/12\/gonzalo-amondarain.png",580,369,false],"large":["https:\/\/apuntesdesanluis.com\/wp-content\/uploads\/2024\/12\/gonzalo-amondarain.png",580,369,false],"1536x1536":["https:\/\/apuntesdesanluis.com\/wp-content\/uploads\/2024\/12\/gonzalo-amondarain.png",580,369,false],"2048x2048":["https:\/\/apuntesdesanluis.com\/wp-content\/uploads\/2024\/12\/gonzalo-amondarain.png",580,369,false],"newsever-slider-full":["https:\/\/apuntesdesanluis.com\/wp-content\/uploads\/2024\/12\/gonzalo-amondarain.png",580,369,false],"newsever-featured":["https:\/\/apuntesdesanluis.com\/wp-content\/uploads\/2024\/12\/gonzalo-amondarain.png",580,369,false],"newsever-medium":["https:\/\/apuntesdesanluis.com\/wp-content\/uploads\/2024\/12\/gonzalo-amondarain.png",580,369,false]},"author_info":{"display_name":"apuntesdesanluis.com","author_link":"https:\/\/apuntesdesanluis.com\/index.php\/author\/apuntesdesanluis-com\/"},"category_info":"<a href=\"https:\/\/apuntesdesanluis.com\/index.php\/category\/ciudad-provincia\/\" rel=\"category tag\">Ciudad\/Provincia<\/a>","tag_info":"Ciudad\/Provincia","comment_count":"0","_links":{"self":[{"href":"https:\/\/apuntesdesanluis.com\/index.php\/wp-json\/wp\/v2\/posts\/26980","targetHints":{"allow":["GET"]}}],"collection":[{"href":"https:\/\/apuntesdesanluis.com\/index.php\/wp-json\/wp\/v2\/posts"}],"about":[{"href":"https:\/\/apuntesdesanluis.com\/index.php\/wp-json\/wp\/v2\/types\/post"}],"author":[{"embeddable":true,"href":"https:\/\/apuntesdesanluis.com\/index.php\/wp-json\/wp\/v2\/users\/1"}],"replies":[{"embeddable":true,"href":"https:\/\/apuntesdesanluis.com\/index.php\/wp-json\/wp\/v2\/comments?post=26980"}],"version-history":[{"count":2,"href":"https:\/\/apuntesdesanluis.com\/index.php\/wp-json\/wp\/v2\/posts\/26980\/revisions"}],"predecessor-version":[{"id":26983,"href":"https:\/\/apuntesdesanluis.com\/index.php\/wp-json\/wp\/v2\/posts\/26980\/revisions\/26983"}],"wp:featuredmedia":[{"embeddable":true,"href":"https:\/\/apuntesdesanluis.com\/index.php\/wp-json\/wp\/v2\/media\/26981"}],"wp:attachment":[{"href":"https:\/\/apuntesdesanluis.com\/index.php\/wp-json\/wp\/v2\/media?parent=26980"}],"wp:term":[{"taxonomy":"category","embeddable":true,"href":"https:\/\/apuntesdesanluis.com\/index.php\/wp-json\/wp\/v2\/categories?post=26980"},{"taxonomy":"post_tag","embeddable":true,"href":"https:\/\/apuntesdesanluis.com\/index.php\/wp-json\/wp\/v2\/tags?post=26980"}],"curies":[{"name":"wp","href":"https:\/\/api.w.org\/{rel}","templated":true}]}}