{"id":26984,"date":"2024-12-20T19:11:41","date_gmt":"2024-12-20T22:11:41","guid":{"rendered":"https:\/\/apuntesdesanluis.com\/?p=26984"},"modified":"2024-12-20T19:13:14","modified_gmt":"2024-12-20T22:13:14","slug":"polemico-3-anos-de-prision-en-suspenso-por-dispararle-a-otro-al-que-amputaron-una-pierna","status":"publish","type":"post","link":"https:\/\/apuntesdesanluis.com\/index.php\/2024\/12\/20\/polemico-3-anos-de-prision-en-suspenso-por-dispararle-a-otro-al-que-amputaron-una-pierna\/","title":{"rendered":"POL\u00c9MICO: 3 A\u00d1OS DE PRISI\u00d3N EN SUSPENSO POR DISPARARLE A OTRO AL QUE AMPUTARON UNA PIERNA"},"content":{"rendered":"<h3>El hecho ocurri\u00f3 en diciembre de 2018, en un campo de departamento San Mart\u00edn.\u00a0Este jueves la jueza Sandra Piguillem, de la Sala Penal de la Tercera Circunscripci\u00f3n Judicial, conden\u00f3 a N.C., de 62 a\u00f1os, a la pena de tres a\u00f1os de prisi\u00f3n de ejecuci\u00f3n en suspenso. El acusado fue hallado culpable del delito de lesiones grav\u00edsimas agravadas por el uso de arma de fuego en exceso de leg\u00edtima defensa, conforme a los art\u00edculos 91, 41 bis y 35 del C\u00f3digo Penal Argentino (CPA).<\/h3>\n<h3>El fiscal Mario Zudaire imput\u00f3 al acusado el delito de lesiones grav\u00edsimas agravadas por el uso de arma de fuego. En su alegato, el Ministerio P\u00fablico Fiscal solicit\u00f3 una condena de tres a\u00f1os de prisi\u00f3n en suspenso, adem\u00e1s de las accesorias legales y costas procesales, al considerar a <strong>N.C.<\/strong> como autor material y penalmente responsable del delito previsto en el art\u00edculo 91 del CPA.<\/h3>\n<h3>Por su parte, el abogado querellante, Carlos Bianchi Dur\u00e1n, pidi\u00f3 una pena de diez a\u00f1os de prisi\u00f3n de cumplimiento efectivo, m\u00e1s costas procesales. Durante sus alegatos, fundament\u00f3 su solicitud en los art\u00edculos 91 y 41 del CPA, subrayando que el arma utilizada era un arma de guerra.<\/h3>\n<h3>La defensa t\u00e9cnica de N.C., a cargo de Orlando Villegas, pidi\u00f3 la absoluci\u00f3n de su defendido en los t\u00e9rminos del art\u00edculo 34, inciso 6, del CPA, argumentando que su accionar estuvo amparado en la leg\u00edtima defensa. Como medida subsidiaria, plante\u00f3 la aplicaci\u00f3n del art\u00edculo 35 del CPA, que contempla los delitos cometidos por imprudencia o exceso en la leg\u00edtima defensa.<\/h3>\n<h3>El hecho investigado ocurri\u00f3 el 4 de diciembre de 2018, en un campo de la localidad de Rinc\u00f3n del Carmen, departamento San Mart\u00edn. Seg\u00fan la causa, N.C. dispar\u00f3 con un fusil a D.M., un trabajador rural. Como consecuencia de las heridas provocadas por el proyectil, los m\u00e9dicos debieron amputarle una pierna a la v\u00edctima.<\/h3>\n<p>&nbsp;<\/p>\n<p>&nbsp;<\/p>\n<p>&nbsp;<\/p>\n","protected":false},"excerpt":{"rendered":"<p>El hecho ocurri\u00f3 en diciembre de 2018, en un campo de departamento San Mart\u00edn.\u00a0Este jueves&#8230;<\/p>\n","protected":false},"author":1,"featured_media":26985,"comment_status":"closed","ping_status":"closed","sticky":false,"template":"","format":"standard","meta":{"footnotes":""},"categories":[6],"tags":[],"class_list":["post-26984","post","type-post","status-publish","format-standard","has-post-thumbnail","hentry","category-ciudad-provincia"],"yoast_head":"<!-- This site is optimized with the Yoast SEO plugin v26.1.1 - https:\/\/yoast.com\/wordpress\/plugins\/seo\/ -->\n<title>POL\u00c9MICO: 3 A\u00d1OS DE PRISI\u00d3N EN SUSPENSO POR DISPARARLE A OTRO AL QUE AMPUTARON UNA PIERNA - Apuntes de San Luis<\/title>\n<meta name=\"robots\" content=\"index, follow, max-snippet:-1, max-image-preview:large, max-video-preview:-1\" \/>\n<link rel=\"canonical\" href=\"https:\/\/apuntesdesanluis.com\/index.php\/2024\/12\/20\/polemico-3-anos-de-prision-en-suspenso-por-dispararle-a-otro-al-que-amputaron-una-pierna\/\" \/>\n<meta property=\"og:locale\" content=\"es_ES\" \/>\n<meta property=\"og:type\" content=\"article\" \/>\n<meta property=\"og:title\" content=\"POL\u00c9MICO: 3 A\u00d1OS DE PRISI\u00d3N EN SUSPENSO POR DISPARARLE A OTRO AL QUE AMPUTARON UNA PIERNA - Apuntes de San Luis\" \/>\n<meta property=\"og:description\" content=\"El hecho ocurri\u00f3 en diciembre de 2018, en un campo de departamento San Mart\u00edn.\u00a0Este jueves...\" \/>\n<meta property=\"og:url\" content=\"https:\/\/apuntesdesanluis.com\/index.php\/2024\/12\/20\/polemico-3-anos-de-prision-en-suspenso-por-dispararle-a-otro-al-que-amputaron-una-pierna\/\" \/>\n<meta property=\"og:site_name\" content=\"Apuntes de San Luis\" \/>\n<meta property=\"article:published_time\" content=\"2024-12-20T22:11:41+00:00\" \/>\n<meta property=\"article:modified_time\" content=\"2024-12-20T22:13:14+00:00\" \/>\n<meta property=\"og:image\" content=\"https:\/\/apuntesdesanluis.com\/wp-content\/uploads\/2024\/12\/CONDENA.png\" \/>\n\t<meta property=\"og:image:width\" content=\"677\" \/>\n\t<meta property=\"og:image:height\" content=\"411\" \/>\n\t<meta property=\"og:image:type\" content=\"image\/png\" \/>\n<meta name=\"author\" content=\"apuntesdesanluis.com\" \/>\n<meta name=\"twitter:card\" content=\"summary_large_image\" \/>\n<meta name=\"twitter:label1\" content=\"Escrito por\" \/>\n\t<meta name=\"twitter:data1\" content=\"apuntesdesanluis.com\" \/>\n\t<meta name=\"twitter:label2\" content=\"Tiempo de lectura\" \/>\n\t<meta name=\"twitter:data2\" content=\"2 minutos\" \/>\n<script type=\"application\/ld+json\" class=\"yoast-schema-graph\">{\"@context\":\"https:\/\/schema.org\",\"@graph\":[{\"@type\":\"Article\",\"@id\":\"https:\/\/apuntesdesanluis.com\/index.php\/2024\/12\/20\/polemico-3-anos-de-prision-en-suspenso-por-dispararle-a-otro-al-que-amputaron-una-pierna\/#article\",\"isPartOf\":{\"@id\":\"https:\/\/apuntesdesanluis.com\/index.php\/2024\/12\/20\/polemico-3-anos-de-prision-en-suspenso-por-dispararle-a-otro-al-que-amputaron-una-pierna\/\"},\"author\":{\"name\":\"apuntesdesanluis.com\",\"@id\":\"https:\/\/apuntesdesanluis.com\/#\/schema\/person\/b55151d52296fcce64d1a72538a70b90\"},\"headline\":\"POL\u00c9MICO: 3 A\u00d1OS DE PRISI\u00d3N EN SUSPENSO POR DISPARARLE A OTRO AL QUE AMPUTARON UNA PIERNA\",\"datePublished\":\"2024-12-20T22:11:41+00:00\",\"dateModified\":\"2024-12-20T22:13:14+00:00\",\"mainEntityOfPage\":{\"@id\":\"https:\/\/apuntesdesanluis.com\/index.php\/2024\/12\/20\/polemico-3-anos-de-prision-en-suspenso-por-dispararle-a-otro-al-que-amputaron-una-pierna\/\"},\"wordCount\":356,\"publisher\":{\"@id\":\"https:\/\/apuntesdesanluis.com\/#\/schema\/person\/b55151d52296fcce64d1a72538a70b90\"},\"image\":{\"@id\":\"https:\/\/apuntesdesanluis.com\/index.php\/2024\/12\/20\/polemico-3-anos-de-prision-en-suspenso-por-dispararle-a-otro-al-que-amputaron-una-pierna\/#primaryimage\"},\"thumbnailUrl\":\"https:\/\/apuntesdesanluis.com\/wp-content\/uploads\/2024\/12\/CONDENA.png\",\"articleSection\":[\"Ciudad\/Provincia\"],\"inLanguage\":\"es-AR\"},{\"@type\":\"WebPage\",\"@id\":\"https:\/\/apuntesdesanluis.com\/index.php\/2024\/12\/20\/polemico-3-anos-de-prision-en-suspenso-por-dispararle-a-otro-al-que-amputaron-una-pierna\/\",\"url\":\"https:\/\/apuntesdesanluis.com\/index.php\/2024\/12\/20\/polemico-3-anos-de-prision-en-suspenso-por-dispararle-a-otro-al-que-amputaron-una-pierna\/\",\"name\":\"POL\u00c9MICO: 3 A\u00d1OS DE PRISI\u00d3N EN SUSPENSO POR DISPARARLE A OTRO AL QUE AMPUTARON UNA PIERNA - Apuntes de San Luis\",\"isPartOf\":{\"@id\":\"https:\/\/apuntesdesanluis.com\/#website\"},\"primaryImageOfPage\":{\"@id\":\"https:\/\/apuntesdesanluis.com\/index.php\/2024\/12\/20\/polemico-3-anos-de-prision-en-suspenso-por-dispararle-a-otro-al-que-amputaron-una-pierna\/#primaryimage\"},\"image\":{\"@id\":\"https:\/\/apuntesdesanluis.com\/index.php\/2024\/12\/20\/polemico-3-anos-de-prision-en-suspenso-por-dispararle-a-otro-al-que-amputaron-una-pierna\/#primaryimage\"},\"thumbnailUrl\":\"https:\/\/apuntesdesanluis.com\/wp-content\/uploads\/2024\/12\/CONDENA.png\",\"datePublished\":\"2024-12-20T22:11:41+00:00\",\"dateModified\":\"2024-12-20T22:13:14+00:00\",\"breadcrumb\":{\"@id\":\"https:\/\/apuntesdesanluis.com\/index.php\/2024\/12\/20\/polemico-3-anos-de-prision-en-suspenso-por-dispararle-a-otro-al-que-amputaron-una-pierna\/#breadcrumb\"},\"inLanguage\":\"es-AR\",\"potentialAction\":[{\"@type\":\"ReadAction\",\"target\":[\"https:\/\/apuntesdesanluis.com\/index.php\/2024\/12\/20\/polemico-3-anos-de-prision-en-suspenso-por-dispararle-a-otro-al-que-amputaron-una-pierna\/\"]}]},{\"@type\":\"ImageObject\",\"inLanguage\":\"es-AR\",\"@id\":\"https:\/\/apuntesdesanluis.com\/index.php\/2024\/12\/20\/polemico-3-anos-de-prision-en-suspenso-por-dispararle-a-otro-al-que-amputaron-una-pierna\/#primaryimage\",\"url\":\"https:\/\/apuntesdesanluis.com\/wp-content\/uploads\/2024\/12\/CONDENA.png\",\"contentUrl\":\"https:\/\/apuntesdesanluis.com\/wp-content\/uploads\/2024\/12\/CONDENA.png\",\"width\":677,\"height\":411},{\"@type\":\"BreadcrumbList\",\"@id\":\"https:\/\/apuntesdesanluis.com\/index.php\/2024\/12\/20\/polemico-3-anos-de-prision-en-suspenso-por-dispararle-a-otro-al-que-amputaron-una-pierna\/#breadcrumb\",\"itemListElement\":[{\"@type\":\"ListItem\",\"position\":1,\"name\":\"Inicio\",\"item\":\"https:\/\/apuntesdesanluis.com\/\"},{\"@type\":\"ListItem\",\"position\":2,\"name\":\"POL\u00c9MICO: 3 A\u00d1OS DE PRISI\u00d3N EN SUSPENSO POR DISPARARLE A OTRO AL QUE AMPUTARON UNA PIERNA\"}]},{\"@type\":\"WebSite\",\"@id\":\"https:\/\/apuntesdesanluis.com\/#website\",\"url\":\"https:\/\/apuntesdesanluis.com\/\",\"name\":\"Apuntes de San Luis\",\"description\":\"\",\"publisher\":{\"@id\":\"https:\/\/apuntesdesanluis.com\/#\/schema\/person\/b55151d52296fcce64d1a72538a70b90\"},\"potentialAction\":[{\"@type\":\"SearchAction\",\"target\":{\"@type\":\"EntryPoint\",\"urlTemplate\":\"https:\/\/apuntesdesanluis.com\/?s={search_term_string}\"},\"query-input\":{\"@type\":\"PropertyValueSpecification\",\"valueRequired\":true,\"valueName\":\"search_term_string\"}}],\"inLanguage\":\"es-AR\"},{\"@type\":[\"Person\",\"Organization\"],\"@id\":\"https:\/\/apuntesdesanluis.com\/#\/schema\/person\/b55151d52296fcce64d1a72538a70b90\",\"name\":\"apuntesdesanluis.com\",\"image\":{\"@type\":\"ImageObject\",\"inLanguage\":\"es-AR\",\"@id\":\"https:\/\/apuntesdesanluis.com\/#\/schema\/person\/image\/\",\"url\":\"https:\/\/apuntesdesanluis.com\/wp-content\/uploads\/2023\/07\/cropped-apuntesdesanluis.png\",\"contentUrl\":\"https:\/\/apuntesdesanluis.com\/wp-content\/uploads\/2023\/07\/cropped-apuntesdesanluis.png\",\"width\":450,\"height\":112,\"caption\":\"apuntesdesanluis.com\"},\"logo\":{\"@id\":\"https:\/\/apuntesdesanluis.com\/#\/schema\/person\/image\/\"},\"sameAs\":[\"https:\/\/apuntesdesanluis.com\"],\"url\":\"https:\/\/apuntesdesanluis.com\/index.php\/author\/apuntesdesanluis-com\/\"}]}<\/script>\n<!-- \/ Yoast SEO plugin. -->","yoast_head_json":{"title":"POL\u00c9MICO: 3 A\u00d1OS DE PRISI\u00d3N EN SUSPENSO POR DISPARARLE A OTRO AL QUE AMPUTARON UNA PIERNA - Apuntes de San Luis","robots":{"index":"index","follow":"follow","max-snippet":"max-snippet:-1","max-image-preview":"max-image-preview:large","max-video-preview":"max-video-preview:-1"},"canonical":"https:\/\/apuntesdesanluis.com\/index.php\/2024\/12\/20\/polemico-3-anos-de-prision-en-suspenso-por-dispararle-a-otro-al-que-amputaron-una-pierna\/","og_locale":"es_ES","og_type":"article","og_title":"POL\u00c9MICO: 3 A\u00d1OS DE PRISI\u00d3N EN SUSPENSO POR DISPARARLE A OTRO AL QUE AMPUTARON UNA PIERNA - Apuntes de San Luis","og_description":"El hecho ocurri\u00f3 en diciembre de 2018, en un campo de departamento San Mart\u00edn.\u00a0Este jueves...","og_url":"https:\/\/apuntesdesanluis.com\/index.php\/2024\/12\/20\/polemico-3-anos-de-prision-en-suspenso-por-dispararle-a-otro-al-que-amputaron-una-pierna\/","og_site_name":"Apuntes de San Luis","article_published_time":"2024-12-20T22:11:41+00:00","article_modified_time":"2024-12-20T22:13:14+00:00","og_image":[{"width":677,"height":411,"url":"https:\/\/apuntesdesanluis.com\/wp-content\/uploads\/2024\/12\/CONDENA.png","type":"image\/png"}],"author":"apuntesdesanluis.com","twitter_card":"summary_large_image","twitter_misc":{"Escrito por":"apuntesdesanluis.com","Tiempo de lectura":"2 minutos"},"schema":{"@context":"https:\/\/schema.org","@graph":[{"@type":"Article","@id":"https:\/\/apuntesdesanluis.com\/index.php\/2024\/12\/20\/polemico-3-anos-de-prision-en-suspenso-por-dispararle-a-otro-al-que-amputaron-una-pierna\/#article","isPartOf":{"@id":"https:\/\/apuntesdesanluis.com\/index.php\/2024\/12\/20\/polemico-3-anos-de-prision-en-suspenso-por-dispararle-a-otro-al-que-amputaron-una-pierna\/"},"author":{"name":"apuntesdesanluis.com","@id":"https:\/\/apuntesdesanluis.com\/#\/schema\/person\/b55151d52296fcce64d1a72538a70b90"},"headline":"POL\u00c9MICO: 3 A\u00d1OS DE PRISI\u00d3N EN SUSPENSO POR DISPARARLE A OTRO AL QUE AMPUTARON UNA PIERNA","datePublished":"2024-12-20T22:11:41+00:00","dateModified":"2024-12-20T22:13:14+00:00","mainEntityOfPage":{"@id":"https:\/\/apuntesdesanluis.com\/index.php\/2024\/12\/20\/polemico-3-anos-de-prision-en-suspenso-por-dispararle-a-otro-al-que-amputaron-una-pierna\/"},"wordCount":356,"publisher":{"@id":"https:\/\/apuntesdesanluis.com\/#\/schema\/person\/b55151d52296fcce64d1a72538a70b90"},"image":{"@id":"https:\/\/apuntesdesanluis.com\/index.php\/2024\/12\/20\/polemico-3-anos-de-prision-en-suspenso-por-dispararle-a-otro-al-que-amputaron-una-pierna\/#primaryimage"},"thumbnailUrl":"https:\/\/apuntesdesanluis.com\/wp-content\/uploads\/2024\/12\/CONDENA.png","articleSection":["Ciudad\/Provincia"],"inLanguage":"es-AR"},{"@type":"WebPage","@id":"https:\/\/apuntesdesanluis.com\/index.php\/2024\/12\/20\/polemico-3-anos-de-prision-en-suspenso-por-dispararle-a-otro-al-que-amputaron-una-pierna\/","url":"https:\/\/apuntesdesanluis.com\/index.php\/2024\/12\/20\/polemico-3-anos-de-prision-en-suspenso-por-dispararle-a-otro-al-que-amputaron-una-pierna\/","name":"POL\u00c9MICO: 3 A\u00d1OS DE PRISI\u00d3N EN SUSPENSO POR DISPARARLE A OTRO AL QUE AMPUTARON UNA PIERNA - Apuntes de San Luis","isPartOf":{"@id":"https:\/\/apuntesdesanluis.com\/#website"},"primaryImageOfPage":{"@id":"https:\/\/apuntesdesanluis.com\/index.php\/2024\/12\/20\/polemico-3-anos-de-prision-en-suspenso-por-dispararle-a-otro-al-que-amputaron-una-pierna\/#primaryimage"},"image":{"@id":"https:\/\/apuntesdesanluis.com\/index.php\/2024\/12\/20\/polemico-3-anos-de-prision-en-suspenso-por-dispararle-a-otro-al-que-amputaron-una-pierna\/#primaryimage"},"thumbnailUrl":"https:\/\/apuntesdesanluis.com\/wp-content\/uploads\/2024\/12\/CONDENA.png","datePublished":"2024-12-20T22:11:41+00:00","dateModified":"2024-12-20T22:13:14+00:00","breadcrumb":{"@id":"https:\/\/apuntesdesanluis.com\/index.php\/2024\/12\/20\/polemico-3-anos-de-prision-en-suspenso-por-dispararle-a-otro-al-que-amputaron-una-pierna\/#breadcrumb"},"inLanguage":"es-AR","potentialAction":[{"@type":"ReadAction","target":["https:\/\/apuntesdesanluis.com\/index.php\/2024\/12\/20\/polemico-3-anos-de-prision-en-suspenso-por-dispararle-a-otro-al-que-amputaron-una-pierna\/"]}]},{"@type":"ImageObject","inLanguage":"es-AR","@id":"https:\/\/apuntesdesanluis.com\/index.php\/2024\/12\/20\/polemico-3-anos-de-prision-en-suspenso-por-dispararle-a-otro-al-que-amputaron-una-pierna\/#primaryimage","url":"https:\/\/apuntesdesanluis.com\/wp-content\/uploads\/2024\/12\/CONDENA.png","contentUrl":"https:\/\/apuntesdesanluis.com\/wp-content\/uploads\/2024\/12\/CONDENA.png","width":677,"height":411},{"@type":"BreadcrumbList","@id":"https:\/\/apuntesdesanluis.com\/index.php\/2024\/12\/20\/polemico-3-anos-de-prision-en-suspenso-por-dispararle-a-otro-al-que-amputaron-una-pierna\/#breadcrumb","itemListElement":[{"@type":"ListItem","position":1,"name":"Inicio","item":"https:\/\/apuntesdesanluis.com\/"},{"@type":"ListItem","position":2,"name":"POL\u00c9MICO: 3 A\u00d1OS DE PRISI\u00d3N EN SUSPENSO POR DISPARARLE A OTRO AL QUE AMPUTARON UNA PIERNA"}]},{"@type":"WebSite","@id":"https:\/\/apuntesdesanluis.com\/#website","url":"https:\/\/apuntesdesanluis.com\/","name":"Apuntes de San Luis","description":"","publisher":{"@id":"https:\/\/apuntesdesanluis.com\/#\/schema\/person\/b55151d52296fcce64d1a72538a70b90"},"potentialAction":[{"@type":"SearchAction","target":{"@type":"EntryPoint","urlTemplate":"https:\/\/apuntesdesanluis.com\/?s={search_term_string}"},"query-input":{"@type":"PropertyValueSpecification","valueRequired":true,"valueName":"search_term_string"}}],"inLanguage":"es-AR"},{"@type":["Person","Organization"],"@id":"https:\/\/apuntesdesanluis.com\/#\/schema\/person\/b55151d52296fcce64d1a72538a70b90","name":"apuntesdesanluis.com","image":{"@type":"ImageObject","inLanguage":"es-AR","@id":"https:\/\/apuntesdesanluis.com\/#\/schema\/person\/image\/","url":"https:\/\/apuntesdesanluis.com\/wp-content\/uploads\/2023\/07\/cropped-apuntesdesanluis.png","contentUrl":"https:\/\/apuntesdesanluis.com\/wp-content\/uploads\/2023\/07\/cropped-apuntesdesanluis.png","width":450,"height":112,"caption":"apuntesdesanluis.com"},"logo":{"@id":"https:\/\/apuntesdesanluis.com\/#\/schema\/person\/image\/"},"sameAs":["https:\/\/apuntesdesanluis.com"],"url":"https:\/\/apuntesdesanluis.com\/index.php\/author\/apuntesdesanluis-com\/"}]}},"featured_image_urls":{"full":["https:\/\/apuntesdesanluis.com\/wp-content\/uploads\/2024\/12\/CONDENA.png",677,411,false],"thumbnail":["https:\/\/apuntesdesanluis.com\/wp-content\/uploads\/2024\/12\/CONDENA-150x150.png",150,150,true],"medium":["https:\/\/apuntesdesanluis.com\/wp-content\/uploads\/2024\/12\/CONDENA-300x182.png",300,182,true],"medium_large":["https:\/\/apuntesdesanluis.com\/wp-content\/uploads\/2024\/12\/CONDENA.png",640,389,false],"large":["https:\/\/apuntesdesanluis.com\/wp-content\/uploads\/2024\/12\/CONDENA.png",640,389,false],"1536x1536":["https:\/\/apuntesdesanluis.com\/wp-content\/uploads\/2024\/12\/CONDENA.png",677,411,false],"2048x2048":["https:\/\/apuntesdesanluis.com\/wp-content\/uploads\/2024\/12\/CONDENA.png",677,411,false],"newsever-slider-full":["https:\/\/apuntesdesanluis.com\/wp-content\/uploads\/2024\/12\/CONDENA.png",677,411,false],"newsever-featured":["https:\/\/apuntesdesanluis.com\/wp-content\/uploads\/2024\/12\/CONDENA.png",677,411,false],"newsever-medium":["https:\/\/apuntesdesanluis.com\/wp-content\/uploads\/2024\/12\/CONDENA.png",677,411,false]},"author_info":{"display_name":"apuntesdesanluis.com","author_link":"https:\/\/apuntesdesanluis.com\/index.php\/author\/apuntesdesanluis-com\/"},"category_info":"<a href=\"https:\/\/apuntesdesanluis.com\/index.php\/category\/ciudad-provincia\/\" rel=\"category tag\">Ciudad\/Provincia<\/a>","tag_info":"Ciudad\/Provincia","comment_count":"0","_links":{"self":[{"href":"https:\/\/apuntesdesanluis.com\/index.php\/wp-json\/wp\/v2\/posts\/26984","targetHints":{"allow":["GET"]}}],"collection":[{"href":"https:\/\/apuntesdesanluis.com\/index.php\/wp-json\/wp\/v2\/posts"}],"about":[{"href":"https:\/\/apuntesdesanluis.com\/index.php\/wp-json\/wp\/v2\/types\/post"}],"author":[{"embeddable":true,"href":"https:\/\/apuntesdesanluis.com\/index.php\/wp-json\/wp\/v2\/users\/1"}],"replies":[{"embeddable":true,"href":"https:\/\/apuntesdesanluis.com\/index.php\/wp-json\/wp\/v2\/comments?post=26984"}],"version-history":[{"count":2,"href":"https:\/\/apuntesdesanluis.com\/index.php\/wp-json\/wp\/v2\/posts\/26984\/revisions"}],"predecessor-version":[{"id":26987,"href":"https:\/\/apuntesdesanluis.com\/index.php\/wp-json\/wp\/v2\/posts\/26984\/revisions\/26987"}],"wp:featuredmedia":[{"embeddable":true,"href":"https:\/\/apuntesdesanluis.com\/index.php\/wp-json\/wp\/v2\/media\/26985"}],"wp:attachment":[{"href":"https:\/\/apuntesdesanluis.com\/index.php\/wp-json\/wp\/v2\/media?parent=26984"}],"wp:term":[{"taxonomy":"category","embeddable":true,"href":"https:\/\/apuntesdesanluis.com\/index.php\/wp-json\/wp\/v2\/categories?post=26984"},{"taxonomy":"post_tag","embeddable":true,"href":"https:\/\/apuntesdesanluis.com\/index.php\/wp-json\/wp\/v2\/tags?post=26984"}],"curies":[{"name":"wp","href":"https:\/\/api.w.org\/{rel}","templated":true}]}}