{"id":26992,"date":"2024-12-20T19:50:22","date_gmt":"2024-12-20T22:50:22","guid":{"rendered":"https:\/\/apuntesdesanluis.com\/?p=26992"},"modified":"2024-12-20T19:50:22","modified_gmt":"2024-12-20T22:50:22","slug":"la-beca-al-merito-sumara-a-800-nuevos-estudiantes-con-monto-actualizado","status":"publish","type":"post","link":"https:\/\/apuntesdesanluis.com\/index.php\/2024\/12\/20\/la-beca-al-merito-sumara-a-800-nuevos-estudiantes-con-monto-actualizado\/","title":{"rendered":"LA BECA AL M\u00c9RITO SUMAR\u00c1 A 800 NUEVOS ESTUDIANTES CON MONTO ACTUALIZADO"},"content":{"rendered":"<h3>Los ocho estudiantes que este viernes compartieron un desayuno con el gobernador <strong>Claudio Poggi<\/strong> y el ministro de Educaci\u00f3n, <strong>Guillermo Araujo<\/strong>, destacaron lo mismo: que se trat\u00f3 de una reuni\u00f3n amena, sumamente distendida y en la que no solo pudieron hablarle de sus logros, sino trasmitirle inquietudes y vivencias en su paso por la secundaria y que ambos tomaron como t\u00f3picos a mejorar.<\/h3>\n<h3>Al concluir el encuentro, Araujo anunci\u00f3 que el monto de la beca pasar\u00e1 de $265.000 a $300.000 mensuales, equiparado para todos los que forman parte del programa, y que los 800 nuevos becarios surgidos de este a\u00f1o escolar recibir\u00e1n el decreto que los habilita a cobrar el dinero desde el <strong>pr\u00f3ximo 1\u00ba de febrero.<\/strong><\/h3>\n<p><img fetchpriority=\"high\" decoding=\"async\" class=\"wp-image-26994 aligncenter\" src=\"https:\/\/apuntesdesanluis.com\/wp-content\/uploads\/2024\/12\/desayuno-300x184.png\" alt=\"\" width=\"634\" height=\"389\" srcset=\"https:\/\/apuntesdesanluis.com\/wp-content\/uploads\/2024\/12\/desayuno-300x184.png 300w, https:\/\/apuntesdesanluis.com\/wp-content\/uploads\/2024\/12\/desayuno.png 658w\" sizes=\"(max-width: 634px) 100vw, 634px\" \/><\/p>\n<h3><strong>Los agasajados fueron M\u00eda Ail\u00e9n Mart\u00edn y Milagros<\/strong> <strong>M\u00e9ndez<\/strong>, de las escuelas \u201cLuis \u00c1ngel Luco\u201d y \u201cJuan Esteban Pedernera\u201d de Villa Mercedes; <strong>Sof\u00eda Magal\u00ed Paratone<\/strong>, de la escuela \u201cJes\u00fas Obrero\u201d de Justo Daract;\u00a0 <strong>Santiago Emanuel Oviedo<\/strong>, de la escuela \u201cRosenda Quiroga\u201d de La Punta; <strong>Lourdes Virginia Vieira<\/strong>, del colegio \u201cDon Bosco\u201d de la capital; <strong>Luisana Borsani<\/strong>, de la escuela \u201cElena Ossola de Horas\u201d de Naschel; <strong>Natalia Lisette Garro<\/strong>, de la escuela \u201cManuel Belgrano\u201d de La Toma; y <strong>Milagros Coria<\/strong>, de la escuela \u201cInspector Rosario Mu\u00f1oz Sarmiento\u201d de El Zapallar.<\/h3>\n<h3>\u201cComo de costumbre, el Gobernador desayun\u00f3 con chicos merecedores de la Beca al M\u00e9rito, en esta oportunidad con estudiantes egresados de este a\u00f1o que han obtenido los primeros promedios en cada una de sus escuelas y que vienen de toda la provincia, incluso de escuelas rurales\u201d, cont\u00f3 Araujo.<\/h3>\n<p><iframe title=\"Guillermo Araujo, ministro de Educaci\u00f3n\" width=\"640\" height=\"360\" src=\"https:\/\/www.youtube.com\/embed\/VL5EmnCQVmU?feature=oembed\" frameborder=\"0\" allow=\"accelerometer; autoplay; clipboard-write; encrypted-media; gyroscope; picture-in-picture; web-share\" referrerpolicy=\"strict-origin-when-cross-origin\" allowfullscreen><\/iframe><\/p>\n<h3>El ministro explic\u00f3 que a\u00fan esperan informes de varias escuelas de la provincia para conformar la lista final de los nuevos becarios que van a incorporarse al sistema, que son cerca de 800, \u201cy que van a empezar a cobrar la beca entre el 1\u00ba y el 10 febrero del a\u00f1o que viene, por un monto que va a rondar los 300.000 mil pesos que\u00a0 les van a servir para que puedan solventar sus estudios en el nivel Superior\u201d, detall\u00f3, y aclar\u00f3 que ir\u00e1n comunic\u00e1ndose personalmente con cada nuevo becario en las pr\u00f3ximas semanas para explicarles el proceso.<\/h3>\n<p>&nbsp;<\/p>\n<p>&nbsp;<\/p>\n<p>&nbsp;<\/p>\n","protected":false},"excerpt":{"rendered":"<p>Los ocho estudiantes que este viernes compartieron un desayuno con el gobernador Claudio Poggi y&#8230;<\/p>\n","protected":false},"author":1,"featured_media":26993,"comment_status":"closed","ping_status":"closed","sticky":false,"template":"","format":"standard","meta":{"footnotes":""},"categories":[6],"tags":[],"class_list":["post-26992","post","type-post","status-publish","format-standard","has-post-thumbnail","hentry","category-ciudad-provincia"],"yoast_head":"<!-- This site is optimized with the Yoast SEO plugin v26.1.1 - https:\/\/yoast.com\/wordpress\/plugins\/seo\/ -->\n<title>LA BECA AL M\u00c9RITO SUMAR\u00c1 A 800 NUEVOS ESTUDIANTES CON MONTO ACTUALIZADO - Apuntes de San Luis<\/title>\n<meta name=\"robots\" content=\"index, follow, max-snippet:-1, max-image-preview:large, max-video-preview:-1\" \/>\n<link rel=\"canonical\" href=\"https:\/\/apuntesdesanluis.com\/index.php\/2024\/12\/20\/la-beca-al-merito-sumara-a-800-nuevos-estudiantes-con-monto-actualizado\/\" \/>\n<meta property=\"og:locale\" content=\"es_ES\" \/>\n<meta property=\"og:type\" content=\"article\" \/>\n<meta property=\"og:title\" content=\"LA BECA AL M\u00c9RITO SUMAR\u00c1 A 800 NUEVOS ESTUDIANTES CON MONTO ACTUALIZADO - Apuntes de San Luis\" \/>\n<meta property=\"og:description\" content=\"Los ocho estudiantes que este viernes compartieron un desayuno con el gobernador Claudio Poggi y...\" \/>\n<meta property=\"og:url\" content=\"https:\/\/apuntesdesanluis.com\/index.php\/2024\/12\/20\/la-beca-al-merito-sumara-a-800-nuevos-estudiantes-con-monto-actualizado\/\" \/>\n<meta property=\"og:site_name\" content=\"Apuntes de San Luis\" \/>\n<meta property=\"article:published_time\" content=\"2024-12-20T22:50:22+00:00\" \/>\n<meta property=\"og:image\" content=\"https:\/\/apuntesdesanluis.com\/wp-content\/uploads\/2024\/12\/becas-al-merito.png\" \/>\n\t<meta property=\"og:image:width\" content=\"1049\" \/>\n\t<meta property=\"og:image:height\" content=\"581\" \/>\n\t<meta property=\"og:image:type\" content=\"image\/png\" \/>\n<meta name=\"author\" content=\"apuntesdesanluis.com\" \/>\n<meta name=\"twitter:card\" content=\"summary_large_image\" \/>\n<meta name=\"twitter:label1\" content=\"Escrito por\" \/>\n\t<meta name=\"twitter:data1\" content=\"apuntesdesanluis.com\" \/>\n\t<meta name=\"twitter:label2\" content=\"Tiempo de lectura\" \/>\n\t<meta name=\"twitter:data2\" content=\"3 minutos\" \/>\n<script type=\"application\/ld+json\" class=\"yoast-schema-graph\">{\"@context\":\"https:\/\/schema.org\",\"@graph\":[{\"@type\":\"Article\",\"@id\":\"https:\/\/apuntesdesanluis.com\/index.php\/2024\/12\/20\/la-beca-al-merito-sumara-a-800-nuevos-estudiantes-con-monto-actualizado\/#article\",\"isPartOf\":{\"@id\":\"https:\/\/apuntesdesanluis.com\/index.php\/2024\/12\/20\/la-beca-al-merito-sumara-a-800-nuevos-estudiantes-con-monto-actualizado\/\"},\"author\":{\"name\":\"apuntesdesanluis.com\",\"@id\":\"https:\/\/apuntesdesanluis.com\/#\/schema\/person\/b55151d52296fcce64d1a72538a70b90\"},\"headline\":\"LA BECA AL M\u00c9RITO SUMAR\u00c1 A 800 NUEVOS ESTUDIANTES CON MONTO ACTUALIZADO\",\"datePublished\":\"2024-12-20T22:50:22+00:00\",\"mainEntityOfPage\":{\"@id\":\"https:\/\/apuntesdesanluis.com\/index.php\/2024\/12\/20\/la-beca-al-merito-sumara-a-800-nuevos-estudiantes-con-monto-actualizado\/\"},\"wordCount\":386,\"publisher\":{\"@id\":\"https:\/\/apuntesdesanluis.com\/#\/schema\/person\/b55151d52296fcce64d1a72538a70b90\"},\"image\":{\"@id\":\"https:\/\/apuntesdesanluis.com\/index.php\/2024\/12\/20\/la-beca-al-merito-sumara-a-800-nuevos-estudiantes-con-monto-actualizado\/#primaryimage\"},\"thumbnailUrl\":\"https:\/\/apuntesdesanluis.com\/wp-content\/uploads\/2024\/12\/becas-al-merito.png\",\"articleSection\":[\"Ciudad\/Provincia\"],\"inLanguage\":\"es-AR\"},{\"@type\":\"WebPage\",\"@id\":\"https:\/\/apuntesdesanluis.com\/index.php\/2024\/12\/20\/la-beca-al-merito-sumara-a-800-nuevos-estudiantes-con-monto-actualizado\/\",\"url\":\"https:\/\/apuntesdesanluis.com\/index.php\/2024\/12\/20\/la-beca-al-merito-sumara-a-800-nuevos-estudiantes-con-monto-actualizado\/\",\"name\":\"LA BECA AL M\u00c9RITO SUMAR\u00c1 A 800 NUEVOS ESTUDIANTES CON MONTO ACTUALIZADO - Apuntes de San Luis\",\"isPartOf\":{\"@id\":\"https:\/\/apuntesdesanluis.com\/#website\"},\"primaryImageOfPage\":{\"@id\":\"https:\/\/apuntesdesanluis.com\/index.php\/2024\/12\/20\/la-beca-al-merito-sumara-a-800-nuevos-estudiantes-con-monto-actualizado\/#primaryimage\"},\"image\":{\"@id\":\"https:\/\/apuntesdesanluis.com\/index.php\/2024\/12\/20\/la-beca-al-merito-sumara-a-800-nuevos-estudiantes-con-monto-actualizado\/#primaryimage\"},\"thumbnailUrl\":\"https:\/\/apuntesdesanluis.com\/wp-content\/uploads\/2024\/12\/becas-al-merito.png\",\"datePublished\":\"2024-12-20T22:50:22+00:00\",\"breadcrumb\":{\"@id\":\"https:\/\/apuntesdesanluis.com\/index.php\/2024\/12\/20\/la-beca-al-merito-sumara-a-800-nuevos-estudiantes-con-monto-actualizado\/#breadcrumb\"},\"inLanguage\":\"es-AR\",\"potentialAction\":[{\"@type\":\"ReadAction\",\"target\":[\"https:\/\/apuntesdesanluis.com\/index.php\/2024\/12\/20\/la-beca-al-merito-sumara-a-800-nuevos-estudiantes-con-monto-actualizado\/\"]}]},{\"@type\":\"ImageObject\",\"inLanguage\":\"es-AR\",\"@id\":\"https:\/\/apuntesdesanluis.com\/index.php\/2024\/12\/20\/la-beca-al-merito-sumara-a-800-nuevos-estudiantes-con-monto-actualizado\/#primaryimage\",\"url\":\"https:\/\/apuntesdesanluis.com\/wp-content\/uploads\/2024\/12\/becas-al-merito.png\",\"contentUrl\":\"https:\/\/apuntesdesanluis.com\/wp-content\/uploads\/2024\/12\/becas-al-merito.png\",\"width\":1049,\"height\":581},{\"@type\":\"BreadcrumbList\",\"@id\":\"https:\/\/apuntesdesanluis.com\/index.php\/2024\/12\/20\/la-beca-al-merito-sumara-a-800-nuevos-estudiantes-con-monto-actualizado\/#breadcrumb\",\"itemListElement\":[{\"@type\":\"ListItem\",\"position\":1,\"name\":\"Inicio\",\"item\":\"https:\/\/apuntesdesanluis.com\/\"},{\"@type\":\"ListItem\",\"position\":2,\"name\":\"LA BECA AL M\u00c9RITO SUMAR\u00c1 A 800 NUEVOS ESTUDIANTES CON MONTO ACTUALIZADO\"}]},{\"@type\":\"WebSite\",\"@id\":\"https:\/\/apuntesdesanluis.com\/#website\",\"url\":\"https:\/\/apuntesdesanluis.com\/\",\"name\":\"Apuntes de San Luis\",\"description\":\"\",\"publisher\":{\"@id\":\"https:\/\/apuntesdesanluis.com\/#\/schema\/person\/b55151d52296fcce64d1a72538a70b90\"},\"potentialAction\":[{\"@type\":\"SearchAction\",\"target\":{\"@type\":\"EntryPoint\",\"urlTemplate\":\"https:\/\/apuntesdesanluis.com\/?s={search_term_string}\"},\"query-input\":{\"@type\":\"PropertyValueSpecification\",\"valueRequired\":true,\"valueName\":\"search_term_string\"}}],\"inLanguage\":\"es-AR\"},{\"@type\":[\"Person\",\"Organization\"],\"@id\":\"https:\/\/apuntesdesanluis.com\/#\/schema\/person\/b55151d52296fcce64d1a72538a70b90\",\"name\":\"apuntesdesanluis.com\",\"image\":{\"@type\":\"ImageObject\",\"inLanguage\":\"es-AR\",\"@id\":\"https:\/\/apuntesdesanluis.com\/#\/schema\/person\/image\/\",\"url\":\"https:\/\/apuntesdesanluis.com\/wp-content\/uploads\/2023\/07\/cropped-apuntesdesanluis.png\",\"contentUrl\":\"https:\/\/apuntesdesanluis.com\/wp-content\/uploads\/2023\/07\/cropped-apuntesdesanluis.png\",\"width\":450,\"height\":112,\"caption\":\"apuntesdesanluis.com\"},\"logo\":{\"@id\":\"https:\/\/apuntesdesanluis.com\/#\/schema\/person\/image\/\"},\"sameAs\":[\"https:\/\/apuntesdesanluis.com\"],\"url\":\"https:\/\/apuntesdesanluis.com\/index.php\/author\/apuntesdesanluis-com\/\"}]}<\/script>\n<!-- \/ Yoast SEO plugin. -->","yoast_head_json":{"title":"LA BECA AL M\u00c9RITO SUMAR\u00c1 A 800 NUEVOS ESTUDIANTES CON MONTO ACTUALIZADO - Apuntes de San Luis","robots":{"index":"index","follow":"follow","max-snippet":"max-snippet:-1","max-image-preview":"max-image-preview:large","max-video-preview":"max-video-preview:-1"},"canonical":"https:\/\/apuntesdesanluis.com\/index.php\/2024\/12\/20\/la-beca-al-merito-sumara-a-800-nuevos-estudiantes-con-monto-actualizado\/","og_locale":"es_ES","og_type":"article","og_title":"LA BECA AL M\u00c9RITO SUMAR\u00c1 A 800 NUEVOS ESTUDIANTES CON MONTO ACTUALIZADO - Apuntes de San Luis","og_description":"Los ocho estudiantes que este viernes compartieron un desayuno con el gobernador Claudio Poggi y...","og_url":"https:\/\/apuntesdesanluis.com\/index.php\/2024\/12\/20\/la-beca-al-merito-sumara-a-800-nuevos-estudiantes-con-monto-actualizado\/","og_site_name":"Apuntes de San Luis","article_published_time":"2024-12-20T22:50:22+00:00","og_image":[{"width":1049,"height":581,"url":"https:\/\/apuntesdesanluis.com\/wp-content\/uploads\/2024\/12\/becas-al-merito.png","type":"image\/png"}],"author":"apuntesdesanluis.com","twitter_card":"summary_large_image","twitter_misc":{"Escrito por":"apuntesdesanluis.com","Tiempo de lectura":"3 minutos"},"schema":{"@context":"https:\/\/schema.org","@graph":[{"@type":"Article","@id":"https:\/\/apuntesdesanluis.com\/index.php\/2024\/12\/20\/la-beca-al-merito-sumara-a-800-nuevos-estudiantes-con-monto-actualizado\/#article","isPartOf":{"@id":"https:\/\/apuntesdesanluis.com\/index.php\/2024\/12\/20\/la-beca-al-merito-sumara-a-800-nuevos-estudiantes-con-monto-actualizado\/"},"author":{"name":"apuntesdesanluis.com","@id":"https:\/\/apuntesdesanluis.com\/#\/schema\/person\/b55151d52296fcce64d1a72538a70b90"},"headline":"LA BECA AL M\u00c9RITO SUMAR\u00c1 A 800 NUEVOS ESTUDIANTES CON MONTO ACTUALIZADO","datePublished":"2024-12-20T22:50:22+00:00","mainEntityOfPage":{"@id":"https:\/\/apuntesdesanluis.com\/index.php\/2024\/12\/20\/la-beca-al-merito-sumara-a-800-nuevos-estudiantes-con-monto-actualizado\/"},"wordCount":386,"publisher":{"@id":"https:\/\/apuntesdesanluis.com\/#\/schema\/person\/b55151d52296fcce64d1a72538a70b90"},"image":{"@id":"https:\/\/apuntesdesanluis.com\/index.php\/2024\/12\/20\/la-beca-al-merito-sumara-a-800-nuevos-estudiantes-con-monto-actualizado\/#primaryimage"},"thumbnailUrl":"https:\/\/apuntesdesanluis.com\/wp-content\/uploads\/2024\/12\/becas-al-merito.png","articleSection":["Ciudad\/Provincia"],"inLanguage":"es-AR"},{"@type":"WebPage","@id":"https:\/\/apuntesdesanluis.com\/index.php\/2024\/12\/20\/la-beca-al-merito-sumara-a-800-nuevos-estudiantes-con-monto-actualizado\/","url":"https:\/\/apuntesdesanluis.com\/index.php\/2024\/12\/20\/la-beca-al-merito-sumara-a-800-nuevos-estudiantes-con-monto-actualizado\/","name":"LA BECA AL M\u00c9RITO SUMAR\u00c1 A 800 NUEVOS ESTUDIANTES CON MONTO ACTUALIZADO - Apuntes de San Luis","isPartOf":{"@id":"https:\/\/apuntesdesanluis.com\/#website"},"primaryImageOfPage":{"@id":"https:\/\/apuntesdesanluis.com\/index.php\/2024\/12\/20\/la-beca-al-merito-sumara-a-800-nuevos-estudiantes-con-monto-actualizado\/#primaryimage"},"image":{"@id":"https:\/\/apuntesdesanluis.com\/index.php\/2024\/12\/20\/la-beca-al-merito-sumara-a-800-nuevos-estudiantes-con-monto-actualizado\/#primaryimage"},"thumbnailUrl":"https:\/\/apuntesdesanluis.com\/wp-content\/uploads\/2024\/12\/becas-al-merito.png","datePublished":"2024-12-20T22:50:22+00:00","breadcrumb":{"@id":"https:\/\/apuntesdesanluis.com\/index.php\/2024\/12\/20\/la-beca-al-merito-sumara-a-800-nuevos-estudiantes-con-monto-actualizado\/#breadcrumb"},"inLanguage":"es-AR","potentialAction":[{"@type":"ReadAction","target":["https:\/\/apuntesdesanluis.com\/index.php\/2024\/12\/20\/la-beca-al-merito-sumara-a-800-nuevos-estudiantes-con-monto-actualizado\/"]}]},{"@type":"ImageObject","inLanguage":"es-AR","@id":"https:\/\/apuntesdesanluis.com\/index.php\/2024\/12\/20\/la-beca-al-merito-sumara-a-800-nuevos-estudiantes-con-monto-actualizado\/#primaryimage","url":"https:\/\/apuntesdesanluis.com\/wp-content\/uploads\/2024\/12\/becas-al-merito.png","contentUrl":"https:\/\/apuntesdesanluis.com\/wp-content\/uploads\/2024\/12\/becas-al-merito.png","width":1049,"height":581},{"@type":"BreadcrumbList","@id":"https:\/\/apuntesdesanluis.com\/index.php\/2024\/12\/20\/la-beca-al-merito-sumara-a-800-nuevos-estudiantes-con-monto-actualizado\/#breadcrumb","itemListElement":[{"@type":"ListItem","position":1,"name":"Inicio","item":"https:\/\/apuntesdesanluis.com\/"},{"@type":"ListItem","position":2,"name":"LA BECA AL M\u00c9RITO SUMAR\u00c1 A 800 NUEVOS ESTUDIANTES CON MONTO ACTUALIZADO"}]},{"@type":"WebSite","@id":"https:\/\/apuntesdesanluis.com\/#website","url":"https:\/\/apuntesdesanluis.com\/","name":"Apuntes de San Luis","description":"","publisher":{"@id":"https:\/\/apuntesdesanluis.com\/#\/schema\/person\/b55151d52296fcce64d1a72538a70b90"},"potentialAction":[{"@type":"SearchAction","target":{"@type":"EntryPoint","urlTemplate":"https:\/\/apuntesdesanluis.com\/?s={search_term_string}"},"query-input":{"@type":"PropertyValueSpecification","valueRequired":true,"valueName":"search_term_string"}}],"inLanguage":"es-AR"},{"@type":["Person","Organization"],"@id":"https:\/\/apuntesdesanluis.com\/#\/schema\/person\/b55151d52296fcce64d1a72538a70b90","name":"apuntesdesanluis.com","image":{"@type":"ImageObject","inLanguage":"es-AR","@id":"https:\/\/apuntesdesanluis.com\/#\/schema\/person\/image\/","url":"https:\/\/apuntesdesanluis.com\/wp-content\/uploads\/2023\/07\/cropped-apuntesdesanluis.png","contentUrl":"https:\/\/apuntesdesanluis.com\/wp-content\/uploads\/2023\/07\/cropped-apuntesdesanluis.png","width":450,"height":112,"caption":"apuntesdesanluis.com"},"logo":{"@id":"https:\/\/apuntesdesanluis.com\/#\/schema\/person\/image\/"},"sameAs":["https:\/\/apuntesdesanluis.com"],"url":"https:\/\/apuntesdesanluis.com\/index.php\/author\/apuntesdesanluis-com\/"}]}},"featured_image_urls":{"full":["https:\/\/apuntesdesanluis.com\/wp-content\/uploads\/2024\/12\/becas-al-merito.png",1049,581,false],"thumbnail":["https:\/\/apuntesdesanluis.com\/wp-content\/uploads\/2024\/12\/becas-al-merito-150x150.png",150,150,true],"medium":["https:\/\/apuntesdesanluis.com\/wp-content\/uploads\/2024\/12\/becas-al-merito-300x166.png",300,166,true],"medium_large":["https:\/\/apuntesdesanluis.com\/wp-content\/uploads\/2024\/12\/becas-al-merito-768x425.png",640,354,true],"large":["https:\/\/apuntesdesanluis.com\/wp-content\/uploads\/2024\/12\/becas-al-merito-1024x567.png",640,354,true],"1536x1536":["https:\/\/apuntesdesanluis.com\/wp-content\/uploads\/2024\/12\/becas-al-merito.png",1049,581,false],"2048x2048":["https:\/\/apuntesdesanluis.com\/wp-content\/uploads\/2024\/12\/becas-al-merito.png",1049,581,false],"newsever-slider-full":["https:\/\/apuntesdesanluis.com\/wp-content\/uploads\/2024\/12\/becas-al-merito.png",1049,581,false],"newsever-featured":["https:\/\/apuntesdesanluis.com\/wp-content\/uploads\/2024\/12\/becas-al-merito-1024x567.png",1024,567,true],"newsever-medium":["https:\/\/apuntesdesanluis.com\/wp-content\/uploads\/2024\/12\/becas-al-merito-720x475.png",720,475,true]},"author_info":{"display_name":"apuntesdesanluis.com","author_link":"https:\/\/apuntesdesanluis.com\/index.php\/author\/apuntesdesanluis-com\/"},"category_info":"<a href=\"https:\/\/apuntesdesanluis.com\/index.php\/category\/ciudad-provincia\/\" rel=\"category tag\">Ciudad\/Provincia<\/a>","tag_info":"Ciudad\/Provincia","comment_count":"0","_links":{"self":[{"href":"https:\/\/apuntesdesanluis.com\/index.php\/wp-json\/wp\/v2\/posts\/26992","targetHints":{"allow":["GET"]}}],"collection":[{"href":"https:\/\/apuntesdesanluis.com\/index.php\/wp-json\/wp\/v2\/posts"}],"about":[{"href":"https:\/\/apuntesdesanluis.com\/index.php\/wp-json\/wp\/v2\/types\/post"}],"author":[{"embeddable":true,"href":"https:\/\/apuntesdesanluis.com\/index.php\/wp-json\/wp\/v2\/users\/1"}],"replies":[{"embeddable":true,"href":"https:\/\/apuntesdesanluis.com\/index.php\/wp-json\/wp\/v2\/comments?post=26992"}],"version-history":[{"count":1,"href":"https:\/\/apuntesdesanluis.com\/index.php\/wp-json\/wp\/v2\/posts\/26992\/revisions"}],"predecessor-version":[{"id":26995,"href":"https:\/\/apuntesdesanluis.com\/index.php\/wp-json\/wp\/v2\/posts\/26992\/revisions\/26995"}],"wp:featuredmedia":[{"embeddable":true,"href":"https:\/\/apuntesdesanluis.com\/index.php\/wp-json\/wp\/v2\/media\/26993"}],"wp:attachment":[{"href":"https:\/\/apuntesdesanluis.com\/index.php\/wp-json\/wp\/v2\/media?parent=26992"}],"wp:term":[{"taxonomy":"category","embeddable":true,"href":"https:\/\/apuntesdesanluis.com\/index.php\/wp-json\/wp\/v2\/categories?post=26992"},{"taxonomy":"post_tag","embeddable":true,"href":"https:\/\/apuntesdesanluis.com\/index.php\/wp-json\/wp\/v2\/tags?post=26992"}],"curies":[{"name":"wp","href":"https:\/\/api.w.org\/{rel}","templated":true}]}}