{"id":26996,"date":"2024-12-20T20:01:46","date_gmt":"2024-12-20T23:01:46","guid":{"rendered":"https:\/\/apuntesdesanluis.com\/?p=26996"},"modified":"2024-12-20T20:02:06","modified_gmt":"2024-12-20T23:02:06","slug":"asociacion-ilicita-tribunal-rechazo-argumentos-de-la-defensa-de-dos-de-los-acusados","status":"publish","type":"post","link":"https:\/\/apuntesdesanluis.com\/index.php\/2024\/12\/20\/asociacion-ilicita-tribunal-rechazo-argumentos-de-la-defensa-de-dos-de-los-acusados\/","title":{"rendered":"ASOCIACI\u00d3N IL\u00cdCITA: TRIBUNAL RECHAZ\u00d3 ARGUMENTOS DE LA DEFENSA DE DOS DE LOS ACUSADOS"},"content":{"rendered":"<h3>Este viernes por la ma\u00f1ana se llev\u00f3 a cabo una audiencia de control de acusaci\u00f3n en el marco de una causa que investiga una presunta asociaci\u00f3n il\u00edcita dedicada a la venta de veh\u00edculos con documentaci\u00f3n falsificada. Durante la audiencia, los abogados defensores Iv\u00e1n Coria, en representaci\u00f3n de Eve Tapia, y Facundo Sosa en defensa de Eric Quevedo, solicitaron la revisi\u00f3n de lo resuelto en Primera Instancia. Los letrados presentaron cr\u00edticas a la investigaci\u00f3n y a las pruebas recolectadas en el caso.<\/h3>\n<h3>\u201cA mi defendido se le atribuye formar parte de una asociaci\u00f3n il\u00edcita, una acusaci\u00f3n que hemos cuestionado tras analizar el expediente, ya que no existen pruebas de que tenga relaci\u00f3n o conexi\u00f3n alguna con los supuestos l\u00edderes de esta organizaci\u00f3n\u201d, argument\u00f3 Iv\u00e1n Coria, abogado de Tapia. Adem\u00e1s, destac\u00f3 que su cliente es analfabeto y trabaja en un lavadero de autos, donde recib\u00eda una comisi\u00f3n por facilitar las ventas de veh\u00edculos. Explic\u00f3 tambi\u00e9n que el dinero incautado en uno de los allanamientos, la suma de $2.600.000, era destinado a la compra de un autom\u00f3vil por parte del yerno de Tapia, quien le hab\u00eda pedido que lo resguardara.<\/h3>\n<h3>Por su parte, el Fiscal Subrogante de Instrucci\u00f3n N\u00ba 2, Esteban Roche, actu\u00f3 en representaci\u00f3n del Ministerio P\u00fablico Fiscal (MPF) y requiri\u00f3 al tribunal que desestime el planteo de la Defensa. \u201cSe trata de una investigaci\u00f3n compleja que involucra a 14 acusados. Es prematuro discutir el rol espec\u00edfico de cada uno en esta etapa inicial de la Investigaci\u00f3n Penal Preparatoria. Estos aspectos se determinar\u00e1n m\u00e1s adelante\u201d, declar\u00f3 Roche. Tambi\u00e9n subray\u00f3 que, seg\u00fan los informes y an\u00e1lisis telef\u00f3nicos, Tapia era identificado con el alias \u201cTito\u201d, informaci\u00f3n corroborada mediante datos policiales y comunicaciones interceptadas.<\/h3>\n<h3><img fetchpriority=\"high\" decoding=\"async\" class=\"wp-image-26998 aligncenter\" src=\"https:\/\/apuntesdesanluis.com\/wp-content\/uploads\/2024\/12\/ASOIC.-ILC-300x187.png\" alt=\"\" width=\"658\" height=\"410\" srcset=\"https:\/\/apuntesdesanluis.com\/wp-content\/uploads\/2024\/12\/ASOIC.-ILC-300x187.png 300w, https:\/\/apuntesdesanluis.com\/wp-content\/uploads\/2024\/12\/ASOIC.-ILC.png 691w\" sizes=\"(max-width: 658px) 100vw, 658px\" \/><\/h3>\n<h3>Facundo Sosa, defensor de Quevedo, tambi\u00e9n refut\u00f3 las acusaciones, y dijo que los informes recopilados no mencionan a su cliente de forma directa. Lo \u00fanico que lo vincularon fueron cuatro fotograf\u00edas de marzo de 2024 en redes sociales, donde aparece en un boliche, sostuvo el abogado. Adem\u00e1s, argument\u00f3 que Quevedo no cuenta con antecedentes penales y que la prisi\u00f3n preventiva podr\u00eda perjudicar su futuro, especialmente considerando su condici\u00f3n de extranjero. Sin embargo, el fiscal Roche respondi\u00f3 que su pasaporte est\u00e1 vigente y la posibilidad de salir del pa\u00eds representa un evidente peligro de fuga.<\/h3>\n<h3>El Fiscal tambi\u00e9n destac\u00f3 que Tapia enfrentaba una causa en el fuero Federal y que pesaba sobre \u00e9l una prisi\u00f3n preventiva dictada en ese \u00e1mbito. Agreg\u00f3 que durante la formulaci\u00f3n de cargos se hab\u00edan presentado 23 evidencias que vinculaban a los acusados con m\u00e1s de 50 casos de estafas y encubrimiento.<\/h3>\n<h3><img decoding=\"async\" class=\"wp-image-26999 aligncenter\" src=\"https:\/\/apuntesdesanluis.com\/wp-content\/uploads\/2024\/12\/FISCAL-300x174.png\" alt=\"\" width=\"662\" height=\"384\" srcset=\"https:\/\/apuntesdesanluis.com\/wp-content\/uploads\/2024\/12\/FISCAL-300x174.png 300w, https:\/\/apuntesdesanluis.com\/wp-content\/uploads\/2024\/12\/FISCAL.png 707w\" sizes=\"(max-width: 662px) 100vw, 662px\" \/><\/h3>\n<h3>Tras analizar los argumentos, el tribunal, integrado por el presidente Jorge Sabaini Zapata y las juezas Laura Molino y Monserrath Bocca -presente en la audiencia de manera virtual-, resolvi\u00f3 de manera un\u00e1nime rechazar la solicitud de los abogados defensores. Sabaini Zapata coincidi\u00f3 con los fundamentos del fiscal y se\u00f1al\u00f3 que la calificaci\u00f3n de asociaci\u00f3n il\u00edcita no estaba en discusi\u00f3n en esta instancia. \u201cLo que corresponde ahora es resguardar el desarrollo de la investigaci\u00f3n, dado su nivel de complejidad y el potencial involucramiento de otras personas\u201d, concluy\u00f3 el Presidente del Tribunal.<\/h3>\n<h3><strong>EL CASO<\/strong><\/h3>\n<h3>Seg\u00fan la investigaci\u00f3n, la banda operaba de manera sofisticada y se dedicaba presuntamente a la comercializaci\u00f3n de veh\u00edculos con documentaci\u00f3n falsificada. El modus operandi inclu\u00eda la adquisici\u00f3n de autom\u00f3viles en Mendoza y su venta en San Luis utilizando c\u00e9dulas de identificaci\u00f3n vehicular, certificados notariales y formularios de registro automotor fraudulentos.<\/h3>\n<h3>El grupo empleaba la plataforma de ventas Facebook para contactar a sus v\u00edctimas mediante perfiles falsos, haci\u00e9ndose pasar por los leg\u00edtimos propietarios. Para ganar confianza, utilizaban distintos n\u00fameros telef\u00f3nicos y organizaban reuniones en persona, donde exhib\u00edan documentos aparentemente aut\u00e9nticos, como el formulario 08 con presunta certificaci\u00f3n notarial.<\/h3>\n<h3>Sin embargo, los investigadores detectaron irregularidades al identificar que todos los documentos conten\u00edan el mismo n\u00famero de certificaci\u00f3n notarial, correspondiente al registro notarial 51, y el mismo n\u00famero de documento, aunque con distintos nombres de firmantes. La investigaci\u00f3n, que abarca casos desde 2021, tambi\u00e9n revel\u00f3 que las transacciones se concretaban en un domicilio ubicado en el centro de la ciudad de San Luis.<\/h3>\n<h3>Este lugar, adem\u00e1s, estuvo vinculado a otro hecho delictivo cuando el presunto cabecilla de la banda, identificado como Gatica, fue apu\u00f1alado en el sitio por otro hombre en circunstancias que a\u00fan se investigan. Adem\u00e1s, en un operativo relacionado, la polic\u00eda allan\u00f3 un campo en Estancia Grande, donde se incautaron 688 plantas de marihuana. El procedimiento fue calificado \u201csin precedentes en la provincia\u201d por las autoridades.<\/h3>\n<h3><\/h3>\n<h3><\/h3>\n<p>&nbsp;<\/p>\n<p>&nbsp;<\/p>\n","protected":false},"excerpt":{"rendered":"<p>Este viernes por la ma\u00f1ana se llev\u00f3 a cabo una audiencia de control de acusaci\u00f3n&#8230;<\/p>\n","protected":false},"author":1,"featured_media":26997,"comment_status":"closed","ping_status":"closed","sticky":false,"template":"","format":"standard","meta":{"footnotes":""},"categories":[6],"tags":[],"class_list":["post-26996","post","type-post","status-publish","format-standard","has-post-thumbnail","hentry","category-ciudad-provincia"],"yoast_head":"<!-- This site is optimized with the Yoast SEO plugin v26.1.1 - https:\/\/yoast.com\/wordpress\/plugins\/seo\/ -->\n<title>ASOCIACI\u00d3N IL\u00cdCITA: TRIBUNAL RECHAZ\u00d3 ARGUMENTOS DE LA DEFENSA DE DOS DE LOS ACUSADOS - Apuntes de San Luis<\/title>\n<meta name=\"robots\" content=\"index, follow, max-snippet:-1, max-image-preview:large, max-video-preview:-1\" \/>\n<link rel=\"canonical\" href=\"https:\/\/apuntesdesanluis.com\/index.php\/2024\/12\/20\/asociacion-ilicita-tribunal-rechazo-argumentos-de-la-defensa-de-dos-de-los-acusados\/\" \/>\n<meta property=\"og:locale\" content=\"es_ES\" \/>\n<meta property=\"og:type\" content=\"article\" \/>\n<meta property=\"og:title\" content=\"ASOCIACI\u00d3N IL\u00cdCITA: TRIBUNAL RECHAZ\u00d3 ARGUMENTOS DE LA DEFENSA DE DOS DE LOS ACUSADOS - Apuntes de San Luis\" \/>\n<meta property=\"og:description\" content=\"Este viernes por la ma\u00f1ana se llev\u00f3 a cabo una audiencia de control de acusaci\u00f3n...\" \/>\n<meta property=\"og:url\" content=\"https:\/\/apuntesdesanluis.com\/index.php\/2024\/12\/20\/asociacion-ilicita-tribunal-rechazo-argumentos-de-la-defensa-de-dos-de-los-acusados\/\" \/>\n<meta property=\"og:site_name\" content=\"Apuntes de San Luis\" \/>\n<meta property=\"article:published_time\" content=\"2024-12-20T23:01:46+00:00\" \/>\n<meta property=\"article:modified_time\" content=\"2024-12-20T23:02:06+00:00\" \/>\n<meta property=\"og:image\" content=\"https:\/\/apuntesdesanluis.com\/wp-content\/uploads\/2024\/12\/ASOCIACION-ILICITA.png\" \/>\n\t<meta property=\"og:image:width\" content=\"847\" \/>\n\t<meta property=\"og:image:height\" content=\"479\" \/>\n\t<meta property=\"og:image:type\" content=\"image\/png\" \/>\n<meta name=\"author\" content=\"apuntesdesanluis.com\" \/>\n<meta name=\"twitter:card\" content=\"summary_large_image\" \/>\n<meta name=\"twitter:label1\" content=\"Escrito por\" \/>\n\t<meta name=\"twitter:data1\" content=\"apuntesdesanluis.com\" \/>\n\t<meta name=\"twitter:label2\" content=\"Tiempo de lectura\" \/>\n\t<meta name=\"twitter:data2\" content=\"4 minutos\" \/>\n<script type=\"application\/ld+json\" class=\"yoast-schema-graph\">{\"@context\":\"https:\/\/schema.org\",\"@graph\":[{\"@type\":\"Article\",\"@id\":\"https:\/\/apuntesdesanluis.com\/index.php\/2024\/12\/20\/asociacion-ilicita-tribunal-rechazo-argumentos-de-la-defensa-de-dos-de-los-acusados\/#article\",\"isPartOf\":{\"@id\":\"https:\/\/apuntesdesanluis.com\/index.php\/2024\/12\/20\/asociacion-ilicita-tribunal-rechazo-argumentos-de-la-defensa-de-dos-de-los-acusados\/\"},\"author\":{\"name\":\"apuntesdesanluis.com\",\"@id\":\"https:\/\/apuntesdesanluis.com\/#\/schema\/person\/b55151d52296fcce64d1a72538a70b90\"},\"headline\":\"ASOCIACI\u00d3N IL\u00cdCITA: TRIBUNAL RECHAZ\u00d3 ARGUMENTOS DE LA DEFENSA DE DOS DE LOS ACUSADOS\",\"datePublished\":\"2024-12-20T23:01:46+00:00\",\"dateModified\":\"2024-12-20T23:02:06+00:00\",\"mainEntityOfPage\":{\"@id\":\"https:\/\/apuntesdesanluis.com\/index.php\/2024\/12\/20\/asociacion-ilicita-tribunal-rechazo-argumentos-de-la-defensa-de-dos-de-los-acusados\/\"},\"wordCount\":835,\"publisher\":{\"@id\":\"https:\/\/apuntesdesanluis.com\/#\/schema\/person\/b55151d52296fcce64d1a72538a70b90\"},\"image\":{\"@id\":\"https:\/\/apuntesdesanluis.com\/index.php\/2024\/12\/20\/asociacion-ilicita-tribunal-rechazo-argumentos-de-la-defensa-de-dos-de-los-acusados\/#primaryimage\"},\"thumbnailUrl\":\"https:\/\/apuntesdesanluis.com\/wp-content\/uploads\/2024\/12\/ASOCIACION-ILICITA.png\",\"articleSection\":[\"Ciudad\/Provincia\"],\"inLanguage\":\"es-AR\"},{\"@type\":\"WebPage\",\"@id\":\"https:\/\/apuntesdesanluis.com\/index.php\/2024\/12\/20\/asociacion-ilicita-tribunal-rechazo-argumentos-de-la-defensa-de-dos-de-los-acusados\/\",\"url\":\"https:\/\/apuntesdesanluis.com\/index.php\/2024\/12\/20\/asociacion-ilicita-tribunal-rechazo-argumentos-de-la-defensa-de-dos-de-los-acusados\/\",\"name\":\"ASOCIACI\u00d3N IL\u00cdCITA: TRIBUNAL RECHAZ\u00d3 ARGUMENTOS DE LA DEFENSA DE DOS DE LOS ACUSADOS - Apuntes de San Luis\",\"isPartOf\":{\"@id\":\"https:\/\/apuntesdesanluis.com\/#website\"},\"primaryImageOfPage\":{\"@id\":\"https:\/\/apuntesdesanluis.com\/index.php\/2024\/12\/20\/asociacion-ilicita-tribunal-rechazo-argumentos-de-la-defensa-de-dos-de-los-acusados\/#primaryimage\"},\"image\":{\"@id\":\"https:\/\/apuntesdesanluis.com\/index.php\/2024\/12\/20\/asociacion-ilicita-tribunal-rechazo-argumentos-de-la-defensa-de-dos-de-los-acusados\/#primaryimage\"},\"thumbnailUrl\":\"https:\/\/apuntesdesanluis.com\/wp-content\/uploads\/2024\/12\/ASOCIACION-ILICITA.png\",\"datePublished\":\"2024-12-20T23:01:46+00:00\",\"dateModified\":\"2024-12-20T23:02:06+00:00\",\"breadcrumb\":{\"@id\":\"https:\/\/apuntesdesanluis.com\/index.php\/2024\/12\/20\/asociacion-ilicita-tribunal-rechazo-argumentos-de-la-defensa-de-dos-de-los-acusados\/#breadcrumb\"},\"inLanguage\":\"es-AR\",\"potentialAction\":[{\"@type\":\"ReadAction\",\"target\":[\"https:\/\/apuntesdesanluis.com\/index.php\/2024\/12\/20\/asociacion-ilicita-tribunal-rechazo-argumentos-de-la-defensa-de-dos-de-los-acusados\/\"]}]},{\"@type\":\"ImageObject\",\"inLanguage\":\"es-AR\",\"@id\":\"https:\/\/apuntesdesanluis.com\/index.php\/2024\/12\/20\/asociacion-ilicita-tribunal-rechazo-argumentos-de-la-defensa-de-dos-de-los-acusados\/#primaryimage\",\"url\":\"https:\/\/apuntesdesanluis.com\/wp-content\/uploads\/2024\/12\/ASOCIACION-ILICITA.png\",\"contentUrl\":\"https:\/\/apuntesdesanluis.com\/wp-content\/uploads\/2024\/12\/ASOCIACION-ILICITA.png\",\"width\":847,\"height\":479},{\"@type\":\"BreadcrumbList\",\"@id\":\"https:\/\/apuntesdesanluis.com\/index.php\/2024\/12\/20\/asociacion-ilicita-tribunal-rechazo-argumentos-de-la-defensa-de-dos-de-los-acusados\/#breadcrumb\",\"itemListElement\":[{\"@type\":\"ListItem\",\"position\":1,\"name\":\"Inicio\",\"item\":\"https:\/\/apuntesdesanluis.com\/\"},{\"@type\":\"ListItem\",\"position\":2,\"name\":\"ASOCIACI\u00d3N IL\u00cdCITA: TRIBUNAL RECHAZ\u00d3 ARGUMENTOS DE LA DEFENSA DE DOS DE LOS ACUSADOS\"}]},{\"@type\":\"WebSite\",\"@id\":\"https:\/\/apuntesdesanluis.com\/#website\",\"url\":\"https:\/\/apuntesdesanluis.com\/\",\"name\":\"Apuntes de San Luis\",\"description\":\"\",\"publisher\":{\"@id\":\"https:\/\/apuntesdesanluis.com\/#\/schema\/person\/b55151d52296fcce64d1a72538a70b90\"},\"potentialAction\":[{\"@type\":\"SearchAction\",\"target\":{\"@type\":\"EntryPoint\",\"urlTemplate\":\"https:\/\/apuntesdesanluis.com\/?s={search_term_string}\"},\"query-input\":{\"@type\":\"PropertyValueSpecification\",\"valueRequired\":true,\"valueName\":\"search_term_string\"}}],\"inLanguage\":\"es-AR\"},{\"@type\":[\"Person\",\"Organization\"],\"@id\":\"https:\/\/apuntesdesanluis.com\/#\/schema\/person\/b55151d52296fcce64d1a72538a70b90\",\"name\":\"apuntesdesanluis.com\",\"image\":{\"@type\":\"ImageObject\",\"inLanguage\":\"es-AR\",\"@id\":\"https:\/\/apuntesdesanluis.com\/#\/schema\/person\/image\/\",\"url\":\"https:\/\/apuntesdesanluis.com\/wp-content\/uploads\/2023\/07\/cropped-apuntesdesanluis.png\",\"contentUrl\":\"https:\/\/apuntesdesanluis.com\/wp-content\/uploads\/2023\/07\/cropped-apuntesdesanluis.png\",\"width\":450,\"height\":112,\"caption\":\"apuntesdesanluis.com\"},\"logo\":{\"@id\":\"https:\/\/apuntesdesanluis.com\/#\/schema\/person\/image\/\"},\"sameAs\":[\"https:\/\/apuntesdesanluis.com\"],\"url\":\"https:\/\/apuntesdesanluis.com\/index.php\/author\/apuntesdesanluis-com\/\"}]}<\/script>\n<!-- \/ Yoast SEO plugin. -->","yoast_head_json":{"title":"ASOCIACI\u00d3N IL\u00cdCITA: TRIBUNAL RECHAZ\u00d3 ARGUMENTOS DE LA DEFENSA DE DOS DE LOS ACUSADOS - Apuntes de San Luis","robots":{"index":"index","follow":"follow","max-snippet":"max-snippet:-1","max-image-preview":"max-image-preview:large","max-video-preview":"max-video-preview:-1"},"canonical":"https:\/\/apuntesdesanluis.com\/index.php\/2024\/12\/20\/asociacion-ilicita-tribunal-rechazo-argumentos-de-la-defensa-de-dos-de-los-acusados\/","og_locale":"es_ES","og_type":"article","og_title":"ASOCIACI\u00d3N IL\u00cdCITA: TRIBUNAL RECHAZ\u00d3 ARGUMENTOS DE LA DEFENSA DE DOS DE LOS ACUSADOS - Apuntes de San Luis","og_description":"Este viernes por la ma\u00f1ana se llev\u00f3 a cabo una audiencia de control de acusaci\u00f3n...","og_url":"https:\/\/apuntesdesanluis.com\/index.php\/2024\/12\/20\/asociacion-ilicita-tribunal-rechazo-argumentos-de-la-defensa-de-dos-de-los-acusados\/","og_site_name":"Apuntes de San Luis","article_published_time":"2024-12-20T23:01:46+00:00","article_modified_time":"2024-12-20T23:02:06+00:00","og_image":[{"width":847,"height":479,"url":"https:\/\/apuntesdesanluis.com\/wp-content\/uploads\/2024\/12\/ASOCIACION-ILICITA.png","type":"image\/png"}],"author":"apuntesdesanluis.com","twitter_card":"summary_large_image","twitter_misc":{"Escrito por":"apuntesdesanluis.com","Tiempo de lectura":"4 minutos"},"schema":{"@context":"https:\/\/schema.org","@graph":[{"@type":"Article","@id":"https:\/\/apuntesdesanluis.com\/index.php\/2024\/12\/20\/asociacion-ilicita-tribunal-rechazo-argumentos-de-la-defensa-de-dos-de-los-acusados\/#article","isPartOf":{"@id":"https:\/\/apuntesdesanluis.com\/index.php\/2024\/12\/20\/asociacion-ilicita-tribunal-rechazo-argumentos-de-la-defensa-de-dos-de-los-acusados\/"},"author":{"name":"apuntesdesanluis.com","@id":"https:\/\/apuntesdesanluis.com\/#\/schema\/person\/b55151d52296fcce64d1a72538a70b90"},"headline":"ASOCIACI\u00d3N IL\u00cdCITA: TRIBUNAL RECHAZ\u00d3 ARGUMENTOS DE LA DEFENSA DE DOS DE LOS ACUSADOS","datePublished":"2024-12-20T23:01:46+00:00","dateModified":"2024-12-20T23:02:06+00:00","mainEntityOfPage":{"@id":"https:\/\/apuntesdesanluis.com\/index.php\/2024\/12\/20\/asociacion-ilicita-tribunal-rechazo-argumentos-de-la-defensa-de-dos-de-los-acusados\/"},"wordCount":835,"publisher":{"@id":"https:\/\/apuntesdesanluis.com\/#\/schema\/person\/b55151d52296fcce64d1a72538a70b90"},"image":{"@id":"https:\/\/apuntesdesanluis.com\/index.php\/2024\/12\/20\/asociacion-ilicita-tribunal-rechazo-argumentos-de-la-defensa-de-dos-de-los-acusados\/#primaryimage"},"thumbnailUrl":"https:\/\/apuntesdesanluis.com\/wp-content\/uploads\/2024\/12\/ASOCIACION-ILICITA.png","articleSection":["Ciudad\/Provincia"],"inLanguage":"es-AR"},{"@type":"WebPage","@id":"https:\/\/apuntesdesanluis.com\/index.php\/2024\/12\/20\/asociacion-ilicita-tribunal-rechazo-argumentos-de-la-defensa-de-dos-de-los-acusados\/","url":"https:\/\/apuntesdesanluis.com\/index.php\/2024\/12\/20\/asociacion-ilicita-tribunal-rechazo-argumentos-de-la-defensa-de-dos-de-los-acusados\/","name":"ASOCIACI\u00d3N IL\u00cdCITA: TRIBUNAL RECHAZ\u00d3 ARGUMENTOS DE LA DEFENSA DE DOS DE LOS ACUSADOS - Apuntes de San Luis","isPartOf":{"@id":"https:\/\/apuntesdesanluis.com\/#website"},"primaryImageOfPage":{"@id":"https:\/\/apuntesdesanluis.com\/index.php\/2024\/12\/20\/asociacion-ilicita-tribunal-rechazo-argumentos-de-la-defensa-de-dos-de-los-acusados\/#primaryimage"},"image":{"@id":"https:\/\/apuntesdesanluis.com\/index.php\/2024\/12\/20\/asociacion-ilicita-tribunal-rechazo-argumentos-de-la-defensa-de-dos-de-los-acusados\/#primaryimage"},"thumbnailUrl":"https:\/\/apuntesdesanluis.com\/wp-content\/uploads\/2024\/12\/ASOCIACION-ILICITA.png","datePublished":"2024-12-20T23:01:46+00:00","dateModified":"2024-12-20T23:02:06+00:00","breadcrumb":{"@id":"https:\/\/apuntesdesanluis.com\/index.php\/2024\/12\/20\/asociacion-ilicita-tribunal-rechazo-argumentos-de-la-defensa-de-dos-de-los-acusados\/#breadcrumb"},"inLanguage":"es-AR","potentialAction":[{"@type":"ReadAction","target":["https:\/\/apuntesdesanluis.com\/index.php\/2024\/12\/20\/asociacion-ilicita-tribunal-rechazo-argumentos-de-la-defensa-de-dos-de-los-acusados\/"]}]},{"@type":"ImageObject","inLanguage":"es-AR","@id":"https:\/\/apuntesdesanluis.com\/index.php\/2024\/12\/20\/asociacion-ilicita-tribunal-rechazo-argumentos-de-la-defensa-de-dos-de-los-acusados\/#primaryimage","url":"https:\/\/apuntesdesanluis.com\/wp-content\/uploads\/2024\/12\/ASOCIACION-ILICITA.png","contentUrl":"https:\/\/apuntesdesanluis.com\/wp-content\/uploads\/2024\/12\/ASOCIACION-ILICITA.png","width":847,"height":479},{"@type":"BreadcrumbList","@id":"https:\/\/apuntesdesanluis.com\/index.php\/2024\/12\/20\/asociacion-ilicita-tribunal-rechazo-argumentos-de-la-defensa-de-dos-de-los-acusados\/#breadcrumb","itemListElement":[{"@type":"ListItem","position":1,"name":"Inicio","item":"https:\/\/apuntesdesanluis.com\/"},{"@type":"ListItem","position":2,"name":"ASOCIACI\u00d3N IL\u00cdCITA: TRIBUNAL RECHAZ\u00d3 ARGUMENTOS DE LA DEFENSA DE DOS DE LOS ACUSADOS"}]},{"@type":"WebSite","@id":"https:\/\/apuntesdesanluis.com\/#website","url":"https:\/\/apuntesdesanluis.com\/","name":"Apuntes de San Luis","description":"","publisher":{"@id":"https:\/\/apuntesdesanluis.com\/#\/schema\/person\/b55151d52296fcce64d1a72538a70b90"},"potentialAction":[{"@type":"SearchAction","target":{"@type":"EntryPoint","urlTemplate":"https:\/\/apuntesdesanluis.com\/?s={search_term_string}"},"query-input":{"@type":"PropertyValueSpecification","valueRequired":true,"valueName":"search_term_string"}}],"inLanguage":"es-AR"},{"@type":["Person","Organization"],"@id":"https:\/\/apuntesdesanluis.com\/#\/schema\/person\/b55151d52296fcce64d1a72538a70b90","name":"apuntesdesanluis.com","image":{"@type":"ImageObject","inLanguage":"es-AR","@id":"https:\/\/apuntesdesanluis.com\/#\/schema\/person\/image\/","url":"https:\/\/apuntesdesanluis.com\/wp-content\/uploads\/2023\/07\/cropped-apuntesdesanluis.png","contentUrl":"https:\/\/apuntesdesanluis.com\/wp-content\/uploads\/2023\/07\/cropped-apuntesdesanluis.png","width":450,"height":112,"caption":"apuntesdesanluis.com"},"logo":{"@id":"https:\/\/apuntesdesanluis.com\/#\/schema\/person\/image\/"},"sameAs":["https:\/\/apuntesdesanluis.com"],"url":"https:\/\/apuntesdesanluis.com\/index.php\/author\/apuntesdesanluis-com\/"}]}},"featured_image_urls":{"full":["https:\/\/apuntesdesanluis.com\/wp-content\/uploads\/2024\/12\/ASOCIACION-ILICITA.png",847,479,false],"thumbnail":["https:\/\/apuntesdesanluis.com\/wp-content\/uploads\/2024\/12\/ASOCIACION-ILICITA-150x150.png",150,150,true],"medium":["https:\/\/apuntesdesanluis.com\/wp-content\/uploads\/2024\/12\/ASOCIACION-ILICITA-300x170.png",300,170,true],"medium_large":["https:\/\/apuntesdesanluis.com\/wp-content\/uploads\/2024\/12\/ASOCIACION-ILICITA-768x434.png",640,362,true],"large":["https:\/\/apuntesdesanluis.com\/wp-content\/uploads\/2024\/12\/ASOCIACION-ILICITA.png",640,362,false],"1536x1536":["https:\/\/apuntesdesanluis.com\/wp-content\/uploads\/2024\/12\/ASOCIACION-ILICITA.png",847,479,false],"2048x2048":["https:\/\/apuntesdesanluis.com\/wp-content\/uploads\/2024\/12\/ASOCIACION-ILICITA.png",847,479,false],"newsever-slider-full":["https:\/\/apuntesdesanluis.com\/wp-content\/uploads\/2024\/12\/ASOCIACION-ILICITA.png",847,479,false],"newsever-featured":["https:\/\/apuntesdesanluis.com\/wp-content\/uploads\/2024\/12\/ASOCIACION-ILICITA.png",847,479,false],"newsever-medium":["https:\/\/apuntesdesanluis.com\/wp-content\/uploads\/2024\/12\/ASOCIACION-ILICITA-720x475.png",720,475,true]},"author_info":{"display_name":"apuntesdesanluis.com","author_link":"https:\/\/apuntesdesanluis.com\/index.php\/author\/apuntesdesanluis-com\/"},"category_info":"<a href=\"https:\/\/apuntesdesanluis.com\/index.php\/category\/ciudad-provincia\/\" rel=\"category tag\">Ciudad\/Provincia<\/a>","tag_info":"Ciudad\/Provincia","comment_count":"0","_links":{"self":[{"href":"https:\/\/apuntesdesanluis.com\/index.php\/wp-json\/wp\/v2\/posts\/26996","targetHints":{"allow":["GET"]}}],"collection":[{"href":"https:\/\/apuntesdesanluis.com\/index.php\/wp-json\/wp\/v2\/posts"}],"about":[{"href":"https:\/\/apuntesdesanluis.com\/index.php\/wp-json\/wp\/v2\/types\/post"}],"author":[{"embeddable":true,"href":"https:\/\/apuntesdesanluis.com\/index.php\/wp-json\/wp\/v2\/users\/1"}],"replies":[{"embeddable":true,"href":"https:\/\/apuntesdesanluis.com\/index.php\/wp-json\/wp\/v2\/comments?post=26996"}],"version-history":[{"count":2,"href":"https:\/\/apuntesdesanluis.com\/index.php\/wp-json\/wp\/v2\/posts\/26996\/revisions"}],"predecessor-version":[{"id":27001,"href":"https:\/\/apuntesdesanluis.com\/index.php\/wp-json\/wp\/v2\/posts\/26996\/revisions\/27001"}],"wp:featuredmedia":[{"embeddable":true,"href":"https:\/\/apuntesdesanluis.com\/index.php\/wp-json\/wp\/v2\/media\/26997"}],"wp:attachment":[{"href":"https:\/\/apuntesdesanluis.com\/index.php\/wp-json\/wp\/v2\/media?parent=26996"}],"wp:term":[{"taxonomy":"category","embeddable":true,"href":"https:\/\/apuntesdesanluis.com\/index.php\/wp-json\/wp\/v2\/categories?post=26996"},{"taxonomy":"post_tag","embeddable":true,"href":"https:\/\/apuntesdesanluis.com\/index.php\/wp-json\/wp\/v2\/tags?post=26996"}],"curies":[{"name":"wp","href":"https:\/\/api.w.org\/{rel}","templated":true}]}}