{"id":2701,"date":"2023-09-05T14:00:16","date_gmt":"2023-09-05T17:00:16","guid":{"rendered":"https:\/\/apuntesdesanluis.com\/?p=2701"},"modified":"2023-09-05T14:00:16","modified_gmt":"2023-09-05T17:00:16","slug":"siete-ministros-del-gobierno-fueron-denunciados-penalmente","status":"publish","type":"post","link":"https:\/\/apuntesdesanluis.com\/index.php\/2023\/09\/05\/siete-ministros-del-gobierno-fueron-denunciados-penalmente\/","title":{"rendered":"SIETE MINISTROS DEL GOBIERNO FUERON DENUNCIADOS PENALMENTE"},"content":{"rendered":"<h3>Es por haber firmado de manera ilegal contratos con beneficiarios de planes sociales, violando la Ley de Presupuesto 2023 vigente, indica la presentaci\u00f3n que efectu\u00f3 el abogado de Avanzar, <strong>Ricardo Bazla<\/strong>.<\/h3>\n<h3>La demanda abarca a NICOL\u00c1S VICENTE ANZULOVICH AGUILAR, Ministro de Desarrollo Social; ELOY DIEGO ROBERTO HORCAJO, Ministro de Hacienda; FABIAN ANTONIO FILOMENA BAIGORRIA, Ministro de Gobierno, Justicia y Culto; JUAN CLAUDIO LATINI, Ministro de Seguridad, CRISTIAN PABLO NI\u00d1O PIGUILLEN, Ministro de Salud; LUIS ANDR\u00c9S MACAGNO FERNANDEZ, Secretario de Estado de Turismo, y MAR\u00cdA EUGENIA CANTALOUBE, Ministra de Educaci\u00f3n, sin perjuicio que la denuncia \u201camerite su probable ampliaci\u00f3n a otros funcionarios que pudieren haber incurrido tambi\u00e9n en responsabilidades penales\u201d.<\/h3>\n<h3>La presentaci\u00f3n ingres\u00f3 a la Unidad de Abordaje Fiscal de la Primera Circunscripci\u00f3n Judicial, donde se deber\u00e1 designar al fiscal que asuma el caso.<\/h3>\n<h3>Entre los fundamentos, Bazla rese\u00f1a que \u201ccon anterioridad a las elecciones del 11 de junio de 2023, desde el Ministerio de Desarrollo Social, a cargo del Ministro de Desarrollo Social, Nicol\u00e1s Vicente Anzulovich Aguilar, los beneficiarios de distintos planes sociales otorgados por el gobierno de la provincia, fueron convocados a reunirse en instituciones deportivas tanto de esta ciudad, como de Villa Mercedes, en d\u00f3nde funcionarios p\u00fablicos, entre ellos los aqu\u00ed denunciados, se comprometieron a que los convocados pasar\u00edan a formar parte de la planta contratada de empleados p\u00fablicos\u201d.<\/h3>\n<h3>Luego fueron firmados los contratos \u201cviolando la Ley de Presupuesto 2023 plenamente vigente al momento de la celebraci\u00f3n de los mismos\u201d.<\/h3>\n<h3>\u201c\u2026todo se realiz\u00f3 en violaci\u00f3n del Art. 11 de la Ley N\u00b0 VIII-0253-2022 de Presupuesto General de Gastos y C\u00e1lculo de Recursos de la Administraci\u00f3n Provincial, que fija la cantidad de trabajadores estatales y establece que \u201cel Poder Ejecutivo Provincial no podr\u00e1 aumentar el n\u00famero total de cargos y horas c\u00e1tedras antes establecidos\u2026\u201d, reitera la denuncia.<\/h3>\n<h3>Bazla adelant\u00f3 a depolitica.com.ar que la n\u00f3mina de denunciados podr\u00eda extenderse en los pr\u00f3ximos d\u00edas.<\/h3>\n<h3>\u201cSon los que han puesto la firma y los que han declarado en algunos casos p\u00fablicamente que los contratos efectivamente los han hecho firmar ellos -dijo-. Y en algunos casos los han firmado ellos. Esto no quita que vaya a tener responsabilidad penal el gobernador Rodr\u00edguez Sa\u00e1, porque desde el momento en que Rodr\u00edguez S\u00e1 env\u00eda a la legislatura el d\u00eda 25 de julio el proyecto de modificaci\u00f3n presupuestaria, tambi\u00e9n demuestra que tiene conocimiento del tema. No he querido incluirlo ahora porque quiero esperar la incorporaci\u00f3n de esa prueba cuando la Legislatura env\u00ede al Poder Judicial el proyecto de modificaci\u00f3n que ha enviado Rodr\u00edguez S\u00e1. Pero eso nos quita que tenga responsabilidad penal. Y tambi\u00e9n responsabilidad civil en cuanto a responder con sus propios bienes por los da\u00f1os causados. Por eso digo que, en principio, son estos siete ministros. Pero esto puede ampliarse\u201d.<\/h3>\n<p>&nbsp;<\/p>\n<h3><strong>Ver presentaci\u00f3n legal: <\/strong><\/h3>\n<h3><span style=\"color: #0000ff;\"><strong><a style=\"color: #0000ff;\" href=\"https:\/\/apuntesdesanluis.com\/wp-content\/uploads\/2023\/09\/DENUNCIA-CONTRA-MINISTROS-POR-CONTRATOS-SIN-PRESUPUESTO.pdf\">DENUNCIA CONTRA MINISTROS POR CONTRATOS SIN PRESUPUESTO<\/a><\/strong><\/span><\/h3>\n<p>&nbsp;<\/p>\n<p>&nbsp;<\/p>\n<p>&nbsp;<\/p>\n<p>&nbsp;<\/p>\n<p>&nbsp;<\/p>\n<p>&nbsp;<\/p>\n","protected":false},"excerpt":{"rendered":"<p>Es por haber firmado de manera ilegal contratos con beneficiarios de planes sociales, violando la&#8230;<\/p>\n","protected":false},"author":1,"featured_media":2704,"comment_status":"closed","ping_status":"closed","sticky":false,"template":"","format":"standard","meta":{"footnotes":""},"categories":[6],"tags":[],"class_list":["post-2701","post","type-post","status-publish","format-standard","has-post-thumbnail","hentry","category-ciudad-provincia"],"yoast_head":"<!-- This site is optimized with the Yoast SEO plugin v26.1.1 - https:\/\/yoast.com\/wordpress\/plugins\/seo\/ -->\n<title>SIETE MINISTROS DEL GOBIERNO FUERON DENUNCIADOS PENALMENTE - Apuntes de San Luis<\/title>\n<meta name=\"robots\" content=\"index, follow, max-snippet:-1, max-image-preview:large, max-video-preview:-1\" \/>\n<link rel=\"canonical\" href=\"https:\/\/apuntesdesanluis.com\/index.php\/2023\/09\/05\/siete-ministros-del-gobierno-fueron-denunciados-penalmente\/\" \/>\n<meta property=\"og:locale\" content=\"es_ES\" \/>\n<meta property=\"og:type\" content=\"article\" \/>\n<meta property=\"og:title\" content=\"SIETE MINISTROS DEL GOBIERNO FUERON DENUNCIADOS PENALMENTE - Apuntes de San Luis\" \/>\n<meta property=\"og:description\" content=\"Es por haber firmado de manera ilegal contratos con beneficiarios de planes sociales, violando la...\" \/>\n<meta property=\"og:url\" content=\"https:\/\/apuntesdesanluis.com\/index.php\/2023\/09\/05\/siete-ministros-del-gobierno-fueron-denunciados-penalmente\/\" \/>\n<meta property=\"og:site_name\" content=\"Apuntes de San Luis\" \/>\n<meta property=\"article:published_time\" content=\"2023-09-05T17:00:16+00:00\" \/>\n<meta property=\"og:image\" content=\"https:\/\/apuntesdesanluis.com\/wp-content\/uploads\/2023\/09\/TERRAZAS.png\" \/>\n\t<meta property=\"og:image:width\" content=\"585\" \/>\n\t<meta property=\"og:image:height\" content=\"355\" \/>\n\t<meta property=\"og:image:type\" content=\"image\/png\" \/>\n<meta name=\"author\" content=\"apuntesdesanluis.com\" \/>\n<meta name=\"twitter:card\" content=\"summary_large_image\" \/>\n<meta name=\"twitter:label1\" content=\"Escrito por\" \/>\n\t<meta name=\"twitter:data1\" content=\"apuntesdesanluis.com\" \/>\n\t<meta name=\"twitter:label2\" content=\"Tiempo de lectura\" \/>\n\t<meta name=\"twitter:data2\" content=\"3 minutos\" \/>\n<script type=\"application\/ld+json\" class=\"yoast-schema-graph\">{\"@context\":\"https:\/\/schema.org\",\"@graph\":[{\"@type\":\"Article\",\"@id\":\"https:\/\/apuntesdesanluis.com\/index.php\/2023\/09\/05\/siete-ministros-del-gobierno-fueron-denunciados-penalmente\/#article\",\"isPartOf\":{\"@id\":\"https:\/\/apuntesdesanluis.com\/index.php\/2023\/09\/05\/siete-ministros-del-gobierno-fueron-denunciados-penalmente\/\"},\"author\":{\"name\":\"apuntesdesanluis.com\",\"@id\":\"https:\/\/apuntesdesanluis.com\/#\/schema\/person\/b55151d52296fcce64d1a72538a70b90\"},\"headline\":\"SIETE MINISTROS DEL GOBIERNO FUERON DENUNCIADOS PENALMENTE\",\"datePublished\":\"2023-09-05T17:00:16+00:00\",\"mainEntityOfPage\":{\"@id\":\"https:\/\/apuntesdesanluis.com\/index.php\/2023\/09\/05\/siete-ministros-del-gobierno-fueron-denunciados-penalmente\/\"},\"wordCount\":517,\"publisher\":{\"@id\":\"https:\/\/apuntesdesanluis.com\/#\/schema\/person\/b55151d52296fcce64d1a72538a70b90\"},\"image\":{\"@id\":\"https:\/\/apuntesdesanluis.com\/index.php\/2023\/09\/05\/siete-ministros-del-gobierno-fueron-denunciados-penalmente\/#primaryimage\"},\"thumbnailUrl\":\"https:\/\/apuntesdesanluis.com\/wp-content\/uploads\/2023\/09\/TERRAZAS.png\",\"articleSection\":[\"Ciudad\/Provincia\"],\"inLanguage\":\"es-AR\"},{\"@type\":\"WebPage\",\"@id\":\"https:\/\/apuntesdesanluis.com\/index.php\/2023\/09\/05\/siete-ministros-del-gobierno-fueron-denunciados-penalmente\/\",\"url\":\"https:\/\/apuntesdesanluis.com\/index.php\/2023\/09\/05\/siete-ministros-del-gobierno-fueron-denunciados-penalmente\/\",\"name\":\"SIETE MINISTROS DEL GOBIERNO FUERON DENUNCIADOS PENALMENTE - Apuntes de San Luis\",\"isPartOf\":{\"@id\":\"https:\/\/apuntesdesanluis.com\/#website\"},\"primaryImageOfPage\":{\"@id\":\"https:\/\/apuntesdesanluis.com\/index.php\/2023\/09\/05\/siete-ministros-del-gobierno-fueron-denunciados-penalmente\/#primaryimage\"},\"image\":{\"@id\":\"https:\/\/apuntesdesanluis.com\/index.php\/2023\/09\/05\/siete-ministros-del-gobierno-fueron-denunciados-penalmente\/#primaryimage\"},\"thumbnailUrl\":\"https:\/\/apuntesdesanluis.com\/wp-content\/uploads\/2023\/09\/TERRAZAS.png\",\"datePublished\":\"2023-09-05T17:00:16+00:00\",\"breadcrumb\":{\"@id\":\"https:\/\/apuntesdesanluis.com\/index.php\/2023\/09\/05\/siete-ministros-del-gobierno-fueron-denunciados-penalmente\/#breadcrumb\"},\"inLanguage\":\"es-AR\",\"potentialAction\":[{\"@type\":\"ReadAction\",\"target\":[\"https:\/\/apuntesdesanluis.com\/index.php\/2023\/09\/05\/siete-ministros-del-gobierno-fueron-denunciados-penalmente\/\"]}]},{\"@type\":\"ImageObject\",\"inLanguage\":\"es-AR\",\"@id\":\"https:\/\/apuntesdesanluis.com\/index.php\/2023\/09\/05\/siete-ministros-del-gobierno-fueron-denunciados-penalmente\/#primaryimage\",\"url\":\"https:\/\/apuntesdesanluis.com\/wp-content\/uploads\/2023\/09\/TERRAZAS.png\",\"contentUrl\":\"https:\/\/apuntesdesanluis.com\/wp-content\/uploads\/2023\/09\/TERRAZAS.png\",\"width\":585,\"height\":355},{\"@type\":\"BreadcrumbList\",\"@id\":\"https:\/\/apuntesdesanluis.com\/index.php\/2023\/09\/05\/siete-ministros-del-gobierno-fueron-denunciados-penalmente\/#breadcrumb\",\"itemListElement\":[{\"@type\":\"ListItem\",\"position\":1,\"name\":\"Inicio\",\"item\":\"https:\/\/apuntesdesanluis.com\/\"},{\"@type\":\"ListItem\",\"position\":2,\"name\":\"SIETE MINISTROS DEL GOBIERNO FUERON DENUNCIADOS PENALMENTE\"}]},{\"@type\":\"WebSite\",\"@id\":\"https:\/\/apuntesdesanluis.com\/#website\",\"url\":\"https:\/\/apuntesdesanluis.com\/\",\"name\":\"Apuntes de San Luis\",\"description\":\"\",\"publisher\":{\"@id\":\"https:\/\/apuntesdesanluis.com\/#\/schema\/person\/b55151d52296fcce64d1a72538a70b90\"},\"potentialAction\":[{\"@type\":\"SearchAction\",\"target\":{\"@type\":\"EntryPoint\",\"urlTemplate\":\"https:\/\/apuntesdesanluis.com\/?s={search_term_string}\"},\"query-input\":{\"@type\":\"PropertyValueSpecification\",\"valueRequired\":true,\"valueName\":\"search_term_string\"}}],\"inLanguage\":\"es-AR\"},{\"@type\":[\"Person\",\"Organization\"],\"@id\":\"https:\/\/apuntesdesanluis.com\/#\/schema\/person\/b55151d52296fcce64d1a72538a70b90\",\"name\":\"apuntesdesanluis.com\",\"image\":{\"@type\":\"ImageObject\",\"inLanguage\":\"es-AR\",\"@id\":\"https:\/\/apuntesdesanluis.com\/#\/schema\/person\/image\/\",\"url\":\"https:\/\/apuntesdesanluis.com\/wp-content\/uploads\/2023\/07\/cropped-apuntesdesanluis.png\",\"contentUrl\":\"https:\/\/apuntesdesanluis.com\/wp-content\/uploads\/2023\/07\/cropped-apuntesdesanluis.png\",\"width\":450,\"height\":112,\"caption\":\"apuntesdesanluis.com\"},\"logo\":{\"@id\":\"https:\/\/apuntesdesanluis.com\/#\/schema\/person\/image\/\"},\"sameAs\":[\"https:\/\/apuntesdesanluis.com\"],\"url\":\"https:\/\/apuntesdesanluis.com\/index.php\/author\/apuntesdesanluis-com\/\"}]}<\/script>\n<!-- \/ Yoast SEO plugin. -->","yoast_head_json":{"title":"SIETE MINISTROS DEL GOBIERNO FUERON DENUNCIADOS PENALMENTE - Apuntes de San Luis","robots":{"index":"index","follow":"follow","max-snippet":"max-snippet:-1","max-image-preview":"max-image-preview:large","max-video-preview":"max-video-preview:-1"},"canonical":"https:\/\/apuntesdesanluis.com\/index.php\/2023\/09\/05\/siete-ministros-del-gobierno-fueron-denunciados-penalmente\/","og_locale":"es_ES","og_type":"article","og_title":"SIETE MINISTROS DEL GOBIERNO FUERON DENUNCIADOS PENALMENTE - Apuntes de San Luis","og_description":"Es por haber firmado de manera ilegal contratos con beneficiarios de planes sociales, violando la...","og_url":"https:\/\/apuntesdesanluis.com\/index.php\/2023\/09\/05\/siete-ministros-del-gobierno-fueron-denunciados-penalmente\/","og_site_name":"Apuntes de San Luis","article_published_time":"2023-09-05T17:00:16+00:00","og_image":[{"width":585,"height":355,"url":"https:\/\/apuntesdesanluis.com\/wp-content\/uploads\/2023\/09\/TERRAZAS.png","type":"image\/png"}],"author":"apuntesdesanluis.com","twitter_card":"summary_large_image","twitter_misc":{"Escrito por":"apuntesdesanluis.com","Tiempo de lectura":"3 minutos"},"schema":{"@context":"https:\/\/schema.org","@graph":[{"@type":"Article","@id":"https:\/\/apuntesdesanluis.com\/index.php\/2023\/09\/05\/siete-ministros-del-gobierno-fueron-denunciados-penalmente\/#article","isPartOf":{"@id":"https:\/\/apuntesdesanluis.com\/index.php\/2023\/09\/05\/siete-ministros-del-gobierno-fueron-denunciados-penalmente\/"},"author":{"name":"apuntesdesanluis.com","@id":"https:\/\/apuntesdesanluis.com\/#\/schema\/person\/b55151d52296fcce64d1a72538a70b90"},"headline":"SIETE MINISTROS DEL GOBIERNO FUERON DENUNCIADOS PENALMENTE","datePublished":"2023-09-05T17:00:16+00:00","mainEntityOfPage":{"@id":"https:\/\/apuntesdesanluis.com\/index.php\/2023\/09\/05\/siete-ministros-del-gobierno-fueron-denunciados-penalmente\/"},"wordCount":517,"publisher":{"@id":"https:\/\/apuntesdesanluis.com\/#\/schema\/person\/b55151d52296fcce64d1a72538a70b90"},"image":{"@id":"https:\/\/apuntesdesanluis.com\/index.php\/2023\/09\/05\/siete-ministros-del-gobierno-fueron-denunciados-penalmente\/#primaryimage"},"thumbnailUrl":"https:\/\/apuntesdesanluis.com\/wp-content\/uploads\/2023\/09\/TERRAZAS.png","articleSection":["Ciudad\/Provincia"],"inLanguage":"es-AR"},{"@type":"WebPage","@id":"https:\/\/apuntesdesanluis.com\/index.php\/2023\/09\/05\/siete-ministros-del-gobierno-fueron-denunciados-penalmente\/","url":"https:\/\/apuntesdesanluis.com\/index.php\/2023\/09\/05\/siete-ministros-del-gobierno-fueron-denunciados-penalmente\/","name":"SIETE MINISTROS DEL GOBIERNO FUERON DENUNCIADOS PENALMENTE - Apuntes de San Luis","isPartOf":{"@id":"https:\/\/apuntesdesanluis.com\/#website"},"primaryImageOfPage":{"@id":"https:\/\/apuntesdesanluis.com\/index.php\/2023\/09\/05\/siete-ministros-del-gobierno-fueron-denunciados-penalmente\/#primaryimage"},"image":{"@id":"https:\/\/apuntesdesanluis.com\/index.php\/2023\/09\/05\/siete-ministros-del-gobierno-fueron-denunciados-penalmente\/#primaryimage"},"thumbnailUrl":"https:\/\/apuntesdesanluis.com\/wp-content\/uploads\/2023\/09\/TERRAZAS.png","datePublished":"2023-09-05T17:00:16+00:00","breadcrumb":{"@id":"https:\/\/apuntesdesanluis.com\/index.php\/2023\/09\/05\/siete-ministros-del-gobierno-fueron-denunciados-penalmente\/#breadcrumb"},"inLanguage":"es-AR","potentialAction":[{"@type":"ReadAction","target":["https:\/\/apuntesdesanluis.com\/index.php\/2023\/09\/05\/siete-ministros-del-gobierno-fueron-denunciados-penalmente\/"]}]},{"@type":"ImageObject","inLanguage":"es-AR","@id":"https:\/\/apuntesdesanluis.com\/index.php\/2023\/09\/05\/siete-ministros-del-gobierno-fueron-denunciados-penalmente\/#primaryimage","url":"https:\/\/apuntesdesanluis.com\/wp-content\/uploads\/2023\/09\/TERRAZAS.png","contentUrl":"https:\/\/apuntesdesanluis.com\/wp-content\/uploads\/2023\/09\/TERRAZAS.png","width":585,"height":355},{"@type":"BreadcrumbList","@id":"https:\/\/apuntesdesanluis.com\/index.php\/2023\/09\/05\/siete-ministros-del-gobierno-fueron-denunciados-penalmente\/#breadcrumb","itemListElement":[{"@type":"ListItem","position":1,"name":"Inicio","item":"https:\/\/apuntesdesanluis.com\/"},{"@type":"ListItem","position":2,"name":"SIETE MINISTROS DEL GOBIERNO FUERON DENUNCIADOS PENALMENTE"}]},{"@type":"WebSite","@id":"https:\/\/apuntesdesanluis.com\/#website","url":"https:\/\/apuntesdesanluis.com\/","name":"Apuntes de San Luis","description":"","publisher":{"@id":"https:\/\/apuntesdesanluis.com\/#\/schema\/person\/b55151d52296fcce64d1a72538a70b90"},"potentialAction":[{"@type":"SearchAction","target":{"@type":"EntryPoint","urlTemplate":"https:\/\/apuntesdesanluis.com\/?s={search_term_string}"},"query-input":{"@type":"PropertyValueSpecification","valueRequired":true,"valueName":"search_term_string"}}],"inLanguage":"es-AR"},{"@type":["Person","Organization"],"@id":"https:\/\/apuntesdesanluis.com\/#\/schema\/person\/b55151d52296fcce64d1a72538a70b90","name":"apuntesdesanluis.com","image":{"@type":"ImageObject","inLanguage":"es-AR","@id":"https:\/\/apuntesdesanluis.com\/#\/schema\/person\/image\/","url":"https:\/\/apuntesdesanluis.com\/wp-content\/uploads\/2023\/07\/cropped-apuntesdesanluis.png","contentUrl":"https:\/\/apuntesdesanluis.com\/wp-content\/uploads\/2023\/07\/cropped-apuntesdesanluis.png","width":450,"height":112,"caption":"apuntesdesanluis.com"},"logo":{"@id":"https:\/\/apuntesdesanluis.com\/#\/schema\/person\/image\/"},"sameAs":["https:\/\/apuntesdesanluis.com"],"url":"https:\/\/apuntesdesanluis.com\/index.php\/author\/apuntesdesanluis-com\/"}]}},"featured_image_urls":{"full":["https:\/\/apuntesdesanluis.com\/wp-content\/uploads\/2023\/09\/TERRAZAS.png",585,355,false],"thumbnail":["https:\/\/apuntesdesanluis.com\/wp-content\/uploads\/2023\/09\/TERRAZAS-150x150.png",150,150,true],"medium":["https:\/\/apuntesdesanluis.com\/wp-content\/uploads\/2023\/09\/TERRAZAS-300x182.png",300,182,true],"medium_large":["https:\/\/apuntesdesanluis.com\/wp-content\/uploads\/2023\/09\/TERRAZAS.png",585,355,false],"large":["https:\/\/apuntesdesanluis.com\/wp-content\/uploads\/2023\/09\/TERRAZAS.png",585,355,false],"1536x1536":["https:\/\/apuntesdesanluis.com\/wp-content\/uploads\/2023\/09\/TERRAZAS.png",585,355,false],"2048x2048":["https:\/\/apuntesdesanluis.com\/wp-content\/uploads\/2023\/09\/TERRAZAS.png",585,355,false],"newsever-slider-full":["https:\/\/apuntesdesanluis.com\/wp-content\/uploads\/2023\/09\/TERRAZAS.png",585,355,false],"newsever-featured":["https:\/\/apuntesdesanluis.com\/wp-content\/uploads\/2023\/09\/TERRAZAS.png",585,355,false],"newsever-medium":["https:\/\/apuntesdesanluis.com\/wp-content\/uploads\/2023\/09\/TERRAZAS.png",585,355,false]},"author_info":{"display_name":"apuntesdesanluis.com","author_link":"https:\/\/apuntesdesanluis.com\/index.php\/author\/apuntesdesanluis-com\/"},"category_info":"<a href=\"https:\/\/apuntesdesanluis.com\/index.php\/category\/ciudad-provincia\/\" rel=\"category tag\">Ciudad\/Provincia<\/a>","tag_info":"Ciudad\/Provincia","comment_count":"0","_links":{"self":[{"href":"https:\/\/apuntesdesanluis.com\/index.php\/wp-json\/wp\/v2\/posts\/2701","targetHints":{"allow":["GET"]}}],"collection":[{"href":"https:\/\/apuntesdesanluis.com\/index.php\/wp-json\/wp\/v2\/posts"}],"about":[{"href":"https:\/\/apuntesdesanluis.com\/index.php\/wp-json\/wp\/v2\/types\/post"}],"author":[{"embeddable":true,"href":"https:\/\/apuntesdesanluis.com\/index.php\/wp-json\/wp\/v2\/users\/1"}],"replies":[{"embeddable":true,"href":"https:\/\/apuntesdesanluis.com\/index.php\/wp-json\/wp\/v2\/comments?post=2701"}],"version-history":[{"count":1,"href":"https:\/\/apuntesdesanluis.com\/index.php\/wp-json\/wp\/v2\/posts\/2701\/revisions"}],"predecessor-version":[{"id":2705,"href":"https:\/\/apuntesdesanluis.com\/index.php\/wp-json\/wp\/v2\/posts\/2701\/revisions\/2705"}],"wp:featuredmedia":[{"embeddable":true,"href":"https:\/\/apuntesdesanluis.com\/index.php\/wp-json\/wp\/v2\/media\/2704"}],"wp:attachment":[{"href":"https:\/\/apuntesdesanluis.com\/index.php\/wp-json\/wp\/v2\/media?parent=2701"}],"wp:term":[{"taxonomy":"category","embeddable":true,"href":"https:\/\/apuntesdesanluis.com\/index.php\/wp-json\/wp\/v2\/categories?post=2701"},{"taxonomy":"post_tag","embeddable":true,"href":"https:\/\/apuntesdesanluis.com\/index.php\/wp-json\/wp\/v2\/tags?post=2701"}],"curies":[{"name":"wp","href":"https:\/\/api.w.org\/{rel}","templated":true}]}}