{"id":27013,"date":"2024-12-20T20:46:21","date_gmt":"2024-12-20T23:46:21","guid":{"rendered":"https:\/\/apuntesdesanluis.com\/?p=27013"},"modified":"2024-12-20T20:46:21","modified_gmt":"2024-12-20T23:46:21","slug":"por-orden-de-la-justicia-allanan-el-despacho-de-kueider-en-el-senado-y-oficinas-de-dos-asesores","status":"publish","type":"post","link":"https:\/\/apuntesdesanluis.com\/index.php\/2024\/12\/20\/por-orden-de-la-justicia-allanan-el-despacho-de-kueider-en-el-senado-y-oficinas-de-dos-asesores\/","title":{"rendered":"POR ORDEN DE LA JUSTICIA, ALLANAN EL DESPACHO DE KUEIDER EN EL SENADO Y OFICINAS DE DOS ASESORES"},"content":{"rendered":"<h3>La jueza <strong>Sandra Arroyo Salgado<\/strong> dispuso allanar esta tarde el despacho del ex senador <strong>Edgardo Kueider<\/strong>, ubicado en el tercer piso del Palacio Legislativo y otras dos oficinas de asesores y personal administrativo en el Anexo del Senado, en Av. Hip\u00f3lito Yrigoyen 1710.<\/h3>\n<h3>\u00a0Lo orden\u00f3 en el marco de la causa en la que se investiga al ex legislador entrerriano por presunto enriquecimiento il\u00edcito, abuso de autoridad, incumplimiento de los deberes de funcionario p\u00fablico, cohecho pasivo y activo, negociaciones incompatibles con el ejercicio de funciones p\u00fablicas, tr\u00e1fico de influencias y lavado de dinero.<\/h3>\n<p><img fetchpriority=\"high\" decoding=\"async\" class=\"alignnone size-medium wp-image-26207\" src=\"https:\/\/apuntesdesanluis.com\/wp-content\/uploads\/2024\/12\/dolares-de-kueider-300x191.png\" alt=\"\" width=\"300\" height=\"191\" srcset=\"https:\/\/apuntesdesanluis.com\/wp-content\/uploads\/2024\/12\/dolares-de-kueider-300x191.png 300w, https:\/\/apuntesdesanluis.com\/wp-content\/uploads\/2024\/12\/dolares-de-kueider-768x490.png 768w, https:\/\/apuntesdesanluis.com\/wp-content\/uploads\/2024\/12\/dolares-de-kueider.png 800w\" sizes=\"(max-width: 300px) 100vw, 300px\" \/><\/p>\n<h3>Kueider hab\u00eda perdido sus fueros el jueves de la semana pasada tras ser expulsado de la C\u00e1mara alta por una amplia mayor\u00eda de votos, lo que habilit\u00f3 el ingreso y registros de sus despachos. Ese mismo 12 de diciembre, por la ma\u00f1ana, la magistrada hab\u00eda pedido el desafuero con fines de detenci\u00f3n del ex senador y su secretaria, Iara Guinsel Costa, y le hab\u00eda solicitado a la presidencia de la C\u00e1mara Alta, a cargo de Victoria Villarruel, que \u201cextremara las medidas\u201d para garantizar la preservaci\u00f3n de posibles pruebas para la investigaci\u00f3n.<\/h3>\n<h3>Ese d\u00eda, la presidencia desaloj\u00f3 a los empleados que estaban en los despachos, y luego estos fueron cerrados y fajados hasta hoy. Desde entonces, permanecen con custodia de la Polic\u00eda Federal las 24 horas, seg\u00fan le confirmaron fuentes parlamentarias.<\/h3>\n<h3>El operativo comenz\u00f3 alrededor de las 18 hs bajo extremo hermetismo, ya que el expediente est\u00e1 bajo secreto de sumario. Al edificio del Senado llegaron efectivos de Gendarmer\u00eda de civil en veh\u00edculos no identificados, con la presencia de personal del Juzgado Federal de San Isidro y de la Fiscal\u00eda a cargo de Fernando Dom\u00ednguez. El objetivo era evitar que trascendiera y hubiera un \u201cshow medi\u00e1tico\u201d, seg\u00fan se\u00f1alaron los investigadores. Fueron recibidos en la planta baja de la C\u00e1mara alta, y se hizo presente un asesor de Kueider para habilitar el ingreso al despacho con su huella dactilar al despacho del tercer piso.<\/h3>\n<h3>En el allanamiento, los efectivos de Gendarmer\u00eda comenzaron a revisar biblioratos, cajones del escritorio, y a desenchufar computadores para retirarlas. Pasadas las 20.40, el procedimiento continuaba. El objetivo del ingreso y registro de los despachos es llevarse informaci\u00f3n que pueda ser de inter\u00e9s para la causa, documentaci\u00f3n, pendrives, posibles llaves de una caja fuerte o las que se usan en criptominer\u00eda, como la que ten\u00eda en su poder cuando fue detenido al intentar ingresar a Paraguay con USD 211.000 sin declarar. Las inversiones en criptomonedas son una de las modalidades, junto con los desarrollos inmobiliarios, usados por extranjeros que quieren lavar dinero en ese pa\u00eds. De hecho, en Ciudad del Este &#8211; a la que buscaban ingresar provenientes de Foz de Iguaz\u00fa (Brasil) -, proliferan los minadores de monedas digitales por el bajo costo de la energ\u00eda el\u00e9ctrica.<\/h3>\n<h3>El martes, Arroyo Salgado envi\u00f3 Canciller\u00eda el exhorto para pedir la extradici\u00f3n de Kueider y su acompa\u00f1ante, Guinsel Costa, con el objetivo de que sean enviados detenidos de regreso al pa\u00eds, y tomarles indagatoria.<\/h3>\n<h3>La decisi\u00f3n de avanzar hoy con el allanamiento se desencaden\u00f3 luego de que, esta ma\u00f1ana, el juez en lo contencioso administrativo Enrique Lavi\u00e9 Pico rechazara in limine la acci\u00f3n de amparo presentada por el ex legislador entrerriano para pedir la nulidad de la sesi\u00f3n en que fue expulsado. Ratific\u00f3 as\u00ed la validez de esa decisi\u00f3n de la C\u00e1mara alta &#8211; aprobada por el voto de 60 senadores &#8211; al considerar que no puede ser revisada por la Justicia \u201cporque su examen constituye una competencia exclusiva y excluyente atribuida al Senado de la Naci\u00f3n\u201d por el art\u00edculo 66 de la Constituci\u00f3n nacional.<\/h3>\n<h3>En su resoluci\u00f3n, Lavi\u00e9 Pico aval\u00f3 la participaci\u00f3n de Villarruel como titular del Senado en la sesi\u00f3n de la semana pasada, objetada por Kueider porque, en ese momento, deb\u00eda estar al frente del Poder Ejecutivo ya que Javier Milei estaba fuera del pa\u00eds. Sostuvo que su actuaci\u00f3n \u201cse limit\u00f3 a lo expresamente previsto en el art. 57 de la Constituci\u00f3n Nacional\u201d, que establece que \u201cel Vicepresidente de la Naci\u00f3n ser\u00e1 presidente del Senado; pero no tendr\u00e1 voto\u201d, y al art\u00edculo 33 del Reglamento del Senado que determina que \u201cel presidente no discute ni opina sobre el asunto que se delibera. S\u00f3lo vota en caso de empate\u201d. Para el juez, no quedan dudas que\u201dsu participaci\u00f3n no ha tenido injerencia alguna en el resultado de la votaci\u00f3n al que finalmente arribaron los Senadores Nacionales en uso de sus atribuciones privativas, en tanto se ha limitado estrictamente en el orden parlamentario a presidir la sesi\u00f3n en cuesti\u00f3n\u201d.<\/h3>\n<h3><\/h3>\n<h3><\/h3>\n<p>&nbsp;<\/p>\n","protected":false},"excerpt":{"rendered":"<p>La jueza Sandra Arroyo Salgado dispuso allanar esta tarde el despacho del ex senador Edgardo&#8230;<\/p>\n","protected":false},"author":1,"featured_media":27014,"comment_status":"closed","ping_status":"closed","sticky":false,"template":"","format":"standard","meta":{"footnotes":""},"categories":[5],"tags":[],"class_list":["post-27013","post","type-post","status-publish","format-standard","has-post-thumbnail","hentry","category-nacionales-internacionales"],"yoast_head":"<!-- This site is optimized with the Yoast SEO plugin v26.1.1 - https:\/\/yoast.com\/wordpress\/plugins\/seo\/ -->\n<title>POR ORDEN DE LA JUSTICIA, ALLANAN EL DESPACHO DE KUEIDER EN EL SENADO Y OFICINAS DE DOS ASESORES - Apuntes de San Luis<\/title>\n<meta name=\"robots\" content=\"index, follow, max-snippet:-1, max-image-preview:large, max-video-preview:-1\" \/>\n<link rel=\"canonical\" href=\"https:\/\/apuntesdesanluis.com\/index.php\/2024\/12\/20\/por-orden-de-la-justicia-allanan-el-despacho-de-kueider-en-el-senado-y-oficinas-de-dos-asesores\/\" \/>\n<meta property=\"og:locale\" content=\"es_ES\" \/>\n<meta property=\"og:type\" content=\"article\" \/>\n<meta property=\"og:title\" content=\"POR ORDEN DE LA JUSTICIA, ALLANAN EL DESPACHO DE KUEIDER EN EL SENADO Y OFICINAS DE DOS ASESORES - Apuntes de San Luis\" \/>\n<meta property=\"og:description\" content=\"La jueza Sandra Arroyo Salgado dispuso allanar esta tarde el despacho del ex senador Edgardo...\" \/>\n<meta property=\"og:url\" content=\"https:\/\/apuntesdesanluis.com\/index.php\/2024\/12\/20\/por-orden-de-la-justicia-allanan-el-despacho-de-kueider-en-el-senado-y-oficinas-de-dos-asesores\/\" \/>\n<meta property=\"og:site_name\" content=\"Apuntes de San Luis\" \/>\n<meta property=\"article:published_time\" content=\"2024-12-20T23:46:21+00:00\" \/>\n<meta property=\"og:image\" content=\"https:\/\/apuntesdesanluis.com\/wp-content\/uploads\/2024\/12\/DESPACHO.png\" \/>\n\t<meta property=\"og:image:width\" content=\"846\" \/>\n\t<meta property=\"og:image:height\" content=\"438\" \/>\n\t<meta property=\"og:image:type\" content=\"image\/png\" \/>\n<meta name=\"author\" content=\"apuntesdesanluis.com\" \/>\n<meta name=\"twitter:card\" content=\"summary_large_image\" \/>\n<meta name=\"twitter:label1\" content=\"Escrito por\" \/>\n\t<meta name=\"twitter:data1\" content=\"apuntesdesanluis.com\" \/>\n\t<meta name=\"twitter:label2\" content=\"Tiempo de lectura\" \/>\n\t<meta name=\"twitter:data2\" content=\"4 minutos\" \/>\n<script type=\"application\/ld+json\" class=\"yoast-schema-graph\">{\"@context\":\"https:\/\/schema.org\",\"@graph\":[{\"@type\":\"Article\",\"@id\":\"https:\/\/apuntesdesanluis.com\/index.php\/2024\/12\/20\/por-orden-de-la-justicia-allanan-el-despacho-de-kueider-en-el-senado-y-oficinas-de-dos-asesores\/#article\",\"isPartOf\":{\"@id\":\"https:\/\/apuntesdesanluis.com\/index.php\/2024\/12\/20\/por-orden-de-la-justicia-allanan-el-despacho-de-kueider-en-el-senado-y-oficinas-de-dos-asesores\/\"},\"author\":{\"name\":\"apuntesdesanluis.com\",\"@id\":\"https:\/\/apuntesdesanluis.com\/#\/schema\/person\/b55151d52296fcce64d1a72538a70b90\"},\"headline\":\"POR ORDEN DE LA JUSTICIA, ALLANAN EL DESPACHO DE KUEIDER EN EL SENADO Y OFICINAS DE DOS ASESORES\",\"datePublished\":\"2024-12-20T23:46:21+00:00\",\"mainEntityOfPage\":{\"@id\":\"https:\/\/apuntesdesanluis.com\/index.php\/2024\/12\/20\/por-orden-de-la-justicia-allanan-el-despacho-de-kueider-en-el-senado-y-oficinas-de-dos-asesores\/\"},\"wordCount\":824,\"publisher\":{\"@id\":\"https:\/\/apuntesdesanluis.com\/#\/schema\/person\/b55151d52296fcce64d1a72538a70b90\"},\"image\":{\"@id\":\"https:\/\/apuntesdesanluis.com\/index.php\/2024\/12\/20\/por-orden-de-la-justicia-allanan-el-despacho-de-kueider-en-el-senado-y-oficinas-de-dos-asesores\/#primaryimage\"},\"thumbnailUrl\":\"https:\/\/apuntesdesanluis.com\/wp-content\/uploads\/2024\/12\/DESPACHO.png\",\"articleSection\":[\"Nacionales\/Internacionales\"],\"inLanguage\":\"es-AR\"},{\"@type\":\"WebPage\",\"@id\":\"https:\/\/apuntesdesanluis.com\/index.php\/2024\/12\/20\/por-orden-de-la-justicia-allanan-el-despacho-de-kueider-en-el-senado-y-oficinas-de-dos-asesores\/\",\"url\":\"https:\/\/apuntesdesanluis.com\/index.php\/2024\/12\/20\/por-orden-de-la-justicia-allanan-el-despacho-de-kueider-en-el-senado-y-oficinas-de-dos-asesores\/\",\"name\":\"POR ORDEN DE LA JUSTICIA, ALLANAN EL DESPACHO DE KUEIDER EN EL SENADO Y OFICINAS DE DOS ASESORES - Apuntes de San Luis\",\"isPartOf\":{\"@id\":\"https:\/\/apuntesdesanluis.com\/#website\"},\"primaryImageOfPage\":{\"@id\":\"https:\/\/apuntesdesanluis.com\/index.php\/2024\/12\/20\/por-orden-de-la-justicia-allanan-el-despacho-de-kueider-en-el-senado-y-oficinas-de-dos-asesores\/#primaryimage\"},\"image\":{\"@id\":\"https:\/\/apuntesdesanluis.com\/index.php\/2024\/12\/20\/por-orden-de-la-justicia-allanan-el-despacho-de-kueider-en-el-senado-y-oficinas-de-dos-asesores\/#primaryimage\"},\"thumbnailUrl\":\"https:\/\/apuntesdesanluis.com\/wp-content\/uploads\/2024\/12\/DESPACHO.png\",\"datePublished\":\"2024-12-20T23:46:21+00:00\",\"breadcrumb\":{\"@id\":\"https:\/\/apuntesdesanluis.com\/index.php\/2024\/12\/20\/por-orden-de-la-justicia-allanan-el-despacho-de-kueider-en-el-senado-y-oficinas-de-dos-asesores\/#breadcrumb\"},\"inLanguage\":\"es-AR\",\"potentialAction\":[{\"@type\":\"ReadAction\",\"target\":[\"https:\/\/apuntesdesanluis.com\/index.php\/2024\/12\/20\/por-orden-de-la-justicia-allanan-el-despacho-de-kueider-en-el-senado-y-oficinas-de-dos-asesores\/\"]}]},{\"@type\":\"ImageObject\",\"inLanguage\":\"es-AR\",\"@id\":\"https:\/\/apuntesdesanluis.com\/index.php\/2024\/12\/20\/por-orden-de-la-justicia-allanan-el-despacho-de-kueider-en-el-senado-y-oficinas-de-dos-asesores\/#primaryimage\",\"url\":\"https:\/\/apuntesdesanluis.com\/wp-content\/uploads\/2024\/12\/DESPACHO.png\",\"contentUrl\":\"https:\/\/apuntesdesanluis.com\/wp-content\/uploads\/2024\/12\/DESPACHO.png\",\"width\":846,\"height\":438},{\"@type\":\"BreadcrumbList\",\"@id\":\"https:\/\/apuntesdesanluis.com\/index.php\/2024\/12\/20\/por-orden-de-la-justicia-allanan-el-despacho-de-kueider-en-el-senado-y-oficinas-de-dos-asesores\/#breadcrumb\",\"itemListElement\":[{\"@type\":\"ListItem\",\"position\":1,\"name\":\"Inicio\",\"item\":\"https:\/\/apuntesdesanluis.com\/\"},{\"@type\":\"ListItem\",\"position\":2,\"name\":\"POR ORDEN DE LA JUSTICIA, ALLANAN EL DESPACHO DE KUEIDER EN EL SENADO Y OFICINAS DE DOS ASESORES\"}]},{\"@type\":\"WebSite\",\"@id\":\"https:\/\/apuntesdesanluis.com\/#website\",\"url\":\"https:\/\/apuntesdesanluis.com\/\",\"name\":\"Apuntes de San Luis\",\"description\":\"\",\"publisher\":{\"@id\":\"https:\/\/apuntesdesanluis.com\/#\/schema\/person\/b55151d52296fcce64d1a72538a70b90\"},\"potentialAction\":[{\"@type\":\"SearchAction\",\"target\":{\"@type\":\"EntryPoint\",\"urlTemplate\":\"https:\/\/apuntesdesanluis.com\/?s={search_term_string}\"},\"query-input\":{\"@type\":\"PropertyValueSpecification\",\"valueRequired\":true,\"valueName\":\"search_term_string\"}}],\"inLanguage\":\"es-AR\"},{\"@type\":[\"Person\",\"Organization\"],\"@id\":\"https:\/\/apuntesdesanluis.com\/#\/schema\/person\/b55151d52296fcce64d1a72538a70b90\",\"name\":\"apuntesdesanluis.com\",\"image\":{\"@type\":\"ImageObject\",\"inLanguage\":\"es-AR\",\"@id\":\"https:\/\/apuntesdesanluis.com\/#\/schema\/person\/image\/\",\"url\":\"https:\/\/apuntesdesanluis.com\/wp-content\/uploads\/2023\/07\/cropped-apuntesdesanluis.png\",\"contentUrl\":\"https:\/\/apuntesdesanluis.com\/wp-content\/uploads\/2023\/07\/cropped-apuntesdesanluis.png\",\"width\":450,\"height\":112,\"caption\":\"apuntesdesanluis.com\"},\"logo\":{\"@id\":\"https:\/\/apuntesdesanluis.com\/#\/schema\/person\/image\/\"},\"sameAs\":[\"https:\/\/apuntesdesanluis.com\"],\"url\":\"https:\/\/apuntesdesanluis.com\/index.php\/author\/apuntesdesanluis-com\/\"}]}<\/script>\n<!-- \/ Yoast SEO plugin. -->","yoast_head_json":{"title":"POR ORDEN DE LA JUSTICIA, ALLANAN EL DESPACHO DE KUEIDER EN EL SENADO Y OFICINAS DE DOS ASESORES - Apuntes de San Luis","robots":{"index":"index","follow":"follow","max-snippet":"max-snippet:-1","max-image-preview":"max-image-preview:large","max-video-preview":"max-video-preview:-1"},"canonical":"https:\/\/apuntesdesanluis.com\/index.php\/2024\/12\/20\/por-orden-de-la-justicia-allanan-el-despacho-de-kueider-en-el-senado-y-oficinas-de-dos-asesores\/","og_locale":"es_ES","og_type":"article","og_title":"POR ORDEN DE LA JUSTICIA, ALLANAN EL DESPACHO DE KUEIDER EN EL SENADO Y OFICINAS DE DOS ASESORES - Apuntes de San Luis","og_description":"La jueza Sandra Arroyo Salgado dispuso allanar esta tarde el despacho del ex senador Edgardo...","og_url":"https:\/\/apuntesdesanluis.com\/index.php\/2024\/12\/20\/por-orden-de-la-justicia-allanan-el-despacho-de-kueider-en-el-senado-y-oficinas-de-dos-asesores\/","og_site_name":"Apuntes de San Luis","article_published_time":"2024-12-20T23:46:21+00:00","og_image":[{"width":846,"height":438,"url":"https:\/\/apuntesdesanluis.com\/wp-content\/uploads\/2024\/12\/DESPACHO.png","type":"image\/png"}],"author":"apuntesdesanluis.com","twitter_card":"summary_large_image","twitter_misc":{"Escrito por":"apuntesdesanluis.com","Tiempo de lectura":"4 minutos"},"schema":{"@context":"https:\/\/schema.org","@graph":[{"@type":"Article","@id":"https:\/\/apuntesdesanluis.com\/index.php\/2024\/12\/20\/por-orden-de-la-justicia-allanan-el-despacho-de-kueider-en-el-senado-y-oficinas-de-dos-asesores\/#article","isPartOf":{"@id":"https:\/\/apuntesdesanluis.com\/index.php\/2024\/12\/20\/por-orden-de-la-justicia-allanan-el-despacho-de-kueider-en-el-senado-y-oficinas-de-dos-asesores\/"},"author":{"name":"apuntesdesanluis.com","@id":"https:\/\/apuntesdesanluis.com\/#\/schema\/person\/b55151d52296fcce64d1a72538a70b90"},"headline":"POR ORDEN DE LA JUSTICIA, ALLANAN EL DESPACHO DE KUEIDER EN EL SENADO Y OFICINAS DE DOS ASESORES","datePublished":"2024-12-20T23:46:21+00:00","mainEntityOfPage":{"@id":"https:\/\/apuntesdesanluis.com\/index.php\/2024\/12\/20\/por-orden-de-la-justicia-allanan-el-despacho-de-kueider-en-el-senado-y-oficinas-de-dos-asesores\/"},"wordCount":824,"publisher":{"@id":"https:\/\/apuntesdesanluis.com\/#\/schema\/person\/b55151d52296fcce64d1a72538a70b90"},"image":{"@id":"https:\/\/apuntesdesanluis.com\/index.php\/2024\/12\/20\/por-orden-de-la-justicia-allanan-el-despacho-de-kueider-en-el-senado-y-oficinas-de-dos-asesores\/#primaryimage"},"thumbnailUrl":"https:\/\/apuntesdesanluis.com\/wp-content\/uploads\/2024\/12\/DESPACHO.png","articleSection":["Nacionales\/Internacionales"],"inLanguage":"es-AR"},{"@type":"WebPage","@id":"https:\/\/apuntesdesanluis.com\/index.php\/2024\/12\/20\/por-orden-de-la-justicia-allanan-el-despacho-de-kueider-en-el-senado-y-oficinas-de-dos-asesores\/","url":"https:\/\/apuntesdesanluis.com\/index.php\/2024\/12\/20\/por-orden-de-la-justicia-allanan-el-despacho-de-kueider-en-el-senado-y-oficinas-de-dos-asesores\/","name":"POR ORDEN DE LA JUSTICIA, ALLANAN EL DESPACHO DE KUEIDER EN EL SENADO Y OFICINAS DE DOS ASESORES - Apuntes de San Luis","isPartOf":{"@id":"https:\/\/apuntesdesanluis.com\/#website"},"primaryImageOfPage":{"@id":"https:\/\/apuntesdesanluis.com\/index.php\/2024\/12\/20\/por-orden-de-la-justicia-allanan-el-despacho-de-kueider-en-el-senado-y-oficinas-de-dos-asesores\/#primaryimage"},"image":{"@id":"https:\/\/apuntesdesanluis.com\/index.php\/2024\/12\/20\/por-orden-de-la-justicia-allanan-el-despacho-de-kueider-en-el-senado-y-oficinas-de-dos-asesores\/#primaryimage"},"thumbnailUrl":"https:\/\/apuntesdesanluis.com\/wp-content\/uploads\/2024\/12\/DESPACHO.png","datePublished":"2024-12-20T23:46:21+00:00","breadcrumb":{"@id":"https:\/\/apuntesdesanluis.com\/index.php\/2024\/12\/20\/por-orden-de-la-justicia-allanan-el-despacho-de-kueider-en-el-senado-y-oficinas-de-dos-asesores\/#breadcrumb"},"inLanguage":"es-AR","potentialAction":[{"@type":"ReadAction","target":["https:\/\/apuntesdesanluis.com\/index.php\/2024\/12\/20\/por-orden-de-la-justicia-allanan-el-despacho-de-kueider-en-el-senado-y-oficinas-de-dos-asesores\/"]}]},{"@type":"ImageObject","inLanguage":"es-AR","@id":"https:\/\/apuntesdesanluis.com\/index.php\/2024\/12\/20\/por-orden-de-la-justicia-allanan-el-despacho-de-kueider-en-el-senado-y-oficinas-de-dos-asesores\/#primaryimage","url":"https:\/\/apuntesdesanluis.com\/wp-content\/uploads\/2024\/12\/DESPACHO.png","contentUrl":"https:\/\/apuntesdesanluis.com\/wp-content\/uploads\/2024\/12\/DESPACHO.png","width":846,"height":438},{"@type":"BreadcrumbList","@id":"https:\/\/apuntesdesanluis.com\/index.php\/2024\/12\/20\/por-orden-de-la-justicia-allanan-el-despacho-de-kueider-en-el-senado-y-oficinas-de-dos-asesores\/#breadcrumb","itemListElement":[{"@type":"ListItem","position":1,"name":"Inicio","item":"https:\/\/apuntesdesanluis.com\/"},{"@type":"ListItem","position":2,"name":"POR ORDEN DE LA JUSTICIA, ALLANAN EL DESPACHO DE KUEIDER EN EL SENADO Y OFICINAS DE DOS ASESORES"}]},{"@type":"WebSite","@id":"https:\/\/apuntesdesanluis.com\/#website","url":"https:\/\/apuntesdesanluis.com\/","name":"Apuntes de San Luis","description":"","publisher":{"@id":"https:\/\/apuntesdesanluis.com\/#\/schema\/person\/b55151d52296fcce64d1a72538a70b90"},"potentialAction":[{"@type":"SearchAction","target":{"@type":"EntryPoint","urlTemplate":"https:\/\/apuntesdesanluis.com\/?s={search_term_string}"},"query-input":{"@type":"PropertyValueSpecification","valueRequired":true,"valueName":"search_term_string"}}],"inLanguage":"es-AR"},{"@type":["Person","Organization"],"@id":"https:\/\/apuntesdesanluis.com\/#\/schema\/person\/b55151d52296fcce64d1a72538a70b90","name":"apuntesdesanluis.com","image":{"@type":"ImageObject","inLanguage":"es-AR","@id":"https:\/\/apuntesdesanluis.com\/#\/schema\/person\/image\/","url":"https:\/\/apuntesdesanluis.com\/wp-content\/uploads\/2023\/07\/cropped-apuntesdesanluis.png","contentUrl":"https:\/\/apuntesdesanluis.com\/wp-content\/uploads\/2023\/07\/cropped-apuntesdesanluis.png","width":450,"height":112,"caption":"apuntesdesanluis.com"},"logo":{"@id":"https:\/\/apuntesdesanluis.com\/#\/schema\/person\/image\/"},"sameAs":["https:\/\/apuntesdesanluis.com"],"url":"https:\/\/apuntesdesanluis.com\/index.php\/author\/apuntesdesanluis-com\/"}]}},"featured_image_urls":{"full":["https:\/\/apuntesdesanluis.com\/wp-content\/uploads\/2024\/12\/DESPACHO.png",846,438,false],"thumbnail":["https:\/\/apuntesdesanluis.com\/wp-content\/uploads\/2024\/12\/DESPACHO-150x150.png",150,150,true],"medium":["https:\/\/apuntesdesanluis.com\/wp-content\/uploads\/2024\/12\/DESPACHO-300x155.png",300,155,true],"medium_large":["https:\/\/apuntesdesanluis.com\/wp-content\/uploads\/2024\/12\/DESPACHO-768x398.png",640,332,true],"large":["https:\/\/apuntesdesanluis.com\/wp-content\/uploads\/2024\/12\/DESPACHO.png",640,331,false],"1536x1536":["https:\/\/apuntesdesanluis.com\/wp-content\/uploads\/2024\/12\/DESPACHO.png",846,438,false],"2048x2048":["https:\/\/apuntesdesanluis.com\/wp-content\/uploads\/2024\/12\/DESPACHO.png",846,438,false],"newsever-slider-full":["https:\/\/apuntesdesanluis.com\/wp-content\/uploads\/2024\/12\/DESPACHO.png",846,438,false],"newsever-featured":["https:\/\/apuntesdesanluis.com\/wp-content\/uploads\/2024\/12\/DESPACHO.png",846,438,false],"newsever-medium":["https:\/\/apuntesdesanluis.com\/wp-content\/uploads\/2024\/12\/DESPACHO-720x438.png",720,438,true]},"author_info":{"display_name":"apuntesdesanluis.com","author_link":"https:\/\/apuntesdesanluis.com\/index.php\/author\/apuntesdesanluis-com\/"},"category_info":"<a href=\"https:\/\/apuntesdesanluis.com\/index.php\/category\/nacionales-internacionales\/\" rel=\"category tag\">Nacionales\/Internacionales<\/a>","tag_info":"Nacionales\/Internacionales","comment_count":"0","_links":{"self":[{"href":"https:\/\/apuntesdesanluis.com\/index.php\/wp-json\/wp\/v2\/posts\/27013","targetHints":{"allow":["GET"]}}],"collection":[{"href":"https:\/\/apuntesdesanluis.com\/index.php\/wp-json\/wp\/v2\/posts"}],"about":[{"href":"https:\/\/apuntesdesanluis.com\/index.php\/wp-json\/wp\/v2\/types\/post"}],"author":[{"embeddable":true,"href":"https:\/\/apuntesdesanluis.com\/index.php\/wp-json\/wp\/v2\/users\/1"}],"replies":[{"embeddable":true,"href":"https:\/\/apuntesdesanluis.com\/index.php\/wp-json\/wp\/v2\/comments?post=27013"}],"version-history":[{"count":1,"href":"https:\/\/apuntesdesanluis.com\/index.php\/wp-json\/wp\/v2\/posts\/27013\/revisions"}],"predecessor-version":[{"id":27015,"href":"https:\/\/apuntesdesanluis.com\/index.php\/wp-json\/wp\/v2\/posts\/27013\/revisions\/27015"}],"wp:featuredmedia":[{"embeddable":true,"href":"https:\/\/apuntesdesanluis.com\/index.php\/wp-json\/wp\/v2\/media\/27014"}],"wp:attachment":[{"href":"https:\/\/apuntesdesanluis.com\/index.php\/wp-json\/wp\/v2\/media?parent=27013"}],"wp:term":[{"taxonomy":"category","embeddable":true,"href":"https:\/\/apuntesdesanluis.com\/index.php\/wp-json\/wp\/v2\/categories?post=27013"},{"taxonomy":"post_tag","embeddable":true,"href":"https:\/\/apuntesdesanluis.com\/index.php\/wp-json\/wp\/v2\/tags?post=27013"}],"curies":[{"name":"wp","href":"https:\/\/api.w.org\/{rel}","templated":true}]}}