{"id":27024,"date":"2024-12-20T21:21:43","date_gmt":"2024-12-21T00:21:43","guid":{"rendered":"https:\/\/apuntesdesanluis.com\/?p=27024"},"modified":"2024-12-20T21:21:43","modified_gmt":"2024-12-21T00:21:43","slug":"milei-elogio-a-bullrich-a-quien-califico-de-formidable-y-maravillosa-tras-las-criticas-de-villarruel","status":"publish","type":"post","link":"https:\/\/apuntesdesanluis.com\/index.php\/2024\/12\/20\/milei-elogio-a-bullrich-a-quien-califico-de-formidable-y-maravillosa-tras-las-criticas-de-villarruel\/","title":{"rendered":"MILEI ELOGI\u00d3 A BULLRICH A QUIEN CALIFIC\u00d3 DE &#8220;FORMIDABLE Y MARAVILLOSA&#8221; TRAS LAS CR\u00cdTICAS DE VILLARRUEL"},"content":{"rendered":"<h3>El presidente <strong>Javier Milei<\/strong> elogi\u00f3 a la ministra de Seguridad, <strong>Patricia Bullrich<\/strong>, a la que calific\u00f3 de &#8220;formidable y maravillosa&#8221; tras las cr\u00edticas que recibi\u00f3 de parte de la vicepresidenta Victoria Villarruel por la situaci\u00f3n del gendarme Nahuel Gallo, secuestrado en Venezuela por el gobierno de Nicol\u00e1s Maduro. Atr\u00e1s quedaron los tiempos en los que el presidente criticaba a Bullrich por &#8220;colocar bombas en un jard\u00edn de infantes&#8221;, durante su \u00e9poca de montonera.<\/h3>\n<h3>El d\u00eda despu\u00e9s de que la titular del Senado asegurara que, en su lugar, ella \u201cjam\u00e1s habr\u00eda autorizado a un gendarme a ir a Venezuela\u201d, el Presidente inaugur\u00f3 la Bolsa de Comercio de C\u00f3rdoba desde donde destac\u00f3 la tarea de su funcionaria en materia de seguridad social mientras realizaba un repaso de lo que considera los hitos de su gesti\u00f3n.<\/h3>\n<h3>\u201cEl ajuste fue de siete puntos del PBI, y dado que ten\u00edamos conciencia de que el aumento de ahorro no iba a tener contrapartida en inversi\u00f3n sab\u00edamos que de inicio \u00edbamos a tener una ca\u00edda en el nivel de actividad econ\u00f3mica y que, adem\u00e1s, mientras que est\u00e1bamos sincerando la econom\u00eda implicaba un salto en la pobreza, entonces decidimos, desde Capital Humano, dar contenci\u00f3n social a los m\u00e1s vulnerables\u201d, afirm\u00f3.<\/h3>\n<p><img fetchpriority=\"high\" decoding=\"async\" class=\"wp-image-494 aligncenter\" src=\"https:\/\/apuntesdesanluis.com\/wp-content\/uploads\/2023\/07\/bullrich-milei-apuntes-300x174.png\" alt=\"\" width=\"752\" height=\"436\" srcset=\"https:\/\/apuntesdesanluis.com\/wp-content\/uploads\/2023\/07\/bullrich-milei-apuntes-300x174.png 300w, https:\/\/apuntesdesanluis.com\/wp-content\/uploads\/2023\/07\/bullrich-milei-apuntes.png 834w\" sizes=\"(max-width: 752px) 100vw, 752px\" \/><\/p>\n<h3>En la misma l\u00ednea, continu\u00f3: \u201cAl tiempo que tambi\u00e9n en una acci\u00f3n conjunta entre la ministro Pettovello, la formidable y maravillosa ministra Patricia Bullrich y el querido Guillermo Ferraro, que en paz descanse, hicieron el trabajo fenomenal de no solo dar contenci\u00f3n a los m\u00e1s vulnerables, sino que esa acci\u00f3n nos permiti\u00f3 terminar con los gerentes de la pobreza y que se abusaban de aquellos que menos tienen\u201d.<\/h3>\n<h3>Con bastos elogios a su equipo econ\u00f3mico, y con varias definiciones del programa a futuro, el jefe de Estado resalt\u00f3 las medidas que adopt\u00f3 la extitular del PRO en materia de Seguridad.<\/h3>\n<h3>\u201cHoy se cumple un a\u00f1o del Decreto 70\/2023 y que junto a la Ley Bases representa una reforma estructural ocho veces m\u00e1s grande que la reforma que hizo Menem, que hab\u00eda sido la m\u00e1s grande de la historia Argentina\u201d, sostuvo, y agreg\u00f3: \u201cY mientras que hac\u00edamos esto, dec\u00edan que nos iban a incendiar el pa\u00eds y, sin embargo, logramos pacificar la calle, no cediendo jam\u00e1s ante los intentos extorsivos de los agitadores profesionales\u201d.<\/h3>\n<h3>Asimismo, rescat\u00f3: \u201cEsto tambi\u00e9n es muy importante se\u00f1alar: cuando nosotros asumimos hab\u00eda cerca de 8000 piquetes por a\u00f1o, y dec\u00edan que era imposible terminar con los piquetes. Nosotros terminamos con los piquetes de la mano del trabajo enorme de la doctora Bullrich, Sandra Pettovello y, en aquel momento, Guillermo Ferraro, los terminamos desde el primer d\u00eda\u201d.<\/h3>\n<h3>\u201cEso que parec\u00eda imposible, nosotros lo hemos hecho posible, y no solo en materia de piquetes, el Gobierno anterior dec\u00eda que hab\u00eda perdido la lucha contra el narcotr\u00e1fico y que Rosario estaba perdida, y la doctora Bullrich dise\u00f1\u00f3 el Plan Bandera y baj\u00f3 70% los homicidios en Rosario\u201d, subray\u00f3 el mandatario.<\/h3>\n<h3><\/h3>\n<h3><\/h3>\n<h3><\/h3>\n","protected":false},"excerpt":{"rendered":"<p>El presidente Javier Milei elogi\u00f3 a la ministra de Seguridad, Patricia Bullrich, a la que&#8230;<\/p>\n","protected":false},"author":1,"featured_media":27025,"comment_status":"closed","ping_status":"closed","sticky":false,"template":"","format":"standard","meta":{"footnotes":""},"categories":[5],"tags":[],"class_list":["post-27024","post","type-post","status-publish","format-standard","has-post-thumbnail","hentry","category-nacionales-internacionales"],"yoast_head":"<!-- This site is optimized with the Yoast SEO plugin v26.1.1 - https:\/\/yoast.com\/wordpress\/plugins\/seo\/ -->\n<title>MILEI ELOGI\u00d3 A BULLRICH A QUIEN CALIFIC\u00d3 DE &quot;FORMIDABLE Y MARAVILLOSA&quot; TRAS LAS CR\u00cdTICAS DE VILLARRUEL - Apuntes de San Luis<\/title>\n<meta name=\"robots\" content=\"index, follow, max-snippet:-1, max-image-preview:large, max-video-preview:-1\" \/>\n<link rel=\"canonical\" href=\"https:\/\/apuntesdesanluis.com\/index.php\/2024\/12\/20\/milei-elogio-a-bullrich-a-quien-califico-de-formidable-y-maravillosa-tras-las-criticas-de-villarruel\/\" \/>\n<meta property=\"og:locale\" content=\"es_ES\" \/>\n<meta property=\"og:type\" content=\"article\" \/>\n<meta property=\"og:title\" content=\"MILEI ELOGI\u00d3 A BULLRICH A QUIEN CALIFIC\u00d3 DE &quot;FORMIDABLE Y MARAVILLOSA&quot; TRAS LAS CR\u00cdTICAS DE VILLARRUEL - Apuntes de San Luis\" \/>\n<meta property=\"og:description\" content=\"El presidente Javier Milei elogi\u00f3 a la ministra de Seguridad, Patricia Bullrich, a la que...\" \/>\n<meta property=\"og:url\" content=\"https:\/\/apuntesdesanluis.com\/index.php\/2024\/12\/20\/milei-elogio-a-bullrich-a-quien-califico-de-formidable-y-maravillosa-tras-las-criticas-de-villarruel\/\" \/>\n<meta property=\"og:site_name\" content=\"Apuntes de San Luis\" \/>\n<meta property=\"article:published_time\" content=\"2024-12-21T00:21:43+00:00\" \/>\n<meta property=\"og:image\" content=\"https:\/\/apuntesdesanluis.com\/wp-content\/uploads\/2024\/12\/MILEI-3.png\" \/>\n\t<meta property=\"og:image:width\" content=\"689\" \/>\n\t<meta property=\"og:image:height\" content=\"420\" \/>\n\t<meta property=\"og:image:type\" content=\"image\/png\" \/>\n<meta name=\"author\" content=\"apuntesdesanluis.com\" \/>\n<meta name=\"twitter:card\" content=\"summary_large_image\" \/>\n<meta name=\"twitter:label1\" content=\"Escrito por\" \/>\n\t<meta name=\"twitter:data1\" content=\"apuntesdesanluis.com\" \/>\n\t<meta name=\"twitter:label2\" content=\"Tiempo de lectura\" \/>\n\t<meta name=\"twitter:data2\" content=\"3 minutos\" \/>\n<script type=\"application\/ld+json\" class=\"yoast-schema-graph\">{\"@context\":\"https:\/\/schema.org\",\"@graph\":[{\"@type\":\"Article\",\"@id\":\"https:\/\/apuntesdesanluis.com\/index.php\/2024\/12\/20\/milei-elogio-a-bullrich-a-quien-califico-de-formidable-y-maravillosa-tras-las-criticas-de-villarruel\/#article\",\"isPartOf\":{\"@id\":\"https:\/\/apuntesdesanluis.com\/index.php\/2024\/12\/20\/milei-elogio-a-bullrich-a-quien-califico-de-formidable-y-maravillosa-tras-las-criticas-de-villarruel\/\"},\"author\":{\"name\":\"apuntesdesanluis.com\",\"@id\":\"https:\/\/apuntesdesanluis.com\/#\/schema\/person\/b55151d52296fcce64d1a72538a70b90\"},\"headline\":\"MILEI ELOGI\u00d3 A BULLRICH A QUIEN CALIFIC\u00d3 DE &#8220;FORMIDABLE Y MARAVILLOSA&#8221; TRAS LAS CR\u00cdTICAS DE VILLARRUEL\",\"datePublished\":\"2024-12-21T00:21:43+00:00\",\"mainEntityOfPage\":{\"@id\":\"https:\/\/apuntesdesanluis.com\/index.php\/2024\/12\/20\/milei-elogio-a-bullrich-a-quien-califico-de-formidable-y-maravillosa-tras-las-criticas-de-villarruel\/\"},\"wordCount\":542,\"publisher\":{\"@id\":\"https:\/\/apuntesdesanluis.com\/#\/schema\/person\/b55151d52296fcce64d1a72538a70b90\"},\"image\":{\"@id\":\"https:\/\/apuntesdesanluis.com\/index.php\/2024\/12\/20\/milei-elogio-a-bullrich-a-quien-califico-de-formidable-y-maravillosa-tras-las-criticas-de-villarruel\/#primaryimage\"},\"thumbnailUrl\":\"https:\/\/apuntesdesanluis.com\/wp-content\/uploads\/2024\/12\/MILEI-3.png\",\"articleSection\":[\"Nacionales\/Internacionales\"],\"inLanguage\":\"es-AR\"},{\"@type\":\"WebPage\",\"@id\":\"https:\/\/apuntesdesanluis.com\/index.php\/2024\/12\/20\/milei-elogio-a-bullrich-a-quien-califico-de-formidable-y-maravillosa-tras-las-criticas-de-villarruel\/\",\"url\":\"https:\/\/apuntesdesanluis.com\/index.php\/2024\/12\/20\/milei-elogio-a-bullrich-a-quien-califico-de-formidable-y-maravillosa-tras-las-criticas-de-villarruel\/\",\"name\":\"MILEI ELOGI\u00d3 A BULLRICH A QUIEN CALIFIC\u00d3 DE \\\"FORMIDABLE Y MARAVILLOSA\\\" TRAS LAS CR\u00cdTICAS DE VILLARRUEL - Apuntes de San Luis\",\"isPartOf\":{\"@id\":\"https:\/\/apuntesdesanluis.com\/#website\"},\"primaryImageOfPage\":{\"@id\":\"https:\/\/apuntesdesanluis.com\/index.php\/2024\/12\/20\/milei-elogio-a-bullrich-a-quien-califico-de-formidable-y-maravillosa-tras-las-criticas-de-villarruel\/#primaryimage\"},\"image\":{\"@id\":\"https:\/\/apuntesdesanluis.com\/index.php\/2024\/12\/20\/milei-elogio-a-bullrich-a-quien-califico-de-formidable-y-maravillosa-tras-las-criticas-de-villarruel\/#primaryimage\"},\"thumbnailUrl\":\"https:\/\/apuntesdesanluis.com\/wp-content\/uploads\/2024\/12\/MILEI-3.png\",\"datePublished\":\"2024-12-21T00:21:43+00:00\",\"breadcrumb\":{\"@id\":\"https:\/\/apuntesdesanluis.com\/index.php\/2024\/12\/20\/milei-elogio-a-bullrich-a-quien-califico-de-formidable-y-maravillosa-tras-las-criticas-de-villarruel\/#breadcrumb\"},\"inLanguage\":\"es-AR\",\"potentialAction\":[{\"@type\":\"ReadAction\",\"target\":[\"https:\/\/apuntesdesanluis.com\/index.php\/2024\/12\/20\/milei-elogio-a-bullrich-a-quien-califico-de-formidable-y-maravillosa-tras-las-criticas-de-villarruel\/\"]}]},{\"@type\":\"ImageObject\",\"inLanguage\":\"es-AR\",\"@id\":\"https:\/\/apuntesdesanluis.com\/index.php\/2024\/12\/20\/milei-elogio-a-bullrich-a-quien-califico-de-formidable-y-maravillosa-tras-las-criticas-de-villarruel\/#primaryimage\",\"url\":\"https:\/\/apuntesdesanluis.com\/wp-content\/uploads\/2024\/12\/MILEI-3.png\",\"contentUrl\":\"https:\/\/apuntesdesanluis.com\/wp-content\/uploads\/2024\/12\/MILEI-3.png\",\"width\":689,\"height\":420},{\"@type\":\"BreadcrumbList\",\"@id\":\"https:\/\/apuntesdesanluis.com\/index.php\/2024\/12\/20\/milei-elogio-a-bullrich-a-quien-califico-de-formidable-y-maravillosa-tras-las-criticas-de-villarruel\/#breadcrumb\",\"itemListElement\":[{\"@type\":\"ListItem\",\"position\":1,\"name\":\"Inicio\",\"item\":\"https:\/\/apuntesdesanluis.com\/\"},{\"@type\":\"ListItem\",\"position\":2,\"name\":\"MILEI ELOGI\u00d3 A BULLRICH A QUIEN CALIFIC\u00d3 DE &#8220;FORMIDABLE Y MARAVILLOSA&#8221; TRAS LAS CR\u00cdTICAS DE VILLARRUEL\"}]},{\"@type\":\"WebSite\",\"@id\":\"https:\/\/apuntesdesanluis.com\/#website\",\"url\":\"https:\/\/apuntesdesanluis.com\/\",\"name\":\"Apuntes de San Luis\",\"description\":\"\",\"publisher\":{\"@id\":\"https:\/\/apuntesdesanluis.com\/#\/schema\/person\/b55151d52296fcce64d1a72538a70b90\"},\"potentialAction\":[{\"@type\":\"SearchAction\",\"target\":{\"@type\":\"EntryPoint\",\"urlTemplate\":\"https:\/\/apuntesdesanluis.com\/?s={search_term_string}\"},\"query-input\":{\"@type\":\"PropertyValueSpecification\",\"valueRequired\":true,\"valueName\":\"search_term_string\"}}],\"inLanguage\":\"es-AR\"},{\"@type\":[\"Person\",\"Organization\"],\"@id\":\"https:\/\/apuntesdesanluis.com\/#\/schema\/person\/b55151d52296fcce64d1a72538a70b90\",\"name\":\"apuntesdesanluis.com\",\"image\":{\"@type\":\"ImageObject\",\"inLanguage\":\"es-AR\",\"@id\":\"https:\/\/apuntesdesanluis.com\/#\/schema\/person\/image\/\",\"url\":\"https:\/\/apuntesdesanluis.com\/wp-content\/uploads\/2023\/07\/cropped-apuntesdesanluis.png\",\"contentUrl\":\"https:\/\/apuntesdesanluis.com\/wp-content\/uploads\/2023\/07\/cropped-apuntesdesanluis.png\",\"width\":450,\"height\":112,\"caption\":\"apuntesdesanluis.com\"},\"logo\":{\"@id\":\"https:\/\/apuntesdesanluis.com\/#\/schema\/person\/image\/\"},\"sameAs\":[\"https:\/\/apuntesdesanluis.com\"],\"url\":\"https:\/\/apuntesdesanluis.com\/index.php\/author\/apuntesdesanluis-com\/\"}]}<\/script>\n<!-- \/ Yoast SEO plugin. -->","yoast_head_json":{"title":"MILEI ELOGI\u00d3 A BULLRICH A QUIEN CALIFIC\u00d3 DE \"FORMIDABLE Y MARAVILLOSA\" TRAS LAS CR\u00cdTICAS DE VILLARRUEL - Apuntes de San Luis","robots":{"index":"index","follow":"follow","max-snippet":"max-snippet:-1","max-image-preview":"max-image-preview:large","max-video-preview":"max-video-preview:-1"},"canonical":"https:\/\/apuntesdesanluis.com\/index.php\/2024\/12\/20\/milei-elogio-a-bullrich-a-quien-califico-de-formidable-y-maravillosa-tras-las-criticas-de-villarruel\/","og_locale":"es_ES","og_type":"article","og_title":"MILEI ELOGI\u00d3 A BULLRICH A QUIEN CALIFIC\u00d3 DE \"FORMIDABLE Y MARAVILLOSA\" TRAS LAS CR\u00cdTICAS DE VILLARRUEL - Apuntes de San Luis","og_description":"El presidente Javier Milei elogi\u00f3 a la ministra de Seguridad, Patricia Bullrich, a la que...","og_url":"https:\/\/apuntesdesanluis.com\/index.php\/2024\/12\/20\/milei-elogio-a-bullrich-a-quien-califico-de-formidable-y-maravillosa-tras-las-criticas-de-villarruel\/","og_site_name":"Apuntes de San Luis","article_published_time":"2024-12-21T00:21:43+00:00","og_image":[{"width":689,"height":420,"url":"https:\/\/apuntesdesanluis.com\/wp-content\/uploads\/2024\/12\/MILEI-3.png","type":"image\/png"}],"author":"apuntesdesanluis.com","twitter_card":"summary_large_image","twitter_misc":{"Escrito por":"apuntesdesanluis.com","Tiempo de lectura":"3 minutos"},"schema":{"@context":"https:\/\/schema.org","@graph":[{"@type":"Article","@id":"https:\/\/apuntesdesanluis.com\/index.php\/2024\/12\/20\/milei-elogio-a-bullrich-a-quien-califico-de-formidable-y-maravillosa-tras-las-criticas-de-villarruel\/#article","isPartOf":{"@id":"https:\/\/apuntesdesanluis.com\/index.php\/2024\/12\/20\/milei-elogio-a-bullrich-a-quien-califico-de-formidable-y-maravillosa-tras-las-criticas-de-villarruel\/"},"author":{"name":"apuntesdesanluis.com","@id":"https:\/\/apuntesdesanluis.com\/#\/schema\/person\/b55151d52296fcce64d1a72538a70b90"},"headline":"MILEI ELOGI\u00d3 A BULLRICH A QUIEN CALIFIC\u00d3 DE &#8220;FORMIDABLE Y MARAVILLOSA&#8221; TRAS LAS CR\u00cdTICAS DE VILLARRUEL","datePublished":"2024-12-21T00:21:43+00:00","mainEntityOfPage":{"@id":"https:\/\/apuntesdesanluis.com\/index.php\/2024\/12\/20\/milei-elogio-a-bullrich-a-quien-califico-de-formidable-y-maravillosa-tras-las-criticas-de-villarruel\/"},"wordCount":542,"publisher":{"@id":"https:\/\/apuntesdesanluis.com\/#\/schema\/person\/b55151d52296fcce64d1a72538a70b90"},"image":{"@id":"https:\/\/apuntesdesanluis.com\/index.php\/2024\/12\/20\/milei-elogio-a-bullrich-a-quien-califico-de-formidable-y-maravillosa-tras-las-criticas-de-villarruel\/#primaryimage"},"thumbnailUrl":"https:\/\/apuntesdesanluis.com\/wp-content\/uploads\/2024\/12\/MILEI-3.png","articleSection":["Nacionales\/Internacionales"],"inLanguage":"es-AR"},{"@type":"WebPage","@id":"https:\/\/apuntesdesanluis.com\/index.php\/2024\/12\/20\/milei-elogio-a-bullrich-a-quien-califico-de-formidable-y-maravillosa-tras-las-criticas-de-villarruel\/","url":"https:\/\/apuntesdesanluis.com\/index.php\/2024\/12\/20\/milei-elogio-a-bullrich-a-quien-califico-de-formidable-y-maravillosa-tras-las-criticas-de-villarruel\/","name":"MILEI ELOGI\u00d3 A BULLRICH A QUIEN CALIFIC\u00d3 DE \"FORMIDABLE Y MARAVILLOSA\" TRAS LAS CR\u00cdTICAS DE VILLARRUEL - Apuntes de San Luis","isPartOf":{"@id":"https:\/\/apuntesdesanluis.com\/#website"},"primaryImageOfPage":{"@id":"https:\/\/apuntesdesanluis.com\/index.php\/2024\/12\/20\/milei-elogio-a-bullrich-a-quien-califico-de-formidable-y-maravillosa-tras-las-criticas-de-villarruel\/#primaryimage"},"image":{"@id":"https:\/\/apuntesdesanluis.com\/index.php\/2024\/12\/20\/milei-elogio-a-bullrich-a-quien-califico-de-formidable-y-maravillosa-tras-las-criticas-de-villarruel\/#primaryimage"},"thumbnailUrl":"https:\/\/apuntesdesanluis.com\/wp-content\/uploads\/2024\/12\/MILEI-3.png","datePublished":"2024-12-21T00:21:43+00:00","breadcrumb":{"@id":"https:\/\/apuntesdesanluis.com\/index.php\/2024\/12\/20\/milei-elogio-a-bullrich-a-quien-califico-de-formidable-y-maravillosa-tras-las-criticas-de-villarruel\/#breadcrumb"},"inLanguage":"es-AR","potentialAction":[{"@type":"ReadAction","target":["https:\/\/apuntesdesanluis.com\/index.php\/2024\/12\/20\/milei-elogio-a-bullrich-a-quien-califico-de-formidable-y-maravillosa-tras-las-criticas-de-villarruel\/"]}]},{"@type":"ImageObject","inLanguage":"es-AR","@id":"https:\/\/apuntesdesanluis.com\/index.php\/2024\/12\/20\/milei-elogio-a-bullrich-a-quien-califico-de-formidable-y-maravillosa-tras-las-criticas-de-villarruel\/#primaryimage","url":"https:\/\/apuntesdesanluis.com\/wp-content\/uploads\/2024\/12\/MILEI-3.png","contentUrl":"https:\/\/apuntesdesanluis.com\/wp-content\/uploads\/2024\/12\/MILEI-3.png","width":689,"height":420},{"@type":"BreadcrumbList","@id":"https:\/\/apuntesdesanluis.com\/index.php\/2024\/12\/20\/milei-elogio-a-bullrich-a-quien-califico-de-formidable-y-maravillosa-tras-las-criticas-de-villarruel\/#breadcrumb","itemListElement":[{"@type":"ListItem","position":1,"name":"Inicio","item":"https:\/\/apuntesdesanluis.com\/"},{"@type":"ListItem","position":2,"name":"MILEI ELOGI\u00d3 A BULLRICH A QUIEN CALIFIC\u00d3 DE &#8220;FORMIDABLE Y MARAVILLOSA&#8221; TRAS LAS CR\u00cdTICAS DE VILLARRUEL"}]},{"@type":"WebSite","@id":"https:\/\/apuntesdesanluis.com\/#website","url":"https:\/\/apuntesdesanluis.com\/","name":"Apuntes de San Luis","description":"","publisher":{"@id":"https:\/\/apuntesdesanluis.com\/#\/schema\/person\/b55151d52296fcce64d1a72538a70b90"},"potentialAction":[{"@type":"SearchAction","target":{"@type":"EntryPoint","urlTemplate":"https:\/\/apuntesdesanluis.com\/?s={search_term_string}"},"query-input":{"@type":"PropertyValueSpecification","valueRequired":true,"valueName":"search_term_string"}}],"inLanguage":"es-AR"},{"@type":["Person","Organization"],"@id":"https:\/\/apuntesdesanluis.com\/#\/schema\/person\/b55151d52296fcce64d1a72538a70b90","name":"apuntesdesanluis.com","image":{"@type":"ImageObject","inLanguage":"es-AR","@id":"https:\/\/apuntesdesanluis.com\/#\/schema\/person\/image\/","url":"https:\/\/apuntesdesanluis.com\/wp-content\/uploads\/2023\/07\/cropped-apuntesdesanluis.png","contentUrl":"https:\/\/apuntesdesanluis.com\/wp-content\/uploads\/2023\/07\/cropped-apuntesdesanluis.png","width":450,"height":112,"caption":"apuntesdesanluis.com"},"logo":{"@id":"https:\/\/apuntesdesanluis.com\/#\/schema\/person\/image\/"},"sameAs":["https:\/\/apuntesdesanluis.com"],"url":"https:\/\/apuntesdesanluis.com\/index.php\/author\/apuntesdesanluis-com\/"}]}},"featured_image_urls":{"full":["https:\/\/apuntesdesanluis.com\/wp-content\/uploads\/2024\/12\/MILEI-3.png",689,420,false],"thumbnail":["https:\/\/apuntesdesanluis.com\/wp-content\/uploads\/2024\/12\/MILEI-3-150x150.png",150,150,true],"medium":["https:\/\/apuntesdesanluis.com\/wp-content\/uploads\/2024\/12\/MILEI-3-300x183.png",300,183,true],"medium_large":["https:\/\/apuntesdesanluis.com\/wp-content\/uploads\/2024\/12\/MILEI-3.png",640,390,false],"large":["https:\/\/apuntesdesanluis.com\/wp-content\/uploads\/2024\/12\/MILEI-3.png",640,390,false],"1536x1536":["https:\/\/apuntesdesanluis.com\/wp-content\/uploads\/2024\/12\/MILEI-3.png",689,420,false],"2048x2048":["https:\/\/apuntesdesanluis.com\/wp-content\/uploads\/2024\/12\/MILEI-3.png",689,420,false],"newsever-slider-full":["https:\/\/apuntesdesanluis.com\/wp-content\/uploads\/2024\/12\/MILEI-3.png",689,420,false],"newsever-featured":["https:\/\/apuntesdesanluis.com\/wp-content\/uploads\/2024\/12\/MILEI-3.png",689,420,false],"newsever-medium":["https:\/\/apuntesdesanluis.com\/wp-content\/uploads\/2024\/12\/MILEI-3.png",689,420,false]},"author_info":{"display_name":"apuntesdesanluis.com","author_link":"https:\/\/apuntesdesanluis.com\/index.php\/author\/apuntesdesanluis-com\/"},"category_info":"<a href=\"https:\/\/apuntesdesanluis.com\/index.php\/category\/nacionales-internacionales\/\" rel=\"category tag\">Nacionales\/Internacionales<\/a>","tag_info":"Nacionales\/Internacionales","comment_count":"0","_links":{"self":[{"href":"https:\/\/apuntesdesanluis.com\/index.php\/wp-json\/wp\/v2\/posts\/27024","targetHints":{"allow":["GET"]}}],"collection":[{"href":"https:\/\/apuntesdesanluis.com\/index.php\/wp-json\/wp\/v2\/posts"}],"about":[{"href":"https:\/\/apuntesdesanluis.com\/index.php\/wp-json\/wp\/v2\/types\/post"}],"author":[{"embeddable":true,"href":"https:\/\/apuntesdesanluis.com\/index.php\/wp-json\/wp\/v2\/users\/1"}],"replies":[{"embeddable":true,"href":"https:\/\/apuntesdesanluis.com\/index.php\/wp-json\/wp\/v2\/comments?post=27024"}],"version-history":[{"count":1,"href":"https:\/\/apuntesdesanluis.com\/index.php\/wp-json\/wp\/v2\/posts\/27024\/revisions"}],"predecessor-version":[{"id":27026,"href":"https:\/\/apuntesdesanluis.com\/index.php\/wp-json\/wp\/v2\/posts\/27024\/revisions\/27026"}],"wp:featuredmedia":[{"embeddable":true,"href":"https:\/\/apuntesdesanluis.com\/index.php\/wp-json\/wp\/v2\/media\/27025"}],"wp:attachment":[{"href":"https:\/\/apuntesdesanluis.com\/index.php\/wp-json\/wp\/v2\/media?parent=27024"}],"wp:term":[{"taxonomy":"category","embeddable":true,"href":"https:\/\/apuntesdesanluis.com\/index.php\/wp-json\/wp\/v2\/categories?post=27024"},{"taxonomy":"post_tag","embeddable":true,"href":"https:\/\/apuntesdesanluis.com\/index.php\/wp-json\/wp\/v2\/tags?post=27024"}],"curies":[{"name":"wp","href":"https:\/\/api.w.org\/{rel}","templated":true}]}}