{"id":27027,"date":"2024-12-21T19:42:46","date_gmt":"2024-12-21T22:42:46","guid":{"rendered":"https:\/\/apuntesdesanluis.com\/?p=27027"},"modified":"2024-12-21T19:47:23","modified_gmt":"2024-12-21T22:47:23","slug":"detienen-a-una-mujer-por-el-homicidio-de-un-hombre-en-villa-mercedes","status":"publish","type":"post","link":"https:\/\/apuntesdesanluis.com\/index.php\/2024\/12\/21\/detienen-a-una-mujer-por-el-homicidio-de-un-hombre-en-villa-mercedes\/","title":{"rendered":"DETIENEN A UNA MUJER POR EL HOMICIDIO DE UN HOMBRE EN VILLA MERCEDES"},"content":{"rendered":"<h3>El hecho ocurri\u00f3 este s\u00e1bado en una vivienda del barrio La Ribera. Una mujer se encuentra detenida.<\/h3>\n<h3>Personal policial recibi\u00f3 un llamado telef\u00f3nico aproximadamente a las 14:00 h, informando que en la vivienda ubicada en Manzana 7015 C. 3, se encontraba un hombre con una herida de arma blanca.<\/h3>\n<h3>Al llegar efectivamente encontr\u00f3 un joven de 23 a\u00f1os, ya fallecido, en medio de un charco de sangre.<\/h3>\n<h3>Por el hecho se detuvo a su pareja, de entre 20 y 25 a\u00f1os, y se habr\u00eda secuestrado un cuchillo. El matrimonio tendr\u00eda una hija menor.<\/h3>\n<p><img fetchpriority=\"high\" decoding=\"async\" class=\"wp-image-27030 aligncenter\" src=\"https:\/\/apuntesdesanluis.com\/wp-content\/uploads\/2024\/12\/casa-300x202.png\" alt=\"\" width=\"556\" height=\"374\" srcset=\"https:\/\/apuntesdesanluis.com\/wp-content\/uploads\/2024\/12\/casa-300x202.png 300w, https:\/\/apuntesdesanluis.com\/wp-content\/uploads\/2024\/12\/casa.png 528w\" sizes=\"(max-width: 556px) 100vw, 556px\" \/><\/p>\n<h3>Por lo que ha trascendido, la pareja habr\u00eda tenido una discusi\u00f3n luego de almorzar, y en esa circunstancia es que la mujer tom\u00f3 el arma y apu\u00f1al\u00f3 al joven.<\/h3>\n<h3>Realiza las respectivas actuaciones jurisdicci\u00f3n Comisar\u00eda N\u00b0 29 e interviene la fiscal instructora Dra. Daniela Torres.<\/h3>\n<h3><\/h3>\n<h3><\/h3>\n<p>&nbsp;<\/p>\n","protected":false},"excerpt":{"rendered":"<p>El hecho ocurri\u00f3 este s\u00e1bado en una vivienda del barrio La Ribera. Una mujer se&#8230;<\/p>\n","protected":false},"author":1,"featured_media":27028,"comment_status":"closed","ping_status":"closed","sticky":false,"template":"","format":"standard","meta":{"footnotes":""},"categories":[6],"tags":[],"class_list":["post-27027","post","type-post","status-publish","format-standard","has-post-thumbnail","hentry","category-ciudad-provincia"],"yoast_head":"<!-- This site is optimized with the Yoast SEO plugin v26.1.1 - https:\/\/yoast.com\/wordpress\/plugins\/seo\/ -->\n<title>DETIENEN A UNA MUJER POR EL HOMICIDIO DE UN HOMBRE EN VILLA MERCEDES - Apuntes de San Luis<\/title>\n<meta name=\"robots\" content=\"index, follow, max-snippet:-1, max-image-preview:large, max-video-preview:-1\" \/>\n<link rel=\"canonical\" href=\"https:\/\/apuntesdesanluis.com\/index.php\/2024\/12\/21\/detienen-a-una-mujer-por-el-homicidio-de-un-hombre-en-villa-mercedes\/\" \/>\n<meta property=\"og:locale\" content=\"es_ES\" \/>\n<meta property=\"og:type\" content=\"article\" \/>\n<meta property=\"og:title\" content=\"DETIENEN A UNA MUJER POR EL HOMICIDIO DE UN HOMBRE EN VILLA MERCEDES - Apuntes de San Luis\" \/>\n<meta property=\"og:description\" content=\"El hecho ocurri\u00f3 este s\u00e1bado en una vivienda del barrio La Ribera. Una mujer se...\" \/>\n<meta property=\"og:url\" content=\"https:\/\/apuntesdesanluis.com\/index.php\/2024\/12\/21\/detienen-a-una-mujer-por-el-homicidio-de-un-hombre-en-villa-mercedes\/\" \/>\n<meta property=\"og:site_name\" content=\"Apuntes de San Luis\" \/>\n<meta property=\"article:published_time\" content=\"2024-12-21T22:42:46+00:00\" \/>\n<meta property=\"article:modified_time\" content=\"2024-12-21T22:47:23+00:00\" \/>\n<meta property=\"og:image\" content=\"https:\/\/apuntesdesanluis.com\/wp-content\/uploads\/2024\/12\/homicidio.png\" \/>\n\t<meta property=\"og:image:width\" content=\"619\" \/>\n\t<meta property=\"og:image:height\" content=\"331\" \/>\n\t<meta property=\"og:image:type\" content=\"image\/png\" \/>\n<meta name=\"author\" content=\"apuntesdesanluis.com\" \/>\n<meta name=\"twitter:card\" content=\"summary_large_image\" \/>\n<meta name=\"twitter:label1\" content=\"Escrito por\" \/>\n\t<meta name=\"twitter:data1\" content=\"apuntesdesanluis.com\" \/>\n\t<meta name=\"twitter:label2\" content=\"Tiempo de lectura\" \/>\n\t<meta name=\"twitter:data2\" content=\"2 minutos\" \/>\n<script type=\"application\/ld+json\" class=\"yoast-schema-graph\">{\"@context\":\"https:\/\/schema.org\",\"@graph\":[{\"@type\":\"Article\",\"@id\":\"https:\/\/apuntesdesanluis.com\/index.php\/2024\/12\/21\/detienen-a-una-mujer-por-el-homicidio-de-un-hombre-en-villa-mercedes\/#article\",\"isPartOf\":{\"@id\":\"https:\/\/apuntesdesanluis.com\/index.php\/2024\/12\/21\/detienen-a-una-mujer-por-el-homicidio-de-un-hombre-en-villa-mercedes\/\"},\"author\":{\"name\":\"apuntesdesanluis.com\",\"@id\":\"https:\/\/apuntesdesanluis.com\/#\/schema\/person\/b55151d52296fcce64d1a72538a70b90\"},\"headline\":\"DETIENEN A UNA MUJER POR EL HOMICIDIO DE UN HOMBRE EN VILLA MERCEDES\",\"datePublished\":\"2024-12-21T22:42:46+00:00\",\"dateModified\":\"2024-12-21T22:47:23+00:00\",\"mainEntityOfPage\":{\"@id\":\"https:\/\/apuntesdesanluis.com\/index.php\/2024\/12\/21\/detienen-a-una-mujer-por-el-homicidio-de-un-hombre-en-villa-mercedes\/\"},\"wordCount\":156,\"publisher\":{\"@id\":\"https:\/\/apuntesdesanluis.com\/#\/schema\/person\/b55151d52296fcce64d1a72538a70b90\"},\"image\":{\"@id\":\"https:\/\/apuntesdesanluis.com\/index.php\/2024\/12\/21\/detienen-a-una-mujer-por-el-homicidio-de-un-hombre-en-villa-mercedes\/#primaryimage\"},\"thumbnailUrl\":\"https:\/\/apuntesdesanluis.com\/wp-content\/uploads\/2024\/12\/homicidio.png\",\"articleSection\":[\"Ciudad\/Provincia\"],\"inLanguage\":\"es-AR\"},{\"@type\":\"WebPage\",\"@id\":\"https:\/\/apuntesdesanluis.com\/index.php\/2024\/12\/21\/detienen-a-una-mujer-por-el-homicidio-de-un-hombre-en-villa-mercedes\/\",\"url\":\"https:\/\/apuntesdesanluis.com\/index.php\/2024\/12\/21\/detienen-a-una-mujer-por-el-homicidio-de-un-hombre-en-villa-mercedes\/\",\"name\":\"DETIENEN A UNA MUJER POR EL HOMICIDIO DE UN HOMBRE EN VILLA MERCEDES - Apuntes de San Luis\",\"isPartOf\":{\"@id\":\"https:\/\/apuntesdesanluis.com\/#website\"},\"primaryImageOfPage\":{\"@id\":\"https:\/\/apuntesdesanluis.com\/index.php\/2024\/12\/21\/detienen-a-una-mujer-por-el-homicidio-de-un-hombre-en-villa-mercedes\/#primaryimage\"},\"image\":{\"@id\":\"https:\/\/apuntesdesanluis.com\/index.php\/2024\/12\/21\/detienen-a-una-mujer-por-el-homicidio-de-un-hombre-en-villa-mercedes\/#primaryimage\"},\"thumbnailUrl\":\"https:\/\/apuntesdesanluis.com\/wp-content\/uploads\/2024\/12\/homicidio.png\",\"datePublished\":\"2024-12-21T22:42:46+00:00\",\"dateModified\":\"2024-12-21T22:47:23+00:00\",\"breadcrumb\":{\"@id\":\"https:\/\/apuntesdesanluis.com\/index.php\/2024\/12\/21\/detienen-a-una-mujer-por-el-homicidio-de-un-hombre-en-villa-mercedes\/#breadcrumb\"},\"inLanguage\":\"es-AR\",\"potentialAction\":[{\"@type\":\"ReadAction\",\"target\":[\"https:\/\/apuntesdesanluis.com\/index.php\/2024\/12\/21\/detienen-a-una-mujer-por-el-homicidio-de-un-hombre-en-villa-mercedes\/\"]}]},{\"@type\":\"ImageObject\",\"inLanguage\":\"es-AR\",\"@id\":\"https:\/\/apuntesdesanluis.com\/index.php\/2024\/12\/21\/detienen-a-una-mujer-por-el-homicidio-de-un-hombre-en-villa-mercedes\/#primaryimage\",\"url\":\"https:\/\/apuntesdesanluis.com\/wp-content\/uploads\/2024\/12\/homicidio.png\",\"contentUrl\":\"https:\/\/apuntesdesanluis.com\/wp-content\/uploads\/2024\/12\/homicidio.png\",\"width\":619,\"height\":331},{\"@type\":\"BreadcrumbList\",\"@id\":\"https:\/\/apuntesdesanluis.com\/index.php\/2024\/12\/21\/detienen-a-una-mujer-por-el-homicidio-de-un-hombre-en-villa-mercedes\/#breadcrumb\",\"itemListElement\":[{\"@type\":\"ListItem\",\"position\":1,\"name\":\"Inicio\",\"item\":\"https:\/\/apuntesdesanluis.com\/\"},{\"@type\":\"ListItem\",\"position\":2,\"name\":\"DETIENEN A UNA MUJER POR EL HOMICIDIO DE UN HOMBRE EN VILLA MERCEDES\"}]},{\"@type\":\"WebSite\",\"@id\":\"https:\/\/apuntesdesanluis.com\/#website\",\"url\":\"https:\/\/apuntesdesanluis.com\/\",\"name\":\"Apuntes de San Luis\",\"description\":\"\",\"publisher\":{\"@id\":\"https:\/\/apuntesdesanluis.com\/#\/schema\/person\/b55151d52296fcce64d1a72538a70b90\"},\"potentialAction\":[{\"@type\":\"SearchAction\",\"target\":{\"@type\":\"EntryPoint\",\"urlTemplate\":\"https:\/\/apuntesdesanluis.com\/?s={search_term_string}\"},\"query-input\":{\"@type\":\"PropertyValueSpecification\",\"valueRequired\":true,\"valueName\":\"search_term_string\"}}],\"inLanguage\":\"es-AR\"},{\"@type\":[\"Person\",\"Organization\"],\"@id\":\"https:\/\/apuntesdesanluis.com\/#\/schema\/person\/b55151d52296fcce64d1a72538a70b90\",\"name\":\"apuntesdesanluis.com\",\"image\":{\"@type\":\"ImageObject\",\"inLanguage\":\"es-AR\",\"@id\":\"https:\/\/apuntesdesanluis.com\/#\/schema\/person\/image\/\",\"url\":\"https:\/\/apuntesdesanluis.com\/wp-content\/uploads\/2023\/07\/cropped-apuntesdesanluis.png\",\"contentUrl\":\"https:\/\/apuntesdesanluis.com\/wp-content\/uploads\/2023\/07\/cropped-apuntesdesanluis.png\",\"width\":450,\"height\":112,\"caption\":\"apuntesdesanluis.com\"},\"logo\":{\"@id\":\"https:\/\/apuntesdesanluis.com\/#\/schema\/person\/image\/\"},\"sameAs\":[\"https:\/\/apuntesdesanluis.com\"],\"url\":\"https:\/\/apuntesdesanluis.com\/index.php\/author\/apuntesdesanluis-com\/\"}]}<\/script>\n<!-- \/ Yoast SEO plugin. -->","yoast_head_json":{"title":"DETIENEN A UNA MUJER POR EL HOMICIDIO DE UN HOMBRE EN VILLA MERCEDES - Apuntes de San Luis","robots":{"index":"index","follow":"follow","max-snippet":"max-snippet:-1","max-image-preview":"max-image-preview:large","max-video-preview":"max-video-preview:-1"},"canonical":"https:\/\/apuntesdesanluis.com\/index.php\/2024\/12\/21\/detienen-a-una-mujer-por-el-homicidio-de-un-hombre-en-villa-mercedes\/","og_locale":"es_ES","og_type":"article","og_title":"DETIENEN A UNA MUJER POR EL HOMICIDIO DE UN HOMBRE EN VILLA MERCEDES - Apuntes de San Luis","og_description":"El hecho ocurri\u00f3 este s\u00e1bado en una vivienda del barrio La Ribera. Una mujer se...","og_url":"https:\/\/apuntesdesanluis.com\/index.php\/2024\/12\/21\/detienen-a-una-mujer-por-el-homicidio-de-un-hombre-en-villa-mercedes\/","og_site_name":"Apuntes de San Luis","article_published_time":"2024-12-21T22:42:46+00:00","article_modified_time":"2024-12-21T22:47:23+00:00","og_image":[{"width":619,"height":331,"url":"https:\/\/apuntesdesanluis.com\/wp-content\/uploads\/2024\/12\/homicidio.png","type":"image\/png"}],"author":"apuntesdesanluis.com","twitter_card":"summary_large_image","twitter_misc":{"Escrito por":"apuntesdesanluis.com","Tiempo de lectura":"2 minutos"},"schema":{"@context":"https:\/\/schema.org","@graph":[{"@type":"Article","@id":"https:\/\/apuntesdesanluis.com\/index.php\/2024\/12\/21\/detienen-a-una-mujer-por-el-homicidio-de-un-hombre-en-villa-mercedes\/#article","isPartOf":{"@id":"https:\/\/apuntesdesanluis.com\/index.php\/2024\/12\/21\/detienen-a-una-mujer-por-el-homicidio-de-un-hombre-en-villa-mercedes\/"},"author":{"name":"apuntesdesanluis.com","@id":"https:\/\/apuntesdesanluis.com\/#\/schema\/person\/b55151d52296fcce64d1a72538a70b90"},"headline":"DETIENEN A UNA MUJER POR EL HOMICIDIO DE UN HOMBRE EN VILLA MERCEDES","datePublished":"2024-12-21T22:42:46+00:00","dateModified":"2024-12-21T22:47:23+00:00","mainEntityOfPage":{"@id":"https:\/\/apuntesdesanluis.com\/index.php\/2024\/12\/21\/detienen-a-una-mujer-por-el-homicidio-de-un-hombre-en-villa-mercedes\/"},"wordCount":156,"publisher":{"@id":"https:\/\/apuntesdesanluis.com\/#\/schema\/person\/b55151d52296fcce64d1a72538a70b90"},"image":{"@id":"https:\/\/apuntesdesanluis.com\/index.php\/2024\/12\/21\/detienen-a-una-mujer-por-el-homicidio-de-un-hombre-en-villa-mercedes\/#primaryimage"},"thumbnailUrl":"https:\/\/apuntesdesanluis.com\/wp-content\/uploads\/2024\/12\/homicidio.png","articleSection":["Ciudad\/Provincia"],"inLanguage":"es-AR"},{"@type":"WebPage","@id":"https:\/\/apuntesdesanluis.com\/index.php\/2024\/12\/21\/detienen-a-una-mujer-por-el-homicidio-de-un-hombre-en-villa-mercedes\/","url":"https:\/\/apuntesdesanluis.com\/index.php\/2024\/12\/21\/detienen-a-una-mujer-por-el-homicidio-de-un-hombre-en-villa-mercedes\/","name":"DETIENEN A UNA MUJER POR EL HOMICIDIO DE UN HOMBRE EN VILLA MERCEDES - Apuntes de San Luis","isPartOf":{"@id":"https:\/\/apuntesdesanluis.com\/#website"},"primaryImageOfPage":{"@id":"https:\/\/apuntesdesanluis.com\/index.php\/2024\/12\/21\/detienen-a-una-mujer-por-el-homicidio-de-un-hombre-en-villa-mercedes\/#primaryimage"},"image":{"@id":"https:\/\/apuntesdesanluis.com\/index.php\/2024\/12\/21\/detienen-a-una-mujer-por-el-homicidio-de-un-hombre-en-villa-mercedes\/#primaryimage"},"thumbnailUrl":"https:\/\/apuntesdesanluis.com\/wp-content\/uploads\/2024\/12\/homicidio.png","datePublished":"2024-12-21T22:42:46+00:00","dateModified":"2024-12-21T22:47:23+00:00","breadcrumb":{"@id":"https:\/\/apuntesdesanluis.com\/index.php\/2024\/12\/21\/detienen-a-una-mujer-por-el-homicidio-de-un-hombre-en-villa-mercedes\/#breadcrumb"},"inLanguage":"es-AR","potentialAction":[{"@type":"ReadAction","target":["https:\/\/apuntesdesanluis.com\/index.php\/2024\/12\/21\/detienen-a-una-mujer-por-el-homicidio-de-un-hombre-en-villa-mercedes\/"]}]},{"@type":"ImageObject","inLanguage":"es-AR","@id":"https:\/\/apuntesdesanluis.com\/index.php\/2024\/12\/21\/detienen-a-una-mujer-por-el-homicidio-de-un-hombre-en-villa-mercedes\/#primaryimage","url":"https:\/\/apuntesdesanluis.com\/wp-content\/uploads\/2024\/12\/homicidio.png","contentUrl":"https:\/\/apuntesdesanluis.com\/wp-content\/uploads\/2024\/12\/homicidio.png","width":619,"height":331},{"@type":"BreadcrumbList","@id":"https:\/\/apuntesdesanluis.com\/index.php\/2024\/12\/21\/detienen-a-una-mujer-por-el-homicidio-de-un-hombre-en-villa-mercedes\/#breadcrumb","itemListElement":[{"@type":"ListItem","position":1,"name":"Inicio","item":"https:\/\/apuntesdesanluis.com\/"},{"@type":"ListItem","position":2,"name":"DETIENEN A UNA MUJER POR EL HOMICIDIO DE UN HOMBRE EN VILLA MERCEDES"}]},{"@type":"WebSite","@id":"https:\/\/apuntesdesanluis.com\/#website","url":"https:\/\/apuntesdesanluis.com\/","name":"Apuntes de San Luis","description":"","publisher":{"@id":"https:\/\/apuntesdesanluis.com\/#\/schema\/person\/b55151d52296fcce64d1a72538a70b90"},"potentialAction":[{"@type":"SearchAction","target":{"@type":"EntryPoint","urlTemplate":"https:\/\/apuntesdesanluis.com\/?s={search_term_string}"},"query-input":{"@type":"PropertyValueSpecification","valueRequired":true,"valueName":"search_term_string"}}],"inLanguage":"es-AR"},{"@type":["Person","Organization"],"@id":"https:\/\/apuntesdesanluis.com\/#\/schema\/person\/b55151d52296fcce64d1a72538a70b90","name":"apuntesdesanluis.com","image":{"@type":"ImageObject","inLanguage":"es-AR","@id":"https:\/\/apuntesdesanluis.com\/#\/schema\/person\/image\/","url":"https:\/\/apuntesdesanluis.com\/wp-content\/uploads\/2023\/07\/cropped-apuntesdesanluis.png","contentUrl":"https:\/\/apuntesdesanluis.com\/wp-content\/uploads\/2023\/07\/cropped-apuntesdesanluis.png","width":450,"height":112,"caption":"apuntesdesanluis.com"},"logo":{"@id":"https:\/\/apuntesdesanluis.com\/#\/schema\/person\/image\/"},"sameAs":["https:\/\/apuntesdesanluis.com"],"url":"https:\/\/apuntesdesanluis.com\/index.php\/author\/apuntesdesanluis-com\/"}]}},"featured_image_urls":{"full":["https:\/\/apuntesdesanluis.com\/wp-content\/uploads\/2024\/12\/homicidio.png",619,331,false],"thumbnail":["https:\/\/apuntesdesanluis.com\/wp-content\/uploads\/2024\/12\/homicidio-150x150.png",150,150,true],"medium":["https:\/\/apuntesdesanluis.com\/wp-content\/uploads\/2024\/12\/homicidio-300x160.png",300,160,true],"medium_large":["https:\/\/apuntesdesanluis.com\/wp-content\/uploads\/2024\/12\/homicidio.png",619,331,false],"large":["https:\/\/apuntesdesanluis.com\/wp-content\/uploads\/2024\/12\/homicidio.png",619,331,false],"1536x1536":["https:\/\/apuntesdesanluis.com\/wp-content\/uploads\/2024\/12\/homicidio.png",619,331,false],"2048x2048":["https:\/\/apuntesdesanluis.com\/wp-content\/uploads\/2024\/12\/homicidio.png",619,331,false],"newsever-slider-full":["https:\/\/apuntesdesanluis.com\/wp-content\/uploads\/2024\/12\/homicidio.png",619,331,false],"newsever-featured":["https:\/\/apuntesdesanluis.com\/wp-content\/uploads\/2024\/12\/homicidio.png",619,331,false],"newsever-medium":["https:\/\/apuntesdesanluis.com\/wp-content\/uploads\/2024\/12\/homicidio.png",619,331,false]},"author_info":{"display_name":"apuntesdesanluis.com","author_link":"https:\/\/apuntesdesanluis.com\/index.php\/author\/apuntesdesanluis-com\/"},"category_info":"<a href=\"https:\/\/apuntesdesanluis.com\/index.php\/category\/ciudad-provincia\/\" rel=\"category tag\">Ciudad\/Provincia<\/a>","tag_info":"Ciudad\/Provincia","comment_count":"0","_links":{"self":[{"href":"https:\/\/apuntesdesanluis.com\/index.php\/wp-json\/wp\/v2\/posts\/27027","targetHints":{"allow":["GET"]}}],"collection":[{"href":"https:\/\/apuntesdesanluis.com\/index.php\/wp-json\/wp\/v2\/posts"}],"about":[{"href":"https:\/\/apuntesdesanluis.com\/index.php\/wp-json\/wp\/v2\/types\/post"}],"author":[{"embeddable":true,"href":"https:\/\/apuntesdesanluis.com\/index.php\/wp-json\/wp\/v2\/users\/1"}],"replies":[{"embeddable":true,"href":"https:\/\/apuntesdesanluis.com\/index.php\/wp-json\/wp\/v2\/comments?post=27027"}],"version-history":[{"count":5,"href":"https:\/\/apuntesdesanluis.com\/index.php\/wp-json\/wp\/v2\/posts\/27027\/revisions"}],"predecessor-version":[{"id":27032,"href":"https:\/\/apuntesdesanluis.com\/index.php\/wp-json\/wp\/v2\/posts\/27027\/revisions\/27032"}],"wp:featuredmedia":[{"embeddable":true,"href":"https:\/\/apuntesdesanluis.com\/index.php\/wp-json\/wp\/v2\/media\/27028"}],"wp:attachment":[{"href":"https:\/\/apuntesdesanluis.com\/index.php\/wp-json\/wp\/v2\/media?parent=27027"}],"wp:term":[{"taxonomy":"category","embeddable":true,"href":"https:\/\/apuntesdesanluis.com\/index.php\/wp-json\/wp\/v2\/categories?post=27027"},{"taxonomy":"post_tag","embeddable":true,"href":"https:\/\/apuntesdesanluis.com\/index.php\/wp-json\/wp\/v2\/tags?post=27027"}],"curies":[{"name":"wp","href":"https:\/\/api.w.org\/{rel}","templated":true}]}}