{"id":27041,"date":"2024-12-21T21:26:17","date_gmt":"2024-12-22T00:26:17","guid":{"rendered":"https:\/\/apuntesdesanluis.com\/?p=27041"},"modified":"2024-12-21T21:26:17","modified_gmt":"2024-12-22T00:26:17","slug":"habilitan-nuevamente-el-corredor-de-transporte-entre-cordoba-y-san-luis","status":"publish","type":"post","link":"https:\/\/apuntesdesanluis.com\/index.php\/2024\/12\/21\/habilitan-nuevamente-el-corredor-de-transporte-entre-cordoba-y-san-luis\/","title":{"rendered":"HABILITAN NUEVAMENTE EL CORREDOR DE TRANSPORTE ENTRE C\u00d3RDOBA Y SAN LUIS"},"content":{"rendered":"<h3>Tras diversas gestiones entre la provincia de San Luis, C\u00f3rdoba y el Municipio de la\u00a0Villa de Merlo, este lunes se concreta la firma del acta que oficializa la <strong>apertura de una nueva ruta de transporte p\u00fablico entre Villa Dolores y Villa de Merlo<\/strong>. Este avance representa un hito en la conectividad regional, beneficiando a trabajadores, estudiantes y habitantes de ambas provincias.<\/h3>\n<h3>La Municipalidad de Villa de Merlo invita a la comunidad a participar del acto de firma del acta de conformaci\u00f3n de la Comisi\u00f3n de Coordinaci\u00f3n de Transporte Urbano y Suburbano de la Unidad Administrativa N\u00b0 8, un evento que marcar\u00e1 un antes y un despu\u00e9s en la conectividad regional.<\/h3>\n<h3>Ser\u00e1 este lunes 23 a las 12 horas en la Terminal Vieja &#8211; Mercado Merlino de Productores. En este marco, se oficializar\u00e1 la apertura de un nuevo corredor de transporte p\u00fablico que unir\u00e1 las localidades de Villa Dolores (C\u00f3rdoba) y Villa de Merlo (San Luis). Este servicio ser\u00e1 operado por la empresa Sarmiento, que vuelve a la regi\u00f3n despu\u00e9s de tres a\u00f1os, beneficiando a trabajadores, estudiantes y habitantes de ambas provincias.<\/h3>\n<p><img fetchpriority=\"high\" decoding=\"async\" class=\"wp-image-27043 aligncenter\" src=\"https:\/\/apuntesdesanluis.com\/wp-content\/uploads\/2024\/12\/terminal-de-merlo-300x196.jpg\" alt=\"\" width=\"598\" height=\"391\" srcset=\"https:\/\/apuntesdesanluis.com\/wp-content\/uploads\/2024\/12\/terminal-de-merlo-300x196.jpg 300w, https:\/\/apuntesdesanluis.com\/wp-content\/uploads\/2024\/12\/terminal-de-merlo.jpg 682w\" sizes=\"(max-width: 598px) 100vw, 598px\" \/><\/p>\n<h3>El acto contar\u00e1 con la presencia de los Secretarios de Transporte de San Luis, V\u00edctor Cianchino, y de C\u00f3rdoba, Marcelo Rodio. Como anfitri\u00f3n, estar\u00e1 presente el intendente interino de la Villa de Merlo, Leonardo Rodr\u00edguez, acompa\u00f1ado por parte del gabinete municipal e intendentes de diversas localidades serranas de ambas provincias, entre ellas Los Molles, Carpinter\u00eda, Cortaderas, Villa Larca, Papagayos, Las Tapias, La Paz, La Poblaci\u00f3n, Luyaba y Villa Dolores.<\/h3>\n<h3>Tambi\u00e9n estar\u00e1n presentes representantes de organismos nacionales y provinciales, entre ellos la Comisi\u00f3n Nacional de Regulaci\u00f3n del Transporte y la Subsecretar\u00eda de Transporte Automotor de la Naci\u00f3n, quienes acompa\u00f1ar\u00e1n la designaci\u00f3n de los integrantes de la comisi\u00f3n de coordinaci\u00f3n.<\/h3>\n<h3>Este avance es el resultado de las gestiones iniciadas por el intendente Juan \u00c1lvarez Pinto, quien trabaj\u00f3 de manera conjunta con las provincias de San Luis y C\u00f3rdoba, as\u00ed como con organismos nacionales, para garantizar la conectividad entre ambas regiones. La implementaci\u00f3n de este corredor traer\u00e1 m\u00faltiples beneficios incluyendo la mejora de la movilidad ya que brinda un servicio de transporte p\u00fablico eficiente y accesible, un impulso al desarrollo econ\u00f3mico generando un fortalecimiento de la actividad comercial y el turismo, promoviendo v\u00ednculos sociales y laborales entre San Luis y C\u00f3rdoba.<\/h3>\n<h3>Este hito simboliza el esfuerzo conjunto de diferentes niveles de gobierno y la importancia del trabajo colaborativo para alcanzar metas que impactan positivamente en la calidad de vida de los ciudadanos.<\/h3>\n<p>&nbsp;<\/p>\n<p>&nbsp;<\/p>\n<p>&nbsp;<\/p>\n<p>&nbsp;<\/p>\n<p>&nbsp;<\/p>\n<p>&nbsp;<\/p>\n","protected":false},"excerpt":{"rendered":"<p>Tras diversas gestiones entre la provincia de San Luis, C\u00f3rdoba y el Municipio de la\u00a0Villa&#8230;<\/p>\n","protected":false},"author":1,"featured_media":27042,"comment_status":"closed","ping_status":"closed","sticky":false,"template":"","format":"standard","meta":{"footnotes":""},"categories":[6],"tags":[],"class_list":["post-27041","post","type-post","status-publish","format-standard","has-post-thumbnail","hentry","category-ciudad-provincia"],"yoast_head":"<!-- This site is optimized with the Yoast SEO plugin v26.1.1 - https:\/\/yoast.com\/wordpress\/plugins\/seo\/ -->\n<title>HABILITAN NUEVAMENTE EL CORREDOR DE TRANSPORTE ENTRE C\u00d3RDOBA Y SAN LUIS - Apuntes de San Luis<\/title>\n<meta name=\"robots\" content=\"index, follow, max-snippet:-1, max-image-preview:large, max-video-preview:-1\" \/>\n<link rel=\"canonical\" href=\"https:\/\/apuntesdesanluis.com\/index.php\/2024\/12\/21\/habilitan-nuevamente-el-corredor-de-transporte-entre-cordoba-y-san-luis\/\" \/>\n<meta property=\"og:locale\" content=\"es_ES\" \/>\n<meta property=\"og:type\" content=\"article\" \/>\n<meta property=\"og:title\" content=\"HABILITAN NUEVAMENTE EL CORREDOR DE TRANSPORTE ENTRE C\u00d3RDOBA Y SAN LUIS - Apuntes de San Luis\" \/>\n<meta property=\"og:description\" content=\"Tras diversas gestiones entre la provincia de San Luis, C\u00f3rdoba y el Municipio de la\u00a0Villa...\" \/>\n<meta property=\"og:url\" content=\"https:\/\/apuntesdesanluis.com\/index.php\/2024\/12\/21\/habilitan-nuevamente-el-corredor-de-transporte-entre-cordoba-y-san-luis\/\" \/>\n<meta property=\"og:site_name\" content=\"Apuntes de San Luis\" \/>\n<meta property=\"article:published_time\" content=\"2024-12-22T00:26:17+00:00\" \/>\n<meta property=\"og:image\" content=\"https:\/\/apuntesdesanluis.com\/wp-content\/uploads\/2024\/12\/empresa-sarmiento.png\" \/>\n\t<meta property=\"og:image:width\" content=\"456\" \/>\n\t<meta property=\"og:image:height\" content=\"276\" \/>\n\t<meta property=\"og:image:type\" content=\"image\/png\" \/>\n<meta name=\"author\" content=\"apuntesdesanluis.com\" \/>\n<meta name=\"twitter:card\" content=\"summary_large_image\" \/>\n<meta name=\"twitter:label1\" content=\"Escrito por\" \/>\n\t<meta name=\"twitter:data1\" content=\"apuntesdesanluis.com\" \/>\n\t<meta name=\"twitter:label2\" content=\"Tiempo de lectura\" \/>\n\t<meta name=\"twitter:data2\" content=\"3 minutos\" \/>\n<script type=\"application\/ld+json\" class=\"yoast-schema-graph\">{\"@context\":\"https:\/\/schema.org\",\"@graph\":[{\"@type\":\"Article\",\"@id\":\"https:\/\/apuntesdesanluis.com\/index.php\/2024\/12\/21\/habilitan-nuevamente-el-corredor-de-transporte-entre-cordoba-y-san-luis\/#article\",\"isPartOf\":{\"@id\":\"https:\/\/apuntesdesanluis.com\/index.php\/2024\/12\/21\/habilitan-nuevamente-el-corredor-de-transporte-entre-cordoba-y-san-luis\/\"},\"author\":{\"name\":\"apuntesdesanluis.com\",\"@id\":\"https:\/\/apuntesdesanluis.com\/#\/schema\/person\/b55151d52296fcce64d1a72538a70b90\"},\"headline\":\"HABILITAN NUEVAMENTE EL CORREDOR DE TRANSPORTE ENTRE C\u00d3RDOBA Y SAN LUIS\",\"datePublished\":\"2024-12-22T00:26:17+00:00\",\"mainEntityOfPage\":{\"@id\":\"https:\/\/apuntesdesanluis.com\/index.php\/2024\/12\/21\/habilitan-nuevamente-el-corredor-de-transporte-entre-cordoba-y-san-luis\/\"},\"wordCount\":462,\"publisher\":{\"@id\":\"https:\/\/apuntesdesanluis.com\/#\/schema\/person\/b55151d52296fcce64d1a72538a70b90\"},\"image\":{\"@id\":\"https:\/\/apuntesdesanluis.com\/index.php\/2024\/12\/21\/habilitan-nuevamente-el-corredor-de-transporte-entre-cordoba-y-san-luis\/#primaryimage\"},\"thumbnailUrl\":\"https:\/\/apuntesdesanluis.com\/wp-content\/uploads\/2024\/12\/empresa-sarmiento.png\",\"articleSection\":[\"Ciudad\/Provincia\"],\"inLanguage\":\"es-AR\"},{\"@type\":\"WebPage\",\"@id\":\"https:\/\/apuntesdesanluis.com\/index.php\/2024\/12\/21\/habilitan-nuevamente-el-corredor-de-transporte-entre-cordoba-y-san-luis\/\",\"url\":\"https:\/\/apuntesdesanluis.com\/index.php\/2024\/12\/21\/habilitan-nuevamente-el-corredor-de-transporte-entre-cordoba-y-san-luis\/\",\"name\":\"HABILITAN NUEVAMENTE EL CORREDOR DE TRANSPORTE ENTRE C\u00d3RDOBA Y SAN LUIS - Apuntes de San Luis\",\"isPartOf\":{\"@id\":\"https:\/\/apuntesdesanluis.com\/#website\"},\"primaryImageOfPage\":{\"@id\":\"https:\/\/apuntesdesanluis.com\/index.php\/2024\/12\/21\/habilitan-nuevamente-el-corredor-de-transporte-entre-cordoba-y-san-luis\/#primaryimage\"},\"image\":{\"@id\":\"https:\/\/apuntesdesanluis.com\/index.php\/2024\/12\/21\/habilitan-nuevamente-el-corredor-de-transporte-entre-cordoba-y-san-luis\/#primaryimage\"},\"thumbnailUrl\":\"https:\/\/apuntesdesanluis.com\/wp-content\/uploads\/2024\/12\/empresa-sarmiento.png\",\"datePublished\":\"2024-12-22T00:26:17+00:00\",\"breadcrumb\":{\"@id\":\"https:\/\/apuntesdesanluis.com\/index.php\/2024\/12\/21\/habilitan-nuevamente-el-corredor-de-transporte-entre-cordoba-y-san-luis\/#breadcrumb\"},\"inLanguage\":\"es-AR\",\"potentialAction\":[{\"@type\":\"ReadAction\",\"target\":[\"https:\/\/apuntesdesanluis.com\/index.php\/2024\/12\/21\/habilitan-nuevamente-el-corredor-de-transporte-entre-cordoba-y-san-luis\/\"]}]},{\"@type\":\"ImageObject\",\"inLanguage\":\"es-AR\",\"@id\":\"https:\/\/apuntesdesanluis.com\/index.php\/2024\/12\/21\/habilitan-nuevamente-el-corredor-de-transporte-entre-cordoba-y-san-luis\/#primaryimage\",\"url\":\"https:\/\/apuntesdesanluis.com\/wp-content\/uploads\/2024\/12\/empresa-sarmiento.png\",\"contentUrl\":\"https:\/\/apuntesdesanluis.com\/wp-content\/uploads\/2024\/12\/empresa-sarmiento.png\",\"width\":456,\"height\":276},{\"@type\":\"BreadcrumbList\",\"@id\":\"https:\/\/apuntesdesanluis.com\/index.php\/2024\/12\/21\/habilitan-nuevamente-el-corredor-de-transporte-entre-cordoba-y-san-luis\/#breadcrumb\",\"itemListElement\":[{\"@type\":\"ListItem\",\"position\":1,\"name\":\"Inicio\",\"item\":\"https:\/\/apuntesdesanluis.com\/\"},{\"@type\":\"ListItem\",\"position\":2,\"name\":\"HABILITAN NUEVAMENTE EL CORREDOR DE TRANSPORTE ENTRE C\u00d3RDOBA Y SAN LUIS\"}]},{\"@type\":\"WebSite\",\"@id\":\"https:\/\/apuntesdesanluis.com\/#website\",\"url\":\"https:\/\/apuntesdesanluis.com\/\",\"name\":\"Apuntes de San Luis\",\"description\":\"\",\"publisher\":{\"@id\":\"https:\/\/apuntesdesanluis.com\/#\/schema\/person\/b55151d52296fcce64d1a72538a70b90\"},\"potentialAction\":[{\"@type\":\"SearchAction\",\"target\":{\"@type\":\"EntryPoint\",\"urlTemplate\":\"https:\/\/apuntesdesanluis.com\/?s={search_term_string}\"},\"query-input\":{\"@type\":\"PropertyValueSpecification\",\"valueRequired\":true,\"valueName\":\"search_term_string\"}}],\"inLanguage\":\"es-AR\"},{\"@type\":[\"Person\",\"Organization\"],\"@id\":\"https:\/\/apuntesdesanluis.com\/#\/schema\/person\/b55151d52296fcce64d1a72538a70b90\",\"name\":\"apuntesdesanluis.com\",\"image\":{\"@type\":\"ImageObject\",\"inLanguage\":\"es-AR\",\"@id\":\"https:\/\/apuntesdesanluis.com\/#\/schema\/person\/image\/\",\"url\":\"https:\/\/apuntesdesanluis.com\/wp-content\/uploads\/2023\/07\/cropped-apuntesdesanluis.png\",\"contentUrl\":\"https:\/\/apuntesdesanluis.com\/wp-content\/uploads\/2023\/07\/cropped-apuntesdesanluis.png\",\"width\":450,\"height\":112,\"caption\":\"apuntesdesanluis.com\"},\"logo\":{\"@id\":\"https:\/\/apuntesdesanluis.com\/#\/schema\/person\/image\/\"},\"sameAs\":[\"https:\/\/apuntesdesanluis.com\"],\"url\":\"https:\/\/apuntesdesanluis.com\/index.php\/author\/apuntesdesanluis-com\/\"}]}<\/script>\n<!-- \/ Yoast SEO plugin. -->","yoast_head_json":{"title":"HABILITAN NUEVAMENTE EL CORREDOR DE TRANSPORTE ENTRE C\u00d3RDOBA Y SAN LUIS - Apuntes de San Luis","robots":{"index":"index","follow":"follow","max-snippet":"max-snippet:-1","max-image-preview":"max-image-preview:large","max-video-preview":"max-video-preview:-1"},"canonical":"https:\/\/apuntesdesanluis.com\/index.php\/2024\/12\/21\/habilitan-nuevamente-el-corredor-de-transporte-entre-cordoba-y-san-luis\/","og_locale":"es_ES","og_type":"article","og_title":"HABILITAN NUEVAMENTE EL CORREDOR DE TRANSPORTE ENTRE C\u00d3RDOBA Y SAN LUIS - Apuntes de San Luis","og_description":"Tras diversas gestiones entre la provincia de San Luis, C\u00f3rdoba y el Municipio de la\u00a0Villa...","og_url":"https:\/\/apuntesdesanluis.com\/index.php\/2024\/12\/21\/habilitan-nuevamente-el-corredor-de-transporte-entre-cordoba-y-san-luis\/","og_site_name":"Apuntes de San Luis","article_published_time":"2024-12-22T00:26:17+00:00","og_image":[{"width":456,"height":276,"url":"https:\/\/apuntesdesanluis.com\/wp-content\/uploads\/2024\/12\/empresa-sarmiento.png","type":"image\/png"}],"author":"apuntesdesanluis.com","twitter_card":"summary_large_image","twitter_misc":{"Escrito por":"apuntesdesanluis.com","Tiempo de lectura":"3 minutos"},"schema":{"@context":"https:\/\/schema.org","@graph":[{"@type":"Article","@id":"https:\/\/apuntesdesanluis.com\/index.php\/2024\/12\/21\/habilitan-nuevamente-el-corredor-de-transporte-entre-cordoba-y-san-luis\/#article","isPartOf":{"@id":"https:\/\/apuntesdesanluis.com\/index.php\/2024\/12\/21\/habilitan-nuevamente-el-corredor-de-transporte-entre-cordoba-y-san-luis\/"},"author":{"name":"apuntesdesanluis.com","@id":"https:\/\/apuntesdesanluis.com\/#\/schema\/person\/b55151d52296fcce64d1a72538a70b90"},"headline":"HABILITAN NUEVAMENTE EL CORREDOR DE TRANSPORTE ENTRE C\u00d3RDOBA Y SAN LUIS","datePublished":"2024-12-22T00:26:17+00:00","mainEntityOfPage":{"@id":"https:\/\/apuntesdesanluis.com\/index.php\/2024\/12\/21\/habilitan-nuevamente-el-corredor-de-transporte-entre-cordoba-y-san-luis\/"},"wordCount":462,"publisher":{"@id":"https:\/\/apuntesdesanluis.com\/#\/schema\/person\/b55151d52296fcce64d1a72538a70b90"},"image":{"@id":"https:\/\/apuntesdesanluis.com\/index.php\/2024\/12\/21\/habilitan-nuevamente-el-corredor-de-transporte-entre-cordoba-y-san-luis\/#primaryimage"},"thumbnailUrl":"https:\/\/apuntesdesanluis.com\/wp-content\/uploads\/2024\/12\/empresa-sarmiento.png","articleSection":["Ciudad\/Provincia"],"inLanguage":"es-AR"},{"@type":"WebPage","@id":"https:\/\/apuntesdesanluis.com\/index.php\/2024\/12\/21\/habilitan-nuevamente-el-corredor-de-transporte-entre-cordoba-y-san-luis\/","url":"https:\/\/apuntesdesanluis.com\/index.php\/2024\/12\/21\/habilitan-nuevamente-el-corredor-de-transporte-entre-cordoba-y-san-luis\/","name":"HABILITAN NUEVAMENTE EL CORREDOR DE TRANSPORTE ENTRE C\u00d3RDOBA Y SAN LUIS - Apuntes de San Luis","isPartOf":{"@id":"https:\/\/apuntesdesanluis.com\/#website"},"primaryImageOfPage":{"@id":"https:\/\/apuntesdesanluis.com\/index.php\/2024\/12\/21\/habilitan-nuevamente-el-corredor-de-transporte-entre-cordoba-y-san-luis\/#primaryimage"},"image":{"@id":"https:\/\/apuntesdesanluis.com\/index.php\/2024\/12\/21\/habilitan-nuevamente-el-corredor-de-transporte-entre-cordoba-y-san-luis\/#primaryimage"},"thumbnailUrl":"https:\/\/apuntesdesanluis.com\/wp-content\/uploads\/2024\/12\/empresa-sarmiento.png","datePublished":"2024-12-22T00:26:17+00:00","breadcrumb":{"@id":"https:\/\/apuntesdesanluis.com\/index.php\/2024\/12\/21\/habilitan-nuevamente-el-corredor-de-transporte-entre-cordoba-y-san-luis\/#breadcrumb"},"inLanguage":"es-AR","potentialAction":[{"@type":"ReadAction","target":["https:\/\/apuntesdesanluis.com\/index.php\/2024\/12\/21\/habilitan-nuevamente-el-corredor-de-transporte-entre-cordoba-y-san-luis\/"]}]},{"@type":"ImageObject","inLanguage":"es-AR","@id":"https:\/\/apuntesdesanluis.com\/index.php\/2024\/12\/21\/habilitan-nuevamente-el-corredor-de-transporte-entre-cordoba-y-san-luis\/#primaryimage","url":"https:\/\/apuntesdesanluis.com\/wp-content\/uploads\/2024\/12\/empresa-sarmiento.png","contentUrl":"https:\/\/apuntesdesanluis.com\/wp-content\/uploads\/2024\/12\/empresa-sarmiento.png","width":456,"height":276},{"@type":"BreadcrumbList","@id":"https:\/\/apuntesdesanluis.com\/index.php\/2024\/12\/21\/habilitan-nuevamente-el-corredor-de-transporte-entre-cordoba-y-san-luis\/#breadcrumb","itemListElement":[{"@type":"ListItem","position":1,"name":"Inicio","item":"https:\/\/apuntesdesanluis.com\/"},{"@type":"ListItem","position":2,"name":"HABILITAN NUEVAMENTE EL CORREDOR DE TRANSPORTE ENTRE C\u00d3RDOBA Y SAN LUIS"}]},{"@type":"WebSite","@id":"https:\/\/apuntesdesanluis.com\/#website","url":"https:\/\/apuntesdesanluis.com\/","name":"Apuntes de San Luis","description":"","publisher":{"@id":"https:\/\/apuntesdesanluis.com\/#\/schema\/person\/b55151d52296fcce64d1a72538a70b90"},"potentialAction":[{"@type":"SearchAction","target":{"@type":"EntryPoint","urlTemplate":"https:\/\/apuntesdesanluis.com\/?s={search_term_string}"},"query-input":{"@type":"PropertyValueSpecification","valueRequired":true,"valueName":"search_term_string"}}],"inLanguage":"es-AR"},{"@type":["Person","Organization"],"@id":"https:\/\/apuntesdesanluis.com\/#\/schema\/person\/b55151d52296fcce64d1a72538a70b90","name":"apuntesdesanluis.com","image":{"@type":"ImageObject","inLanguage":"es-AR","@id":"https:\/\/apuntesdesanluis.com\/#\/schema\/person\/image\/","url":"https:\/\/apuntesdesanluis.com\/wp-content\/uploads\/2023\/07\/cropped-apuntesdesanluis.png","contentUrl":"https:\/\/apuntesdesanluis.com\/wp-content\/uploads\/2023\/07\/cropped-apuntesdesanluis.png","width":450,"height":112,"caption":"apuntesdesanluis.com"},"logo":{"@id":"https:\/\/apuntesdesanluis.com\/#\/schema\/person\/image\/"},"sameAs":["https:\/\/apuntesdesanluis.com"],"url":"https:\/\/apuntesdesanluis.com\/index.php\/author\/apuntesdesanluis-com\/"}]}},"featured_image_urls":{"full":["https:\/\/apuntesdesanluis.com\/wp-content\/uploads\/2024\/12\/empresa-sarmiento.png",456,276,false],"thumbnail":["https:\/\/apuntesdesanluis.com\/wp-content\/uploads\/2024\/12\/empresa-sarmiento-150x150.png",150,150,true],"medium":["https:\/\/apuntesdesanluis.com\/wp-content\/uploads\/2024\/12\/empresa-sarmiento-300x182.png",300,182,true],"medium_large":["https:\/\/apuntesdesanluis.com\/wp-content\/uploads\/2024\/12\/empresa-sarmiento.png",456,276,false],"large":["https:\/\/apuntesdesanluis.com\/wp-content\/uploads\/2024\/12\/empresa-sarmiento.png",456,276,false],"1536x1536":["https:\/\/apuntesdesanluis.com\/wp-content\/uploads\/2024\/12\/empresa-sarmiento.png",456,276,false],"2048x2048":["https:\/\/apuntesdesanluis.com\/wp-content\/uploads\/2024\/12\/empresa-sarmiento.png",456,276,false],"newsever-slider-full":["https:\/\/apuntesdesanluis.com\/wp-content\/uploads\/2024\/12\/empresa-sarmiento.png",456,276,false],"newsever-featured":["https:\/\/apuntesdesanluis.com\/wp-content\/uploads\/2024\/12\/empresa-sarmiento.png",456,276,false],"newsever-medium":["https:\/\/apuntesdesanluis.com\/wp-content\/uploads\/2024\/12\/empresa-sarmiento.png",456,276,false]},"author_info":{"display_name":"apuntesdesanluis.com","author_link":"https:\/\/apuntesdesanluis.com\/index.php\/author\/apuntesdesanluis-com\/"},"category_info":"<a href=\"https:\/\/apuntesdesanluis.com\/index.php\/category\/ciudad-provincia\/\" rel=\"category tag\">Ciudad\/Provincia<\/a>","tag_info":"Ciudad\/Provincia","comment_count":"0","_links":{"self":[{"href":"https:\/\/apuntesdesanluis.com\/index.php\/wp-json\/wp\/v2\/posts\/27041","targetHints":{"allow":["GET"]}}],"collection":[{"href":"https:\/\/apuntesdesanluis.com\/index.php\/wp-json\/wp\/v2\/posts"}],"about":[{"href":"https:\/\/apuntesdesanluis.com\/index.php\/wp-json\/wp\/v2\/types\/post"}],"author":[{"embeddable":true,"href":"https:\/\/apuntesdesanluis.com\/index.php\/wp-json\/wp\/v2\/users\/1"}],"replies":[{"embeddable":true,"href":"https:\/\/apuntesdesanluis.com\/index.php\/wp-json\/wp\/v2\/comments?post=27041"}],"version-history":[{"count":1,"href":"https:\/\/apuntesdesanluis.com\/index.php\/wp-json\/wp\/v2\/posts\/27041\/revisions"}],"predecessor-version":[{"id":27044,"href":"https:\/\/apuntesdesanluis.com\/index.php\/wp-json\/wp\/v2\/posts\/27041\/revisions\/27044"}],"wp:featuredmedia":[{"embeddable":true,"href":"https:\/\/apuntesdesanluis.com\/index.php\/wp-json\/wp\/v2\/media\/27042"}],"wp:attachment":[{"href":"https:\/\/apuntesdesanluis.com\/index.php\/wp-json\/wp\/v2\/media?parent=27041"}],"wp:term":[{"taxonomy":"category","embeddable":true,"href":"https:\/\/apuntesdesanluis.com\/index.php\/wp-json\/wp\/v2\/categories?post=27041"},{"taxonomy":"post_tag","embeddable":true,"href":"https:\/\/apuntesdesanluis.com\/index.php\/wp-json\/wp\/v2\/tags?post=27041"}],"curies":[{"name":"wp","href":"https:\/\/api.w.org\/{rel}","templated":true}]}}