{"id":27045,"date":"2024-12-21T21:48:49","date_gmt":"2024-12-22T00:48:49","guid":{"rendered":"https:\/\/apuntesdesanluis.com\/?p=27045"},"modified":"2024-12-21T21:48:49","modified_gmt":"2024-12-22T00:48:49","slug":"abdala-cuestiono-el-posible-aumento-de-las-dietas-en-el-senado-no-es-un-momento-oportuno","status":"publish","type":"post","link":"https:\/\/apuntesdesanluis.com\/index.php\/2024\/12\/21\/abdala-cuestiono-el-posible-aumento-de-las-dietas-en-el-senado-no-es-un-momento-oportuno\/","title":{"rendered":"ABDALA CUESTION\u00d3 EL POSIBLE AUMENTO DE LAS DIETAS EN EL SENADO: &#8220;NO ES UN MOMENTO OPORTUNO&#8221;"},"content":{"rendered":"<h3>El presidente provisional del Senado, <strong>Bartolom\u00e9 Abdala<\/strong>, cuestion\u00f3 hoy el posible aumento de las dietas en la C\u00e1mara Alta y consider\u00f3 que &#8220;no es un momento oportuno&#8221; para ese incremento.<\/h3>\n<h3>&#8220;No es un momento oportuno pensando en el esfuerzo que est\u00e1 haciendo nuestro gobierno en reducir el gasto p\u00fablico&#8221;, asegur\u00f3 Abdala en declaraciones radiales.<\/h3>\n<h3>En esa l\u00ednea, el legislador oficialista dijo que, &#8220;el d\u00eda en que la inflaci\u00f3n tienda a bajar&#8221;, va a ser &#8220;l\u00f3gico&#8221; que los senadores que aducen la necesidad del incremento &#8220;sean acompa\u00f1ados&#8221;.<\/h3>\n<h3>Como contraparte, explic\u00f3 que &#8220;no todos&#8221; los senadores &#8220;tienen el mismo andamiaje en la vida cotidiana&#8221;, aunque a\u00f1adi\u00f3: &#8220;Independientemente de eso, somos muy conscientes de que tenemos una exposici\u00f3n p\u00fablica muy alta&#8221;.<\/h3>\n<h3>El parlamentario sostuvo tambi\u00e9n que est\u00e1n analizando &#8220;cu\u00e1l es el mejor mecanismo administrativo que pueda resolver&#8221; el tema de las dietas y, en caso contrario, se realizar\u00e1 &#8220;mediante una sesi\u00f3n&#8221;.<\/h3>\n<h3>Abdala se manifest\u00f3 de esta manera luego de que se diera a conocer que las dietas de los legisladores podr\u00edan pasar de 4,5 millones a m\u00e1s de 9 millones de pesos.<\/h3>\n<p>&nbsp;<\/p>\n<p>&nbsp;<\/p>\n<p>&nbsp;<\/p>\n<p>&nbsp;<\/p>\n","protected":false},"excerpt":{"rendered":"<p>El presidente provisional del Senado, Bartolom\u00e9 Abdala, cuestion\u00f3 hoy el posible aumento de las dietas&#8230;<\/p>\n","protected":false},"author":1,"featured_media":27046,"comment_status":"closed","ping_status":"closed","sticky":false,"template":"","format":"standard","meta":{"footnotes":""},"categories":[5],"tags":[],"class_list":["post-27045","post","type-post","status-publish","format-standard","has-post-thumbnail","hentry","category-nacionales-internacionales"],"yoast_head":"<!-- This site is optimized with the Yoast SEO plugin v26.1.1 - https:\/\/yoast.com\/wordpress\/plugins\/seo\/ -->\n<title>ABDALA CUESTION\u00d3 EL POSIBLE AUMENTO DE LAS DIETAS EN EL SENADO: &quot;NO ES UN MOMENTO OPORTUNO&quot; - Apuntes de San Luis<\/title>\n<meta name=\"robots\" content=\"index, follow, max-snippet:-1, max-image-preview:large, max-video-preview:-1\" \/>\n<link rel=\"canonical\" href=\"https:\/\/apuntesdesanluis.com\/index.php\/2024\/12\/21\/abdala-cuestiono-el-posible-aumento-de-las-dietas-en-el-senado-no-es-un-momento-oportuno\/\" \/>\n<meta property=\"og:locale\" content=\"es_ES\" \/>\n<meta property=\"og:type\" content=\"article\" \/>\n<meta property=\"og:title\" content=\"ABDALA CUESTION\u00d3 EL POSIBLE AUMENTO DE LAS DIETAS EN EL SENADO: &quot;NO ES UN MOMENTO OPORTUNO&quot; - Apuntes de San Luis\" \/>\n<meta property=\"og:description\" content=\"El presidente provisional del Senado, Bartolom\u00e9 Abdala, cuestion\u00f3 hoy el posible aumento de las dietas...\" \/>\n<meta property=\"og:url\" content=\"https:\/\/apuntesdesanluis.com\/index.php\/2024\/12\/21\/abdala-cuestiono-el-posible-aumento-de-las-dietas-en-el-senado-no-es-un-momento-oportuno\/\" \/>\n<meta property=\"og:site_name\" content=\"Apuntes de San Luis\" \/>\n<meta property=\"article:published_time\" content=\"2024-12-22T00:48:49+00:00\" \/>\n<meta property=\"og:image\" content=\"https:\/\/apuntesdesanluis.com\/wp-content\/uploads\/2024\/12\/abdala-1.png\" \/>\n\t<meta property=\"og:image:width\" content=\"636\" \/>\n\t<meta property=\"og:image:height\" content=\"430\" \/>\n\t<meta property=\"og:image:type\" content=\"image\/png\" \/>\n<meta name=\"author\" content=\"apuntesdesanluis.com\" \/>\n<meta name=\"twitter:card\" content=\"summary_large_image\" \/>\n<meta name=\"twitter:label1\" content=\"Escrito por\" \/>\n\t<meta name=\"twitter:data1\" content=\"apuntesdesanluis.com\" \/>\n\t<meta name=\"twitter:label2\" content=\"Tiempo de lectura\" \/>\n\t<meta name=\"twitter:data2\" content=\"2 minutos\" \/>\n<script type=\"application\/ld+json\" class=\"yoast-schema-graph\">{\"@context\":\"https:\/\/schema.org\",\"@graph\":[{\"@type\":\"Article\",\"@id\":\"https:\/\/apuntesdesanluis.com\/index.php\/2024\/12\/21\/abdala-cuestiono-el-posible-aumento-de-las-dietas-en-el-senado-no-es-un-momento-oportuno\/#article\",\"isPartOf\":{\"@id\":\"https:\/\/apuntesdesanluis.com\/index.php\/2024\/12\/21\/abdala-cuestiono-el-posible-aumento-de-las-dietas-en-el-senado-no-es-un-momento-oportuno\/\"},\"author\":{\"name\":\"apuntesdesanluis.com\",\"@id\":\"https:\/\/apuntesdesanluis.com\/#\/schema\/person\/b55151d52296fcce64d1a72538a70b90\"},\"headline\":\"ABDALA CUESTION\u00d3 EL POSIBLE AUMENTO DE LAS DIETAS EN EL SENADO: &#8220;NO ES UN MOMENTO OPORTUNO&#8221;\",\"datePublished\":\"2024-12-22T00:48:49+00:00\",\"mainEntityOfPage\":{\"@id\":\"https:\/\/apuntesdesanluis.com\/index.php\/2024\/12\/21\/abdala-cuestiono-el-posible-aumento-de-las-dietas-en-el-senado-no-es-un-momento-oportuno\/\"},\"wordCount\":213,\"publisher\":{\"@id\":\"https:\/\/apuntesdesanluis.com\/#\/schema\/person\/b55151d52296fcce64d1a72538a70b90\"},\"image\":{\"@id\":\"https:\/\/apuntesdesanluis.com\/index.php\/2024\/12\/21\/abdala-cuestiono-el-posible-aumento-de-las-dietas-en-el-senado-no-es-un-momento-oportuno\/#primaryimage\"},\"thumbnailUrl\":\"https:\/\/apuntesdesanluis.com\/wp-content\/uploads\/2024\/12\/abdala-1.png\",\"articleSection\":[\"Nacionales\/Internacionales\"],\"inLanguage\":\"es-AR\"},{\"@type\":\"WebPage\",\"@id\":\"https:\/\/apuntesdesanluis.com\/index.php\/2024\/12\/21\/abdala-cuestiono-el-posible-aumento-de-las-dietas-en-el-senado-no-es-un-momento-oportuno\/\",\"url\":\"https:\/\/apuntesdesanluis.com\/index.php\/2024\/12\/21\/abdala-cuestiono-el-posible-aumento-de-las-dietas-en-el-senado-no-es-un-momento-oportuno\/\",\"name\":\"ABDALA CUESTION\u00d3 EL POSIBLE AUMENTO DE LAS DIETAS EN EL SENADO: \\\"NO ES UN MOMENTO OPORTUNO\\\" - Apuntes de San Luis\",\"isPartOf\":{\"@id\":\"https:\/\/apuntesdesanluis.com\/#website\"},\"primaryImageOfPage\":{\"@id\":\"https:\/\/apuntesdesanluis.com\/index.php\/2024\/12\/21\/abdala-cuestiono-el-posible-aumento-de-las-dietas-en-el-senado-no-es-un-momento-oportuno\/#primaryimage\"},\"image\":{\"@id\":\"https:\/\/apuntesdesanluis.com\/index.php\/2024\/12\/21\/abdala-cuestiono-el-posible-aumento-de-las-dietas-en-el-senado-no-es-un-momento-oportuno\/#primaryimage\"},\"thumbnailUrl\":\"https:\/\/apuntesdesanluis.com\/wp-content\/uploads\/2024\/12\/abdala-1.png\",\"datePublished\":\"2024-12-22T00:48:49+00:00\",\"breadcrumb\":{\"@id\":\"https:\/\/apuntesdesanluis.com\/index.php\/2024\/12\/21\/abdala-cuestiono-el-posible-aumento-de-las-dietas-en-el-senado-no-es-un-momento-oportuno\/#breadcrumb\"},\"inLanguage\":\"es-AR\",\"potentialAction\":[{\"@type\":\"ReadAction\",\"target\":[\"https:\/\/apuntesdesanluis.com\/index.php\/2024\/12\/21\/abdala-cuestiono-el-posible-aumento-de-las-dietas-en-el-senado-no-es-un-momento-oportuno\/\"]}]},{\"@type\":\"ImageObject\",\"inLanguage\":\"es-AR\",\"@id\":\"https:\/\/apuntesdesanluis.com\/index.php\/2024\/12\/21\/abdala-cuestiono-el-posible-aumento-de-las-dietas-en-el-senado-no-es-un-momento-oportuno\/#primaryimage\",\"url\":\"https:\/\/apuntesdesanluis.com\/wp-content\/uploads\/2024\/12\/abdala-1.png\",\"contentUrl\":\"https:\/\/apuntesdesanluis.com\/wp-content\/uploads\/2024\/12\/abdala-1.png\",\"width\":636,\"height\":430},{\"@type\":\"BreadcrumbList\",\"@id\":\"https:\/\/apuntesdesanluis.com\/index.php\/2024\/12\/21\/abdala-cuestiono-el-posible-aumento-de-las-dietas-en-el-senado-no-es-un-momento-oportuno\/#breadcrumb\",\"itemListElement\":[{\"@type\":\"ListItem\",\"position\":1,\"name\":\"Inicio\",\"item\":\"https:\/\/apuntesdesanluis.com\/\"},{\"@type\":\"ListItem\",\"position\":2,\"name\":\"ABDALA CUESTION\u00d3 EL POSIBLE AUMENTO DE LAS DIETAS EN EL SENADO: &#8220;NO ES UN MOMENTO OPORTUNO&#8221;\"}]},{\"@type\":\"WebSite\",\"@id\":\"https:\/\/apuntesdesanluis.com\/#website\",\"url\":\"https:\/\/apuntesdesanluis.com\/\",\"name\":\"Apuntes de San Luis\",\"description\":\"\",\"publisher\":{\"@id\":\"https:\/\/apuntesdesanluis.com\/#\/schema\/person\/b55151d52296fcce64d1a72538a70b90\"},\"potentialAction\":[{\"@type\":\"SearchAction\",\"target\":{\"@type\":\"EntryPoint\",\"urlTemplate\":\"https:\/\/apuntesdesanluis.com\/?s={search_term_string}\"},\"query-input\":{\"@type\":\"PropertyValueSpecification\",\"valueRequired\":true,\"valueName\":\"search_term_string\"}}],\"inLanguage\":\"es-AR\"},{\"@type\":[\"Person\",\"Organization\"],\"@id\":\"https:\/\/apuntesdesanluis.com\/#\/schema\/person\/b55151d52296fcce64d1a72538a70b90\",\"name\":\"apuntesdesanluis.com\",\"image\":{\"@type\":\"ImageObject\",\"inLanguage\":\"es-AR\",\"@id\":\"https:\/\/apuntesdesanluis.com\/#\/schema\/person\/image\/\",\"url\":\"https:\/\/apuntesdesanluis.com\/wp-content\/uploads\/2023\/07\/cropped-apuntesdesanluis.png\",\"contentUrl\":\"https:\/\/apuntesdesanluis.com\/wp-content\/uploads\/2023\/07\/cropped-apuntesdesanluis.png\",\"width\":450,\"height\":112,\"caption\":\"apuntesdesanluis.com\"},\"logo\":{\"@id\":\"https:\/\/apuntesdesanluis.com\/#\/schema\/person\/image\/\"},\"sameAs\":[\"https:\/\/apuntesdesanluis.com\"],\"url\":\"https:\/\/apuntesdesanluis.com\/index.php\/author\/apuntesdesanluis-com\/\"}]}<\/script>\n<!-- \/ Yoast SEO plugin. -->","yoast_head_json":{"title":"ABDALA CUESTION\u00d3 EL POSIBLE AUMENTO DE LAS DIETAS EN EL SENADO: \"NO ES UN MOMENTO OPORTUNO\" - Apuntes de San Luis","robots":{"index":"index","follow":"follow","max-snippet":"max-snippet:-1","max-image-preview":"max-image-preview:large","max-video-preview":"max-video-preview:-1"},"canonical":"https:\/\/apuntesdesanluis.com\/index.php\/2024\/12\/21\/abdala-cuestiono-el-posible-aumento-de-las-dietas-en-el-senado-no-es-un-momento-oportuno\/","og_locale":"es_ES","og_type":"article","og_title":"ABDALA CUESTION\u00d3 EL POSIBLE AUMENTO DE LAS DIETAS EN EL SENADO: \"NO ES UN MOMENTO OPORTUNO\" - Apuntes de San Luis","og_description":"El presidente provisional del Senado, Bartolom\u00e9 Abdala, cuestion\u00f3 hoy el posible aumento de las dietas...","og_url":"https:\/\/apuntesdesanluis.com\/index.php\/2024\/12\/21\/abdala-cuestiono-el-posible-aumento-de-las-dietas-en-el-senado-no-es-un-momento-oportuno\/","og_site_name":"Apuntes de San Luis","article_published_time":"2024-12-22T00:48:49+00:00","og_image":[{"width":636,"height":430,"url":"https:\/\/apuntesdesanluis.com\/wp-content\/uploads\/2024\/12\/abdala-1.png","type":"image\/png"}],"author":"apuntesdesanluis.com","twitter_card":"summary_large_image","twitter_misc":{"Escrito por":"apuntesdesanluis.com","Tiempo de lectura":"2 minutos"},"schema":{"@context":"https:\/\/schema.org","@graph":[{"@type":"Article","@id":"https:\/\/apuntesdesanluis.com\/index.php\/2024\/12\/21\/abdala-cuestiono-el-posible-aumento-de-las-dietas-en-el-senado-no-es-un-momento-oportuno\/#article","isPartOf":{"@id":"https:\/\/apuntesdesanluis.com\/index.php\/2024\/12\/21\/abdala-cuestiono-el-posible-aumento-de-las-dietas-en-el-senado-no-es-un-momento-oportuno\/"},"author":{"name":"apuntesdesanluis.com","@id":"https:\/\/apuntesdesanluis.com\/#\/schema\/person\/b55151d52296fcce64d1a72538a70b90"},"headline":"ABDALA CUESTION\u00d3 EL POSIBLE AUMENTO DE LAS DIETAS EN EL SENADO: &#8220;NO ES UN MOMENTO OPORTUNO&#8221;","datePublished":"2024-12-22T00:48:49+00:00","mainEntityOfPage":{"@id":"https:\/\/apuntesdesanluis.com\/index.php\/2024\/12\/21\/abdala-cuestiono-el-posible-aumento-de-las-dietas-en-el-senado-no-es-un-momento-oportuno\/"},"wordCount":213,"publisher":{"@id":"https:\/\/apuntesdesanluis.com\/#\/schema\/person\/b55151d52296fcce64d1a72538a70b90"},"image":{"@id":"https:\/\/apuntesdesanluis.com\/index.php\/2024\/12\/21\/abdala-cuestiono-el-posible-aumento-de-las-dietas-en-el-senado-no-es-un-momento-oportuno\/#primaryimage"},"thumbnailUrl":"https:\/\/apuntesdesanluis.com\/wp-content\/uploads\/2024\/12\/abdala-1.png","articleSection":["Nacionales\/Internacionales"],"inLanguage":"es-AR"},{"@type":"WebPage","@id":"https:\/\/apuntesdesanluis.com\/index.php\/2024\/12\/21\/abdala-cuestiono-el-posible-aumento-de-las-dietas-en-el-senado-no-es-un-momento-oportuno\/","url":"https:\/\/apuntesdesanluis.com\/index.php\/2024\/12\/21\/abdala-cuestiono-el-posible-aumento-de-las-dietas-en-el-senado-no-es-un-momento-oportuno\/","name":"ABDALA CUESTION\u00d3 EL POSIBLE AUMENTO DE LAS DIETAS EN EL SENADO: \"NO ES UN MOMENTO OPORTUNO\" - Apuntes de San Luis","isPartOf":{"@id":"https:\/\/apuntesdesanluis.com\/#website"},"primaryImageOfPage":{"@id":"https:\/\/apuntesdesanluis.com\/index.php\/2024\/12\/21\/abdala-cuestiono-el-posible-aumento-de-las-dietas-en-el-senado-no-es-un-momento-oportuno\/#primaryimage"},"image":{"@id":"https:\/\/apuntesdesanluis.com\/index.php\/2024\/12\/21\/abdala-cuestiono-el-posible-aumento-de-las-dietas-en-el-senado-no-es-un-momento-oportuno\/#primaryimage"},"thumbnailUrl":"https:\/\/apuntesdesanluis.com\/wp-content\/uploads\/2024\/12\/abdala-1.png","datePublished":"2024-12-22T00:48:49+00:00","breadcrumb":{"@id":"https:\/\/apuntesdesanluis.com\/index.php\/2024\/12\/21\/abdala-cuestiono-el-posible-aumento-de-las-dietas-en-el-senado-no-es-un-momento-oportuno\/#breadcrumb"},"inLanguage":"es-AR","potentialAction":[{"@type":"ReadAction","target":["https:\/\/apuntesdesanluis.com\/index.php\/2024\/12\/21\/abdala-cuestiono-el-posible-aumento-de-las-dietas-en-el-senado-no-es-un-momento-oportuno\/"]}]},{"@type":"ImageObject","inLanguage":"es-AR","@id":"https:\/\/apuntesdesanluis.com\/index.php\/2024\/12\/21\/abdala-cuestiono-el-posible-aumento-de-las-dietas-en-el-senado-no-es-un-momento-oportuno\/#primaryimage","url":"https:\/\/apuntesdesanluis.com\/wp-content\/uploads\/2024\/12\/abdala-1.png","contentUrl":"https:\/\/apuntesdesanluis.com\/wp-content\/uploads\/2024\/12\/abdala-1.png","width":636,"height":430},{"@type":"BreadcrumbList","@id":"https:\/\/apuntesdesanluis.com\/index.php\/2024\/12\/21\/abdala-cuestiono-el-posible-aumento-de-las-dietas-en-el-senado-no-es-un-momento-oportuno\/#breadcrumb","itemListElement":[{"@type":"ListItem","position":1,"name":"Inicio","item":"https:\/\/apuntesdesanluis.com\/"},{"@type":"ListItem","position":2,"name":"ABDALA CUESTION\u00d3 EL POSIBLE AUMENTO DE LAS DIETAS EN EL SENADO: &#8220;NO ES UN MOMENTO OPORTUNO&#8221;"}]},{"@type":"WebSite","@id":"https:\/\/apuntesdesanluis.com\/#website","url":"https:\/\/apuntesdesanluis.com\/","name":"Apuntes de San Luis","description":"","publisher":{"@id":"https:\/\/apuntesdesanluis.com\/#\/schema\/person\/b55151d52296fcce64d1a72538a70b90"},"potentialAction":[{"@type":"SearchAction","target":{"@type":"EntryPoint","urlTemplate":"https:\/\/apuntesdesanluis.com\/?s={search_term_string}"},"query-input":{"@type":"PropertyValueSpecification","valueRequired":true,"valueName":"search_term_string"}}],"inLanguage":"es-AR"},{"@type":["Person","Organization"],"@id":"https:\/\/apuntesdesanluis.com\/#\/schema\/person\/b55151d52296fcce64d1a72538a70b90","name":"apuntesdesanluis.com","image":{"@type":"ImageObject","inLanguage":"es-AR","@id":"https:\/\/apuntesdesanluis.com\/#\/schema\/person\/image\/","url":"https:\/\/apuntesdesanluis.com\/wp-content\/uploads\/2023\/07\/cropped-apuntesdesanluis.png","contentUrl":"https:\/\/apuntesdesanluis.com\/wp-content\/uploads\/2023\/07\/cropped-apuntesdesanluis.png","width":450,"height":112,"caption":"apuntesdesanluis.com"},"logo":{"@id":"https:\/\/apuntesdesanluis.com\/#\/schema\/person\/image\/"},"sameAs":["https:\/\/apuntesdesanluis.com"],"url":"https:\/\/apuntesdesanluis.com\/index.php\/author\/apuntesdesanluis-com\/"}]}},"featured_image_urls":{"full":["https:\/\/apuntesdesanluis.com\/wp-content\/uploads\/2024\/12\/abdala-1.png",636,430,false],"thumbnail":["https:\/\/apuntesdesanluis.com\/wp-content\/uploads\/2024\/12\/abdala-1-150x150.png",150,150,true],"medium":["https:\/\/apuntesdesanluis.com\/wp-content\/uploads\/2024\/12\/abdala-1-300x203.png",300,203,true],"medium_large":["https:\/\/apuntesdesanluis.com\/wp-content\/uploads\/2024\/12\/abdala-1.png",636,430,false],"large":["https:\/\/apuntesdesanluis.com\/wp-content\/uploads\/2024\/12\/abdala-1.png",636,430,false],"1536x1536":["https:\/\/apuntesdesanluis.com\/wp-content\/uploads\/2024\/12\/abdala-1.png",636,430,false],"2048x2048":["https:\/\/apuntesdesanluis.com\/wp-content\/uploads\/2024\/12\/abdala-1.png",636,430,false],"newsever-slider-full":["https:\/\/apuntesdesanluis.com\/wp-content\/uploads\/2024\/12\/abdala-1.png",636,430,false],"newsever-featured":["https:\/\/apuntesdesanluis.com\/wp-content\/uploads\/2024\/12\/abdala-1.png",636,430,false],"newsever-medium":["https:\/\/apuntesdesanluis.com\/wp-content\/uploads\/2024\/12\/abdala-1.png",636,430,false]},"author_info":{"display_name":"apuntesdesanluis.com","author_link":"https:\/\/apuntesdesanluis.com\/index.php\/author\/apuntesdesanluis-com\/"},"category_info":"<a href=\"https:\/\/apuntesdesanluis.com\/index.php\/category\/nacionales-internacionales\/\" rel=\"category tag\">Nacionales\/Internacionales<\/a>","tag_info":"Nacionales\/Internacionales","comment_count":"0","_links":{"self":[{"href":"https:\/\/apuntesdesanluis.com\/index.php\/wp-json\/wp\/v2\/posts\/27045","targetHints":{"allow":["GET"]}}],"collection":[{"href":"https:\/\/apuntesdesanluis.com\/index.php\/wp-json\/wp\/v2\/posts"}],"about":[{"href":"https:\/\/apuntesdesanluis.com\/index.php\/wp-json\/wp\/v2\/types\/post"}],"author":[{"embeddable":true,"href":"https:\/\/apuntesdesanluis.com\/index.php\/wp-json\/wp\/v2\/users\/1"}],"replies":[{"embeddable":true,"href":"https:\/\/apuntesdesanluis.com\/index.php\/wp-json\/wp\/v2\/comments?post=27045"}],"version-history":[{"count":1,"href":"https:\/\/apuntesdesanluis.com\/index.php\/wp-json\/wp\/v2\/posts\/27045\/revisions"}],"predecessor-version":[{"id":27047,"href":"https:\/\/apuntesdesanluis.com\/index.php\/wp-json\/wp\/v2\/posts\/27045\/revisions\/27047"}],"wp:featuredmedia":[{"embeddable":true,"href":"https:\/\/apuntesdesanluis.com\/index.php\/wp-json\/wp\/v2\/media\/27046"}],"wp:attachment":[{"href":"https:\/\/apuntesdesanluis.com\/index.php\/wp-json\/wp\/v2\/media?parent=27045"}],"wp:term":[{"taxonomy":"category","embeddable":true,"href":"https:\/\/apuntesdesanluis.com\/index.php\/wp-json\/wp\/v2\/categories?post=27045"},{"taxonomy":"post_tag","embeddable":true,"href":"https:\/\/apuntesdesanluis.com\/index.php\/wp-json\/wp\/v2\/tags?post=27045"}],"curies":[{"name":"wp","href":"https:\/\/api.w.org\/{rel}","templated":true}]}}