{"id":27057,"date":"2024-12-22T19:12:11","date_gmt":"2024-12-22T22:12:11","guid":{"rendered":"https:\/\/apuntesdesanluis.com\/?p=27057"},"modified":"2024-12-22T19:22:23","modified_gmt":"2024-12-22T22:22:23","slug":"avanza-la-construccion-del-sum-del-sindicato-de-la-carne","status":"publish","type":"post","link":"https:\/\/apuntesdesanluis.com\/index.php\/2024\/12\/22\/avanza-la-construccion-del-sum-del-sindicato-de-la-carne\/","title":{"rendered":"AVANZA LA CONSTRUCCI\u00d3N DEL SUM DEL SINDICATO DE LA CARNE"},"content":{"rendered":"<h3>El Secretario General del Sindicato de Trabajadores de la Carne, <strong>Marcelo Periale<\/strong>, manifest\u00f3 su satisfacci\u00f3n por el avance de la obra de construcci\u00f3n del Sal\u00f3n de Usos M\u00faltiples (SUM), en el predio \u201cJulio Mediavilla\u201d.<\/h3>\n<p><img fetchpriority=\"high\" decoding=\"async\" class=\"wp-image-27062 aligncenter\" src=\"https:\/\/apuntesdesanluis.com\/wp-content\/uploads\/2024\/12\/CAMION-300x146.png\" alt=\"\" width=\"600\" height=\"292\" srcset=\"https:\/\/apuntesdesanluis.com\/wp-content\/uploads\/2024\/12\/CAMION-300x146.png 300w, https:\/\/apuntesdesanluis.com\/wp-content\/uploads\/2024\/12\/CAMION-768x374.png 768w, https:\/\/apuntesdesanluis.com\/wp-content\/uploads\/2024\/12\/CAMION.png 941w\" sizes=\"(max-width: 600px) 100vw, 600px\" \/><\/p>\n<h3>\u201cEl sue\u00f1o de tener este sal\u00f3n propio ya ha dejado de serlo. Lo podemos imaginar y nos llena de orgullo poder decirle a nuestros compa\u00f1eros que muy pronto ser\u00e1 una realidad y lo podr\u00e1n disfrutar con sus familias\u201d, expres\u00f3.<\/h3>\n<p><img decoding=\"async\" class=\"wp-image-27063 aligncenter\" src=\"https:\/\/apuntesdesanluis.com\/wp-content\/uploads\/2024\/12\/carne-trabajo-300x224.png\" alt=\"\" width=\"615\" height=\"459\" srcset=\"https:\/\/apuntesdesanluis.com\/wp-content\/uploads\/2024\/12\/carne-trabajo-300x224.png 300w, https:\/\/apuntesdesanluis.com\/wp-content\/uploads\/2024\/12\/carne-trabajo.png 749w\" sizes=\"(max-width: 615px) 100vw, 615px\" \/><\/p>\n<h3>Este s\u00e1bado concluy\u00f3 la primera y m\u00e1s importante etapa, con la terminaci\u00f3n de los trabajos de construcci\u00f3n de 800 m cuadrados y el alisado del piso del inmenso sal\u00f3n. Cuando est\u00e9 terminado, ser\u00e1 uno de los salones recreativos m\u00e1s grandes de Villa Mercedes.<\/h3>\n<h3>El dirigente inform\u00f3 que &#8220;m\u00e1s all\u00e1 que la pr\u00f3xima etapa es el cerramiento completo con todas las instalaciones sanitarias, el\u00e9ctricas y dem\u00e1s, nuestros afiliados ya van a poder comenzar a usar esta insfraestructura para diferentes actividades deportivas. Por ejemplo FutSal, porque las medidas son 20&#215;40, b\u00e1squet, voley, etc&#8221;.<\/h3>\n<p><img decoding=\"async\" class=\"wp-image-27064 aligncenter\" src=\"https:\/\/apuntesdesanluis.com\/wp-content\/uploads\/2024\/12\/ALISADO-300x269.png\" alt=\"\" width=\"616\" height=\"552\" srcset=\"https:\/\/apuntesdesanluis.com\/wp-content\/uploads\/2024\/12\/ALISADO-300x269.png 300w, https:\/\/apuntesdesanluis.com\/wp-content\/uploads\/2024\/12\/ALISADO.png 479w\" sizes=\"(max-width: 616px) 100vw, 616px\" \/><\/p>\n<h3>\u201cNo tengo palabras de agradecimiento a todos los compa\u00f1eros que lo han hecho posible, con su compromiso, aporte y lealtad. Orgullosos de ser parte de esta etapa de crecimiento y consolidaci\u00f3n en la historia de nuestra instituci\u00f3n\u201d, indic\u00f3 Periale, visiblemente emocionado.<\/h3>\n<p><img loading=\"lazy\" decoding=\"async\" class=\"wp-image-27066 aligncenter\" src=\"https:\/\/apuntesdesanluis.com\/wp-content\/uploads\/2024\/12\/TINGLADO-300x163.png\" alt=\"\" width=\"652\" height=\"354\" srcset=\"https:\/\/apuntesdesanluis.com\/wp-content\/uploads\/2024\/12\/TINGLADO-300x163.png 300w, https:\/\/apuntesdesanluis.com\/wp-content\/uploads\/2024\/12\/TINGLADO-768x417.png 768w, https:\/\/apuntesdesanluis.com\/wp-content\/uploads\/2024\/12\/TINGLADO.png 823w\" sizes=\"(max-width: 652px) 100vw, 652px\" \/><\/p>\n<h3>\u201cEsta es la prueba de que con gesti\u00f3n, un manejo ordenado de los recursos y buena administraci\u00f3n, los objetivos se pueden cumplir, por m\u00e1s ambiciosos que sean, no hay excusas\u201d, remat\u00f3.<\/h3>\n<p><img loading=\"lazy\" decoding=\"async\" class=\"wp-image-27065 aligncenter\" src=\"https:\/\/apuntesdesanluis.com\/wp-content\/uploads\/2024\/12\/sum-avance-carne-300x143.png\" alt=\"\" width=\"646\" height=\"308\" srcset=\"https:\/\/apuntesdesanluis.com\/wp-content\/uploads\/2024\/12\/sum-avance-carne-300x143.png 300w, https:\/\/apuntesdesanluis.com\/wp-content\/uploads\/2024\/12\/sum-avance-carne-1024x487.png 1024w, https:\/\/apuntesdesanluis.com\/wp-content\/uploads\/2024\/12\/sum-avance-carne-768x365.png 768w, https:\/\/apuntesdesanluis.com\/wp-content\/uploads\/2024\/12\/sum-avance-carne.png 1233w\" sizes=\"(max-width: 646px) 100vw, 646px\" \/><\/p>\n<h3><strong>CAJAS NAVIDE\u00d1AS<\/strong><\/h3>\n<h3>Por otro lado, la semana pasada el Sindicato de la Carne comenz\u00f3 a distribuir la tradicional <strong>caja navide\u00f1a<\/strong> a todos sus afiliados.<\/h3>\n<h3><img loading=\"lazy\" decoding=\"async\" class=\"wp-image-27058 aligncenter\" src=\"https:\/\/apuntesdesanluis.com\/wp-content\/uploads\/2024\/12\/caja-navidena-300x190.png\" alt=\"\" width=\"595\" height=\"377\" srcset=\"https:\/\/apuntesdesanluis.com\/wp-content\/uploads\/2024\/12\/caja-navidena-300x190.png 300w, https:\/\/apuntesdesanluis.com\/wp-content\/uploads\/2024\/12\/caja-navidena-1024x647.png 1024w, https:\/\/apuntesdesanluis.com\/wp-content\/uploads\/2024\/12\/caja-navidena-768x485.png 768w, https:\/\/apuntesdesanluis.com\/wp-content\/uploads\/2024\/12\/caja-navidena.png 1198w\" sizes=\"(max-width: 595px) 100vw, 595px\" \/><\/h3>\n<p><img loading=\"lazy\" decoding=\"async\" class=\"wp-image-27059 aligncenter\" src=\"https:\/\/apuntesdesanluis.com\/wp-content\/uploads\/2024\/12\/entrega-de-caja-300x221.png\" alt=\"\" width=\"596\" height=\"439\" srcset=\"https:\/\/apuntesdesanluis.com\/wp-content\/uploads\/2024\/12\/entrega-de-caja-300x221.png 300w, https:\/\/apuntesdesanluis.com\/wp-content\/uploads\/2024\/12\/entrega-de-caja.png 682w\" sizes=\"(max-width: 596px) 100vw, 596px\" \/><\/p>\n<h3>La entrega incluy\u00f3 un viaje el viernes \u00faltimo a la planta de <strong>Ser Beef<\/strong>, ubicada en la autopista de Serran\u00edas Puntanas, en cercan\u00edas de Granville, donde Periale salud\u00f3 y entreg\u00f3 el presente en mano a los operarios que trabajan en esta empresa.<\/h3>\n<p><img loading=\"lazy\" decoding=\"async\" class=\"wp-image-27060 aligncenter\" src=\"https:\/\/apuntesdesanluis.com\/wp-content\/uploads\/2024\/12\/cajas-navidenas-en-seer-beef-300x204.png\" alt=\"\" width=\"596\" height=\"405\" srcset=\"https:\/\/apuntesdesanluis.com\/wp-content\/uploads\/2024\/12\/cajas-navidenas-en-seer-beef-300x204.png 300w, https:\/\/apuntesdesanluis.com\/wp-content\/uploads\/2024\/12\/cajas-navidenas-en-seer-beef-768x523.png 768w, https:\/\/apuntesdesanluis.com\/wp-content\/uploads\/2024\/12\/cajas-navidenas-en-seer-beef.png 936w\" sizes=\"(max-width: 596px) 100vw, 596px\" \/><\/p>\n<p>&nbsp;<\/p>\n<p>&nbsp;<\/p>\n<p>&nbsp;<\/p>\n","protected":false},"excerpt":{"rendered":"<p>El Secretario General del Sindicato de Trabajadores de la Carne, Marcelo Periale, manifest\u00f3 su satisfacci\u00f3n&#8230;<\/p>\n","protected":false},"author":1,"featured_media":27061,"comment_status":"closed","ping_status":"closed","sticky":false,"template":"","format":"standard","meta":{"footnotes":""},"categories":[6],"tags":[],"class_list":["post-27057","post","type-post","status-publish","format-standard","has-post-thumbnail","hentry","category-ciudad-provincia"],"yoast_head":"<!-- This site is optimized with the Yoast SEO plugin v26.1.1 - https:\/\/yoast.com\/wordpress\/plugins\/seo\/ -->\n<title>AVANZA LA CONSTRUCCI\u00d3N DEL SUM DEL SINDICATO DE LA CARNE - Apuntes de San Luis<\/title>\n<meta name=\"robots\" content=\"index, follow, max-snippet:-1, max-image-preview:large, max-video-preview:-1\" \/>\n<link rel=\"canonical\" href=\"https:\/\/apuntesdesanluis.com\/index.php\/2024\/12\/22\/avanza-la-construccion-del-sum-del-sindicato-de-la-carne\/\" \/>\n<meta property=\"og:locale\" content=\"es_ES\" \/>\n<meta property=\"og:type\" content=\"article\" \/>\n<meta property=\"og:title\" content=\"AVANZA LA CONSTRUCCI\u00d3N DEL SUM DEL SINDICATO DE LA CARNE - Apuntes de San Luis\" \/>\n<meta property=\"og:description\" content=\"El Secretario General del Sindicato de Trabajadores de la Carne, Marcelo Periale, manifest\u00f3 su satisfacci\u00f3n...\" \/>\n<meta property=\"og:url\" content=\"https:\/\/apuntesdesanluis.com\/index.php\/2024\/12\/22\/avanza-la-construccion-del-sum-del-sindicato-de-la-carne\/\" \/>\n<meta property=\"og:site_name\" content=\"Apuntes de San Luis\" \/>\n<meta property=\"article:published_time\" content=\"2024-12-22T22:12:11+00:00\" \/>\n<meta property=\"article:modified_time\" content=\"2024-12-22T22:22:23+00:00\" \/>\n<meta property=\"og:image\" content=\"https:\/\/apuntesdesanluis.com\/wp-content\/uploads\/2024\/12\/carne-sum.png\" \/>\n\t<meta property=\"og:image:width\" content=\"1131\" \/>\n\t<meta property=\"og:image:height\" content=\"618\" \/>\n\t<meta property=\"og:image:type\" content=\"image\/png\" \/>\n<meta name=\"author\" content=\"apuntesdesanluis.com\" \/>\n<meta name=\"twitter:card\" content=\"summary_large_image\" \/>\n<meta name=\"twitter:label1\" content=\"Escrito por\" \/>\n\t<meta name=\"twitter:data1\" content=\"apuntesdesanluis.com\" \/>\n\t<meta name=\"twitter:label2\" content=\"Tiempo de lectura\" \/>\n\t<meta name=\"twitter:data2\" content=\"4 minutos\" \/>\n<script type=\"application\/ld+json\" class=\"yoast-schema-graph\">{\"@context\":\"https:\/\/schema.org\",\"@graph\":[{\"@type\":\"Article\",\"@id\":\"https:\/\/apuntesdesanluis.com\/index.php\/2024\/12\/22\/avanza-la-construccion-del-sum-del-sindicato-de-la-carne\/#article\",\"isPartOf\":{\"@id\":\"https:\/\/apuntesdesanluis.com\/index.php\/2024\/12\/22\/avanza-la-construccion-del-sum-del-sindicato-de-la-carne\/\"},\"author\":{\"name\":\"apuntesdesanluis.com\",\"@id\":\"https:\/\/apuntesdesanluis.com\/#\/schema\/person\/b55151d52296fcce64d1a72538a70b90\"},\"headline\":\"AVANZA LA CONSTRUCCI\u00d3N DEL SUM DEL SINDICATO DE LA CARNE\",\"datePublished\":\"2024-12-22T22:12:11+00:00\",\"dateModified\":\"2024-12-22T22:22:23+00:00\",\"mainEntityOfPage\":{\"@id\":\"https:\/\/apuntesdesanluis.com\/index.php\/2024\/12\/22\/avanza-la-construccion-del-sum-del-sindicato-de-la-carne\/\"},\"wordCount\":344,\"publisher\":{\"@id\":\"https:\/\/apuntesdesanluis.com\/#\/schema\/person\/b55151d52296fcce64d1a72538a70b90\"},\"image\":{\"@id\":\"https:\/\/apuntesdesanluis.com\/index.php\/2024\/12\/22\/avanza-la-construccion-del-sum-del-sindicato-de-la-carne\/#primaryimage\"},\"thumbnailUrl\":\"https:\/\/apuntesdesanluis.com\/wp-content\/uploads\/2024\/12\/carne-sum.png\",\"articleSection\":[\"Ciudad\/Provincia\"],\"inLanguage\":\"es-AR\"},{\"@type\":\"WebPage\",\"@id\":\"https:\/\/apuntesdesanluis.com\/index.php\/2024\/12\/22\/avanza-la-construccion-del-sum-del-sindicato-de-la-carne\/\",\"url\":\"https:\/\/apuntesdesanluis.com\/index.php\/2024\/12\/22\/avanza-la-construccion-del-sum-del-sindicato-de-la-carne\/\",\"name\":\"AVANZA LA CONSTRUCCI\u00d3N DEL SUM DEL SINDICATO DE LA CARNE - Apuntes de San Luis\",\"isPartOf\":{\"@id\":\"https:\/\/apuntesdesanluis.com\/#website\"},\"primaryImageOfPage\":{\"@id\":\"https:\/\/apuntesdesanluis.com\/index.php\/2024\/12\/22\/avanza-la-construccion-del-sum-del-sindicato-de-la-carne\/#primaryimage\"},\"image\":{\"@id\":\"https:\/\/apuntesdesanluis.com\/index.php\/2024\/12\/22\/avanza-la-construccion-del-sum-del-sindicato-de-la-carne\/#primaryimage\"},\"thumbnailUrl\":\"https:\/\/apuntesdesanluis.com\/wp-content\/uploads\/2024\/12\/carne-sum.png\",\"datePublished\":\"2024-12-22T22:12:11+00:00\",\"dateModified\":\"2024-12-22T22:22:23+00:00\",\"breadcrumb\":{\"@id\":\"https:\/\/apuntesdesanluis.com\/index.php\/2024\/12\/22\/avanza-la-construccion-del-sum-del-sindicato-de-la-carne\/#breadcrumb\"},\"inLanguage\":\"es-AR\",\"potentialAction\":[{\"@type\":\"ReadAction\",\"target\":[\"https:\/\/apuntesdesanluis.com\/index.php\/2024\/12\/22\/avanza-la-construccion-del-sum-del-sindicato-de-la-carne\/\"]}]},{\"@type\":\"ImageObject\",\"inLanguage\":\"es-AR\",\"@id\":\"https:\/\/apuntesdesanluis.com\/index.php\/2024\/12\/22\/avanza-la-construccion-del-sum-del-sindicato-de-la-carne\/#primaryimage\",\"url\":\"https:\/\/apuntesdesanluis.com\/wp-content\/uploads\/2024\/12\/carne-sum.png\",\"contentUrl\":\"https:\/\/apuntesdesanluis.com\/wp-content\/uploads\/2024\/12\/carne-sum.png\",\"width\":1131,\"height\":618},{\"@type\":\"BreadcrumbList\",\"@id\":\"https:\/\/apuntesdesanluis.com\/index.php\/2024\/12\/22\/avanza-la-construccion-del-sum-del-sindicato-de-la-carne\/#breadcrumb\",\"itemListElement\":[{\"@type\":\"ListItem\",\"position\":1,\"name\":\"Inicio\",\"item\":\"https:\/\/apuntesdesanluis.com\/\"},{\"@type\":\"ListItem\",\"position\":2,\"name\":\"AVANZA LA CONSTRUCCI\u00d3N DEL SUM DEL SINDICATO DE LA CARNE\"}]},{\"@type\":\"WebSite\",\"@id\":\"https:\/\/apuntesdesanluis.com\/#website\",\"url\":\"https:\/\/apuntesdesanluis.com\/\",\"name\":\"Apuntes de San Luis\",\"description\":\"\",\"publisher\":{\"@id\":\"https:\/\/apuntesdesanluis.com\/#\/schema\/person\/b55151d52296fcce64d1a72538a70b90\"},\"potentialAction\":[{\"@type\":\"SearchAction\",\"target\":{\"@type\":\"EntryPoint\",\"urlTemplate\":\"https:\/\/apuntesdesanluis.com\/?s={search_term_string}\"},\"query-input\":{\"@type\":\"PropertyValueSpecification\",\"valueRequired\":true,\"valueName\":\"search_term_string\"}}],\"inLanguage\":\"es-AR\"},{\"@type\":[\"Person\",\"Organization\"],\"@id\":\"https:\/\/apuntesdesanluis.com\/#\/schema\/person\/b55151d52296fcce64d1a72538a70b90\",\"name\":\"apuntesdesanluis.com\",\"image\":{\"@type\":\"ImageObject\",\"inLanguage\":\"es-AR\",\"@id\":\"https:\/\/apuntesdesanluis.com\/#\/schema\/person\/image\/\",\"url\":\"https:\/\/apuntesdesanluis.com\/wp-content\/uploads\/2023\/07\/cropped-apuntesdesanluis.png\",\"contentUrl\":\"https:\/\/apuntesdesanluis.com\/wp-content\/uploads\/2023\/07\/cropped-apuntesdesanluis.png\",\"width\":450,\"height\":112,\"caption\":\"apuntesdesanluis.com\"},\"logo\":{\"@id\":\"https:\/\/apuntesdesanluis.com\/#\/schema\/person\/image\/\"},\"sameAs\":[\"https:\/\/apuntesdesanluis.com\"],\"url\":\"https:\/\/apuntesdesanluis.com\/index.php\/author\/apuntesdesanluis-com\/\"}]}<\/script>\n<!-- \/ Yoast SEO plugin. -->","yoast_head_json":{"title":"AVANZA LA CONSTRUCCI\u00d3N DEL SUM DEL SINDICATO DE LA CARNE - Apuntes de San Luis","robots":{"index":"index","follow":"follow","max-snippet":"max-snippet:-1","max-image-preview":"max-image-preview:large","max-video-preview":"max-video-preview:-1"},"canonical":"https:\/\/apuntesdesanluis.com\/index.php\/2024\/12\/22\/avanza-la-construccion-del-sum-del-sindicato-de-la-carne\/","og_locale":"es_ES","og_type":"article","og_title":"AVANZA LA CONSTRUCCI\u00d3N DEL SUM DEL SINDICATO DE LA CARNE - Apuntes de San Luis","og_description":"El Secretario General del Sindicato de Trabajadores de la Carne, Marcelo Periale, manifest\u00f3 su satisfacci\u00f3n...","og_url":"https:\/\/apuntesdesanluis.com\/index.php\/2024\/12\/22\/avanza-la-construccion-del-sum-del-sindicato-de-la-carne\/","og_site_name":"Apuntes de San Luis","article_published_time":"2024-12-22T22:12:11+00:00","article_modified_time":"2024-12-22T22:22:23+00:00","og_image":[{"width":1131,"height":618,"url":"https:\/\/apuntesdesanluis.com\/wp-content\/uploads\/2024\/12\/carne-sum.png","type":"image\/png"}],"author":"apuntesdesanluis.com","twitter_card":"summary_large_image","twitter_misc":{"Escrito por":"apuntesdesanluis.com","Tiempo de lectura":"4 minutos"},"schema":{"@context":"https:\/\/schema.org","@graph":[{"@type":"Article","@id":"https:\/\/apuntesdesanluis.com\/index.php\/2024\/12\/22\/avanza-la-construccion-del-sum-del-sindicato-de-la-carne\/#article","isPartOf":{"@id":"https:\/\/apuntesdesanluis.com\/index.php\/2024\/12\/22\/avanza-la-construccion-del-sum-del-sindicato-de-la-carne\/"},"author":{"name":"apuntesdesanluis.com","@id":"https:\/\/apuntesdesanluis.com\/#\/schema\/person\/b55151d52296fcce64d1a72538a70b90"},"headline":"AVANZA LA CONSTRUCCI\u00d3N DEL SUM DEL SINDICATO DE LA CARNE","datePublished":"2024-12-22T22:12:11+00:00","dateModified":"2024-12-22T22:22:23+00:00","mainEntityOfPage":{"@id":"https:\/\/apuntesdesanluis.com\/index.php\/2024\/12\/22\/avanza-la-construccion-del-sum-del-sindicato-de-la-carne\/"},"wordCount":344,"publisher":{"@id":"https:\/\/apuntesdesanluis.com\/#\/schema\/person\/b55151d52296fcce64d1a72538a70b90"},"image":{"@id":"https:\/\/apuntesdesanluis.com\/index.php\/2024\/12\/22\/avanza-la-construccion-del-sum-del-sindicato-de-la-carne\/#primaryimage"},"thumbnailUrl":"https:\/\/apuntesdesanluis.com\/wp-content\/uploads\/2024\/12\/carne-sum.png","articleSection":["Ciudad\/Provincia"],"inLanguage":"es-AR"},{"@type":"WebPage","@id":"https:\/\/apuntesdesanluis.com\/index.php\/2024\/12\/22\/avanza-la-construccion-del-sum-del-sindicato-de-la-carne\/","url":"https:\/\/apuntesdesanluis.com\/index.php\/2024\/12\/22\/avanza-la-construccion-del-sum-del-sindicato-de-la-carne\/","name":"AVANZA LA CONSTRUCCI\u00d3N DEL SUM DEL SINDICATO DE LA CARNE - Apuntes de San Luis","isPartOf":{"@id":"https:\/\/apuntesdesanluis.com\/#website"},"primaryImageOfPage":{"@id":"https:\/\/apuntesdesanluis.com\/index.php\/2024\/12\/22\/avanza-la-construccion-del-sum-del-sindicato-de-la-carne\/#primaryimage"},"image":{"@id":"https:\/\/apuntesdesanluis.com\/index.php\/2024\/12\/22\/avanza-la-construccion-del-sum-del-sindicato-de-la-carne\/#primaryimage"},"thumbnailUrl":"https:\/\/apuntesdesanluis.com\/wp-content\/uploads\/2024\/12\/carne-sum.png","datePublished":"2024-12-22T22:12:11+00:00","dateModified":"2024-12-22T22:22:23+00:00","breadcrumb":{"@id":"https:\/\/apuntesdesanluis.com\/index.php\/2024\/12\/22\/avanza-la-construccion-del-sum-del-sindicato-de-la-carne\/#breadcrumb"},"inLanguage":"es-AR","potentialAction":[{"@type":"ReadAction","target":["https:\/\/apuntesdesanluis.com\/index.php\/2024\/12\/22\/avanza-la-construccion-del-sum-del-sindicato-de-la-carne\/"]}]},{"@type":"ImageObject","inLanguage":"es-AR","@id":"https:\/\/apuntesdesanluis.com\/index.php\/2024\/12\/22\/avanza-la-construccion-del-sum-del-sindicato-de-la-carne\/#primaryimage","url":"https:\/\/apuntesdesanluis.com\/wp-content\/uploads\/2024\/12\/carne-sum.png","contentUrl":"https:\/\/apuntesdesanluis.com\/wp-content\/uploads\/2024\/12\/carne-sum.png","width":1131,"height":618},{"@type":"BreadcrumbList","@id":"https:\/\/apuntesdesanluis.com\/index.php\/2024\/12\/22\/avanza-la-construccion-del-sum-del-sindicato-de-la-carne\/#breadcrumb","itemListElement":[{"@type":"ListItem","position":1,"name":"Inicio","item":"https:\/\/apuntesdesanluis.com\/"},{"@type":"ListItem","position":2,"name":"AVANZA LA CONSTRUCCI\u00d3N DEL SUM DEL SINDICATO DE LA CARNE"}]},{"@type":"WebSite","@id":"https:\/\/apuntesdesanluis.com\/#website","url":"https:\/\/apuntesdesanluis.com\/","name":"Apuntes de San Luis","description":"","publisher":{"@id":"https:\/\/apuntesdesanluis.com\/#\/schema\/person\/b55151d52296fcce64d1a72538a70b90"},"potentialAction":[{"@type":"SearchAction","target":{"@type":"EntryPoint","urlTemplate":"https:\/\/apuntesdesanluis.com\/?s={search_term_string}"},"query-input":{"@type":"PropertyValueSpecification","valueRequired":true,"valueName":"search_term_string"}}],"inLanguage":"es-AR"},{"@type":["Person","Organization"],"@id":"https:\/\/apuntesdesanluis.com\/#\/schema\/person\/b55151d52296fcce64d1a72538a70b90","name":"apuntesdesanluis.com","image":{"@type":"ImageObject","inLanguage":"es-AR","@id":"https:\/\/apuntesdesanluis.com\/#\/schema\/person\/image\/","url":"https:\/\/apuntesdesanluis.com\/wp-content\/uploads\/2023\/07\/cropped-apuntesdesanluis.png","contentUrl":"https:\/\/apuntesdesanluis.com\/wp-content\/uploads\/2023\/07\/cropped-apuntesdesanluis.png","width":450,"height":112,"caption":"apuntesdesanluis.com"},"logo":{"@id":"https:\/\/apuntesdesanluis.com\/#\/schema\/person\/image\/"},"sameAs":["https:\/\/apuntesdesanluis.com"],"url":"https:\/\/apuntesdesanluis.com\/index.php\/author\/apuntesdesanluis-com\/"}]}},"featured_image_urls":{"full":["https:\/\/apuntesdesanluis.com\/wp-content\/uploads\/2024\/12\/carne-sum.png",1131,618,false],"thumbnail":["https:\/\/apuntesdesanluis.com\/wp-content\/uploads\/2024\/12\/carne-sum-150x150.png",150,150,true],"medium":["https:\/\/apuntesdesanluis.com\/wp-content\/uploads\/2024\/12\/carne-sum-300x164.png",300,164,true],"medium_large":["https:\/\/apuntesdesanluis.com\/wp-content\/uploads\/2024\/12\/carne-sum-768x420.png",640,350,true],"large":["https:\/\/apuntesdesanluis.com\/wp-content\/uploads\/2024\/12\/carne-sum-1024x560.png",640,350,true],"1536x1536":["https:\/\/apuntesdesanluis.com\/wp-content\/uploads\/2024\/12\/carne-sum.png",1131,618,false],"2048x2048":["https:\/\/apuntesdesanluis.com\/wp-content\/uploads\/2024\/12\/carne-sum.png",1131,618,false],"newsever-slider-full":["https:\/\/apuntesdesanluis.com\/wp-content\/uploads\/2024\/12\/carne-sum.png",1131,618,false],"newsever-featured":["https:\/\/apuntesdesanluis.com\/wp-content\/uploads\/2024\/12\/carne-sum-1024x560.png",1024,560,true],"newsever-medium":["https:\/\/apuntesdesanluis.com\/wp-content\/uploads\/2024\/12\/carne-sum-720x475.png",720,475,true]},"author_info":{"display_name":"apuntesdesanluis.com","author_link":"https:\/\/apuntesdesanluis.com\/index.php\/author\/apuntesdesanluis-com\/"},"category_info":"<a href=\"https:\/\/apuntesdesanluis.com\/index.php\/category\/ciudad-provincia\/\" rel=\"category tag\">Ciudad\/Provincia<\/a>","tag_info":"Ciudad\/Provincia","comment_count":"0","_links":{"self":[{"href":"https:\/\/apuntesdesanluis.com\/index.php\/wp-json\/wp\/v2\/posts\/27057","targetHints":{"allow":["GET"]}}],"collection":[{"href":"https:\/\/apuntesdesanluis.com\/index.php\/wp-json\/wp\/v2\/posts"}],"about":[{"href":"https:\/\/apuntesdesanluis.com\/index.php\/wp-json\/wp\/v2\/types\/post"}],"author":[{"embeddable":true,"href":"https:\/\/apuntesdesanluis.com\/index.php\/wp-json\/wp\/v2\/users\/1"}],"replies":[{"embeddable":true,"href":"https:\/\/apuntesdesanluis.com\/index.php\/wp-json\/wp\/v2\/comments?post=27057"}],"version-history":[{"count":3,"href":"https:\/\/apuntesdesanluis.com\/index.php\/wp-json\/wp\/v2\/posts\/27057\/revisions"}],"predecessor-version":[{"id":27069,"href":"https:\/\/apuntesdesanluis.com\/index.php\/wp-json\/wp\/v2\/posts\/27057\/revisions\/27069"}],"wp:featuredmedia":[{"embeddable":true,"href":"https:\/\/apuntesdesanluis.com\/index.php\/wp-json\/wp\/v2\/media\/27061"}],"wp:attachment":[{"href":"https:\/\/apuntesdesanluis.com\/index.php\/wp-json\/wp\/v2\/media?parent=27057"}],"wp:term":[{"taxonomy":"category","embeddable":true,"href":"https:\/\/apuntesdesanluis.com\/index.php\/wp-json\/wp\/v2\/categories?post=27057"},{"taxonomy":"post_tag","embeddable":true,"href":"https:\/\/apuntesdesanluis.com\/index.php\/wp-json\/wp\/v2\/tags?post=27057"}],"curies":[{"name":"wp","href":"https:\/\/api.w.org\/{rel}","templated":true}]}}