{"id":2706,"date":"2023-09-05T14:21:46","date_gmt":"2023-09-05T17:21:46","guid":{"rendered":"https:\/\/apuntesdesanluis.com\/?p=2706"},"modified":"2023-09-05T14:23:24","modified_gmt":"2023-09-05T17:23:24","slug":"la-policia-detuvo-a-dos-personas-sospechadas-de-matar-a-mafalda-sanchez","status":"publish","type":"post","link":"https:\/\/apuntesdesanluis.com\/index.php\/2023\/09\/05\/la-policia-detuvo-a-dos-personas-sospechadas-de-matar-a-mafalda-sanchez\/","title":{"rendered":"LA POLIC\u00cdA DETUVO A DOS PERSONAS SOSPECHADAS DE MATAR A MAFALDA S\u00c1NCHEZ"},"content":{"rendered":"<h3>Las detenciones fueron el resultado de dos allanamientos practicados en las \u00faltimas horas, en el marco de la investigaci\u00f3n del homicidio de Mafalda S\u00e1nchez, la jubilada de 67 a\u00f1os que fue encontrada muerta en su departamento el lunes \u00faltimo, con signos de violencia.<\/h3>\n<h3>Las medidas judiciales fueron ordenadas por el Juzgado de Garant\u00edas N\u00b0 4, de la Segunda Circunscripci\u00f3n Judicial, a cargo del Doctor Santiago Ort\u00edz, en la causa caratulada preventivamente \u201caveriguaci\u00f3n muerte\u201d.<\/h3>\n<p><img fetchpriority=\"high\" decoding=\"async\" class=\"wp-image-2709 aligncenter\" src=\"https:\/\/apuntesdesanluis.com\/wp-content\/uploads\/2023\/09\/mafalda-sanchez-300x187.png\" alt=\"\" width=\"528\" height=\"329\" srcset=\"https:\/\/apuntesdesanluis.com\/wp-content\/uploads\/2023\/09\/mafalda-sanchez-300x187.png 300w, https:\/\/apuntesdesanluis.com\/wp-content\/uploads\/2023\/09\/mafalda-sanchez.png 441w\" sizes=\"(max-width: 528px) 100vw, 528px\" \/><\/p>\n<h3>El hecho ocurri\u00f3 el d\u00eda lunes 4 de septiembre en horas del mediod\u00eda, en los Monoblocks ubicados en la intersecci\u00f3n de las calles Chacabuco y Las Heras, del barrio La Rioja, en la Ciudad de Villa Mercedes.<\/h3>\n<h3>Intervino la Fiscal\u00eda de Instrucci\u00f3n N\u00b0 2, subrogada por el Doctor Maximiliano Bazla.<\/h3>\n<h3>Luego de tareas investigativas realizadas por personal de la Direcci\u00f3n General de Investigaciones, fueron requisados dos domicilios, uno en calle Italia al 2000 y el restante en B\u00e9lgica y Paul Harris del barrio Villa Celestina, en horas de la madrugada, este martes 5 del corriente.<\/h3>\n<p><img decoding=\"async\" class=\"wp-image-2708 aligncenter\" src=\"https:\/\/apuntesdesanluis.com\/wp-content\/uploads\/2023\/09\/domicilio-300x183.png\" alt=\"\" width=\"548\" height=\"334\" srcset=\"https:\/\/apuntesdesanluis.com\/wp-content\/uploads\/2023\/09\/domicilio-300x183.png 300w, https:\/\/apuntesdesanluis.com\/wp-content\/uploads\/2023\/09\/domicilio.png 424w\" sizes=\"(max-width: 548px) 100vw, 548px\" \/><\/p>\n<h3>En los allanamientos los efectivos policiales detuvieron a dos hombres de 31 y 44 a\u00f1os de edad y secuestraron elementos de inter\u00e9s para la causa.<\/h3>\n<h3>Ambos detenidos fueron puestos a disposici\u00f3n de la Justicia.<\/h3>\n<h3>Colaboraron en las intervenciones efectivos del Grupo Especial C.O.A.R Charlie, dependiente de la Direcci\u00f3n General de Unidades Especiales.<\/h3>\n<p>&nbsp;<\/p>\n<p>&nbsp;<\/p>\n<p>&nbsp;<\/p>\n","protected":false},"excerpt":{"rendered":"<p>Las detenciones fueron el resultado de dos allanamientos practicados en las \u00faltimas horas, en el&#8230;<\/p>\n","protected":false},"author":1,"featured_media":2707,"comment_status":"closed","ping_status":"closed","sticky":false,"template":"","format":"standard","meta":{"footnotes":""},"categories":[6],"tags":[],"class_list":["post-2706","post","type-post","status-publish","format-standard","has-post-thumbnail","hentry","category-ciudad-provincia"],"yoast_head":"<!-- This site is optimized with the Yoast SEO plugin v26.1.1 - https:\/\/yoast.com\/wordpress\/plugins\/seo\/ -->\n<title>LA POLIC\u00cdA DETUVO A DOS PERSONAS SOSPECHADAS DE MATAR A MAFALDA S\u00c1NCHEZ - Apuntes de San Luis<\/title>\n<meta name=\"robots\" content=\"index, follow, max-snippet:-1, max-image-preview:large, max-video-preview:-1\" \/>\n<link rel=\"canonical\" href=\"https:\/\/apuntesdesanluis.com\/index.php\/2023\/09\/05\/la-policia-detuvo-a-dos-personas-sospechadas-de-matar-a-mafalda-sanchez\/\" \/>\n<meta property=\"og:locale\" content=\"es_ES\" \/>\n<meta property=\"og:type\" content=\"article\" \/>\n<meta property=\"og:title\" content=\"LA POLIC\u00cdA DETUVO A DOS PERSONAS SOSPECHADAS DE MATAR A MAFALDA S\u00c1NCHEZ - Apuntes de San Luis\" \/>\n<meta property=\"og:description\" content=\"Las detenciones fueron el resultado de dos allanamientos practicados en las \u00faltimas horas, en el...\" \/>\n<meta property=\"og:url\" content=\"https:\/\/apuntesdesanluis.com\/index.php\/2023\/09\/05\/la-policia-detuvo-a-dos-personas-sospechadas-de-matar-a-mafalda-sanchez\/\" \/>\n<meta property=\"og:site_name\" content=\"Apuntes de San Luis\" \/>\n<meta property=\"article:published_time\" content=\"2023-09-05T17:21:46+00:00\" \/>\n<meta property=\"article:modified_time\" content=\"2023-09-05T17:23:24+00:00\" \/>\n<meta property=\"og:image\" content=\"https:\/\/apuntesdesanluis.com\/wp-content\/uploads\/2023\/09\/detenidos.png\" \/>\n\t<meta property=\"og:image:width\" content=\"577\" \/>\n\t<meta property=\"og:image:height\" content=\"343\" \/>\n\t<meta property=\"og:image:type\" content=\"image\/png\" \/>\n<meta name=\"author\" content=\"apuntesdesanluis.com\" \/>\n<meta name=\"twitter:card\" content=\"summary_large_image\" \/>\n<meta name=\"twitter:label1\" content=\"Escrito por\" \/>\n\t<meta name=\"twitter:data1\" content=\"apuntesdesanluis.com\" \/>\n\t<meta name=\"twitter:label2\" content=\"Tiempo de lectura\" \/>\n\t<meta name=\"twitter:data2\" content=\"2 minutos\" \/>\n<script type=\"application\/ld+json\" class=\"yoast-schema-graph\">{\"@context\":\"https:\/\/schema.org\",\"@graph\":[{\"@type\":\"Article\",\"@id\":\"https:\/\/apuntesdesanluis.com\/index.php\/2023\/09\/05\/la-policia-detuvo-a-dos-personas-sospechadas-de-matar-a-mafalda-sanchez\/#article\",\"isPartOf\":{\"@id\":\"https:\/\/apuntesdesanluis.com\/index.php\/2023\/09\/05\/la-policia-detuvo-a-dos-personas-sospechadas-de-matar-a-mafalda-sanchez\/\"},\"author\":{\"name\":\"apuntesdesanluis.com\",\"@id\":\"https:\/\/apuntesdesanluis.com\/#\/schema\/person\/b55151d52296fcce64d1a72538a70b90\"},\"headline\":\"LA POLIC\u00cdA DETUVO A DOS PERSONAS SOSPECHADAS DE MATAR A MAFALDA S\u00c1NCHEZ\",\"datePublished\":\"2023-09-05T17:21:46+00:00\",\"dateModified\":\"2023-09-05T17:23:24+00:00\",\"mainEntityOfPage\":{\"@id\":\"https:\/\/apuntesdesanluis.com\/index.php\/2023\/09\/05\/la-policia-detuvo-a-dos-personas-sospechadas-de-matar-a-mafalda-sanchez\/\"},\"wordCount\":250,\"publisher\":{\"@id\":\"https:\/\/apuntesdesanluis.com\/#\/schema\/person\/b55151d52296fcce64d1a72538a70b90\"},\"image\":{\"@id\":\"https:\/\/apuntesdesanluis.com\/index.php\/2023\/09\/05\/la-policia-detuvo-a-dos-personas-sospechadas-de-matar-a-mafalda-sanchez\/#primaryimage\"},\"thumbnailUrl\":\"https:\/\/apuntesdesanluis.com\/wp-content\/uploads\/2023\/09\/detenidos.png\",\"articleSection\":[\"Ciudad\/Provincia\"],\"inLanguage\":\"es-AR\"},{\"@type\":\"WebPage\",\"@id\":\"https:\/\/apuntesdesanluis.com\/index.php\/2023\/09\/05\/la-policia-detuvo-a-dos-personas-sospechadas-de-matar-a-mafalda-sanchez\/\",\"url\":\"https:\/\/apuntesdesanluis.com\/index.php\/2023\/09\/05\/la-policia-detuvo-a-dos-personas-sospechadas-de-matar-a-mafalda-sanchez\/\",\"name\":\"LA POLIC\u00cdA DETUVO A DOS PERSONAS SOSPECHADAS DE MATAR A MAFALDA S\u00c1NCHEZ - Apuntes de San Luis\",\"isPartOf\":{\"@id\":\"https:\/\/apuntesdesanluis.com\/#website\"},\"primaryImageOfPage\":{\"@id\":\"https:\/\/apuntesdesanluis.com\/index.php\/2023\/09\/05\/la-policia-detuvo-a-dos-personas-sospechadas-de-matar-a-mafalda-sanchez\/#primaryimage\"},\"image\":{\"@id\":\"https:\/\/apuntesdesanluis.com\/index.php\/2023\/09\/05\/la-policia-detuvo-a-dos-personas-sospechadas-de-matar-a-mafalda-sanchez\/#primaryimage\"},\"thumbnailUrl\":\"https:\/\/apuntesdesanluis.com\/wp-content\/uploads\/2023\/09\/detenidos.png\",\"datePublished\":\"2023-09-05T17:21:46+00:00\",\"dateModified\":\"2023-09-05T17:23:24+00:00\",\"breadcrumb\":{\"@id\":\"https:\/\/apuntesdesanluis.com\/index.php\/2023\/09\/05\/la-policia-detuvo-a-dos-personas-sospechadas-de-matar-a-mafalda-sanchez\/#breadcrumb\"},\"inLanguage\":\"es-AR\",\"potentialAction\":[{\"@type\":\"ReadAction\",\"target\":[\"https:\/\/apuntesdesanluis.com\/index.php\/2023\/09\/05\/la-policia-detuvo-a-dos-personas-sospechadas-de-matar-a-mafalda-sanchez\/\"]}]},{\"@type\":\"ImageObject\",\"inLanguage\":\"es-AR\",\"@id\":\"https:\/\/apuntesdesanluis.com\/index.php\/2023\/09\/05\/la-policia-detuvo-a-dos-personas-sospechadas-de-matar-a-mafalda-sanchez\/#primaryimage\",\"url\":\"https:\/\/apuntesdesanluis.com\/wp-content\/uploads\/2023\/09\/detenidos.png\",\"contentUrl\":\"https:\/\/apuntesdesanluis.com\/wp-content\/uploads\/2023\/09\/detenidos.png\",\"width\":577,\"height\":343},{\"@type\":\"BreadcrumbList\",\"@id\":\"https:\/\/apuntesdesanluis.com\/index.php\/2023\/09\/05\/la-policia-detuvo-a-dos-personas-sospechadas-de-matar-a-mafalda-sanchez\/#breadcrumb\",\"itemListElement\":[{\"@type\":\"ListItem\",\"position\":1,\"name\":\"Inicio\",\"item\":\"https:\/\/apuntesdesanluis.com\/\"},{\"@type\":\"ListItem\",\"position\":2,\"name\":\"LA POLIC\u00cdA DETUVO A DOS PERSONAS SOSPECHADAS DE MATAR A MAFALDA S\u00c1NCHEZ\"}]},{\"@type\":\"WebSite\",\"@id\":\"https:\/\/apuntesdesanluis.com\/#website\",\"url\":\"https:\/\/apuntesdesanluis.com\/\",\"name\":\"Apuntes de San Luis\",\"description\":\"\",\"publisher\":{\"@id\":\"https:\/\/apuntesdesanluis.com\/#\/schema\/person\/b55151d52296fcce64d1a72538a70b90\"},\"potentialAction\":[{\"@type\":\"SearchAction\",\"target\":{\"@type\":\"EntryPoint\",\"urlTemplate\":\"https:\/\/apuntesdesanluis.com\/?s={search_term_string}\"},\"query-input\":{\"@type\":\"PropertyValueSpecification\",\"valueRequired\":true,\"valueName\":\"search_term_string\"}}],\"inLanguage\":\"es-AR\"},{\"@type\":[\"Person\",\"Organization\"],\"@id\":\"https:\/\/apuntesdesanluis.com\/#\/schema\/person\/b55151d52296fcce64d1a72538a70b90\",\"name\":\"apuntesdesanluis.com\",\"image\":{\"@type\":\"ImageObject\",\"inLanguage\":\"es-AR\",\"@id\":\"https:\/\/apuntesdesanluis.com\/#\/schema\/person\/image\/\",\"url\":\"https:\/\/apuntesdesanluis.com\/wp-content\/uploads\/2023\/07\/cropped-apuntesdesanluis.png\",\"contentUrl\":\"https:\/\/apuntesdesanluis.com\/wp-content\/uploads\/2023\/07\/cropped-apuntesdesanluis.png\",\"width\":450,\"height\":112,\"caption\":\"apuntesdesanluis.com\"},\"logo\":{\"@id\":\"https:\/\/apuntesdesanluis.com\/#\/schema\/person\/image\/\"},\"sameAs\":[\"https:\/\/apuntesdesanluis.com\"],\"url\":\"https:\/\/apuntesdesanluis.com\/index.php\/author\/apuntesdesanluis-com\/\"}]}<\/script>\n<!-- \/ Yoast SEO plugin. -->","yoast_head_json":{"title":"LA POLIC\u00cdA DETUVO A DOS PERSONAS SOSPECHADAS DE MATAR A MAFALDA S\u00c1NCHEZ - Apuntes de San Luis","robots":{"index":"index","follow":"follow","max-snippet":"max-snippet:-1","max-image-preview":"max-image-preview:large","max-video-preview":"max-video-preview:-1"},"canonical":"https:\/\/apuntesdesanluis.com\/index.php\/2023\/09\/05\/la-policia-detuvo-a-dos-personas-sospechadas-de-matar-a-mafalda-sanchez\/","og_locale":"es_ES","og_type":"article","og_title":"LA POLIC\u00cdA DETUVO A DOS PERSONAS SOSPECHADAS DE MATAR A MAFALDA S\u00c1NCHEZ - Apuntes de San Luis","og_description":"Las detenciones fueron el resultado de dos allanamientos practicados en las \u00faltimas horas, en el...","og_url":"https:\/\/apuntesdesanluis.com\/index.php\/2023\/09\/05\/la-policia-detuvo-a-dos-personas-sospechadas-de-matar-a-mafalda-sanchez\/","og_site_name":"Apuntes de San Luis","article_published_time":"2023-09-05T17:21:46+00:00","article_modified_time":"2023-09-05T17:23:24+00:00","og_image":[{"width":577,"height":343,"url":"https:\/\/apuntesdesanluis.com\/wp-content\/uploads\/2023\/09\/detenidos.png","type":"image\/png"}],"author":"apuntesdesanluis.com","twitter_card":"summary_large_image","twitter_misc":{"Escrito por":"apuntesdesanluis.com","Tiempo de lectura":"2 minutos"},"schema":{"@context":"https:\/\/schema.org","@graph":[{"@type":"Article","@id":"https:\/\/apuntesdesanluis.com\/index.php\/2023\/09\/05\/la-policia-detuvo-a-dos-personas-sospechadas-de-matar-a-mafalda-sanchez\/#article","isPartOf":{"@id":"https:\/\/apuntesdesanluis.com\/index.php\/2023\/09\/05\/la-policia-detuvo-a-dos-personas-sospechadas-de-matar-a-mafalda-sanchez\/"},"author":{"name":"apuntesdesanluis.com","@id":"https:\/\/apuntesdesanluis.com\/#\/schema\/person\/b55151d52296fcce64d1a72538a70b90"},"headline":"LA POLIC\u00cdA DETUVO A DOS PERSONAS SOSPECHADAS DE MATAR A MAFALDA S\u00c1NCHEZ","datePublished":"2023-09-05T17:21:46+00:00","dateModified":"2023-09-05T17:23:24+00:00","mainEntityOfPage":{"@id":"https:\/\/apuntesdesanluis.com\/index.php\/2023\/09\/05\/la-policia-detuvo-a-dos-personas-sospechadas-de-matar-a-mafalda-sanchez\/"},"wordCount":250,"publisher":{"@id":"https:\/\/apuntesdesanluis.com\/#\/schema\/person\/b55151d52296fcce64d1a72538a70b90"},"image":{"@id":"https:\/\/apuntesdesanluis.com\/index.php\/2023\/09\/05\/la-policia-detuvo-a-dos-personas-sospechadas-de-matar-a-mafalda-sanchez\/#primaryimage"},"thumbnailUrl":"https:\/\/apuntesdesanluis.com\/wp-content\/uploads\/2023\/09\/detenidos.png","articleSection":["Ciudad\/Provincia"],"inLanguage":"es-AR"},{"@type":"WebPage","@id":"https:\/\/apuntesdesanluis.com\/index.php\/2023\/09\/05\/la-policia-detuvo-a-dos-personas-sospechadas-de-matar-a-mafalda-sanchez\/","url":"https:\/\/apuntesdesanluis.com\/index.php\/2023\/09\/05\/la-policia-detuvo-a-dos-personas-sospechadas-de-matar-a-mafalda-sanchez\/","name":"LA POLIC\u00cdA DETUVO A DOS PERSONAS SOSPECHADAS DE MATAR A MAFALDA S\u00c1NCHEZ - Apuntes de San Luis","isPartOf":{"@id":"https:\/\/apuntesdesanluis.com\/#website"},"primaryImageOfPage":{"@id":"https:\/\/apuntesdesanluis.com\/index.php\/2023\/09\/05\/la-policia-detuvo-a-dos-personas-sospechadas-de-matar-a-mafalda-sanchez\/#primaryimage"},"image":{"@id":"https:\/\/apuntesdesanluis.com\/index.php\/2023\/09\/05\/la-policia-detuvo-a-dos-personas-sospechadas-de-matar-a-mafalda-sanchez\/#primaryimage"},"thumbnailUrl":"https:\/\/apuntesdesanluis.com\/wp-content\/uploads\/2023\/09\/detenidos.png","datePublished":"2023-09-05T17:21:46+00:00","dateModified":"2023-09-05T17:23:24+00:00","breadcrumb":{"@id":"https:\/\/apuntesdesanluis.com\/index.php\/2023\/09\/05\/la-policia-detuvo-a-dos-personas-sospechadas-de-matar-a-mafalda-sanchez\/#breadcrumb"},"inLanguage":"es-AR","potentialAction":[{"@type":"ReadAction","target":["https:\/\/apuntesdesanluis.com\/index.php\/2023\/09\/05\/la-policia-detuvo-a-dos-personas-sospechadas-de-matar-a-mafalda-sanchez\/"]}]},{"@type":"ImageObject","inLanguage":"es-AR","@id":"https:\/\/apuntesdesanluis.com\/index.php\/2023\/09\/05\/la-policia-detuvo-a-dos-personas-sospechadas-de-matar-a-mafalda-sanchez\/#primaryimage","url":"https:\/\/apuntesdesanluis.com\/wp-content\/uploads\/2023\/09\/detenidos.png","contentUrl":"https:\/\/apuntesdesanluis.com\/wp-content\/uploads\/2023\/09\/detenidos.png","width":577,"height":343},{"@type":"BreadcrumbList","@id":"https:\/\/apuntesdesanluis.com\/index.php\/2023\/09\/05\/la-policia-detuvo-a-dos-personas-sospechadas-de-matar-a-mafalda-sanchez\/#breadcrumb","itemListElement":[{"@type":"ListItem","position":1,"name":"Inicio","item":"https:\/\/apuntesdesanluis.com\/"},{"@type":"ListItem","position":2,"name":"LA POLIC\u00cdA DETUVO A DOS PERSONAS SOSPECHADAS DE MATAR A MAFALDA S\u00c1NCHEZ"}]},{"@type":"WebSite","@id":"https:\/\/apuntesdesanluis.com\/#website","url":"https:\/\/apuntesdesanluis.com\/","name":"Apuntes de San Luis","description":"","publisher":{"@id":"https:\/\/apuntesdesanluis.com\/#\/schema\/person\/b55151d52296fcce64d1a72538a70b90"},"potentialAction":[{"@type":"SearchAction","target":{"@type":"EntryPoint","urlTemplate":"https:\/\/apuntesdesanluis.com\/?s={search_term_string}"},"query-input":{"@type":"PropertyValueSpecification","valueRequired":true,"valueName":"search_term_string"}}],"inLanguage":"es-AR"},{"@type":["Person","Organization"],"@id":"https:\/\/apuntesdesanluis.com\/#\/schema\/person\/b55151d52296fcce64d1a72538a70b90","name":"apuntesdesanluis.com","image":{"@type":"ImageObject","inLanguage":"es-AR","@id":"https:\/\/apuntesdesanluis.com\/#\/schema\/person\/image\/","url":"https:\/\/apuntesdesanluis.com\/wp-content\/uploads\/2023\/07\/cropped-apuntesdesanluis.png","contentUrl":"https:\/\/apuntesdesanluis.com\/wp-content\/uploads\/2023\/07\/cropped-apuntesdesanluis.png","width":450,"height":112,"caption":"apuntesdesanluis.com"},"logo":{"@id":"https:\/\/apuntesdesanluis.com\/#\/schema\/person\/image\/"},"sameAs":["https:\/\/apuntesdesanluis.com"],"url":"https:\/\/apuntesdesanluis.com\/index.php\/author\/apuntesdesanluis-com\/"}]}},"featured_image_urls":{"full":["https:\/\/apuntesdesanluis.com\/wp-content\/uploads\/2023\/09\/detenidos.png",577,343,false],"thumbnail":["https:\/\/apuntesdesanluis.com\/wp-content\/uploads\/2023\/09\/detenidos-150x150.png",150,150,true],"medium":["https:\/\/apuntesdesanluis.com\/wp-content\/uploads\/2023\/09\/detenidos-300x178.png",300,178,true],"medium_large":["https:\/\/apuntesdesanluis.com\/wp-content\/uploads\/2023\/09\/detenidos.png",577,343,false],"large":["https:\/\/apuntesdesanluis.com\/wp-content\/uploads\/2023\/09\/detenidos.png",577,343,false],"1536x1536":["https:\/\/apuntesdesanluis.com\/wp-content\/uploads\/2023\/09\/detenidos.png",577,343,false],"2048x2048":["https:\/\/apuntesdesanluis.com\/wp-content\/uploads\/2023\/09\/detenidos.png",577,343,false],"newsever-slider-full":["https:\/\/apuntesdesanluis.com\/wp-content\/uploads\/2023\/09\/detenidos.png",577,343,false],"newsever-featured":["https:\/\/apuntesdesanluis.com\/wp-content\/uploads\/2023\/09\/detenidos.png",577,343,false],"newsever-medium":["https:\/\/apuntesdesanluis.com\/wp-content\/uploads\/2023\/09\/detenidos.png",577,343,false]},"author_info":{"display_name":"apuntesdesanluis.com","author_link":"https:\/\/apuntesdesanluis.com\/index.php\/author\/apuntesdesanluis-com\/"},"category_info":"<a href=\"https:\/\/apuntesdesanluis.com\/index.php\/category\/ciudad-provincia\/\" rel=\"category tag\">Ciudad\/Provincia<\/a>","tag_info":"Ciudad\/Provincia","comment_count":"0","_links":{"self":[{"href":"https:\/\/apuntesdesanluis.com\/index.php\/wp-json\/wp\/v2\/posts\/2706","targetHints":{"allow":["GET"]}}],"collection":[{"href":"https:\/\/apuntesdesanluis.com\/index.php\/wp-json\/wp\/v2\/posts"}],"about":[{"href":"https:\/\/apuntesdesanluis.com\/index.php\/wp-json\/wp\/v2\/types\/post"}],"author":[{"embeddable":true,"href":"https:\/\/apuntesdesanluis.com\/index.php\/wp-json\/wp\/v2\/users\/1"}],"replies":[{"embeddable":true,"href":"https:\/\/apuntesdesanluis.com\/index.php\/wp-json\/wp\/v2\/comments?post=2706"}],"version-history":[{"count":4,"href":"https:\/\/apuntesdesanluis.com\/index.php\/wp-json\/wp\/v2\/posts\/2706\/revisions"}],"predecessor-version":[{"id":2713,"href":"https:\/\/apuntesdesanluis.com\/index.php\/wp-json\/wp\/v2\/posts\/2706\/revisions\/2713"}],"wp:featuredmedia":[{"embeddable":true,"href":"https:\/\/apuntesdesanluis.com\/index.php\/wp-json\/wp\/v2\/media\/2707"}],"wp:attachment":[{"href":"https:\/\/apuntesdesanluis.com\/index.php\/wp-json\/wp\/v2\/media?parent=2706"}],"wp:term":[{"taxonomy":"category","embeddable":true,"href":"https:\/\/apuntesdesanluis.com\/index.php\/wp-json\/wp\/v2\/categories?post=2706"},{"taxonomy":"post_tag","embeddable":true,"href":"https:\/\/apuntesdesanluis.com\/index.php\/wp-json\/wp\/v2\/tags?post=2706"}],"curies":[{"name":"wp","href":"https:\/\/api.w.org\/{rel}","templated":true}]}}