{"id":27078,"date":"2024-12-22T20:06:32","date_gmt":"2024-12-22T23:06:32","guid":{"rendered":"https:\/\/apuntesdesanluis.com\/?p=27078"},"modified":"2024-12-22T20:06:32","modified_gmt":"2024-12-22T23:06:32","slug":"espectaculo-de-drones-en-florida-deja-decenas-de-heridos-un-menor-en-estado-critico","status":"publish","type":"post","link":"https:\/\/apuntesdesanluis.com\/index.php\/2024\/12\/22\/espectaculo-de-drones-en-florida-deja-decenas-de-heridos-un-menor-en-estado-critico\/","title":{"rendered":"ESPECT\u00c1CULO DE DRONES EN FLORIDA DEJA DECENAS DE HERIDOS: UN MENOR EN ESTADO CR\u00cdTICO"},"content":{"rendered":"<h3>El hecho ocurri\u00f3 en un parque p\u00fablico ante la mirada de decenas de espectadores.<\/h3>\n<h3>Un espect\u00e1culo de drones que se celebr\u00f3 ayer en Florida, Estados Unidos dej\u00f3 a decenas de heridos y un menor que lucha por su vida a ra\u00edz de una serie de desperfectos t\u00e9cnicos.<\/h3>\n<h3>El\u00a0<b>Holiday Drone Show<\/b>\u00a0promet\u00eda ser una de las atracciones principales del fin de semana en el centro de Orlando. Seg\u00fan inform\u00f3 la televisora local\u00a0<i>Wesh<\/i>, el espect\u00e1culo consist\u00eda en una coreograf\u00eda a\u00e9rea con drones que formaban\u00a0<b>dise\u00f1os tem\u00e1ticos navide\u00f1os<\/b>.<\/h3>\n<h3>El\u00a0 evento se desarroll\u00f3 a las 18. 30 en el parque \u201cLake Eola\u201d y seg\u00fan testigos, los drones empezaron a caer desde el cielo sobre las personas que se encontraban en el lugar.<\/h3>\n<p><iframe title=\"Drones fall from sky at Lake Eola holiday show, possibly striking attendees\" width=\"640\" height=\"360\" src=\"https:\/\/www.youtube.com\/embed\/2Ky9oTsPt_M?feature=oembed\" frameborder=\"0\" allow=\"accelerometer; autoplay; clipboard-write; encrypted-media; gyroscope; picture-in-picture; web-share\" referrerpolicy=\"strict-origin-when-cross-origin\" allowfullscreen><\/iframe><\/p>\n<h3>El Departamento de Bomberos de Orlando confirm\u00f3 que una persona sufri\u00f3 una lesi\u00f3n menor en el incidente y fue trasladada al hospital.<\/h3>\n<h3>Sin embargo, las madres Jessica Lumedge y Adriana Edgerton afirman que su hijo \u201clucha por su vida en urgencias\u201d despu\u00e9s de que los drones lo golpearan en la cara.<\/h3>\n<h3>&#8220;Oren por mi hijo, fuimos al espect\u00e1culo de drones en el Lago Eola y uno de ellos lo golpe\u00f3 en la cara&#8221;, escribi\u00f3 Lumedge en Facebook, junto a una foto de su hijo en el hospital con el labio sangrando.<\/h3>\n<h3>Finalmente, la madre del menor revel\u00f3 que su hijo tendr\u00e1 que someterse a una cirug\u00eda card\u00edaca de emergencia debido a sus lesiones.<\/h3>\n<h3>A ra\u00edz de esas publicaciones, las autoridades se pronunciaron al respecto: \u201cDebido a dificultades t\u00e9cnicas, el Holiday Drone Show de las 8:00 p. m. en Lake Eola ha sido cancelado. Pedimos disculpas por cualquier inconveniente\u201d, escribieron el Departamento de Bomberos de Orlando y el gobierno de Orlando en su cuenta de X.<\/h3>\n<p><img fetchpriority=\"high\" decoding=\"async\" class=\"wp-image-27080 aligncenter\" src=\"https:\/\/apuntesdesanluis.com\/wp-content\/uploads\/2024\/12\/POLICIA-300x199.png\" alt=\"\" width=\"621\" height=\"412\" srcset=\"https:\/\/apuntesdesanluis.com\/wp-content\/uploads\/2024\/12\/POLICIA-300x199.png 300w, https:\/\/apuntesdesanluis.com\/wp-content\/uploads\/2024\/12\/POLICIA.png 632w\" sizes=\"(max-width: 621px) 100vw, 621px\" \/><\/p>\n<h3>Por otra parte, aseguran que comenzar\u00e1 un proceso de investigaci\u00f3n para conocer las causas que ocasionaron los desperfectos en los drones.<\/h3>\n<p>&nbsp;<\/p>\n<p>&nbsp;<\/p>\n<p>&nbsp;<\/p>\n","protected":false},"excerpt":{"rendered":"<p>El hecho ocurri\u00f3 en un parque p\u00fablico ante la mirada de decenas de espectadores. Un&#8230;<\/p>\n","protected":false},"author":1,"featured_media":27079,"comment_status":"closed","ping_status":"closed","sticky":false,"template":"","format":"standard","meta":{"footnotes":""},"categories":[5],"tags":[],"class_list":["post-27078","post","type-post","status-publish","format-standard","has-post-thumbnail","hentry","category-nacionales-internacionales"],"yoast_head":"<!-- This site is optimized with the Yoast SEO plugin v26.1.1 - https:\/\/yoast.com\/wordpress\/plugins\/seo\/ -->\n<title>ESPECT\u00c1CULO DE DRONES EN FLORIDA DEJA DECENAS DE HERIDOS: UN MENOR EN ESTADO CR\u00cdTICO - Apuntes de San Luis<\/title>\n<meta name=\"robots\" content=\"index, follow, max-snippet:-1, max-image-preview:large, max-video-preview:-1\" \/>\n<link rel=\"canonical\" href=\"https:\/\/apuntesdesanluis.com\/index.php\/2024\/12\/22\/espectaculo-de-drones-en-florida-deja-decenas-de-heridos-un-menor-en-estado-critico\/\" \/>\n<meta property=\"og:locale\" content=\"es_ES\" \/>\n<meta property=\"og:type\" content=\"article\" \/>\n<meta property=\"og:title\" content=\"ESPECT\u00c1CULO DE DRONES EN FLORIDA DEJA DECENAS DE HERIDOS: UN MENOR EN ESTADO CR\u00cdTICO - Apuntes de San Luis\" \/>\n<meta property=\"og:description\" content=\"El hecho ocurri\u00f3 en un parque p\u00fablico ante la mirada de decenas de espectadores. Un...\" \/>\n<meta property=\"og:url\" content=\"https:\/\/apuntesdesanluis.com\/index.php\/2024\/12\/22\/espectaculo-de-drones-en-florida-deja-decenas-de-heridos-un-menor-en-estado-critico\/\" \/>\n<meta property=\"og:site_name\" content=\"Apuntes de San Luis\" \/>\n<meta property=\"article:published_time\" content=\"2024-12-22T23:06:32+00:00\" \/>\n<meta property=\"og:image\" content=\"https:\/\/apuntesdesanluis.com\/wp-content\/uploads\/2024\/12\/CAIDA-DE-DRONES.png\" \/>\n\t<meta property=\"og:image:width\" content=\"722\" \/>\n\t<meta property=\"og:image:height\" content=\"428\" \/>\n\t<meta property=\"og:image:type\" content=\"image\/png\" \/>\n<meta name=\"author\" content=\"apuntesdesanluis.com\" \/>\n<meta name=\"twitter:card\" content=\"summary_large_image\" \/>\n<meta name=\"twitter:label1\" content=\"Escrito por\" \/>\n\t<meta name=\"twitter:data1\" content=\"apuntesdesanluis.com\" \/>\n\t<meta name=\"twitter:label2\" content=\"Tiempo de lectura\" \/>\n\t<meta name=\"twitter:data2\" content=\"2 minutos\" \/>\n<script type=\"application\/ld+json\" class=\"yoast-schema-graph\">{\"@context\":\"https:\/\/schema.org\",\"@graph\":[{\"@type\":\"Article\",\"@id\":\"https:\/\/apuntesdesanluis.com\/index.php\/2024\/12\/22\/espectaculo-de-drones-en-florida-deja-decenas-de-heridos-un-menor-en-estado-critico\/#article\",\"isPartOf\":{\"@id\":\"https:\/\/apuntesdesanluis.com\/index.php\/2024\/12\/22\/espectaculo-de-drones-en-florida-deja-decenas-de-heridos-un-menor-en-estado-critico\/\"},\"author\":{\"name\":\"apuntesdesanluis.com\",\"@id\":\"https:\/\/apuntesdesanluis.com\/#\/schema\/person\/b55151d52296fcce64d1a72538a70b90\"},\"headline\":\"ESPECT\u00c1CULO DE DRONES EN FLORIDA DEJA DECENAS DE HERIDOS: UN MENOR EN ESTADO CR\u00cdTICO\",\"datePublished\":\"2024-12-22T23:06:32+00:00\",\"mainEntityOfPage\":{\"@id\":\"https:\/\/apuntesdesanluis.com\/index.php\/2024\/12\/22\/espectaculo-de-drones-en-florida-deja-decenas-de-heridos-un-menor-en-estado-critico\/\"},\"wordCount\":359,\"publisher\":{\"@id\":\"https:\/\/apuntesdesanluis.com\/#\/schema\/person\/b55151d52296fcce64d1a72538a70b90\"},\"image\":{\"@id\":\"https:\/\/apuntesdesanluis.com\/index.php\/2024\/12\/22\/espectaculo-de-drones-en-florida-deja-decenas-de-heridos-un-menor-en-estado-critico\/#primaryimage\"},\"thumbnailUrl\":\"https:\/\/apuntesdesanluis.com\/wp-content\/uploads\/2024\/12\/CAIDA-DE-DRONES.png\",\"articleSection\":[\"Nacionales\/Internacionales\"],\"inLanguage\":\"es-AR\"},{\"@type\":\"WebPage\",\"@id\":\"https:\/\/apuntesdesanluis.com\/index.php\/2024\/12\/22\/espectaculo-de-drones-en-florida-deja-decenas-de-heridos-un-menor-en-estado-critico\/\",\"url\":\"https:\/\/apuntesdesanluis.com\/index.php\/2024\/12\/22\/espectaculo-de-drones-en-florida-deja-decenas-de-heridos-un-menor-en-estado-critico\/\",\"name\":\"ESPECT\u00c1CULO DE DRONES EN FLORIDA DEJA DECENAS DE HERIDOS: UN MENOR EN ESTADO CR\u00cdTICO - Apuntes de San Luis\",\"isPartOf\":{\"@id\":\"https:\/\/apuntesdesanluis.com\/#website\"},\"primaryImageOfPage\":{\"@id\":\"https:\/\/apuntesdesanluis.com\/index.php\/2024\/12\/22\/espectaculo-de-drones-en-florida-deja-decenas-de-heridos-un-menor-en-estado-critico\/#primaryimage\"},\"image\":{\"@id\":\"https:\/\/apuntesdesanluis.com\/index.php\/2024\/12\/22\/espectaculo-de-drones-en-florida-deja-decenas-de-heridos-un-menor-en-estado-critico\/#primaryimage\"},\"thumbnailUrl\":\"https:\/\/apuntesdesanluis.com\/wp-content\/uploads\/2024\/12\/CAIDA-DE-DRONES.png\",\"datePublished\":\"2024-12-22T23:06:32+00:00\",\"breadcrumb\":{\"@id\":\"https:\/\/apuntesdesanluis.com\/index.php\/2024\/12\/22\/espectaculo-de-drones-en-florida-deja-decenas-de-heridos-un-menor-en-estado-critico\/#breadcrumb\"},\"inLanguage\":\"es-AR\",\"potentialAction\":[{\"@type\":\"ReadAction\",\"target\":[\"https:\/\/apuntesdesanluis.com\/index.php\/2024\/12\/22\/espectaculo-de-drones-en-florida-deja-decenas-de-heridos-un-menor-en-estado-critico\/\"]}]},{\"@type\":\"ImageObject\",\"inLanguage\":\"es-AR\",\"@id\":\"https:\/\/apuntesdesanluis.com\/index.php\/2024\/12\/22\/espectaculo-de-drones-en-florida-deja-decenas-de-heridos-un-menor-en-estado-critico\/#primaryimage\",\"url\":\"https:\/\/apuntesdesanluis.com\/wp-content\/uploads\/2024\/12\/CAIDA-DE-DRONES.png\",\"contentUrl\":\"https:\/\/apuntesdesanluis.com\/wp-content\/uploads\/2024\/12\/CAIDA-DE-DRONES.png\",\"width\":722,\"height\":428},{\"@type\":\"BreadcrumbList\",\"@id\":\"https:\/\/apuntesdesanluis.com\/index.php\/2024\/12\/22\/espectaculo-de-drones-en-florida-deja-decenas-de-heridos-un-menor-en-estado-critico\/#breadcrumb\",\"itemListElement\":[{\"@type\":\"ListItem\",\"position\":1,\"name\":\"Inicio\",\"item\":\"https:\/\/apuntesdesanluis.com\/\"},{\"@type\":\"ListItem\",\"position\":2,\"name\":\"ESPECT\u00c1CULO DE DRONES EN FLORIDA DEJA DECENAS DE HERIDOS: UN MENOR EN ESTADO CR\u00cdTICO\"}]},{\"@type\":\"WebSite\",\"@id\":\"https:\/\/apuntesdesanluis.com\/#website\",\"url\":\"https:\/\/apuntesdesanluis.com\/\",\"name\":\"Apuntes de San Luis\",\"description\":\"\",\"publisher\":{\"@id\":\"https:\/\/apuntesdesanluis.com\/#\/schema\/person\/b55151d52296fcce64d1a72538a70b90\"},\"potentialAction\":[{\"@type\":\"SearchAction\",\"target\":{\"@type\":\"EntryPoint\",\"urlTemplate\":\"https:\/\/apuntesdesanluis.com\/?s={search_term_string}\"},\"query-input\":{\"@type\":\"PropertyValueSpecification\",\"valueRequired\":true,\"valueName\":\"search_term_string\"}}],\"inLanguage\":\"es-AR\"},{\"@type\":[\"Person\",\"Organization\"],\"@id\":\"https:\/\/apuntesdesanluis.com\/#\/schema\/person\/b55151d52296fcce64d1a72538a70b90\",\"name\":\"apuntesdesanluis.com\",\"image\":{\"@type\":\"ImageObject\",\"inLanguage\":\"es-AR\",\"@id\":\"https:\/\/apuntesdesanluis.com\/#\/schema\/person\/image\/\",\"url\":\"https:\/\/apuntesdesanluis.com\/wp-content\/uploads\/2023\/07\/cropped-apuntesdesanluis.png\",\"contentUrl\":\"https:\/\/apuntesdesanluis.com\/wp-content\/uploads\/2023\/07\/cropped-apuntesdesanluis.png\",\"width\":450,\"height\":112,\"caption\":\"apuntesdesanluis.com\"},\"logo\":{\"@id\":\"https:\/\/apuntesdesanluis.com\/#\/schema\/person\/image\/\"},\"sameAs\":[\"https:\/\/apuntesdesanluis.com\"],\"url\":\"https:\/\/apuntesdesanluis.com\/index.php\/author\/apuntesdesanluis-com\/\"}]}<\/script>\n<!-- \/ Yoast SEO plugin. -->","yoast_head_json":{"title":"ESPECT\u00c1CULO DE DRONES EN FLORIDA DEJA DECENAS DE HERIDOS: UN MENOR EN ESTADO CR\u00cdTICO - Apuntes de San Luis","robots":{"index":"index","follow":"follow","max-snippet":"max-snippet:-1","max-image-preview":"max-image-preview:large","max-video-preview":"max-video-preview:-1"},"canonical":"https:\/\/apuntesdesanluis.com\/index.php\/2024\/12\/22\/espectaculo-de-drones-en-florida-deja-decenas-de-heridos-un-menor-en-estado-critico\/","og_locale":"es_ES","og_type":"article","og_title":"ESPECT\u00c1CULO DE DRONES EN FLORIDA DEJA DECENAS DE HERIDOS: UN MENOR EN ESTADO CR\u00cdTICO - Apuntes de San Luis","og_description":"El hecho ocurri\u00f3 en un parque p\u00fablico ante la mirada de decenas de espectadores. Un...","og_url":"https:\/\/apuntesdesanluis.com\/index.php\/2024\/12\/22\/espectaculo-de-drones-en-florida-deja-decenas-de-heridos-un-menor-en-estado-critico\/","og_site_name":"Apuntes de San Luis","article_published_time":"2024-12-22T23:06:32+00:00","og_image":[{"width":722,"height":428,"url":"https:\/\/apuntesdesanluis.com\/wp-content\/uploads\/2024\/12\/CAIDA-DE-DRONES.png","type":"image\/png"}],"author":"apuntesdesanluis.com","twitter_card":"summary_large_image","twitter_misc":{"Escrito por":"apuntesdesanluis.com","Tiempo de lectura":"2 minutos"},"schema":{"@context":"https:\/\/schema.org","@graph":[{"@type":"Article","@id":"https:\/\/apuntesdesanluis.com\/index.php\/2024\/12\/22\/espectaculo-de-drones-en-florida-deja-decenas-de-heridos-un-menor-en-estado-critico\/#article","isPartOf":{"@id":"https:\/\/apuntesdesanluis.com\/index.php\/2024\/12\/22\/espectaculo-de-drones-en-florida-deja-decenas-de-heridos-un-menor-en-estado-critico\/"},"author":{"name":"apuntesdesanluis.com","@id":"https:\/\/apuntesdesanluis.com\/#\/schema\/person\/b55151d52296fcce64d1a72538a70b90"},"headline":"ESPECT\u00c1CULO DE DRONES EN FLORIDA DEJA DECENAS DE HERIDOS: UN MENOR EN ESTADO CR\u00cdTICO","datePublished":"2024-12-22T23:06:32+00:00","mainEntityOfPage":{"@id":"https:\/\/apuntesdesanluis.com\/index.php\/2024\/12\/22\/espectaculo-de-drones-en-florida-deja-decenas-de-heridos-un-menor-en-estado-critico\/"},"wordCount":359,"publisher":{"@id":"https:\/\/apuntesdesanluis.com\/#\/schema\/person\/b55151d52296fcce64d1a72538a70b90"},"image":{"@id":"https:\/\/apuntesdesanluis.com\/index.php\/2024\/12\/22\/espectaculo-de-drones-en-florida-deja-decenas-de-heridos-un-menor-en-estado-critico\/#primaryimage"},"thumbnailUrl":"https:\/\/apuntesdesanluis.com\/wp-content\/uploads\/2024\/12\/CAIDA-DE-DRONES.png","articleSection":["Nacionales\/Internacionales"],"inLanguage":"es-AR"},{"@type":"WebPage","@id":"https:\/\/apuntesdesanluis.com\/index.php\/2024\/12\/22\/espectaculo-de-drones-en-florida-deja-decenas-de-heridos-un-menor-en-estado-critico\/","url":"https:\/\/apuntesdesanluis.com\/index.php\/2024\/12\/22\/espectaculo-de-drones-en-florida-deja-decenas-de-heridos-un-menor-en-estado-critico\/","name":"ESPECT\u00c1CULO DE DRONES EN FLORIDA DEJA DECENAS DE HERIDOS: UN MENOR EN ESTADO CR\u00cdTICO - Apuntes de San Luis","isPartOf":{"@id":"https:\/\/apuntesdesanluis.com\/#website"},"primaryImageOfPage":{"@id":"https:\/\/apuntesdesanluis.com\/index.php\/2024\/12\/22\/espectaculo-de-drones-en-florida-deja-decenas-de-heridos-un-menor-en-estado-critico\/#primaryimage"},"image":{"@id":"https:\/\/apuntesdesanluis.com\/index.php\/2024\/12\/22\/espectaculo-de-drones-en-florida-deja-decenas-de-heridos-un-menor-en-estado-critico\/#primaryimage"},"thumbnailUrl":"https:\/\/apuntesdesanluis.com\/wp-content\/uploads\/2024\/12\/CAIDA-DE-DRONES.png","datePublished":"2024-12-22T23:06:32+00:00","breadcrumb":{"@id":"https:\/\/apuntesdesanluis.com\/index.php\/2024\/12\/22\/espectaculo-de-drones-en-florida-deja-decenas-de-heridos-un-menor-en-estado-critico\/#breadcrumb"},"inLanguage":"es-AR","potentialAction":[{"@type":"ReadAction","target":["https:\/\/apuntesdesanluis.com\/index.php\/2024\/12\/22\/espectaculo-de-drones-en-florida-deja-decenas-de-heridos-un-menor-en-estado-critico\/"]}]},{"@type":"ImageObject","inLanguage":"es-AR","@id":"https:\/\/apuntesdesanluis.com\/index.php\/2024\/12\/22\/espectaculo-de-drones-en-florida-deja-decenas-de-heridos-un-menor-en-estado-critico\/#primaryimage","url":"https:\/\/apuntesdesanluis.com\/wp-content\/uploads\/2024\/12\/CAIDA-DE-DRONES.png","contentUrl":"https:\/\/apuntesdesanluis.com\/wp-content\/uploads\/2024\/12\/CAIDA-DE-DRONES.png","width":722,"height":428},{"@type":"BreadcrumbList","@id":"https:\/\/apuntesdesanluis.com\/index.php\/2024\/12\/22\/espectaculo-de-drones-en-florida-deja-decenas-de-heridos-un-menor-en-estado-critico\/#breadcrumb","itemListElement":[{"@type":"ListItem","position":1,"name":"Inicio","item":"https:\/\/apuntesdesanluis.com\/"},{"@type":"ListItem","position":2,"name":"ESPECT\u00c1CULO DE DRONES EN FLORIDA DEJA DECENAS DE HERIDOS: UN MENOR EN ESTADO CR\u00cdTICO"}]},{"@type":"WebSite","@id":"https:\/\/apuntesdesanluis.com\/#website","url":"https:\/\/apuntesdesanluis.com\/","name":"Apuntes de San Luis","description":"","publisher":{"@id":"https:\/\/apuntesdesanluis.com\/#\/schema\/person\/b55151d52296fcce64d1a72538a70b90"},"potentialAction":[{"@type":"SearchAction","target":{"@type":"EntryPoint","urlTemplate":"https:\/\/apuntesdesanluis.com\/?s={search_term_string}"},"query-input":{"@type":"PropertyValueSpecification","valueRequired":true,"valueName":"search_term_string"}}],"inLanguage":"es-AR"},{"@type":["Person","Organization"],"@id":"https:\/\/apuntesdesanluis.com\/#\/schema\/person\/b55151d52296fcce64d1a72538a70b90","name":"apuntesdesanluis.com","image":{"@type":"ImageObject","inLanguage":"es-AR","@id":"https:\/\/apuntesdesanluis.com\/#\/schema\/person\/image\/","url":"https:\/\/apuntesdesanluis.com\/wp-content\/uploads\/2023\/07\/cropped-apuntesdesanluis.png","contentUrl":"https:\/\/apuntesdesanluis.com\/wp-content\/uploads\/2023\/07\/cropped-apuntesdesanluis.png","width":450,"height":112,"caption":"apuntesdesanluis.com"},"logo":{"@id":"https:\/\/apuntesdesanluis.com\/#\/schema\/person\/image\/"},"sameAs":["https:\/\/apuntesdesanluis.com"],"url":"https:\/\/apuntesdesanluis.com\/index.php\/author\/apuntesdesanluis-com\/"}]}},"featured_image_urls":{"full":["https:\/\/apuntesdesanluis.com\/wp-content\/uploads\/2024\/12\/CAIDA-DE-DRONES.png",722,428,false],"thumbnail":["https:\/\/apuntesdesanluis.com\/wp-content\/uploads\/2024\/12\/CAIDA-DE-DRONES-150x150.png",150,150,true],"medium":["https:\/\/apuntesdesanluis.com\/wp-content\/uploads\/2024\/12\/CAIDA-DE-DRONES-300x178.png",300,178,true],"medium_large":["https:\/\/apuntesdesanluis.com\/wp-content\/uploads\/2024\/12\/CAIDA-DE-DRONES.png",640,379,false],"large":["https:\/\/apuntesdesanluis.com\/wp-content\/uploads\/2024\/12\/CAIDA-DE-DRONES.png",640,379,false],"1536x1536":["https:\/\/apuntesdesanluis.com\/wp-content\/uploads\/2024\/12\/CAIDA-DE-DRONES.png",722,428,false],"2048x2048":["https:\/\/apuntesdesanluis.com\/wp-content\/uploads\/2024\/12\/CAIDA-DE-DRONES.png",722,428,false],"newsever-slider-full":["https:\/\/apuntesdesanluis.com\/wp-content\/uploads\/2024\/12\/CAIDA-DE-DRONES.png",722,428,false],"newsever-featured":["https:\/\/apuntesdesanluis.com\/wp-content\/uploads\/2024\/12\/CAIDA-DE-DRONES.png",722,428,false],"newsever-medium":["https:\/\/apuntesdesanluis.com\/wp-content\/uploads\/2024\/12\/CAIDA-DE-DRONES-720x428.png",720,428,true]},"author_info":{"display_name":"apuntesdesanluis.com","author_link":"https:\/\/apuntesdesanluis.com\/index.php\/author\/apuntesdesanluis-com\/"},"category_info":"<a href=\"https:\/\/apuntesdesanluis.com\/index.php\/category\/nacionales-internacionales\/\" rel=\"category tag\">Nacionales\/Internacionales<\/a>","tag_info":"Nacionales\/Internacionales","comment_count":"0","_links":{"self":[{"href":"https:\/\/apuntesdesanluis.com\/index.php\/wp-json\/wp\/v2\/posts\/27078","targetHints":{"allow":["GET"]}}],"collection":[{"href":"https:\/\/apuntesdesanluis.com\/index.php\/wp-json\/wp\/v2\/posts"}],"about":[{"href":"https:\/\/apuntesdesanluis.com\/index.php\/wp-json\/wp\/v2\/types\/post"}],"author":[{"embeddable":true,"href":"https:\/\/apuntesdesanluis.com\/index.php\/wp-json\/wp\/v2\/users\/1"}],"replies":[{"embeddable":true,"href":"https:\/\/apuntesdesanluis.com\/index.php\/wp-json\/wp\/v2\/comments?post=27078"}],"version-history":[{"count":1,"href":"https:\/\/apuntesdesanluis.com\/index.php\/wp-json\/wp\/v2\/posts\/27078\/revisions"}],"predecessor-version":[{"id":27081,"href":"https:\/\/apuntesdesanluis.com\/index.php\/wp-json\/wp\/v2\/posts\/27078\/revisions\/27081"}],"wp:featuredmedia":[{"embeddable":true,"href":"https:\/\/apuntesdesanluis.com\/index.php\/wp-json\/wp\/v2\/media\/27079"}],"wp:attachment":[{"href":"https:\/\/apuntesdesanluis.com\/index.php\/wp-json\/wp\/v2\/media?parent=27078"}],"wp:term":[{"taxonomy":"category","embeddable":true,"href":"https:\/\/apuntesdesanluis.com\/index.php\/wp-json\/wp\/v2\/categories?post=27078"},{"taxonomy":"post_tag","embeddable":true,"href":"https:\/\/apuntesdesanluis.com\/index.php\/wp-json\/wp\/v2\/tags?post=27078"}],"curies":[{"name":"wp","href":"https:\/\/api.w.org\/{rel}","templated":true}]}}