{"id":27090,"date":"2024-12-22T23:12:48","date_gmt":"2024-12-23T02:12:48","guid":{"rendered":"https:\/\/apuntesdesanluis.com\/?p=27090"},"modified":"2024-12-22T23:13:50","modified_gmt":"2024-12-23T02:13:50","slug":"primicia-valeria-lange-asumira-en-asuntos-municipales","status":"publish","type":"post","link":"https:\/\/apuntesdesanluis.com\/index.php\/2024\/12\/22\/primicia-valeria-lange-asumira-en-asuntos-municipales\/","title":{"rendered":"PRIMICIA: VALERIA LANGE ASUMIR\u00c1 EN ASUNTOS MUNICIPALES"},"content":{"rendered":"<h3>La arquitecta de Villa Mercedes, hasta la semana pasada directora de Infraestructura Escolar, <strong>Valeria Lange<\/strong>, asumir\u00e1 este lunes como Directora de <strong>Asuntos Municipales<\/strong> de la provincia.<\/h3>\n<h3>Se trata de alguien de m\u00e1xima confianza del gobernador <strong>Claudio Poggi<\/strong>, a quien acompa\u00f1a desde los inicios de Avanzar, y que fuera candidata a intendenta de Villa Mercedes en las elecciones del a\u00f1o pasado.<\/h3>\n<h3>Seg\u00fan pudo <strong>confirmar Apuntes de San Luis, <\/strong>la citada profesional reemplazar\u00e1<strong> a Gonzalo<\/strong> <strong>Amondara\u00edn<\/strong>, quien jurar\u00e1 como nuevo ministro de Gobierno, en reemplazo de <strong>Facundo Endeiza<\/strong>.<\/h3>\n<h3>Por otro lado, jurar\u00e1 como nuevo ministro de Turismo y Cultura <strong>Juan \u00c1lvarez Pinto<\/strong>, quien pidi\u00f3 licencia en la intendencia de Merlo, luego de varias semanas de incertidumbre a ra\u00edz de la dimisi\u00f3n de <strong>Juan Manuel Rigau<\/strong>.<\/h3>\n<h3><img fetchpriority=\"high\" decoding=\"async\" class=\"wp-image-27091 aligncenter\" src=\"https:\/\/apuntesdesanluis.com\/wp-content\/uploads\/2024\/12\/tres-300x149.png\" alt=\"\" width=\"590\" height=\"293\" srcset=\"https:\/\/apuntesdesanluis.com\/wp-content\/uploads\/2024\/12\/tres-300x149.png 300w, https:\/\/apuntesdesanluis.com\/wp-content\/uploads\/2024\/12\/tres.png 512w\" sizes=\"(max-width: 590px) 100vw, 590px\" \/><\/h3>\n<h4 style=\"text-align: center;\"><em>Amondara\u00edn, Pinto y\u00a0 Lange.<\/em><\/h4>\n<h3>No se descarta que se sumen otras asunciones, dado que tambi\u00e9n se debe prever el reemplazo de Lange en Infraestructura Escolar, un \u00e1rea muy sensible y vital en esta fecha, a dos meses del inicio del ciclo lectivo 2025.<\/h3>\n<h3>El acto se celebrar\u00e1 este <strong>lunes a las 15:00 h<\/strong>, en el Sal\u00f3n Blanco de Terrazas del Portezuelo.<\/h3>\n<h3><\/h3>\n<p>&nbsp;<\/p>\n<p>&nbsp;<\/p>\n","protected":false},"excerpt":{"rendered":"<p>La arquitecta de Villa Mercedes, hasta la semana pasada directora de Infraestructura Escolar, Valeria Lange,&#8230;<\/p>\n","protected":false},"author":1,"featured_media":27092,"comment_status":"closed","ping_status":"closed","sticky":false,"template":"","format":"standard","meta":{"footnotes":""},"categories":[9],"tags":[],"class_list":["post-27090","post","type-post","status-publish","format-standard","has-post-thumbnail","hentry","category-opinion"],"yoast_head":"<!-- This site is optimized with the Yoast SEO plugin v26.1.1 - https:\/\/yoast.com\/wordpress\/plugins\/seo\/ -->\n<title>PRIMICIA: VALERIA LANGE ASUMIR\u00c1 EN ASUNTOS MUNICIPALES - Apuntes de San Luis<\/title>\n<meta name=\"robots\" content=\"index, follow, max-snippet:-1, max-image-preview:large, max-video-preview:-1\" \/>\n<link rel=\"canonical\" href=\"https:\/\/apuntesdesanluis.com\/index.php\/2024\/12\/22\/primicia-valeria-lange-asumira-en-asuntos-municipales\/\" \/>\n<meta property=\"og:locale\" content=\"es_ES\" \/>\n<meta property=\"og:type\" content=\"article\" \/>\n<meta property=\"og:title\" content=\"PRIMICIA: VALERIA LANGE ASUMIR\u00c1 EN ASUNTOS MUNICIPALES - Apuntes de San Luis\" \/>\n<meta property=\"og:description\" content=\"La arquitecta de Villa Mercedes, hasta la semana pasada directora de Infraestructura Escolar, Valeria Lange,...\" \/>\n<meta property=\"og:url\" content=\"https:\/\/apuntesdesanluis.com\/index.php\/2024\/12\/22\/primicia-valeria-lange-asumira-en-asuntos-municipales\/\" \/>\n<meta property=\"og:site_name\" content=\"Apuntes de San Luis\" \/>\n<meta property=\"article:published_time\" content=\"2024-12-23T02:12:48+00:00\" \/>\n<meta property=\"article:modified_time\" content=\"2024-12-23T02:13:50+00:00\" \/>\n<meta property=\"og:image\" content=\"https:\/\/apuntesdesanluis.com\/wp-content\/uploads\/2024\/12\/valeria-lange-y-poggi.png\" \/>\n\t<meta property=\"og:image:width\" content=\"869\" \/>\n\t<meta property=\"og:image:height\" content=\"589\" \/>\n\t<meta property=\"og:image:type\" content=\"image\/png\" \/>\n<meta name=\"author\" content=\"apuntesdesanluis.com\" \/>\n<meta name=\"twitter:card\" content=\"summary_large_image\" \/>\n<meta name=\"twitter:label1\" content=\"Escrito por\" \/>\n\t<meta name=\"twitter:data1\" content=\"apuntesdesanluis.com\" \/>\n\t<meta name=\"twitter:label2\" content=\"Tiempo de lectura\" \/>\n\t<meta name=\"twitter:data2\" content=\"2 minutos\" \/>\n<script type=\"application\/ld+json\" class=\"yoast-schema-graph\">{\"@context\":\"https:\/\/schema.org\",\"@graph\":[{\"@type\":\"Article\",\"@id\":\"https:\/\/apuntesdesanluis.com\/index.php\/2024\/12\/22\/primicia-valeria-lange-asumira-en-asuntos-municipales\/#article\",\"isPartOf\":{\"@id\":\"https:\/\/apuntesdesanluis.com\/index.php\/2024\/12\/22\/primicia-valeria-lange-asumira-en-asuntos-municipales\/\"},\"author\":{\"name\":\"apuntesdesanluis.com\",\"@id\":\"https:\/\/apuntesdesanluis.com\/#\/schema\/person\/b55151d52296fcce64d1a72538a70b90\"},\"headline\":\"PRIMICIA: VALERIA LANGE ASUMIR\u00c1 EN ASUNTOS MUNICIPALES\",\"datePublished\":\"2024-12-23T02:12:48+00:00\",\"dateModified\":\"2024-12-23T02:13:50+00:00\",\"mainEntityOfPage\":{\"@id\":\"https:\/\/apuntesdesanluis.com\/index.php\/2024\/12\/22\/primicia-valeria-lange-asumira-en-asuntos-municipales\/\"},\"wordCount\":201,\"publisher\":{\"@id\":\"https:\/\/apuntesdesanluis.com\/#\/schema\/person\/b55151d52296fcce64d1a72538a70b90\"},\"image\":{\"@id\":\"https:\/\/apuntesdesanluis.com\/index.php\/2024\/12\/22\/primicia-valeria-lange-asumira-en-asuntos-municipales\/#primaryimage\"},\"thumbnailUrl\":\"https:\/\/apuntesdesanluis.com\/wp-content\/uploads\/2024\/12\/valeria-lange-y-poggi.png\",\"articleSection\":[\"Opini\u00f3n\"],\"inLanguage\":\"es-AR\"},{\"@type\":\"WebPage\",\"@id\":\"https:\/\/apuntesdesanluis.com\/index.php\/2024\/12\/22\/primicia-valeria-lange-asumira-en-asuntos-municipales\/\",\"url\":\"https:\/\/apuntesdesanluis.com\/index.php\/2024\/12\/22\/primicia-valeria-lange-asumira-en-asuntos-municipales\/\",\"name\":\"PRIMICIA: VALERIA LANGE ASUMIR\u00c1 EN ASUNTOS MUNICIPALES - Apuntes de San Luis\",\"isPartOf\":{\"@id\":\"https:\/\/apuntesdesanluis.com\/#website\"},\"primaryImageOfPage\":{\"@id\":\"https:\/\/apuntesdesanluis.com\/index.php\/2024\/12\/22\/primicia-valeria-lange-asumira-en-asuntos-municipales\/#primaryimage\"},\"image\":{\"@id\":\"https:\/\/apuntesdesanluis.com\/index.php\/2024\/12\/22\/primicia-valeria-lange-asumira-en-asuntos-municipales\/#primaryimage\"},\"thumbnailUrl\":\"https:\/\/apuntesdesanluis.com\/wp-content\/uploads\/2024\/12\/valeria-lange-y-poggi.png\",\"datePublished\":\"2024-12-23T02:12:48+00:00\",\"dateModified\":\"2024-12-23T02:13:50+00:00\",\"breadcrumb\":{\"@id\":\"https:\/\/apuntesdesanluis.com\/index.php\/2024\/12\/22\/primicia-valeria-lange-asumira-en-asuntos-municipales\/#breadcrumb\"},\"inLanguage\":\"es-AR\",\"potentialAction\":[{\"@type\":\"ReadAction\",\"target\":[\"https:\/\/apuntesdesanluis.com\/index.php\/2024\/12\/22\/primicia-valeria-lange-asumira-en-asuntos-municipales\/\"]}]},{\"@type\":\"ImageObject\",\"inLanguage\":\"es-AR\",\"@id\":\"https:\/\/apuntesdesanluis.com\/index.php\/2024\/12\/22\/primicia-valeria-lange-asumira-en-asuntos-municipales\/#primaryimage\",\"url\":\"https:\/\/apuntesdesanluis.com\/wp-content\/uploads\/2024\/12\/valeria-lange-y-poggi.png\",\"contentUrl\":\"https:\/\/apuntesdesanluis.com\/wp-content\/uploads\/2024\/12\/valeria-lange-y-poggi.png\",\"width\":869,\"height\":589},{\"@type\":\"BreadcrumbList\",\"@id\":\"https:\/\/apuntesdesanluis.com\/index.php\/2024\/12\/22\/primicia-valeria-lange-asumira-en-asuntos-municipales\/#breadcrumb\",\"itemListElement\":[{\"@type\":\"ListItem\",\"position\":1,\"name\":\"Inicio\",\"item\":\"https:\/\/apuntesdesanluis.com\/\"},{\"@type\":\"ListItem\",\"position\":2,\"name\":\"PRIMICIA: VALERIA LANGE ASUMIR\u00c1 EN ASUNTOS MUNICIPALES\"}]},{\"@type\":\"WebSite\",\"@id\":\"https:\/\/apuntesdesanluis.com\/#website\",\"url\":\"https:\/\/apuntesdesanluis.com\/\",\"name\":\"Apuntes de San Luis\",\"description\":\"\",\"publisher\":{\"@id\":\"https:\/\/apuntesdesanluis.com\/#\/schema\/person\/b55151d52296fcce64d1a72538a70b90\"},\"potentialAction\":[{\"@type\":\"SearchAction\",\"target\":{\"@type\":\"EntryPoint\",\"urlTemplate\":\"https:\/\/apuntesdesanluis.com\/?s={search_term_string}\"},\"query-input\":{\"@type\":\"PropertyValueSpecification\",\"valueRequired\":true,\"valueName\":\"search_term_string\"}}],\"inLanguage\":\"es-AR\"},{\"@type\":[\"Person\",\"Organization\"],\"@id\":\"https:\/\/apuntesdesanluis.com\/#\/schema\/person\/b55151d52296fcce64d1a72538a70b90\",\"name\":\"apuntesdesanluis.com\",\"image\":{\"@type\":\"ImageObject\",\"inLanguage\":\"es-AR\",\"@id\":\"https:\/\/apuntesdesanluis.com\/#\/schema\/person\/image\/\",\"url\":\"https:\/\/apuntesdesanluis.com\/wp-content\/uploads\/2023\/07\/cropped-apuntesdesanluis.png\",\"contentUrl\":\"https:\/\/apuntesdesanluis.com\/wp-content\/uploads\/2023\/07\/cropped-apuntesdesanluis.png\",\"width\":450,\"height\":112,\"caption\":\"apuntesdesanluis.com\"},\"logo\":{\"@id\":\"https:\/\/apuntesdesanluis.com\/#\/schema\/person\/image\/\"},\"sameAs\":[\"https:\/\/apuntesdesanluis.com\"],\"url\":\"https:\/\/apuntesdesanluis.com\/index.php\/author\/apuntesdesanluis-com\/\"}]}<\/script>\n<!-- \/ Yoast SEO plugin. -->","yoast_head_json":{"title":"PRIMICIA: VALERIA LANGE ASUMIR\u00c1 EN ASUNTOS MUNICIPALES - Apuntes de San Luis","robots":{"index":"index","follow":"follow","max-snippet":"max-snippet:-1","max-image-preview":"max-image-preview:large","max-video-preview":"max-video-preview:-1"},"canonical":"https:\/\/apuntesdesanluis.com\/index.php\/2024\/12\/22\/primicia-valeria-lange-asumira-en-asuntos-municipales\/","og_locale":"es_ES","og_type":"article","og_title":"PRIMICIA: VALERIA LANGE ASUMIR\u00c1 EN ASUNTOS MUNICIPALES - Apuntes de San Luis","og_description":"La arquitecta de Villa Mercedes, hasta la semana pasada directora de Infraestructura Escolar, Valeria Lange,...","og_url":"https:\/\/apuntesdesanluis.com\/index.php\/2024\/12\/22\/primicia-valeria-lange-asumira-en-asuntos-municipales\/","og_site_name":"Apuntes de San Luis","article_published_time":"2024-12-23T02:12:48+00:00","article_modified_time":"2024-12-23T02:13:50+00:00","og_image":[{"width":869,"height":589,"url":"https:\/\/apuntesdesanluis.com\/wp-content\/uploads\/2024\/12\/valeria-lange-y-poggi.png","type":"image\/png"}],"author":"apuntesdesanluis.com","twitter_card":"summary_large_image","twitter_misc":{"Escrito por":"apuntesdesanluis.com","Tiempo de lectura":"2 minutos"},"schema":{"@context":"https:\/\/schema.org","@graph":[{"@type":"Article","@id":"https:\/\/apuntesdesanluis.com\/index.php\/2024\/12\/22\/primicia-valeria-lange-asumira-en-asuntos-municipales\/#article","isPartOf":{"@id":"https:\/\/apuntesdesanluis.com\/index.php\/2024\/12\/22\/primicia-valeria-lange-asumira-en-asuntos-municipales\/"},"author":{"name":"apuntesdesanluis.com","@id":"https:\/\/apuntesdesanluis.com\/#\/schema\/person\/b55151d52296fcce64d1a72538a70b90"},"headline":"PRIMICIA: VALERIA LANGE ASUMIR\u00c1 EN ASUNTOS MUNICIPALES","datePublished":"2024-12-23T02:12:48+00:00","dateModified":"2024-12-23T02:13:50+00:00","mainEntityOfPage":{"@id":"https:\/\/apuntesdesanluis.com\/index.php\/2024\/12\/22\/primicia-valeria-lange-asumira-en-asuntos-municipales\/"},"wordCount":201,"publisher":{"@id":"https:\/\/apuntesdesanluis.com\/#\/schema\/person\/b55151d52296fcce64d1a72538a70b90"},"image":{"@id":"https:\/\/apuntesdesanluis.com\/index.php\/2024\/12\/22\/primicia-valeria-lange-asumira-en-asuntos-municipales\/#primaryimage"},"thumbnailUrl":"https:\/\/apuntesdesanluis.com\/wp-content\/uploads\/2024\/12\/valeria-lange-y-poggi.png","articleSection":["Opini\u00f3n"],"inLanguage":"es-AR"},{"@type":"WebPage","@id":"https:\/\/apuntesdesanluis.com\/index.php\/2024\/12\/22\/primicia-valeria-lange-asumira-en-asuntos-municipales\/","url":"https:\/\/apuntesdesanluis.com\/index.php\/2024\/12\/22\/primicia-valeria-lange-asumira-en-asuntos-municipales\/","name":"PRIMICIA: VALERIA LANGE ASUMIR\u00c1 EN ASUNTOS MUNICIPALES - Apuntes de San Luis","isPartOf":{"@id":"https:\/\/apuntesdesanluis.com\/#website"},"primaryImageOfPage":{"@id":"https:\/\/apuntesdesanluis.com\/index.php\/2024\/12\/22\/primicia-valeria-lange-asumira-en-asuntos-municipales\/#primaryimage"},"image":{"@id":"https:\/\/apuntesdesanluis.com\/index.php\/2024\/12\/22\/primicia-valeria-lange-asumira-en-asuntos-municipales\/#primaryimage"},"thumbnailUrl":"https:\/\/apuntesdesanluis.com\/wp-content\/uploads\/2024\/12\/valeria-lange-y-poggi.png","datePublished":"2024-12-23T02:12:48+00:00","dateModified":"2024-12-23T02:13:50+00:00","breadcrumb":{"@id":"https:\/\/apuntesdesanluis.com\/index.php\/2024\/12\/22\/primicia-valeria-lange-asumira-en-asuntos-municipales\/#breadcrumb"},"inLanguage":"es-AR","potentialAction":[{"@type":"ReadAction","target":["https:\/\/apuntesdesanluis.com\/index.php\/2024\/12\/22\/primicia-valeria-lange-asumira-en-asuntos-municipales\/"]}]},{"@type":"ImageObject","inLanguage":"es-AR","@id":"https:\/\/apuntesdesanluis.com\/index.php\/2024\/12\/22\/primicia-valeria-lange-asumira-en-asuntos-municipales\/#primaryimage","url":"https:\/\/apuntesdesanluis.com\/wp-content\/uploads\/2024\/12\/valeria-lange-y-poggi.png","contentUrl":"https:\/\/apuntesdesanluis.com\/wp-content\/uploads\/2024\/12\/valeria-lange-y-poggi.png","width":869,"height":589},{"@type":"BreadcrumbList","@id":"https:\/\/apuntesdesanluis.com\/index.php\/2024\/12\/22\/primicia-valeria-lange-asumira-en-asuntos-municipales\/#breadcrumb","itemListElement":[{"@type":"ListItem","position":1,"name":"Inicio","item":"https:\/\/apuntesdesanluis.com\/"},{"@type":"ListItem","position":2,"name":"PRIMICIA: VALERIA LANGE ASUMIR\u00c1 EN ASUNTOS MUNICIPALES"}]},{"@type":"WebSite","@id":"https:\/\/apuntesdesanluis.com\/#website","url":"https:\/\/apuntesdesanluis.com\/","name":"Apuntes de San Luis","description":"","publisher":{"@id":"https:\/\/apuntesdesanluis.com\/#\/schema\/person\/b55151d52296fcce64d1a72538a70b90"},"potentialAction":[{"@type":"SearchAction","target":{"@type":"EntryPoint","urlTemplate":"https:\/\/apuntesdesanluis.com\/?s={search_term_string}"},"query-input":{"@type":"PropertyValueSpecification","valueRequired":true,"valueName":"search_term_string"}}],"inLanguage":"es-AR"},{"@type":["Person","Organization"],"@id":"https:\/\/apuntesdesanluis.com\/#\/schema\/person\/b55151d52296fcce64d1a72538a70b90","name":"apuntesdesanluis.com","image":{"@type":"ImageObject","inLanguage":"es-AR","@id":"https:\/\/apuntesdesanluis.com\/#\/schema\/person\/image\/","url":"https:\/\/apuntesdesanluis.com\/wp-content\/uploads\/2023\/07\/cropped-apuntesdesanluis.png","contentUrl":"https:\/\/apuntesdesanluis.com\/wp-content\/uploads\/2023\/07\/cropped-apuntesdesanluis.png","width":450,"height":112,"caption":"apuntesdesanluis.com"},"logo":{"@id":"https:\/\/apuntesdesanluis.com\/#\/schema\/person\/image\/"},"sameAs":["https:\/\/apuntesdesanluis.com"],"url":"https:\/\/apuntesdesanluis.com\/index.php\/author\/apuntesdesanluis-com\/"}]}},"featured_image_urls":{"full":["https:\/\/apuntesdesanluis.com\/wp-content\/uploads\/2024\/12\/valeria-lange-y-poggi.png",869,589,false],"thumbnail":["https:\/\/apuntesdesanluis.com\/wp-content\/uploads\/2024\/12\/valeria-lange-y-poggi-150x150.png",150,150,true],"medium":["https:\/\/apuntesdesanluis.com\/wp-content\/uploads\/2024\/12\/valeria-lange-y-poggi-300x203.png",300,203,true],"medium_large":["https:\/\/apuntesdesanluis.com\/wp-content\/uploads\/2024\/12\/valeria-lange-y-poggi-768x521.png",640,434,true],"large":["https:\/\/apuntesdesanluis.com\/wp-content\/uploads\/2024\/12\/valeria-lange-y-poggi.png",640,434,false],"1536x1536":["https:\/\/apuntesdesanluis.com\/wp-content\/uploads\/2024\/12\/valeria-lange-y-poggi.png",869,589,false],"2048x2048":["https:\/\/apuntesdesanluis.com\/wp-content\/uploads\/2024\/12\/valeria-lange-y-poggi.png",869,589,false],"newsever-slider-full":["https:\/\/apuntesdesanluis.com\/wp-content\/uploads\/2024\/12\/valeria-lange-y-poggi.png",869,589,false],"newsever-featured":["https:\/\/apuntesdesanluis.com\/wp-content\/uploads\/2024\/12\/valeria-lange-y-poggi.png",869,589,false],"newsever-medium":["https:\/\/apuntesdesanluis.com\/wp-content\/uploads\/2024\/12\/valeria-lange-y-poggi-720x475.png",720,475,true]},"author_info":{"display_name":"apuntesdesanluis.com","author_link":"https:\/\/apuntesdesanluis.com\/index.php\/author\/apuntesdesanluis-com\/"},"category_info":"<a href=\"https:\/\/apuntesdesanluis.com\/index.php\/category\/opinion\/\" rel=\"category tag\">Opini\u00f3n<\/a>","tag_info":"Opini\u00f3n","comment_count":"0","_links":{"self":[{"href":"https:\/\/apuntesdesanluis.com\/index.php\/wp-json\/wp\/v2\/posts\/27090","targetHints":{"allow":["GET"]}}],"collection":[{"href":"https:\/\/apuntesdesanluis.com\/index.php\/wp-json\/wp\/v2\/posts"}],"about":[{"href":"https:\/\/apuntesdesanluis.com\/index.php\/wp-json\/wp\/v2\/types\/post"}],"author":[{"embeddable":true,"href":"https:\/\/apuntesdesanluis.com\/index.php\/wp-json\/wp\/v2\/users\/1"}],"replies":[{"embeddable":true,"href":"https:\/\/apuntesdesanluis.com\/index.php\/wp-json\/wp\/v2\/comments?post=27090"}],"version-history":[{"count":2,"href":"https:\/\/apuntesdesanluis.com\/index.php\/wp-json\/wp\/v2\/posts\/27090\/revisions"}],"predecessor-version":[{"id":27094,"href":"https:\/\/apuntesdesanluis.com\/index.php\/wp-json\/wp\/v2\/posts\/27090\/revisions\/27094"}],"wp:featuredmedia":[{"embeddable":true,"href":"https:\/\/apuntesdesanluis.com\/index.php\/wp-json\/wp\/v2\/media\/27092"}],"wp:attachment":[{"href":"https:\/\/apuntesdesanluis.com\/index.php\/wp-json\/wp\/v2\/media?parent=27090"}],"wp:term":[{"taxonomy":"category","embeddable":true,"href":"https:\/\/apuntesdesanluis.com\/index.php\/wp-json\/wp\/v2\/categories?post=27090"},{"taxonomy":"post_tag","embeddable":true,"href":"https:\/\/apuntesdesanluis.com\/index.php\/wp-json\/wp\/v2\/tags?post=27090"}],"curies":[{"name":"wp","href":"https:\/\/api.w.org\/{rel}","templated":true}]}}