{"id":27119,"date":"2024-12-23T21:33:06","date_gmt":"2024-12-24T00:33:06","guid":{"rendered":"https:\/\/apuntesdesanluis.com\/?p=27119"},"modified":"2024-12-23T21:35:47","modified_gmt":"2024-12-24T00:35:47","slug":"asumieron-los-nuevos-ministros-de-gobierno-y-de-turismo-y-cultura","status":"publish","type":"post","link":"https:\/\/apuntesdesanluis.com\/index.php\/2024\/12\/23\/asumieron-los-nuevos-ministros-de-gobierno-y-de-turismo-y-cultura\/","title":{"rendered":"ASUMIERON LOS NUEVOS MINISTROS DE GOBIERNO Y DE TURISMO Y CULTURA"},"content":{"rendered":"<h3>Ante un Sal\u00f3n Blanco repleto de familiares, funcionarios y vecinos, el gobernador <strong>Claudio Poggi<\/strong> les tom\u00f3 el juramento a los nuevos ministros de Gobierno, <strong>Gonzalo Amondarain<\/strong>; y Turismo y Cultura, <strong>Juan \u00c1lvarez Pinto<\/strong>. El primero era director de Asuntos Municipales, una oficina que asumi\u00f3 durante el acto <strong>Valeria Lange<\/strong>. Por su lado \u00c1lvarez Pinto, pidi\u00f3 licencia en su cargo de intendente de la Villa de Merlo.<\/h3>\n<p><iframe title=\"Asumieron los nuevos ministros de Gobierno y de Turismo y Cultura\" width=\"640\" height=\"360\" src=\"https:\/\/www.youtube.com\/embed\/qr8DIays3ZA?feature=oembed\" frameborder=\"0\" allow=\"accelerometer; autoplay; clipboard-write; encrypted-media; gyroscope; picture-in-picture; web-share\" referrerpolicy=\"strict-origin-when-cross-origin\" allowfullscreen><\/iframe><\/p>\n<h3>La primera a la que nombr\u00f3 el Gobernador para firmar su cargo fue a Lange, quien pasa a tomar el lugar del nuevo ministro de Gobierno. Asegur\u00f3 que continuar\u00e1 trabajando con los municipios para \u201cfortalecer lazos de Gobierno y unificar esfuerzos\u201d.<\/h3>\n<h3>\u201cQue el Gobierno acompa\u00f1e a los intendentes y que los ayude en diferentes tipos de problem\u00e1ticas que puedan tener va a ayudar a la provincia a salir todos juntos. Creo que es un a\u00f1o justamente para fortalecer los lazos de los municipios con la provincia. Con el Ministro estuvimos trabajando en conjunto varios meses a trav\u00e9s de \u2018Construyendo con tu Pueblo\u2019 de manera coordinada, con respeto, as\u00ed que creo que vamos a trabajar de una manera excelente porque somos compa\u00f1eros y vamos a seguir fortaleciendo el Ministerio y a Asuntos Municipales\u201d, asegur\u00f3 la nueva directora.<\/h3>\n<p><iframe title=\"Valeria Lange, directora de Asuntos Municipales\" width=\"640\" height=\"360\" src=\"https:\/\/www.youtube.com\/embed\/dmGWyW4DY00?feature=oembed\" frameborder=\"0\" allow=\"accelerometer; autoplay; clipboard-write; encrypted-media; gyroscope; picture-in-picture; web-share\" referrerpolicy=\"strict-origin-when-cross-origin\" allowfullscreen><\/iframe><\/p>\n<h3>Luego, \u00c1lvarez Pinto jur\u00f3 su cargo frente al Gobernador para tomar el mando del ministerio de Turismo y Cultura del Gobierno de San Luis. Destac\u00f3 la importancia de \u201cun sector privado que invierta\u201d, del gran patrimonio cultural, que \u201cdebemos cuidar y fomentar\u201d, y del trabajo en conjunto para cada vez ser \u201cm\u00e1s fuerte institucionalmente, tengamos m\u00e1s familias felices, en mejores condiciones, haya m\u00e1s trabajo y estemos m\u00e1s seguros\u201d.<\/h3>\n<h3><img fetchpriority=\"high\" decoding=\"async\" class=\"wp-image-27120 aligncenter\" src=\"https:\/\/apuntesdesanluis.com\/wp-content\/uploads\/2024\/12\/alvarez-300x213.png\" alt=\"\" width=\"632\" height=\"449\" srcset=\"https:\/\/apuntesdesanluis.com\/wp-content\/uploads\/2024\/12\/alvarez-300x213.png 300w, https:\/\/apuntesdesanluis.com\/wp-content\/uploads\/2024\/12\/alvarez.png 632w\" sizes=\"(max-width: 632px) 100vw, 632px\" \/><\/h3>\n<h3>Por \u00faltimo, Amondarain asumi\u00f3 como titular de la cartera de Gobierno y asegur\u00f3 que continuar\u00e1 \u201ctrabajando para recuperar y revalorizar la institucionalidad de cada rinc\u00f3n de la provincia\u201d.<\/h3>\n<h3>\u201cVamos a recuperar y revalorizar esos lazos, adem\u00e1s de los intendentes, con las entidades no gubernamentales, con los sindicatos, con los gremios, con las asociaciones, con los colegios de profesionales. Es una tarea ardua y, adem\u00e1s, como dijo el se\u00f1or Gobernador, vamos a tratar de facilitarle la vida a la gente\u201d, dijo.<\/h3>\n<h3><img decoding=\"async\" class=\"wp-image-27121 aligncenter\" src=\"https:\/\/apuntesdesanluis.com\/wp-content\/uploads\/2024\/12\/gonzalo-300x208.png\" alt=\"\" width=\"630\" height=\"437\" srcset=\"https:\/\/apuntesdesanluis.com\/wp-content\/uploads\/2024\/12\/gonzalo-300x208.png 300w, https:\/\/apuntesdesanluis.com\/wp-content\/uploads\/2024\/12\/gonzalo.png 593w\" sizes=\"(max-width: 630px) 100vw, 630px\" \/><\/h3>\n<h3><\/h3>\n<p>&nbsp;<\/p>\n<p>&nbsp;<\/p>\n<p>&nbsp;<\/p>\n<p>&nbsp;<\/p>\n<p>&nbsp;<\/p>\n","protected":false},"excerpt":{"rendered":"<p>Ante un Sal\u00f3n Blanco repleto de familiares, funcionarios y vecinos, el gobernador Claudio Poggi les&#8230;<\/p>\n","protected":false},"author":1,"featured_media":27123,"comment_status":"closed","ping_status":"closed","sticky":false,"template":"","format":"standard","meta":{"footnotes":""},"categories":[6],"tags":[],"class_list":["post-27119","post","type-post","status-publish","format-standard","has-post-thumbnail","hentry","category-ciudad-provincia"],"yoast_head":"<!-- This site is optimized with the Yoast SEO plugin v26.1.1 - https:\/\/yoast.com\/wordpress\/plugins\/seo\/ -->\n<title>ASUMIERON LOS NUEVOS MINISTROS DE GOBIERNO Y DE TURISMO Y CULTURA - Apuntes de San Luis<\/title>\n<meta name=\"robots\" content=\"index, follow, max-snippet:-1, max-image-preview:large, max-video-preview:-1\" \/>\n<link rel=\"canonical\" href=\"https:\/\/apuntesdesanluis.com\/index.php\/2024\/12\/23\/asumieron-los-nuevos-ministros-de-gobierno-y-de-turismo-y-cultura\/\" \/>\n<meta property=\"og:locale\" content=\"es_ES\" \/>\n<meta property=\"og:type\" content=\"article\" \/>\n<meta property=\"og:title\" content=\"ASUMIERON LOS NUEVOS MINISTROS DE GOBIERNO Y DE TURISMO Y CULTURA - Apuntes de San Luis\" \/>\n<meta property=\"og:description\" content=\"Ante un Sal\u00f3n Blanco repleto de familiares, funcionarios y vecinos, el gobernador Claudio Poggi les...\" \/>\n<meta property=\"og:url\" content=\"https:\/\/apuntesdesanluis.com\/index.php\/2024\/12\/23\/asumieron-los-nuevos-ministros-de-gobierno-y-de-turismo-y-cultura\/\" \/>\n<meta property=\"og:site_name\" content=\"Apuntes de San Luis\" \/>\n<meta property=\"article:published_time\" content=\"2024-12-24T00:33:06+00:00\" \/>\n<meta property=\"article:modified_time\" content=\"2024-12-24T00:35:47+00:00\" \/>\n<meta property=\"og:image\" content=\"https:\/\/apuntesdesanluis.com\/wp-content\/uploads\/2024\/12\/poggi-7.png\" \/>\n\t<meta property=\"og:image:width\" content=\"645\" \/>\n\t<meta property=\"og:image:height\" content=\"396\" \/>\n\t<meta property=\"og:image:type\" content=\"image\/png\" \/>\n<meta name=\"author\" content=\"apuntesdesanluis.com\" \/>\n<meta name=\"twitter:card\" content=\"summary_large_image\" \/>\n<meta name=\"twitter:label1\" content=\"Escrito por\" \/>\n\t<meta name=\"twitter:data1\" content=\"apuntesdesanluis.com\" \/>\n\t<meta name=\"twitter:label2\" content=\"Tiempo de lectura\" \/>\n\t<meta name=\"twitter:data2\" content=\"3 minutos\" \/>\n<script type=\"application\/ld+json\" class=\"yoast-schema-graph\">{\"@context\":\"https:\/\/schema.org\",\"@graph\":[{\"@type\":\"Article\",\"@id\":\"https:\/\/apuntesdesanluis.com\/index.php\/2024\/12\/23\/asumieron-los-nuevos-ministros-de-gobierno-y-de-turismo-y-cultura\/#article\",\"isPartOf\":{\"@id\":\"https:\/\/apuntesdesanluis.com\/index.php\/2024\/12\/23\/asumieron-los-nuevos-ministros-de-gobierno-y-de-turismo-y-cultura\/\"},\"author\":{\"name\":\"apuntesdesanluis.com\",\"@id\":\"https:\/\/apuntesdesanluis.com\/#\/schema\/person\/b55151d52296fcce64d1a72538a70b90\"},\"headline\":\"ASUMIERON LOS NUEVOS MINISTROS DE GOBIERNO Y DE TURISMO Y CULTURA\",\"datePublished\":\"2024-12-24T00:33:06+00:00\",\"dateModified\":\"2024-12-24T00:35:47+00:00\",\"mainEntityOfPage\":{\"@id\":\"https:\/\/apuntesdesanluis.com\/index.php\/2024\/12\/23\/asumieron-los-nuevos-ministros-de-gobierno-y-de-turismo-y-cultura\/\"},\"wordCount\":395,\"publisher\":{\"@id\":\"https:\/\/apuntesdesanluis.com\/#\/schema\/person\/b55151d52296fcce64d1a72538a70b90\"},\"image\":{\"@id\":\"https:\/\/apuntesdesanluis.com\/index.php\/2024\/12\/23\/asumieron-los-nuevos-ministros-de-gobierno-y-de-turismo-y-cultura\/#primaryimage\"},\"thumbnailUrl\":\"https:\/\/apuntesdesanluis.com\/wp-content\/uploads\/2024\/12\/poggi-7.png\",\"articleSection\":[\"Ciudad\/Provincia\"],\"inLanguage\":\"es-AR\"},{\"@type\":\"WebPage\",\"@id\":\"https:\/\/apuntesdesanluis.com\/index.php\/2024\/12\/23\/asumieron-los-nuevos-ministros-de-gobierno-y-de-turismo-y-cultura\/\",\"url\":\"https:\/\/apuntesdesanluis.com\/index.php\/2024\/12\/23\/asumieron-los-nuevos-ministros-de-gobierno-y-de-turismo-y-cultura\/\",\"name\":\"ASUMIERON LOS NUEVOS MINISTROS DE GOBIERNO Y DE TURISMO Y CULTURA - Apuntes de San Luis\",\"isPartOf\":{\"@id\":\"https:\/\/apuntesdesanluis.com\/#website\"},\"primaryImageOfPage\":{\"@id\":\"https:\/\/apuntesdesanluis.com\/index.php\/2024\/12\/23\/asumieron-los-nuevos-ministros-de-gobierno-y-de-turismo-y-cultura\/#primaryimage\"},\"image\":{\"@id\":\"https:\/\/apuntesdesanluis.com\/index.php\/2024\/12\/23\/asumieron-los-nuevos-ministros-de-gobierno-y-de-turismo-y-cultura\/#primaryimage\"},\"thumbnailUrl\":\"https:\/\/apuntesdesanluis.com\/wp-content\/uploads\/2024\/12\/poggi-7.png\",\"datePublished\":\"2024-12-24T00:33:06+00:00\",\"dateModified\":\"2024-12-24T00:35:47+00:00\",\"breadcrumb\":{\"@id\":\"https:\/\/apuntesdesanluis.com\/index.php\/2024\/12\/23\/asumieron-los-nuevos-ministros-de-gobierno-y-de-turismo-y-cultura\/#breadcrumb\"},\"inLanguage\":\"es-AR\",\"potentialAction\":[{\"@type\":\"ReadAction\",\"target\":[\"https:\/\/apuntesdesanluis.com\/index.php\/2024\/12\/23\/asumieron-los-nuevos-ministros-de-gobierno-y-de-turismo-y-cultura\/\"]}]},{\"@type\":\"ImageObject\",\"inLanguage\":\"es-AR\",\"@id\":\"https:\/\/apuntesdesanluis.com\/index.php\/2024\/12\/23\/asumieron-los-nuevos-ministros-de-gobierno-y-de-turismo-y-cultura\/#primaryimage\",\"url\":\"https:\/\/apuntesdesanluis.com\/wp-content\/uploads\/2024\/12\/poggi-7.png\",\"contentUrl\":\"https:\/\/apuntesdesanluis.com\/wp-content\/uploads\/2024\/12\/poggi-7.png\",\"width\":645,\"height\":396},{\"@type\":\"BreadcrumbList\",\"@id\":\"https:\/\/apuntesdesanluis.com\/index.php\/2024\/12\/23\/asumieron-los-nuevos-ministros-de-gobierno-y-de-turismo-y-cultura\/#breadcrumb\",\"itemListElement\":[{\"@type\":\"ListItem\",\"position\":1,\"name\":\"Inicio\",\"item\":\"https:\/\/apuntesdesanluis.com\/\"},{\"@type\":\"ListItem\",\"position\":2,\"name\":\"ASUMIERON LOS NUEVOS MINISTROS DE GOBIERNO Y DE TURISMO Y CULTURA\"}]},{\"@type\":\"WebSite\",\"@id\":\"https:\/\/apuntesdesanluis.com\/#website\",\"url\":\"https:\/\/apuntesdesanluis.com\/\",\"name\":\"Apuntes de San Luis\",\"description\":\"\",\"publisher\":{\"@id\":\"https:\/\/apuntesdesanluis.com\/#\/schema\/person\/b55151d52296fcce64d1a72538a70b90\"},\"potentialAction\":[{\"@type\":\"SearchAction\",\"target\":{\"@type\":\"EntryPoint\",\"urlTemplate\":\"https:\/\/apuntesdesanluis.com\/?s={search_term_string}\"},\"query-input\":{\"@type\":\"PropertyValueSpecification\",\"valueRequired\":true,\"valueName\":\"search_term_string\"}}],\"inLanguage\":\"es-AR\"},{\"@type\":[\"Person\",\"Organization\"],\"@id\":\"https:\/\/apuntesdesanluis.com\/#\/schema\/person\/b55151d52296fcce64d1a72538a70b90\",\"name\":\"apuntesdesanluis.com\",\"image\":{\"@type\":\"ImageObject\",\"inLanguage\":\"es-AR\",\"@id\":\"https:\/\/apuntesdesanluis.com\/#\/schema\/person\/image\/\",\"url\":\"https:\/\/apuntesdesanluis.com\/wp-content\/uploads\/2023\/07\/cropped-apuntesdesanluis.png\",\"contentUrl\":\"https:\/\/apuntesdesanluis.com\/wp-content\/uploads\/2023\/07\/cropped-apuntesdesanluis.png\",\"width\":450,\"height\":112,\"caption\":\"apuntesdesanluis.com\"},\"logo\":{\"@id\":\"https:\/\/apuntesdesanluis.com\/#\/schema\/person\/image\/\"},\"sameAs\":[\"https:\/\/apuntesdesanluis.com\"],\"url\":\"https:\/\/apuntesdesanluis.com\/index.php\/author\/apuntesdesanluis-com\/\"}]}<\/script>\n<!-- \/ Yoast SEO plugin. -->","yoast_head_json":{"title":"ASUMIERON LOS NUEVOS MINISTROS DE GOBIERNO Y DE TURISMO Y CULTURA - Apuntes de San Luis","robots":{"index":"index","follow":"follow","max-snippet":"max-snippet:-1","max-image-preview":"max-image-preview:large","max-video-preview":"max-video-preview:-1"},"canonical":"https:\/\/apuntesdesanluis.com\/index.php\/2024\/12\/23\/asumieron-los-nuevos-ministros-de-gobierno-y-de-turismo-y-cultura\/","og_locale":"es_ES","og_type":"article","og_title":"ASUMIERON LOS NUEVOS MINISTROS DE GOBIERNO Y DE TURISMO Y CULTURA - Apuntes de San Luis","og_description":"Ante un Sal\u00f3n Blanco repleto de familiares, funcionarios y vecinos, el gobernador Claudio Poggi les...","og_url":"https:\/\/apuntesdesanluis.com\/index.php\/2024\/12\/23\/asumieron-los-nuevos-ministros-de-gobierno-y-de-turismo-y-cultura\/","og_site_name":"Apuntes de San Luis","article_published_time":"2024-12-24T00:33:06+00:00","article_modified_time":"2024-12-24T00:35:47+00:00","og_image":[{"width":645,"height":396,"url":"https:\/\/apuntesdesanluis.com\/wp-content\/uploads\/2024\/12\/poggi-7.png","type":"image\/png"}],"author":"apuntesdesanluis.com","twitter_card":"summary_large_image","twitter_misc":{"Escrito por":"apuntesdesanluis.com","Tiempo de lectura":"3 minutos"},"schema":{"@context":"https:\/\/schema.org","@graph":[{"@type":"Article","@id":"https:\/\/apuntesdesanluis.com\/index.php\/2024\/12\/23\/asumieron-los-nuevos-ministros-de-gobierno-y-de-turismo-y-cultura\/#article","isPartOf":{"@id":"https:\/\/apuntesdesanluis.com\/index.php\/2024\/12\/23\/asumieron-los-nuevos-ministros-de-gobierno-y-de-turismo-y-cultura\/"},"author":{"name":"apuntesdesanluis.com","@id":"https:\/\/apuntesdesanluis.com\/#\/schema\/person\/b55151d52296fcce64d1a72538a70b90"},"headline":"ASUMIERON LOS NUEVOS MINISTROS DE GOBIERNO Y DE TURISMO Y CULTURA","datePublished":"2024-12-24T00:33:06+00:00","dateModified":"2024-12-24T00:35:47+00:00","mainEntityOfPage":{"@id":"https:\/\/apuntesdesanluis.com\/index.php\/2024\/12\/23\/asumieron-los-nuevos-ministros-de-gobierno-y-de-turismo-y-cultura\/"},"wordCount":395,"publisher":{"@id":"https:\/\/apuntesdesanluis.com\/#\/schema\/person\/b55151d52296fcce64d1a72538a70b90"},"image":{"@id":"https:\/\/apuntesdesanluis.com\/index.php\/2024\/12\/23\/asumieron-los-nuevos-ministros-de-gobierno-y-de-turismo-y-cultura\/#primaryimage"},"thumbnailUrl":"https:\/\/apuntesdesanluis.com\/wp-content\/uploads\/2024\/12\/poggi-7.png","articleSection":["Ciudad\/Provincia"],"inLanguage":"es-AR"},{"@type":"WebPage","@id":"https:\/\/apuntesdesanluis.com\/index.php\/2024\/12\/23\/asumieron-los-nuevos-ministros-de-gobierno-y-de-turismo-y-cultura\/","url":"https:\/\/apuntesdesanluis.com\/index.php\/2024\/12\/23\/asumieron-los-nuevos-ministros-de-gobierno-y-de-turismo-y-cultura\/","name":"ASUMIERON LOS NUEVOS MINISTROS DE GOBIERNO Y DE TURISMO Y CULTURA - Apuntes de San Luis","isPartOf":{"@id":"https:\/\/apuntesdesanluis.com\/#website"},"primaryImageOfPage":{"@id":"https:\/\/apuntesdesanluis.com\/index.php\/2024\/12\/23\/asumieron-los-nuevos-ministros-de-gobierno-y-de-turismo-y-cultura\/#primaryimage"},"image":{"@id":"https:\/\/apuntesdesanluis.com\/index.php\/2024\/12\/23\/asumieron-los-nuevos-ministros-de-gobierno-y-de-turismo-y-cultura\/#primaryimage"},"thumbnailUrl":"https:\/\/apuntesdesanluis.com\/wp-content\/uploads\/2024\/12\/poggi-7.png","datePublished":"2024-12-24T00:33:06+00:00","dateModified":"2024-12-24T00:35:47+00:00","breadcrumb":{"@id":"https:\/\/apuntesdesanluis.com\/index.php\/2024\/12\/23\/asumieron-los-nuevos-ministros-de-gobierno-y-de-turismo-y-cultura\/#breadcrumb"},"inLanguage":"es-AR","potentialAction":[{"@type":"ReadAction","target":["https:\/\/apuntesdesanluis.com\/index.php\/2024\/12\/23\/asumieron-los-nuevos-ministros-de-gobierno-y-de-turismo-y-cultura\/"]}]},{"@type":"ImageObject","inLanguage":"es-AR","@id":"https:\/\/apuntesdesanluis.com\/index.php\/2024\/12\/23\/asumieron-los-nuevos-ministros-de-gobierno-y-de-turismo-y-cultura\/#primaryimage","url":"https:\/\/apuntesdesanluis.com\/wp-content\/uploads\/2024\/12\/poggi-7.png","contentUrl":"https:\/\/apuntesdesanluis.com\/wp-content\/uploads\/2024\/12\/poggi-7.png","width":645,"height":396},{"@type":"BreadcrumbList","@id":"https:\/\/apuntesdesanluis.com\/index.php\/2024\/12\/23\/asumieron-los-nuevos-ministros-de-gobierno-y-de-turismo-y-cultura\/#breadcrumb","itemListElement":[{"@type":"ListItem","position":1,"name":"Inicio","item":"https:\/\/apuntesdesanluis.com\/"},{"@type":"ListItem","position":2,"name":"ASUMIERON LOS NUEVOS MINISTROS DE GOBIERNO Y DE TURISMO Y CULTURA"}]},{"@type":"WebSite","@id":"https:\/\/apuntesdesanluis.com\/#website","url":"https:\/\/apuntesdesanluis.com\/","name":"Apuntes de San Luis","description":"","publisher":{"@id":"https:\/\/apuntesdesanluis.com\/#\/schema\/person\/b55151d52296fcce64d1a72538a70b90"},"potentialAction":[{"@type":"SearchAction","target":{"@type":"EntryPoint","urlTemplate":"https:\/\/apuntesdesanluis.com\/?s={search_term_string}"},"query-input":{"@type":"PropertyValueSpecification","valueRequired":true,"valueName":"search_term_string"}}],"inLanguage":"es-AR"},{"@type":["Person","Organization"],"@id":"https:\/\/apuntesdesanluis.com\/#\/schema\/person\/b55151d52296fcce64d1a72538a70b90","name":"apuntesdesanluis.com","image":{"@type":"ImageObject","inLanguage":"es-AR","@id":"https:\/\/apuntesdesanluis.com\/#\/schema\/person\/image\/","url":"https:\/\/apuntesdesanluis.com\/wp-content\/uploads\/2023\/07\/cropped-apuntesdesanluis.png","contentUrl":"https:\/\/apuntesdesanluis.com\/wp-content\/uploads\/2023\/07\/cropped-apuntesdesanluis.png","width":450,"height":112,"caption":"apuntesdesanluis.com"},"logo":{"@id":"https:\/\/apuntesdesanluis.com\/#\/schema\/person\/image\/"},"sameAs":["https:\/\/apuntesdesanluis.com"],"url":"https:\/\/apuntesdesanluis.com\/index.php\/author\/apuntesdesanluis-com\/"}]}},"featured_image_urls":{"full":["https:\/\/apuntesdesanluis.com\/wp-content\/uploads\/2024\/12\/poggi-7.png",645,396,false],"thumbnail":["https:\/\/apuntesdesanluis.com\/wp-content\/uploads\/2024\/12\/poggi-7-150x150.png",150,150,true],"medium":["https:\/\/apuntesdesanluis.com\/wp-content\/uploads\/2024\/12\/poggi-7-300x184.png",300,184,true],"medium_large":["https:\/\/apuntesdesanluis.com\/wp-content\/uploads\/2024\/12\/poggi-7.png",640,393,false],"large":["https:\/\/apuntesdesanluis.com\/wp-content\/uploads\/2024\/12\/poggi-7.png",640,393,false],"1536x1536":["https:\/\/apuntesdesanluis.com\/wp-content\/uploads\/2024\/12\/poggi-7.png",645,396,false],"2048x2048":["https:\/\/apuntesdesanluis.com\/wp-content\/uploads\/2024\/12\/poggi-7.png",645,396,false],"newsever-slider-full":["https:\/\/apuntesdesanluis.com\/wp-content\/uploads\/2024\/12\/poggi-7.png",645,396,false],"newsever-featured":["https:\/\/apuntesdesanluis.com\/wp-content\/uploads\/2024\/12\/poggi-7.png",645,396,false],"newsever-medium":["https:\/\/apuntesdesanluis.com\/wp-content\/uploads\/2024\/12\/poggi-7.png",645,396,false]},"author_info":{"display_name":"apuntesdesanluis.com","author_link":"https:\/\/apuntesdesanluis.com\/index.php\/author\/apuntesdesanluis-com\/"},"category_info":"<a href=\"https:\/\/apuntesdesanluis.com\/index.php\/category\/ciudad-provincia\/\" rel=\"category tag\">Ciudad\/Provincia<\/a>","tag_info":"Ciudad\/Provincia","comment_count":"0","_links":{"self":[{"href":"https:\/\/apuntesdesanluis.com\/index.php\/wp-json\/wp\/v2\/posts\/27119","targetHints":{"allow":["GET"]}}],"collection":[{"href":"https:\/\/apuntesdesanluis.com\/index.php\/wp-json\/wp\/v2\/posts"}],"about":[{"href":"https:\/\/apuntesdesanluis.com\/index.php\/wp-json\/wp\/v2\/types\/post"}],"author":[{"embeddable":true,"href":"https:\/\/apuntesdesanluis.com\/index.php\/wp-json\/wp\/v2\/users\/1"}],"replies":[{"embeddable":true,"href":"https:\/\/apuntesdesanluis.com\/index.php\/wp-json\/wp\/v2\/comments?post=27119"}],"version-history":[{"count":2,"href":"https:\/\/apuntesdesanluis.com\/index.php\/wp-json\/wp\/v2\/posts\/27119\/revisions"}],"predecessor-version":[{"id":27124,"href":"https:\/\/apuntesdesanluis.com\/index.php\/wp-json\/wp\/v2\/posts\/27119\/revisions\/27124"}],"wp:featuredmedia":[{"embeddable":true,"href":"https:\/\/apuntesdesanluis.com\/index.php\/wp-json\/wp\/v2\/media\/27123"}],"wp:attachment":[{"href":"https:\/\/apuntesdesanluis.com\/index.php\/wp-json\/wp\/v2\/media?parent=27119"}],"wp:term":[{"taxonomy":"category","embeddable":true,"href":"https:\/\/apuntesdesanluis.com\/index.php\/wp-json\/wp\/v2\/categories?post=27119"},{"taxonomy":"post_tag","embeddable":true,"href":"https:\/\/apuntesdesanluis.com\/index.php\/wp-json\/wp\/v2\/tags?post=27119"}],"curies":[{"name":"wp","href":"https:\/\/api.w.org\/{rel}","templated":true}]}}