{"id":27125,"date":"2024-12-23T21:44:57","date_gmt":"2024-12-24T00:44:57","guid":{"rendered":"https:\/\/apuntesdesanluis.com\/?p=27125"},"modified":"2024-12-23T21:45:21","modified_gmt":"2024-12-24T00:45:21","slug":"los-nuevos-ministros-agregan-una-impronta-federal-al-gabinete","status":"publish","type":"post","link":"https:\/\/apuntesdesanluis.com\/index.php\/2024\/12\/23\/los-nuevos-ministros-agregan-una-impronta-federal-al-gabinete\/","title":{"rendered":"\u201cLOS NUEVOS MINISTROS AGREGAN UNA IMPRONTA FEDERAL AL GABINETE\u201d"},"content":{"rendered":"<h3>El Gobernador <strong>Claudio Poggi<\/strong>, luego de la jura, present\u00f3 a Gonzalo Amondarain, que se hizo cargo de la cartera de Gobierno; y a Juan Jos\u00e9 \u00c1lvarez Pinto, quien estar\u00e1 al frente de Turismo. \u201cUno del sur y otro del norte, van a aportar una mirada regional a cada decisi\u00f3n\u201d, explic\u00f3.<\/h3>\n<h3>Despu\u00e9s de los sentidos discursos de los nuevos ministros, Poggi tom\u00f3 la palabra y, en un ambiente distendido, reconoci\u00f3 que \u201cme han hecho emocionar estos ministros\u2026\u201d, lo que arranc\u00f3 con los aplausos de un Sal\u00f3n Blanco repleto.<\/h3>\n<h3>El Gobernador primero le dedic\u00f3 un enorme agradecimiento al saliente ministro de Gobierno, <strong>Facundo Endeiza<\/strong>: \u201cCon tu paciencia contuviste muchas cosas\u201d, fue el elogio, para luego recordar que fue uno de los pioneros en la conformaci\u00f3n del partido Avanzar, tras haber competido en las elecciones de 2011 en una lista distinta a la de Poggi. \u201cDespu\u00e9s de 2015, con nueve audaces m\u00e1s, comenzamos a trabajar codo a codo para construir esta alternativa\u201d, lo volvi\u00f3 a reconocer.<\/h3>\n<h3>Sobre <strong>Valeria Lange<\/strong>, quien asumi\u00f3 como directora de Asuntos Municipales, cont\u00f3 que era una arquitecta muy comprometida con la gesti\u00f3n y una dirigente pol\u00edtica de Villa Mercedes \u201cque asume un rol en el cual Gonzalo (por Amondarain) dej\u00f3 la vara muy alta, porque arm\u00f3 un v\u00ednculo respetuoso, de mucho di\u00e1logo con las intendencias, con los comisionados municipales\u201d.<\/h3>\n<h3>Se mostr\u00f3 seguro de que \u201clo va a hacer muy bien porque ya ven\u00eda trabajando con los municipios a trav\u00e9s del programa \u2018Construyendo con tu Pueblo\u2019, yo le deseo todo el \u00e9xito del mundo\u201d.<\/h3>\n<p><iframe title=\"Claudio Poggi: \u201cLos nuevos ministros agregan una impronta federal al gabinete\u201d\" width=\"640\" height=\"360\" src=\"https:\/\/www.youtube.com\/embed\/kbn-gTyCJQg?feature=oembed\" frameborder=\"0\" allow=\"accelerometer; autoplay; clipboard-write; encrypted-media; gyroscope; picture-in-picture; web-share\" referrerpolicy=\"strict-origin-when-cross-origin\" allowfullscreen><\/iframe><\/p>\n<h3>A la hora de hablar sobre Amondarain y Juan Jos\u00e9 \u00c1lvarez Pinto, los reconoci\u00f3 como \u201cdos j\u00f3venes dirigentes con mucha experiencia, uno del sur (el flamante ministro de Gobierno es de Buena Esperanza) y otro del norte (\u00c1lvarez Pinto pidi\u00f3 licencia en la intendencia de la Villa de Merlo). Eso le da una importa federal a nuestro gabinete, nos enriquece porque uno a veces se olvida de los que est\u00e1n m\u00e1s lejos. Uno trata de estar siempre cerca, pero a veces hay decisiones que tomamos con una mirada provincial y ellos tienen una mirada regional, por eso van a enriquecer al gobierno\u201d.<\/h3>\n<h3>A Amondarain le pidi\u00f3 \u201cseguir fortaleciendo la seguridad jur\u00eddica de nuestros registros, el Civil, Personas Jur\u00eddicas, el Registro P\u00fablico de Comercio, el de la Propiedad Inmueble. Y cada vez ir incorporando m\u00e1s innovaci\u00f3n, m\u00e1s tecnolog\u00eda al servicio de los ciudadanos, al tiempo de seguir fortaleciendo el v\u00ednculo con los intendentes\u201d.<\/h3>\n<h3>En cuanto a \u00c1lvarez Pinto, lo convoc\u00f3 a \u201cvolcar tus conocimientos como intendente, porque te hemos pedido prestado a los vecinos de Merlo. San Luis necesita generar puestos de trabajo, queremos que el turismo llegue a cada rinc\u00f3n de la provincia. El turismo, y la cultura asociada al turismo, son actividades econ\u00f3micas que generan muchos puestos de trabajo, porque son todos servicios. Y San Luis necesita generar puestos de trabajo. Y cada rinc\u00f3n de la provincia tiene su atractivo cultural, hist\u00f3rico, tur\u00edstico\u201d.<\/h3>\n<p>&nbsp;<\/p>\n<p>&nbsp;<\/p>\n<p>&nbsp;<\/p>\n<p>&nbsp;<\/p>\n<p>&nbsp;<\/p>\n<p>&nbsp;<\/p>\n","protected":false},"excerpt":{"rendered":"<p>El Gobernador Claudio Poggi, luego de la jura, present\u00f3 a Gonzalo Amondarain, que se hizo&#8230;<\/p>\n","protected":false},"author":1,"featured_media":27126,"comment_status":"closed","ping_status":"closed","sticky":false,"template":"","format":"standard","meta":{"footnotes":""},"categories":[6],"tags":[],"class_list":["post-27125","post","type-post","status-publish","format-standard","has-post-thumbnail","hentry","category-ciudad-provincia"],"yoast_head":"<!-- This site is optimized with the Yoast SEO plugin v26.1.1 - https:\/\/yoast.com\/wordpress\/plugins\/seo\/ -->\n<title>\u201cLOS NUEVOS MINISTROS AGREGAN UNA IMPRONTA FEDERAL AL GABINETE\u201d - Apuntes de San Luis<\/title>\n<meta name=\"robots\" content=\"index, follow, max-snippet:-1, max-image-preview:large, max-video-preview:-1\" \/>\n<link rel=\"canonical\" href=\"https:\/\/apuntesdesanluis.com\/index.php\/2024\/12\/23\/los-nuevos-ministros-agregan-una-impronta-federal-al-gabinete\/\" \/>\n<meta property=\"og:locale\" content=\"es_ES\" \/>\n<meta property=\"og:type\" content=\"article\" \/>\n<meta property=\"og:title\" content=\"\u201cLOS NUEVOS MINISTROS AGREGAN UNA IMPRONTA FEDERAL AL GABINETE\u201d - Apuntes de San Luis\" \/>\n<meta property=\"og:description\" content=\"El Gobernador Claudio Poggi, luego de la jura, present\u00f3 a Gonzalo Amondarain, que se hizo...\" \/>\n<meta property=\"og:url\" content=\"https:\/\/apuntesdesanluis.com\/index.php\/2024\/12\/23\/los-nuevos-ministros-agregan-una-impronta-federal-al-gabinete\/\" \/>\n<meta property=\"og:site_name\" content=\"Apuntes de San Luis\" \/>\n<meta property=\"article:published_time\" content=\"2024-12-24T00:44:57+00:00\" \/>\n<meta property=\"article:modified_time\" content=\"2024-12-24T00:45:21+00:00\" \/>\n<meta property=\"og:image\" content=\"https:\/\/apuntesdesanluis.com\/wp-content\/uploads\/2024\/12\/poggi-8.png\" \/>\n\t<meta property=\"og:image:width\" content=\"700\" \/>\n\t<meta property=\"og:image:height\" content=\"404\" \/>\n\t<meta property=\"og:image:type\" content=\"image\/png\" \/>\n<meta name=\"author\" content=\"apuntesdesanluis.com\" \/>\n<meta name=\"twitter:card\" content=\"summary_large_image\" \/>\n<meta name=\"twitter:label1\" content=\"Escrito por\" \/>\n\t<meta name=\"twitter:data1\" content=\"apuntesdesanluis.com\" \/>\n\t<meta name=\"twitter:label2\" content=\"Tiempo de lectura\" \/>\n\t<meta name=\"twitter:data2\" content=\"3 minutos\" \/>\n<script type=\"application\/ld+json\" class=\"yoast-schema-graph\">{\"@context\":\"https:\/\/schema.org\",\"@graph\":[{\"@type\":\"Article\",\"@id\":\"https:\/\/apuntesdesanluis.com\/index.php\/2024\/12\/23\/los-nuevos-ministros-agregan-una-impronta-federal-al-gabinete\/#article\",\"isPartOf\":{\"@id\":\"https:\/\/apuntesdesanluis.com\/index.php\/2024\/12\/23\/los-nuevos-ministros-agregan-una-impronta-federal-al-gabinete\/\"},\"author\":{\"name\":\"apuntesdesanluis.com\",\"@id\":\"https:\/\/apuntesdesanluis.com\/#\/schema\/person\/b55151d52296fcce64d1a72538a70b90\"},\"headline\":\"\u201cLOS NUEVOS MINISTROS AGREGAN UNA IMPRONTA FEDERAL AL GABINETE\u201d\",\"datePublished\":\"2024-12-24T00:44:57+00:00\",\"dateModified\":\"2024-12-24T00:45:21+00:00\",\"mainEntityOfPage\":{\"@id\":\"https:\/\/apuntesdesanluis.com\/index.php\/2024\/12\/23\/los-nuevos-ministros-agregan-una-impronta-federal-al-gabinete\/\"},\"wordCount\":535,\"publisher\":{\"@id\":\"https:\/\/apuntesdesanluis.com\/#\/schema\/person\/b55151d52296fcce64d1a72538a70b90\"},\"image\":{\"@id\":\"https:\/\/apuntesdesanluis.com\/index.php\/2024\/12\/23\/los-nuevos-ministros-agregan-una-impronta-federal-al-gabinete\/#primaryimage\"},\"thumbnailUrl\":\"https:\/\/apuntesdesanluis.com\/wp-content\/uploads\/2024\/12\/poggi-8.png\",\"articleSection\":[\"Ciudad\/Provincia\"],\"inLanguage\":\"es-AR\"},{\"@type\":\"WebPage\",\"@id\":\"https:\/\/apuntesdesanluis.com\/index.php\/2024\/12\/23\/los-nuevos-ministros-agregan-una-impronta-federal-al-gabinete\/\",\"url\":\"https:\/\/apuntesdesanluis.com\/index.php\/2024\/12\/23\/los-nuevos-ministros-agregan-una-impronta-federal-al-gabinete\/\",\"name\":\"\u201cLOS NUEVOS MINISTROS AGREGAN UNA IMPRONTA FEDERAL AL GABINETE\u201d - Apuntes de San Luis\",\"isPartOf\":{\"@id\":\"https:\/\/apuntesdesanluis.com\/#website\"},\"primaryImageOfPage\":{\"@id\":\"https:\/\/apuntesdesanluis.com\/index.php\/2024\/12\/23\/los-nuevos-ministros-agregan-una-impronta-federal-al-gabinete\/#primaryimage\"},\"image\":{\"@id\":\"https:\/\/apuntesdesanluis.com\/index.php\/2024\/12\/23\/los-nuevos-ministros-agregan-una-impronta-federal-al-gabinete\/#primaryimage\"},\"thumbnailUrl\":\"https:\/\/apuntesdesanluis.com\/wp-content\/uploads\/2024\/12\/poggi-8.png\",\"datePublished\":\"2024-12-24T00:44:57+00:00\",\"dateModified\":\"2024-12-24T00:45:21+00:00\",\"breadcrumb\":{\"@id\":\"https:\/\/apuntesdesanluis.com\/index.php\/2024\/12\/23\/los-nuevos-ministros-agregan-una-impronta-federal-al-gabinete\/#breadcrumb\"},\"inLanguage\":\"es-AR\",\"potentialAction\":[{\"@type\":\"ReadAction\",\"target\":[\"https:\/\/apuntesdesanluis.com\/index.php\/2024\/12\/23\/los-nuevos-ministros-agregan-una-impronta-federal-al-gabinete\/\"]}]},{\"@type\":\"ImageObject\",\"inLanguage\":\"es-AR\",\"@id\":\"https:\/\/apuntesdesanluis.com\/index.php\/2024\/12\/23\/los-nuevos-ministros-agregan-una-impronta-federal-al-gabinete\/#primaryimage\",\"url\":\"https:\/\/apuntesdesanluis.com\/wp-content\/uploads\/2024\/12\/poggi-8.png\",\"contentUrl\":\"https:\/\/apuntesdesanluis.com\/wp-content\/uploads\/2024\/12\/poggi-8.png\",\"width\":700,\"height\":404},{\"@type\":\"BreadcrumbList\",\"@id\":\"https:\/\/apuntesdesanluis.com\/index.php\/2024\/12\/23\/los-nuevos-ministros-agregan-una-impronta-federal-al-gabinete\/#breadcrumb\",\"itemListElement\":[{\"@type\":\"ListItem\",\"position\":1,\"name\":\"Inicio\",\"item\":\"https:\/\/apuntesdesanluis.com\/\"},{\"@type\":\"ListItem\",\"position\":2,\"name\":\"\u201cLOS NUEVOS MINISTROS AGREGAN UNA IMPRONTA FEDERAL AL GABINETE\u201d\"}]},{\"@type\":\"WebSite\",\"@id\":\"https:\/\/apuntesdesanluis.com\/#website\",\"url\":\"https:\/\/apuntesdesanluis.com\/\",\"name\":\"Apuntes de San Luis\",\"description\":\"\",\"publisher\":{\"@id\":\"https:\/\/apuntesdesanluis.com\/#\/schema\/person\/b55151d52296fcce64d1a72538a70b90\"},\"potentialAction\":[{\"@type\":\"SearchAction\",\"target\":{\"@type\":\"EntryPoint\",\"urlTemplate\":\"https:\/\/apuntesdesanluis.com\/?s={search_term_string}\"},\"query-input\":{\"@type\":\"PropertyValueSpecification\",\"valueRequired\":true,\"valueName\":\"search_term_string\"}}],\"inLanguage\":\"es-AR\"},{\"@type\":[\"Person\",\"Organization\"],\"@id\":\"https:\/\/apuntesdesanluis.com\/#\/schema\/person\/b55151d52296fcce64d1a72538a70b90\",\"name\":\"apuntesdesanluis.com\",\"image\":{\"@type\":\"ImageObject\",\"inLanguage\":\"es-AR\",\"@id\":\"https:\/\/apuntesdesanluis.com\/#\/schema\/person\/image\/\",\"url\":\"https:\/\/apuntesdesanluis.com\/wp-content\/uploads\/2023\/07\/cropped-apuntesdesanluis.png\",\"contentUrl\":\"https:\/\/apuntesdesanluis.com\/wp-content\/uploads\/2023\/07\/cropped-apuntesdesanluis.png\",\"width\":450,\"height\":112,\"caption\":\"apuntesdesanluis.com\"},\"logo\":{\"@id\":\"https:\/\/apuntesdesanluis.com\/#\/schema\/person\/image\/\"},\"sameAs\":[\"https:\/\/apuntesdesanluis.com\"],\"url\":\"https:\/\/apuntesdesanluis.com\/index.php\/author\/apuntesdesanluis-com\/\"}]}<\/script>\n<!-- \/ Yoast SEO plugin. -->","yoast_head_json":{"title":"\u201cLOS NUEVOS MINISTROS AGREGAN UNA IMPRONTA FEDERAL AL GABINETE\u201d - Apuntes de San Luis","robots":{"index":"index","follow":"follow","max-snippet":"max-snippet:-1","max-image-preview":"max-image-preview:large","max-video-preview":"max-video-preview:-1"},"canonical":"https:\/\/apuntesdesanluis.com\/index.php\/2024\/12\/23\/los-nuevos-ministros-agregan-una-impronta-federal-al-gabinete\/","og_locale":"es_ES","og_type":"article","og_title":"\u201cLOS NUEVOS MINISTROS AGREGAN UNA IMPRONTA FEDERAL AL GABINETE\u201d - Apuntes de San Luis","og_description":"El Gobernador Claudio Poggi, luego de la jura, present\u00f3 a Gonzalo Amondarain, que se hizo...","og_url":"https:\/\/apuntesdesanluis.com\/index.php\/2024\/12\/23\/los-nuevos-ministros-agregan-una-impronta-federal-al-gabinete\/","og_site_name":"Apuntes de San Luis","article_published_time":"2024-12-24T00:44:57+00:00","article_modified_time":"2024-12-24T00:45:21+00:00","og_image":[{"width":700,"height":404,"url":"https:\/\/apuntesdesanluis.com\/wp-content\/uploads\/2024\/12\/poggi-8.png","type":"image\/png"}],"author":"apuntesdesanluis.com","twitter_card":"summary_large_image","twitter_misc":{"Escrito por":"apuntesdesanluis.com","Tiempo de lectura":"3 minutos"},"schema":{"@context":"https:\/\/schema.org","@graph":[{"@type":"Article","@id":"https:\/\/apuntesdesanluis.com\/index.php\/2024\/12\/23\/los-nuevos-ministros-agregan-una-impronta-federal-al-gabinete\/#article","isPartOf":{"@id":"https:\/\/apuntesdesanluis.com\/index.php\/2024\/12\/23\/los-nuevos-ministros-agregan-una-impronta-federal-al-gabinete\/"},"author":{"name":"apuntesdesanluis.com","@id":"https:\/\/apuntesdesanluis.com\/#\/schema\/person\/b55151d52296fcce64d1a72538a70b90"},"headline":"\u201cLOS NUEVOS MINISTROS AGREGAN UNA IMPRONTA FEDERAL AL GABINETE\u201d","datePublished":"2024-12-24T00:44:57+00:00","dateModified":"2024-12-24T00:45:21+00:00","mainEntityOfPage":{"@id":"https:\/\/apuntesdesanluis.com\/index.php\/2024\/12\/23\/los-nuevos-ministros-agregan-una-impronta-federal-al-gabinete\/"},"wordCount":535,"publisher":{"@id":"https:\/\/apuntesdesanluis.com\/#\/schema\/person\/b55151d52296fcce64d1a72538a70b90"},"image":{"@id":"https:\/\/apuntesdesanluis.com\/index.php\/2024\/12\/23\/los-nuevos-ministros-agregan-una-impronta-federal-al-gabinete\/#primaryimage"},"thumbnailUrl":"https:\/\/apuntesdesanluis.com\/wp-content\/uploads\/2024\/12\/poggi-8.png","articleSection":["Ciudad\/Provincia"],"inLanguage":"es-AR"},{"@type":"WebPage","@id":"https:\/\/apuntesdesanluis.com\/index.php\/2024\/12\/23\/los-nuevos-ministros-agregan-una-impronta-federal-al-gabinete\/","url":"https:\/\/apuntesdesanluis.com\/index.php\/2024\/12\/23\/los-nuevos-ministros-agregan-una-impronta-federal-al-gabinete\/","name":"\u201cLOS NUEVOS MINISTROS AGREGAN UNA IMPRONTA FEDERAL AL GABINETE\u201d - Apuntes de San Luis","isPartOf":{"@id":"https:\/\/apuntesdesanluis.com\/#website"},"primaryImageOfPage":{"@id":"https:\/\/apuntesdesanluis.com\/index.php\/2024\/12\/23\/los-nuevos-ministros-agregan-una-impronta-federal-al-gabinete\/#primaryimage"},"image":{"@id":"https:\/\/apuntesdesanluis.com\/index.php\/2024\/12\/23\/los-nuevos-ministros-agregan-una-impronta-federal-al-gabinete\/#primaryimage"},"thumbnailUrl":"https:\/\/apuntesdesanluis.com\/wp-content\/uploads\/2024\/12\/poggi-8.png","datePublished":"2024-12-24T00:44:57+00:00","dateModified":"2024-12-24T00:45:21+00:00","breadcrumb":{"@id":"https:\/\/apuntesdesanluis.com\/index.php\/2024\/12\/23\/los-nuevos-ministros-agregan-una-impronta-federal-al-gabinete\/#breadcrumb"},"inLanguage":"es-AR","potentialAction":[{"@type":"ReadAction","target":["https:\/\/apuntesdesanluis.com\/index.php\/2024\/12\/23\/los-nuevos-ministros-agregan-una-impronta-federal-al-gabinete\/"]}]},{"@type":"ImageObject","inLanguage":"es-AR","@id":"https:\/\/apuntesdesanluis.com\/index.php\/2024\/12\/23\/los-nuevos-ministros-agregan-una-impronta-federal-al-gabinete\/#primaryimage","url":"https:\/\/apuntesdesanluis.com\/wp-content\/uploads\/2024\/12\/poggi-8.png","contentUrl":"https:\/\/apuntesdesanluis.com\/wp-content\/uploads\/2024\/12\/poggi-8.png","width":700,"height":404},{"@type":"BreadcrumbList","@id":"https:\/\/apuntesdesanluis.com\/index.php\/2024\/12\/23\/los-nuevos-ministros-agregan-una-impronta-federal-al-gabinete\/#breadcrumb","itemListElement":[{"@type":"ListItem","position":1,"name":"Inicio","item":"https:\/\/apuntesdesanluis.com\/"},{"@type":"ListItem","position":2,"name":"\u201cLOS NUEVOS MINISTROS AGREGAN UNA IMPRONTA FEDERAL AL GABINETE\u201d"}]},{"@type":"WebSite","@id":"https:\/\/apuntesdesanluis.com\/#website","url":"https:\/\/apuntesdesanluis.com\/","name":"Apuntes de San Luis","description":"","publisher":{"@id":"https:\/\/apuntesdesanluis.com\/#\/schema\/person\/b55151d52296fcce64d1a72538a70b90"},"potentialAction":[{"@type":"SearchAction","target":{"@type":"EntryPoint","urlTemplate":"https:\/\/apuntesdesanluis.com\/?s={search_term_string}"},"query-input":{"@type":"PropertyValueSpecification","valueRequired":true,"valueName":"search_term_string"}}],"inLanguage":"es-AR"},{"@type":["Person","Organization"],"@id":"https:\/\/apuntesdesanluis.com\/#\/schema\/person\/b55151d52296fcce64d1a72538a70b90","name":"apuntesdesanluis.com","image":{"@type":"ImageObject","inLanguage":"es-AR","@id":"https:\/\/apuntesdesanluis.com\/#\/schema\/person\/image\/","url":"https:\/\/apuntesdesanluis.com\/wp-content\/uploads\/2023\/07\/cropped-apuntesdesanluis.png","contentUrl":"https:\/\/apuntesdesanluis.com\/wp-content\/uploads\/2023\/07\/cropped-apuntesdesanluis.png","width":450,"height":112,"caption":"apuntesdesanluis.com"},"logo":{"@id":"https:\/\/apuntesdesanluis.com\/#\/schema\/person\/image\/"},"sameAs":["https:\/\/apuntesdesanluis.com"],"url":"https:\/\/apuntesdesanluis.com\/index.php\/author\/apuntesdesanluis-com\/"}]}},"featured_image_urls":{"full":["https:\/\/apuntesdesanluis.com\/wp-content\/uploads\/2024\/12\/poggi-8.png",700,404,false],"thumbnail":["https:\/\/apuntesdesanluis.com\/wp-content\/uploads\/2024\/12\/poggi-8-150x150.png",150,150,true],"medium":["https:\/\/apuntesdesanluis.com\/wp-content\/uploads\/2024\/12\/poggi-8-300x173.png",300,173,true],"medium_large":["https:\/\/apuntesdesanluis.com\/wp-content\/uploads\/2024\/12\/poggi-8.png",640,369,false],"large":["https:\/\/apuntesdesanluis.com\/wp-content\/uploads\/2024\/12\/poggi-8.png",640,369,false],"1536x1536":["https:\/\/apuntesdesanluis.com\/wp-content\/uploads\/2024\/12\/poggi-8.png",700,404,false],"2048x2048":["https:\/\/apuntesdesanluis.com\/wp-content\/uploads\/2024\/12\/poggi-8.png",700,404,false],"newsever-slider-full":["https:\/\/apuntesdesanluis.com\/wp-content\/uploads\/2024\/12\/poggi-8.png",700,404,false],"newsever-featured":["https:\/\/apuntesdesanluis.com\/wp-content\/uploads\/2024\/12\/poggi-8.png",700,404,false],"newsever-medium":["https:\/\/apuntesdesanluis.com\/wp-content\/uploads\/2024\/12\/poggi-8.png",700,404,false]},"author_info":{"display_name":"apuntesdesanluis.com","author_link":"https:\/\/apuntesdesanluis.com\/index.php\/author\/apuntesdesanluis-com\/"},"category_info":"<a href=\"https:\/\/apuntesdesanluis.com\/index.php\/category\/ciudad-provincia\/\" rel=\"category tag\">Ciudad\/Provincia<\/a>","tag_info":"Ciudad\/Provincia","comment_count":"0","_links":{"self":[{"href":"https:\/\/apuntesdesanluis.com\/index.php\/wp-json\/wp\/v2\/posts\/27125","targetHints":{"allow":["GET"]}}],"collection":[{"href":"https:\/\/apuntesdesanluis.com\/index.php\/wp-json\/wp\/v2\/posts"}],"about":[{"href":"https:\/\/apuntesdesanluis.com\/index.php\/wp-json\/wp\/v2\/types\/post"}],"author":[{"embeddable":true,"href":"https:\/\/apuntesdesanluis.com\/index.php\/wp-json\/wp\/v2\/users\/1"}],"replies":[{"embeddable":true,"href":"https:\/\/apuntesdesanluis.com\/index.php\/wp-json\/wp\/v2\/comments?post=27125"}],"version-history":[{"count":1,"href":"https:\/\/apuntesdesanluis.com\/index.php\/wp-json\/wp\/v2\/posts\/27125\/revisions"}],"predecessor-version":[{"id":27127,"href":"https:\/\/apuntesdesanluis.com\/index.php\/wp-json\/wp\/v2\/posts\/27125\/revisions\/27127"}],"wp:featuredmedia":[{"embeddable":true,"href":"https:\/\/apuntesdesanluis.com\/index.php\/wp-json\/wp\/v2\/media\/27126"}],"wp:attachment":[{"href":"https:\/\/apuntesdesanluis.com\/index.php\/wp-json\/wp\/v2\/media?parent=27125"}],"wp:term":[{"taxonomy":"category","embeddable":true,"href":"https:\/\/apuntesdesanluis.com\/index.php\/wp-json\/wp\/v2\/categories?post=27125"},{"taxonomy":"post_tag","embeddable":true,"href":"https:\/\/apuntesdesanluis.com\/index.php\/wp-json\/wp\/v2\/tags?post=27125"}],"curies":[{"name":"wp","href":"https:\/\/api.w.org\/{rel}","templated":true}]}}