{"id":2714,"date":"2023-09-05T14:35:59","date_gmt":"2023-09-05T17:35:59","guid":{"rendered":"https:\/\/apuntesdesanluis.com\/?p=2714"},"modified":"2023-09-05T14:35:59","modified_gmt":"2023-09-05T17:35:59","slug":"bullrich-le-pidio-a-schiaretti-que-se-baje-y-randazzo-la-califico-de-antidemocratica","status":"publish","type":"post","link":"https:\/\/apuntesdesanluis.com\/index.php\/2023\/09\/05\/bullrich-le-pidio-a-schiaretti-que-se-baje-y-randazzo-la-califico-de-antidemocratica\/","title":{"rendered":"BULLRICH LE PIDI\u00d3 A SCHIARETTI QUE SE BAJE Y RANDAZZO LA CALIFIC\u00d3 DE &#8220;ANTIDEMOCR\u00c1TICA&#8221;"},"content":{"rendered":"<h3>La candidata presidencial de Juntos por el Cambio (JxC), <strong>Patricia Bullrich<\/strong>, le pidi\u00f3 este martes p\u00fablicamente al gobernador de C\u00f3rdoba, <strong>Juan Schiaretti<\/strong>, que decline su postulaci\u00f3n presidencial, lo que mereci\u00f3 la respuesta de Florencio Randazzo, integrante de la f\u00f3rmula que encabeza el mandatario mediterr\u00e1neo, quien calific\u00f3 la propuesta de la exministra de Seguridad como \u201cantidemocr\u00e1tica\u201d.<\/h3>\n<h3>\u201cNo estar\u00eda mal que se baje Schiaretti\u201d, dijo Bullrich al hablar con radio Pulxo de C\u00f3rdoba en el marco a una visita a esa provincia, y explic\u00f3 que \u201ccon todo respeto al gobernador y al votante, la gente tiene que elegir estrat\u00e9gicamente\u201d.<\/h3>\n<h3>En este sentido, Bullrich se pregunt\u00f3: \u201c\u00bfQui\u00e9n va a representar mejor los intereses de C\u00f3rdoba?\u201d, y asegur\u00f3 que \u201cde los tres que estamos en competencia, Patricia Bullrich es quien va a defender el campo y la industria cordobeses, va a ayudar para que los cordobeses tengan m\u00e1s seguridad\u201d.<\/h3>\n<h3>Y aclar\u00f3 que \u201cno es en contra de \u00e9l (en alusi\u00f3n a Schiaretti), sino a favor de qui\u00e9n pongo el voto\u201d.<\/h3>\n<h3>Ante esta propuesta, Florencio Randazzo, candidato a vicepresidente en la f\u00f3rmula con Schiaretti, asegur\u00f3 por redes sociales que \u201cpedirle a un candidato a Presidente que se baje es profundamente antidemocr\u00e1tico\u201d.<\/h3>\n<h3>\u201cEspero que Bullrich reflexione y admita que se equivoc\u00f3. No solo el m\u00e1s votado puede competir. En \u00e9poca de tanto oportunismo por los cargos, nosotros sostenemos las ideas la coherencia y los valores\u201d, concluy\u00f3 Randazzo.<\/h3>\n<h3>Pedirle a un candidato a presidente que se baje es profundamente antidemocr\u00e1tico. Espero que Bullrich reflexione y admita que se equivoc\u00f3. No solo el m\u00e1s votado puede competir. En \u00e9poca de tanto oportunismo por los cargos, nosotros sostenemos las ideas la coherencia y los valores.<\/h3>\n<h3>Bullrich, en tanto, tambi\u00e9n explic\u00f3 porqu\u00e9 en su momento rechaz\u00f3 el ingreso de Schiaretti a Juntos por el Cambio, en la previa a las PASO, una propuesta que era sostenida tanto por Horacio Rodr\u00edguez Larreta como por Gerardo Morales.<\/h3>\n<h3>\u201cCuando se habl\u00f3 de Schiaretti en su momento interfer\u00eda en las elecciones provinciales, y esa discusi\u00f3n (dentro de Juntos por el Cambio) nos parti\u00f3 al medio\u201d, explic\u00f3 la candidata presidencial.<\/h3>\n<h3>\u201cNosotros -continu\u00f3- no tenemos un problema insalvable con Schiaretti, pero no quer\u00edamos que (su incorporaci\u00f3n) fuera una forma de perder las elecciones en C\u00f3rdoba, que fue lo que sucedi\u00f3\u201d, al aludir al triunfo de Mart\u00edn Llaryora en los comicios a la gobernaci\u00f3n provincial.<\/h3>\n<h3>\u201cNo le saco m\u00e9rito al que gan\u00f3\u201d, dijo Bullrich en alusi\u00f3n a Llaryora, pero agreg\u00f3 que \u201cest\u00e1bamos convencidos de que si eso no pasaba (la discusi\u00f3n en torno a la incorporaci\u00f3n de Schiaretti a Juntos por el Cambio), gan\u00e1bamos C\u00f3rdoba\u201d.<\/h3>\n","protected":false},"excerpt":{"rendered":"<p>La candidata presidencial de Juntos por el Cambio (JxC), Patricia Bullrich, le pidi\u00f3 este martes&#8230;<\/p>\n","protected":false},"author":1,"featured_media":981,"comment_status":"closed","ping_status":"closed","sticky":false,"template":"","format":"standard","meta":{"footnotes":""},"categories":[5],"tags":[],"class_list":["post-2714","post","type-post","status-publish","format-standard","has-post-thumbnail","hentry","category-nacionales-internacionales"],"yoast_head":"<!-- This site is optimized with the Yoast SEO plugin v26.1.1 - https:\/\/yoast.com\/wordpress\/plugins\/seo\/ -->\n<title>BULLRICH LE PIDI\u00d3 A SCHIARETTI QUE SE BAJE Y RANDAZZO LA CALIFIC\u00d3 DE &quot;ANTIDEMOCR\u00c1TICA&quot; - Apuntes de San Luis<\/title>\n<meta name=\"robots\" content=\"index, follow, max-snippet:-1, max-image-preview:large, max-video-preview:-1\" \/>\n<link rel=\"canonical\" href=\"https:\/\/apuntesdesanluis.com\/index.php\/2023\/09\/05\/bullrich-le-pidio-a-schiaretti-que-se-baje-y-randazzo-la-califico-de-antidemocratica\/\" \/>\n<meta property=\"og:locale\" content=\"es_ES\" \/>\n<meta property=\"og:type\" content=\"article\" \/>\n<meta property=\"og:title\" content=\"BULLRICH LE PIDI\u00d3 A SCHIARETTI QUE SE BAJE Y RANDAZZO LA CALIFIC\u00d3 DE &quot;ANTIDEMOCR\u00c1TICA&quot; - Apuntes de San Luis\" \/>\n<meta property=\"og:description\" content=\"La candidata presidencial de Juntos por el Cambio (JxC), Patricia Bullrich, le pidi\u00f3 este martes...\" \/>\n<meta property=\"og:url\" content=\"https:\/\/apuntesdesanluis.com\/index.php\/2023\/09\/05\/bullrich-le-pidio-a-schiaretti-que-se-baje-y-randazzo-la-califico-de-antidemocratica\/\" \/>\n<meta property=\"og:site_name\" content=\"Apuntes de San Luis\" \/>\n<meta property=\"article:published_time\" content=\"2023-09-05T17:35:59+00:00\" \/>\n<meta property=\"og:image\" content=\"https:\/\/apuntesdesanluis.com\/wp-content\/uploads\/2023\/08\/bullrich-1.png\" \/>\n\t<meta property=\"og:image:width\" content=\"720\" \/>\n\t<meta property=\"og:image:height\" content=\"504\" \/>\n\t<meta property=\"og:image:type\" content=\"image\/png\" \/>\n<meta name=\"author\" content=\"apuntesdesanluis.com\" \/>\n<meta name=\"twitter:card\" content=\"summary_large_image\" \/>\n<meta name=\"twitter:label1\" content=\"Escrito por\" \/>\n\t<meta name=\"twitter:data1\" content=\"apuntesdesanluis.com\" \/>\n\t<meta name=\"twitter:label2\" content=\"Tiempo de lectura\" \/>\n\t<meta name=\"twitter:data2\" content=\"2 minutos\" \/>\n<script type=\"application\/ld+json\" class=\"yoast-schema-graph\">{\"@context\":\"https:\/\/schema.org\",\"@graph\":[{\"@type\":\"Article\",\"@id\":\"https:\/\/apuntesdesanluis.com\/index.php\/2023\/09\/05\/bullrich-le-pidio-a-schiaretti-que-se-baje-y-randazzo-la-califico-de-antidemocratica\/#article\",\"isPartOf\":{\"@id\":\"https:\/\/apuntesdesanluis.com\/index.php\/2023\/09\/05\/bullrich-le-pidio-a-schiaretti-que-se-baje-y-randazzo-la-califico-de-antidemocratica\/\"},\"author\":{\"name\":\"apuntesdesanluis.com\",\"@id\":\"https:\/\/apuntesdesanluis.com\/#\/schema\/person\/b55151d52296fcce64d1a72538a70b90\"},\"headline\":\"BULLRICH LE PIDI\u00d3 A SCHIARETTI QUE SE BAJE Y RANDAZZO LA CALIFIC\u00d3 DE &#8220;ANTIDEMOCR\u00c1TICA&#8221;\",\"datePublished\":\"2023-09-05T17:35:59+00:00\",\"mainEntityOfPage\":{\"@id\":\"https:\/\/apuntesdesanluis.com\/index.php\/2023\/09\/05\/bullrich-le-pidio-a-schiaretti-que-se-baje-y-randazzo-la-califico-de-antidemocratica\/\"},\"wordCount\":479,\"publisher\":{\"@id\":\"https:\/\/apuntesdesanluis.com\/#\/schema\/person\/b55151d52296fcce64d1a72538a70b90\"},\"image\":{\"@id\":\"https:\/\/apuntesdesanluis.com\/index.php\/2023\/09\/05\/bullrich-le-pidio-a-schiaretti-que-se-baje-y-randazzo-la-califico-de-antidemocratica\/#primaryimage\"},\"thumbnailUrl\":\"https:\/\/apuntesdesanluis.com\/wp-content\/uploads\/2023\/08\/bullrich-1.png\",\"articleSection\":[\"Nacionales\/Internacionales\"],\"inLanguage\":\"es-AR\"},{\"@type\":\"WebPage\",\"@id\":\"https:\/\/apuntesdesanluis.com\/index.php\/2023\/09\/05\/bullrich-le-pidio-a-schiaretti-que-se-baje-y-randazzo-la-califico-de-antidemocratica\/\",\"url\":\"https:\/\/apuntesdesanluis.com\/index.php\/2023\/09\/05\/bullrich-le-pidio-a-schiaretti-que-se-baje-y-randazzo-la-califico-de-antidemocratica\/\",\"name\":\"BULLRICH LE PIDI\u00d3 A SCHIARETTI QUE SE BAJE Y RANDAZZO LA CALIFIC\u00d3 DE \\\"ANTIDEMOCR\u00c1TICA\\\" - Apuntes de San Luis\",\"isPartOf\":{\"@id\":\"https:\/\/apuntesdesanluis.com\/#website\"},\"primaryImageOfPage\":{\"@id\":\"https:\/\/apuntesdesanluis.com\/index.php\/2023\/09\/05\/bullrich-le-pidio-a-schiaretti-que-se-baje-y-randazzo-la-califico-de-antidemocratica\/#primaryimage\"},\"image\":{\"@id\":\"https:\/\/apuntesdesanluis.com\/index.php\/2023\/09\/05\/bullrich-le-pidio-a-schiaretti-que-se-baje-y-randazzo-la-califico-de-antidemocratica\/#primaryimage\"},\"thumbnailUrl\":\"https:\/\/apuntesdesanluis.com\/wp-content\/uploads\/2023\/08\/bullrich-1.png\",\"datePublished\":\"2023-09-05T17:35:59+00:00\",\"breadcrumb\":{\"@id\":\"https:\/\/apuntesdesanluis.com\/index.php\/2023\/09\/05\/bullrich-le-pidio-a-schiaretti-que-se-baje-y-randazzo-la-califico-de-antidemocratica\/#breadcrumb\"},\"inLanguage\":\"es-AR\",\"potentialAction\":[{\"@type\":\"ReadAction\",\"target\":[\"https:\/\/apuntesdesanluis.com\/index.php\/2023\/09\/05\/bullrich-le-pidio-a-schiaretti-que-se-baje-y-randazzo-la-califico-de-antidemocratica\/\"]}]},{\"@type\":\"ImageObject\",\"inLanguage\":\"es-AR\",\"@id\":\"https:\/\/apuntesdesanluis.com\/index.php\/2023\/09\/05\/bullrich-le-pidio-a-schiaretti-que-se-baje-y-randazzo-la-califico-de-antidemocratica\/#primaryimage\",\"url\":\"https:\/\/apuntesdesanluis.com\/wp-content\/uploads\/2023\/08\/bullrich-1.png\",\"contentUrl\":\"https:\/\/apuntesdesanluis.com\/wp-content\/uploads\/2023\/08\/bullrich-1.png\",\"width\":720,\"height\":504},{\"@type\":\"BreadcrumbList\",\"@id\":\"https:\/\/apuntesdesanluis.com\/index.php\/2023\/09\/05\/bullrich-le-pidio-a-schiaretti-que-se-baje-y-randazzo-la-califico-de-antidemocratica\/#breadcrumb\",\"itemListElement\":[{\"@type\":\"ListItem\",\"position\":1,\"name\":\"Inicio\",\"item\":\"https:\/\/apuntesdesanluis.com\/\"},{\"@type\":\"ListItem\",\"position\":2,\"name\":\"BULLRICH LE PIDI\u00d3 A SCHIARETTI QUE SE BAJE Y RANDAZZO LA CALIFIC\u00d3 DE &#8220;ANTIDEMOCR\u00c1TICA&#8221;\"}]},{\"@type\":\"WebSite\",\"@id\":\"https:\/\/apuntesdesanluis.com\/#website\",\"url\":\"https:\/\/apuntesdesanluis.com\/\",\"name\":\"Apuntes de San Luis\",\"description\":\"\",\"publisher\":{\"@id\":\"https:\/\/apuntesdesanluis.com\/#\/schema\/person\/b55151d52296fcce64d1a72538a70b90\"},\"potentialAction\":[{\"@type\":\"SearchAction\",\"target\":{\"@type\":\"EntryPoint\",\"urlTemplate\":\"https:\/\/apuntesdesanluis.com\/?s={search_term_string}\"},\"query-input\":{\"@type\":\"PropertyValueSpecification\",\"valueRequired\":true,\"valueName\":\"search_term_string\"}}],\"inLanguage\":\"es-AR\"},{\"@type\":[\"Person\",\"Organization\"],\"@id\":\"https:\/\/apuntesdesanluis.com\/#\/schema\/person\/b55151d52296fcce64d1a72538a70b90\",\"name\":\"apuntesdesanluis.com\",\"image\":{\"@type\":\"ImageObject\",\"inLanguage\":\"es-AR\",\"@id\":\"https:\/\/apuntesdesanluis.com\/#\/schema\/person\/image\/\",\"url\":\"https:\/\/apuntesdesanluis.com\/wp-content\/uploads\/2023\/07\/cropped-apuntesdesanluis.png\",\"contentUrl\":\"https:\/\/apuntesdesanluis.com\/wp-content\/uploads\/2023\/07\/cropped-apuntesdesanluis.png\",\"width\":450,\"height\":112,\"caption\":\"apuntesdesanluis.com\"},\"logo\":{\"@id\":\"https:\/\/apuntesdesanluis.com\/#\/schema\/person\/image\/\"},\"sameAs\":[\"https:\/\/apuntesdesanluis.com\"],\"url\":\"https:\/\/apuntesdesanluis.com\/index.php\/author\/apuntesdesanluis-com\/\"}]}<\/script>\n<!-- \/ Yoast SEO plugin. -->","yoast_head_json":{"title":"BULLRICH LE PIDI\u00d3 A SCHIARETTI QUE SE BAJE Y RANDAZZO LA CALIFIC\u00d3 DE \"ANTIDEMOCR\u00c1TICA\" - Apuntes de San Luis","robots":{"index":"index","follow":"follow","max-snippet":"max-snippet:-1","max-image-preview":"max-image-preview:large","max-video-preview":"max-video-preview:-1"},"canonical":"https:\/\/apuntesdesanluis.com\/index.php\/2023\/09\/05\/bullrich-le-pidio-a-schiaretti-que-se-baje-y-randazzo-la-califico-de-antidemocratica\/","og_locale":"es_ES","og_type":"article","og_title":"BULLRICH LE PIDI\u00d3 A SCHIARETTI QUE SE BAJE Y RANDAZZO LA CALIFIC\u00d3 DE \"ANTIDEMOCR\u00c1TICA\" - Apuntes de San Luis","og_description":"La candidata presidencial de Juntos por el Cambio (JxC), Patricia Bullrich, le pidi\u00f3 este martes...","og_url":"https:\/\/apuntesdesanluis.com\/index.php\/2023\/09\/05\/bullrich-le-pidio-a-schiaretti-que-se-baje-y-randazzo-la-califico-de-antidemocratica\/","og_site_name":"Apuntes de San Luis","article_published_time":"2023-09-05T17:35:59+00:00","og_image":[{"width":720,"height":504,"url":"https:\/\/apuntesdesanluis.com\/wp-content\/uploads\/2023\/08\/bullrich-1.png","type":"image\/png"}],"author":"apuntesdesanluis.com","twitter_card":"summary_large_image","twitter_misc":{"Escrito por":"apuntesdesanluis.com","Tiempo de lectura":"2 minutos"},"schema":{"@context":"https:\/\/schema.org","@graph":[{"@type":"Article","@id":"https:\/\/apuntesdesanluis.com\/index.php\/2023\/09\/05\/bullrich-le-pidio-a-schiaretti-que-se-baje-y-randazzo-la-califico-de-antidemocratica\/#article","isPartOf":{"@id":"https:\/\/apuntesdesanluis.com\/index.php\/2023\/09\/05\/bullrich-le-pidio-a-schiaretti-que-se-baje-y-randazzo-la-califico-de-antidemocratica\/"},"author":{"name":"apuntesdesanluis.com","@id":"https:\/\/apuntesdesanluis.com\/#\/schema\/person\/b55151d52296fcce64d1a72538a70b90"},"headline":"BULLRICH LE PIDI\u00d3 A SCHIARETTI QUE SE BAJE Y RANDAZZO LA CALIFIC\u00d3 DE &#8220;ANTIDEMOCR\u00c1TICA&#8221;","datePublished":"2023-09-05T17:35:59+00:00","mainEntityOfPage":{"@id":"https:\/\/apuntesdesanluis.com\/index.php\/2023\/09\/05\/bullrich-le-pidio-a-schiaretti-que-se-baje-y-randazzo-la-califico-de-antidemocratica\/"},"wordCount":479,"publisher":{"@id":"https:\/\/apuntesdesanluis.com\/#\/schema\/person\/b55151d52296fcce64d1a72538a70b90"},"image":{"@id":"https:\/\/apuntesdesanluis.com\/index.php\/2023\/09\/05\/bullrich-le-pidio-a-schiaretti-que-se-baje-y-randazzo-la-califico-de-antidemocratica\/#primaryimage"},"thumbnailUrl":"https:\/\/apuntesdesanluis.com\/wp-content\/uploads\/2023\/08\/bullrich-1.png","articleSection":["Nacionales\/Internacionales"],"inLanguage":"es-AR"},{"@type":"WebPage","@id":"https:\/\/apuntesdesanluis.com\/index.php\/2023\/09\/05\/bullrich-le-pidio-a-schiaretti-que-se-baje-y-randazzo-la-califico-de-antidemocratica\/","url":"https:\/\/apuntesdesanluis.com\/index.php\/2023\/09\/05\/bullrich-le-pidio-a-schiaretti-que-se-baje-y-randazzo-la-califico-de-antidemocratica\/","name":"BULLRICH LE PIDI\u00d3 A SCHIARETTI QUE SE BAJE Y RANDAZZO LA CALIFIC\u00d3 DE \"ANTIDEMOCR\u00c1TICA\" - Apuntes de San Luis","isPartOf":{"@id":"https:\/\/apuntesdesanluis.com\/#website"},"primaryImageOfPage":{"@id":"https:\/\/apuntesdesanluis.com\/index.php\/2023\/09\/05\/bullrich-le-pidio-a-schiaretti-que-se-baje-y-randazzo-la-califico-de-antidemocratica\/#primaryimage"},"image":{"@id":"https:\/\/apuntesdesanluis.com\/index.php\/2023\/09\/05\/bullrich-le-pidio-a-schiaretti-que-se-baje-y-randazzo-la-califico-de-antidemocratica\/#primaryimage"},"thumbnailUrl":"https:\/\/apuntesdesanluis.com\/wp-content\/uploads\/2023\/08\/bullrich-1.png","datePublished":"2023-09-05T17:35:59+00:00","breadcrumb":{"@id":"https:\/\/apuntesdesanluis.com\/index.php\/2023\/09\/05\/bullrich-le-pidio-a-schiaretti-que-se-baje-y-randazzo-la-califico-de-antidemocratica\/#breadcrumb"},"inLanguage":"es-AR","potentialAction":[{"@type":"ReadAction","target":["https:\/\/apuntesdesanluis.com\/index.php\/2023\/09\/05\/bullrich-le-pidio-a-schiaretti-que-se-baje-y-randazzo-la-califico-de-antidemocratica\/"]}]},{"@type":"ImageObject","inLanguage":"es-AR","@id":"https:\/\/apuntesdesanluis.com\/index.php\/2023\/09\/05\/bullrich-le-pidio-a-schiaretti-que-se-baje-y-randazzo-la-califico-de-antidemocratica\/#primaryimage","url":"https:\/\/apuntesdesanluis.com\/wp-content\/uploads\/2023\/08\/bullrich-1.png","contentUrl":"https:\/\/apuntesdesanluis.com\/wp-content\/uploads\/2023\/08\/bullrich-1.png","width":720,"height":504},{"@type":"BreadcrumbList","@id":"https:\/\/apuntesdesanluis.com\/index.php\/2023\/09\/05\/bullrich-le-pidio-a-schiaretti-que-se-baje-y-randazzo-la-califico-de-antidemocratica\/#breadcrumb","itemListElement":[{"@type":"ListItem","position":1,"name":"Inicio","item":"https:\/\/apuntesdesanluis.com\/"},{"@type":"ListItem","position":2,"name":"BULLRICH LE PIDI\u00d3 A SCHIARETTI QUE SE BAJE Y RANDAZZO LA CALIFIC\u00d3 DE &#8220;ANTIDEMOCR\u00c1TICA&#8221;"}]},{"@type":"WebSite","@id":"https:\/\/apuntesdesanluis.com\/#website","url":"https:\/\/apuntesdesanluis.com\/","name":"Apuntes de San Luis","description":"","publisher":{"@id":"https:\/\/apuntesdesanluis.com\/#\/schema\/person\/b55151d52296fcce64d1a72538a70b90"},"potentialAction":[{"@type":"SearchAction","target":{"@type":"EntryPoint","urlTemplate":"https:\/\/apuntesdesanluis.com\/?s={search_term_string}"},"query-input":{"@type":"PropertyValueSpecification","valueRequired":true,"valueName":"search_term_string"}}],"inLanguage":"es-AR"},{"@type":["Person","Organization"],"@id":"https:\/\/apuntesdesanluis.com\/#\/schema\/person\/b55151d52296fcce64d1a72538a70b90","name":"apuntesdesanluis.com","image":{"@type":"ImageObject","inLanguage":"es-AR","@id":"https:\/\/apuntesdesanluis.com\/#\/schema\/person\/image\/","url":"https:\/\/apuntesdesanluis.com\/wp-content\/uploads\/2023\/07\/cropped-apuntesdesanluis.png","contentUrl":"https:\/\/apuntesdesanluis.com\/wp-content\/uploads\/2023\/07\/cropped-apuntesdesanluis.png","width":450,"height":112,"caption":"apuntesdesanluis.com"},"logo":{"@id":"https:\/\/apuntesdesanluis.com\/#\/schema\/person\/image\/"},"sameAs":["https:\/\/apuntesdesanluis.com"],"url":"https:\/\/apuntesdesanluis.com\/index.php\/author\/apuntesdesanluis-com\/"}]}},"featured_image_urls":{"full":["https:\/\/apuntesdesanluis.com\/wp-content\/uploads\/2023\/08\/bullrich-1.png",720,504,false],"thumbnail":["https:\/\/apuntesdesanluis.com\/wp-content\/uploads\/2023\/08\/bullrich-1-150x150.png",150,150,true],"medium":["https:\/\/apuntesdesanluis.com\/wp-content\/uploads\/2023\/08\/bullrich-1-300x210.png",300,210,true],"medium_large":["https:\/\/apuntesdesanluis.com\/wp-content\/uploads\/2023\/08\/bullrich-1.png",640,448,false],"large":["https:\/\/apuntesdesanluis.com\/wp-content\/uploads\/2023\/08\/bullrich-1.png",640,448,false],"1536x1536":["https:\/\/apuntesdesanluis.com\/wp-content\/uploads\/2023\/08\/bullrich-1.png",720,504,false],"2048x2048":["https:\/\/apuntesdesanluis.com\/wp-content\/uploads\/2023\/08\/bullrich-1.png",720,504,false],"newsever-slider-full":["https:\/\/apuntesdesanluis.com\/wp-content\/uploads\/2023\/08\/bullrich-1.png",720,504,false],"newsever-featured":["https:\/\/apuntesdesanluis.com\/wp-content\/uploads\/2023\/08\/bullrich-1.png",720,504,false],"newsever-medium":["https:\/\/apuntesdesanluis.com\/wp-content\/uploads\/2023\/08\/bullrich-1-720x475.png",720,475,true]},"author_info":{"display_name":"apuntesdesanluis.com","author_link":"https:\/\/apuntesdesanluis.com\/index.php\/author\/apuntesdesanluis-com\/"},"category_info":"<a href=\"https:\/\/apuntesdesanluis.com\/index.php\/category\/nacionales-internacionales\/\" rel=\"category tag\">Nacionales\/Internacionales<\/a>","tag_info":"Nacionales\/Internacionales","comment_count":"0","_links":{"self":[{"href":"https:\/\/apuntesdesanluis.com\/index.php\/wp-json\/wp\/v2\/posts\/2714","targetHints":{"allow":["GET"]}}],"collection":[{"href":"https:\/\/apuntesdesanluis.com\/index.php\/wp-json\/wp\/v2\/posts"}],"about":[{"href":"https:\/\/apuntesdesanluis.com\/index.php\/wp-json\/wp\/v2\/types\/post"}],"author":[{"embeddable":true,"href":"https:\/\/apuntesdesanluis.com\/index.php\/wp-json\/wp\/v2\/users\/1"}],"replies":[{"embeddable":true,"href":"https:\/\/apuntesdesanluis.com\/index.php\/wp-json\/wp\/v2\/comments?post=2714"}],"version-history":[{"count":1,"href":"https:\/\/apuntesdesanluis.com\/index.php\/wp-json\/wp\/v2\/posts\/2714\/revisions"}],"predecessor-version":[{"id":2715,"href":"https:\/\/apuntesdesanluis.com\/index.php\/wp-json\/wp\/v2\/posts\/2714\/revisions\/2715"}],"wp:featuredmedia":[{"embeddable":true,"href":"https:\/\/apuntesdesanluis.com\/index.php\/wp-json\/wp\/v2\/media\/981"}],"wp:attachment":[{"href":"https:\/\/apuntesdesanluis.com\/index.php\/wp-json\/wp\/v2\/media?parent=2714"}],"wp:term":[{"taxonomy":"category","embeddable":true,"href":"https:\/\/apuntesdesanluis.com\/index.php\/wp-json\/wp\/v2\/categories?post=2714"},{"taxonomy":"post_tag","embeddable":true,"href":"https:\/\/apuntesdesanluis.com\/index.php\/wp-json\/wp\/v2\/tags?post=2714"}],"curies":[{"name":"wp","href":"https:\/\/api.w.org\/{rel}","templated":true}]}}