{"id":2716,"date":"2023-09-05T14:39:56","date_gmt":"2023-09-05T17:39:56","guid":{"rendered":"https:\/\/apuntesdesanluis.com\/?p=2716"},"modified":"2023-09-05T14:39:56","modified_gmt":"2023-09-05T17:39:56","slug":"el-gobierno-redujo-la-carga-tributaria-de-los-trabajadores-independientes","status":"publish","type":"post","link":"https:\/\/apuntesdesanluis.com\/index.php\/2023\/09\/05\/el-gobierno-redujo-la-carga-tributaria-de-los-trabajadores-independientes\/","title":{"rendered":"EL GOBIERNO REDUJO LA CARGA TRIBUTARIA DE LOS TRABAJADORES INDEPENDIENTES"},"content":{"rendered":"<h3>A trav\u00e9s del decreto 444\/2023, publicado este martes en el Bolet\u00edn Oficial, el Poder Ejecutivo estableci\u00f3 el diferimiento del pago de parte de las cotizaciones a las que se encuentran obligados los contribuyentes &#8220;que, si bien re\u00fanen las condiciones de vulnerabilidad previstas para los trabajadores independientes promovidos, obtienen ingresos que exceden los l\u00edmites para el acceso a los beneficios, pero no superan el m\u00e1ximo contemplado para la Categor\u00eda B&#8221; del monotributo.<\/h3>\n<h3>De este modo, los trabajadores independientes que se encuentren inscriptos en el Registro Nacional de Trabajadores y Trabajadoras de la Econom\u00eda Popular (RENATEP) podr\u00e1n acceder a un beneficio de reducci\u00f3n del 50% en el pago de la cotizaci\u00f3n previsional al Sistema Integrado Previsional Argentino (SIPA).<\/h3>\n<h3>Esa medida estar\u00e1 vigente durante los primeros 36 meses de adhesi\u00f3n al R\u00e9gimen: la cuota se reduce del 25% al 1% de los ingresos brutos mensuales, o al equivalente al 25% del aporte mensual al SIPA, el que resulte menor, seg\u00fan el decreto. Vencido ese plazo, el importe de la cuota de inclusi\u00f3n social ser\u00e1 equivalente al 2,5% de los ingresos brutos mensuales que perciba por su actividad la persona trabajadora independiente promovida.<\/h3>\n<h3>La cuota se abonar\u00e1 en los plazos y con las modalidades que establezca la AFIP y se imputar\u00e1 a la cancelaci\u00f3n de los aportes sustitutivos correspondientes a los meses del a\u00f1o calendario en curso, comenzando por el m\u00e1s antiguo, puntualiz\u00f3 el Poder Ejecutivo.<\/h3>\n<h3>Y a\u00f1adi\u00f3 que el trabajador independiente no estar\u00e1 obligado a abonar esta cuota en el mes en que hubiera sufrido una retenci\u00f3n o percepci\u00f3n, en virtud de los reg\u00edmenes que disponga la AFIP.<\/h3>\n<h3>El R\u00e9gimen de Inclusi\u00f3n Social y Promoci\u00f3n del Trabajo Independiente prev\u00e9, entre los requisitos para la adhesi\u00f3n, que la actividad desarrollada por la persona responsable sea su \u00fanica fuente de ingresos.\u00a0 En consecuencia, no pueden adherir a ese mecanismo quienes revistan el car\u00e1cter de jubilados, pensionados, empleados en relaci\u00f3n de dependencia o quienes obtengan o perciban otros ingresos de cualquier naturaleza, ya sean nacionales, provinciales o municipales, excepto los provenientes de planes sociales.<\/h3>\n<h3>Para el Gobierno, esta medida apunta a &#8220;facilitar el ingreso y mantenimiento en la econom\u00eda formal&#8221; de los trabajadores independientes.<\/h3>\n<p>&nbsp;<\/p>\n<p>&nbsp;<\/p>\n","protected":false},"excerpt":{"rendered":"<p>A trav\u00e9s del decreto 444\/2023, publicado este martes en el Bolet\u00edn Oficial, el Poder Ejecutivo&#8230;<\/p>\n","protected":false},"author":1,"featured_media":2717,"comment_status":"closed","ping_status":"closed","sticky":false,"template":"","format":"standard","meta":{"footnotes":""},"categories":[5],"tags":[],"class_list":["post-2716","post","type-post","status-publish","format-standard","has-post-thumbnail","hentry","category-nacionales-internacionales"],"yoast_head":"<!-- This site is optimized with the Yoast SEO plugin v26.1.1 - https:\/\/yoast.com\/wordpress\/plugins\/seo\/ -->\n<title>EL GOBIERNO REDUJO LA CARGA TRIBUTARIA DE LOS TRABAJADORES INDEPENDIENTES - Apuntes de San Luis<\/title>\n<meta name=\"robots\" content=\"index, follow, max-snippet:-1, max-image-preview:large, max-video-preview:-1\" \/>\n<link rel=\"canonical\" href=\"https:\/\/apuntesdesanluis.com\/index.php\/2023\/09\/05\/el-gobierno-redujo-la-carga-tributaria-de-los-trabajadores-independientes\/\" \/>\n<meta property=\"og:locale\" content=\"es_ES\" \/>\n<meta property=\"og:type\" content=\"article\" \/>\n<meta property=\"og:title\" content=\"EL GOBIERNO REDUJO LA CARGA TRIBUTARIA DE LOS TRABAJADORES INDEPENDIENTES - Apuntes de San Luis\" \/>\n<meta property=\"og:description\" content=\"A trav\u00e9s del decreto 444\/2023, publicado este martes en el Bolet\u00edn Oficial, el Poder Ejecutivo...\" \/>\n<meta property=\"og:url\" content=\"https:\/\/apuntesdesanluis.com\/index.php\/2023\/09\/05\/el-gobierno-redujo-la-carga-tributaria-de-los-trabajadores-independientes\/\" \/>\n<meta property=\"og:site_name\" content=\"Apuntes de San Luis\" \/>\n<meta property=\"article:published_time\" content=\"2023-09-05T17:39:56+00:00\" \/>\n<meta property=\"og:image\" content=\"https:\/\/apuntesdesanluis.com\/wp-content\/uploads\/2023\/09\/monotributo.jpg\" \/>\n\t<meta property=\"og:image:width\" content=\"600\" \/>\n\t<meta property=\"og:image:height\" content=\"350\" \/>\n\t<meta property=\"og:image:type\" content=\"image\/jpeg\" \/>\n<meta name=\"author\" content=\"apuntesdesanluis.com\" \/>\n<meta name=\"twitter:card\" content=\"summary_large_image\" \/>\n<meta name=\"twitter:label1\" content=\"Escrito por\" \/>\n\t<meta name=\"twitter:data1\" content=\"apuntesdesanluis.com\" \/>\n\t<meta name=\"twitter:label2\" content=\"Tiempo de lectura\" \/>\n\t<meta name=\"twitter:data2\" content=\"2 minutos\" \/>\n<script type=\"application\/ld+json\" class=\"yoast-schema-graph\">{\"@context\":\"https:\/\/schema.org\",\"@graph\":[{\"@type\":\"Article\",\"@id\":\"https:\/\/apuntesdesanluis.com\/index.php\/2023\/09\/05\/el-gobierno-redujo-la-carga-tributaria-de-los-trabajadores-independientes\/#article\",\"isPartOf\":{\"@id\":\"https:\/\/apuntesdesanluis.com\/index.php\/2023\/09\/05\/el-gobierno-redujo-la-carga-tributaria-de-los-trabajadores-independientes\/\"},\"author\":{\"name\":\"apuntesdesanluis.com\",\"@id\":\"https:\/\/apuntesdesanluis.com\/#\/schema\/person\/b55151d52296fcce64d1a72538a70b90\"},\"headline\":\"EL GOBIERNO REDUJO LA CARGA TRIBUTARIA DE LOS TRABAJADORES INDEPENDIENTES\",\"datePublished\":\"2023-09-05T17:39:56+00:00\",\"mainEntityOfPage\":{\"@id\":\"https:\/\/apuntesdesanluis.com\/index.php\/2023\/09\/05\/el-gobierno-redujo-la-carga-tributaria-de-los-trabajadores-independientes\/\"},\"wordCount\":391,\"publisher\":{\"@id\":\"https:\/\/apuntesdesanluis.com\/#\/schema\/person\/b55151d52296fcce64d1a72538a70b90\"},\"image\":{\"@id\":\"https:\/\/apuntesdesanluis.com\/index.php\/2023\/09\/05\/el-gobierno-redujo-la-carga-tributaria-de-los-trabajadores-independientes\/#primaryimage\"},\"thumbnailUrl\":\"https:\/\/apuntesdesanluis.com\/wp-content\/uploads\/2023\/09\/monotributo.jpg\",\"articleSection\":[\"Nacionales\/Internacionales\"],\"inLanguage\":\"es-AR\"},{\"@type\":\"WebPage\",\"@id\":\"https:\/\/apuntesdesanluis.com\/index.php\/2023\/09\/05\/el-gobierno-redujo-la-carga-tributaria-de-los-trabajadores-independientes\/\",\"url\":\"https:\/\/apuntesdesanluis.com\/index.php\/2023\/09\/05\/el-gobierno-redujo-la-carga-tributaria-de-los-trabajadores-independientes\/\",\"name\":\"EL GOBIERNO REDUJO LA CARGA TRIBUTARIA DE LOS TRABAJADORES INDEPENDIENTES - Apuntes de San Luis\",\"isPartOf\":{\"@id\":\"https:\/\/apuntesdesanluis.com\/#website\"},\"primaryImageOfPage\":{\"@id\":\"https:\/\/apuntesdesanluis.com\/index.php\/2023\/09\/05\/el-gobierno-redujo-la-carga-tributaria-de-los-trabajadores-independientes\/#primaryimage\"},\"image\":{\"@id\":\"https:\/\/apuntesdesanluis.com\/index.php\/2023\/09\/05\/el-gobierno-redujo-la-carga-tributaria-de-los-trabajadores-independientes\/#primaryimage\"},\"thumbnailUrl\":\"https:\/\/apuntesdesanluis.com\/wp-content\/uploads\/2023\/09\/monotributo.jpg\",\"datePublished\":\"2023-09-05T17:39:56+00:00\",\"breadcrumb\":{\"@id\":\"https:\/\/apuntesdesanluis.com\/index.php\/2023\/09\/05\/el-gobierno-redujo-la-carga-tributaria-de-los-trabajadores-independientes\/#breadcrumb\"},\"inLanguage\":\"es-AR\",\"potentialAction\":[{\"@type\":\"ReadAction\",\"target\":[\"https:\/\/apuntesdesanluis.com\/index.php\/2023\/09\/05\/el-gobierno-redujo-la-carga-tributaria-de-los-trabajadores-independientes\/\"]}]},{\"@type\":\"ImageObject\",\"inLanguage\":\"es-AR\",\"@id\":\"https:\/\/apuntesdesanluis.com\/index.php\/2023\/09\/05\/el-gobierno-redujo-la-carga-tributaria-de-los-trabajadores-independientes\/#primaryimage\",\"url\":\"https:\/\/apuntesdesanluis.com\/wp-content\/uploads\/2023\/09\/monotributo.jpg\",\"contentUrl\":\"https:\/\/apuntesdesanluis.com\/wp-content\/uploads\/2023\/09\/monotributo.jpg\",\"width\":600,\"height\":350},{\"@type\":\"BreadcrumbList\",\"@id\":\"https:\/\/apuntesdesanluis.com\/index.php\/2023\/09\/05\/el-gobierno-redujo-la-carga-tributaria-de-los-trabajadores-independientes\/#breadcrumb\",\"itemListElement\":[{\"@type\":\"ListItem\",\"position\":1,\"name\":\"Inicio\",\"item\":\"https:\/\/apuntesdesanluis.com\/\"},{\"@type\":\"ListItem\",\"position\":2,\"name\":\"EL GOBIERNO REDUJO LA CARGA TRIBUTARIA DE LOS TRABAJADORES INDEPENDIENTES\"}]},{\"@type\":\"WebSite\",\"@id\":\"https:\/\/apuntesdesanluis.com\/#website\",\"url\":\"https:\/\/apuntesdesanluis.com\/\",\"name\":\"Apuntes de San Luis\",\"description\":\"\",\"publisher\":{\"@id\":\"https:\/\/apuntesdesanluis.com\/#\/schema\/person\/b55151d52296fcce64d1a72538a70b90\"},\"potentialAction\":[{\"@type\":\"SearchAction\",\"target\":{\"@type\":\"EntryPoint\",\"urlTemplate\":\"https:\/\/apuntesdesanluis.com\/?s={search_term_string}\"},\"query-input\":{\"@type\":\"PropertyValueSpecification\",\"valueRequired\":true,\"valueName\":\"search_term_string\"}}],\"inLanguage\":\"es-AR\"},{\"@type\":[\"Person\",\"Organization\"],\"@id\":\"https:\/\/apuntesdesanluis.com\/#\/schema\/person\/b55151d52296fcce64d1a72538a70b90\",\"name\":\"apuntesdesanluis.com\",\"image\":{\"@type\":\"ImageObject\",\"inLanguage\":\"es-AR\",\"@id\":\"https:\/\/apuntesdesanluis.com\/#\/schema\/person\/image\/\",\"url\":\"https:\/\/apuntesdesanluis.com\/wp-content\/uploads\/2023\/07\/cropped-apuntesdesanluis.png\",\"contentUrl\":\"https:\/\/apuntesdesanluis.com\/wp-content\/uploads\/2023\/07\/cropped-apuntesdesanluis.png\",\"width\":450,\"height\":112,\"caption\":\"apuntesdesanluis.com\"},\"logo\":{\"@id\":\"https:\/\/apuntesdesanluis.com\/#\/schema\/person\/image\/\"},\"sameAs\":[\"https:\/\/apuntesdesanluis.com\"],\"url\":\"https:\/\/apuntesdesanluis.com\/index.php\/author\/apuntesdesanluis-com\/\"}]}<\/script>\n<!-- \/ Yoast SEO plugin. -->","yoast_head_json":{"title":"EL GOBIERNO REDUJO LA CARGA TRIBUTARIA DE LOS TRABAJADORES INDEPENDIENTES - Apuntes de San Luis","robots":{"index":"index","follow":"follow","max-snippet":"max-snippet:-1","max-image-preview":"max-image-preview:large","max-video-preview":"max-video-preview:-1"},"canonical":"https:\/\/apuntesdesanluis.com\/index.php\/2023\/09\/05\/el-gobierno-redujo-la-carga-tributaria-de-los-trabajadores-independientes\/","og_locale":"es_ES","og_type":"article","og_title":"EL GOBIERNO REDUJO LA CARGA TRIBUTARIA DE LOS TRABAJADORES INDEPENDIENTES - Apuntes de San Luis","og_description":"A trav\u00e9s del decreto 444\/2023, publicado este martes en el Bolet\u00edn Oficial, el Poder Ejecutivo...","og_url":"https:\/\/apuntesdesanluis.com\/index.php\/2023\/09\/05\/el-gobierno-redujo-la-carga-tributaria-de-los-trabajadores-independientes\/","og_site_name":"Apuntes de San Luis","article_published_time":"2023-09-05T17:39:56+00:00","og_image":[{"width":600,"height":350,"url":"https:\/\/apuntesdesanluis.com\/wp-content\/uploads\/2023\/09\/monotributo.jpg","type":"image\/jpeg"}],"author":"apuntesdesanluis.com","twitter_card":"summary_large_image","twitter_misc":{"Escrito por":"apuntesdesanluis.com","Tiempo de lectura":"2 minutos"},"schema":{"@context":"https:\/\/schema.org","@graph":[{"@type":"Article","@id":"https:\/\/apuntesdesanluis.com\/index.php\/2023\/09\/05\/el-gobierno-redujo-la-carga-tributaria-de-los-trabajadores-independientes\/#article","isPartOf":{"@id":"https:\/\/apuntesdesanluis.com\/index.php\/2023\/09\/05\/el-gobierno-redujo-la-carga-tributaria-de-los-trabajadores-independientes\/"},"author":{"name":"apuntesdesanluis.com","@id":"https:\/\/apuntesdesanluis.com\/#\/schema\/person\/b55151d52296fcce64d1a72538a70b90"},"headline":"EL GOBIERNO REDUJO LA CARGA TRIBUTARIA DE LOS TRABAJADORES INDEPENDIENTES","datePublished":"2023-09-05T17:39:56+00:00","mainEntityOfPage":{"@id":"https:\/\/apuntesdesanluis.com\/index.php\/2023\/09\/05\/el-gobierno-redujo-la-carga-tributaria-de-los-trabajadores-independientes\/"},"wordCount":391,"publisher":{"@id":"https:\/\/apuntesdesanluis.com\/#\/schema\/person\/b55151d52296fcce64d1a72538a70b90"},"image":{"@id":"https:\/\/apuntesdesanluis.com\/index.php\/2023\/09\/05\/el-gobierno-redujo-la-carga-tributaria-de-los-trabajadores-independientes\/#primaryimage"},"thumbnailUrl":"https:\/\/apuntesdesanluis.com\/wp-content\/uploads\/2023\/09\/monotributo.jpg","articleSection":["Nacionales\/Internacionales"],"inLanguage":"es-AR"},{"@type":"WebPage","@id":"https:\/\/apuntesdesanluis.com\/index.php\/2023\/09\/05\/el-gobierno-redujo-la-carga-tributaria-de-los-trabajadores-independientes\/","url":"https:\/\/apuntesdesanluis.com\/index.php\/2023\/09\/05\/el-gobierno-redujo-la-carga-tributaria-de-los-trabajadores-independientes\/","name":"EL GOBIERNO REDUJO LA CARGA TRIBUTARIA DE LOS TRABAJADORES INDEPENDIENTES - Apuntes de San Luis","isPartOf":{"@id":"https:\/\/apuntesdesanluis.com\/#website"},"primaryImageOfPage":{"@id":"https:\/\/apuntesdesanluis.com\/index.php\/2023\/09\/05\/el-gobierno-redujo-la-carga-tributaria-de-los-trabajadores-independientes\/#primaryimage"},"image":{"@id":"https:\/\/apuntesdesanluis.com\/index.php\/2023\/09\/05\/el-gobierno-redujo-la-carga-tributaria-de-los-trabajadores-independientes\/#primaryimage"},"thumbnailUrl":"https:\/\/apuntesdesanluis.com\/wp-content\/uploads\/2023\/09\/monotributo.jpg","datePublished":"2023-09-05T17:39:56+00:00","breadcrumb":{"@id":"https:\/\/apuntesdesanluis.com\/index.php\/2023\/09\/05\/el-gobierno-redujo-la-carga-tributaria-de-los-trabajadores-independientes\/#breadcrumb"},"inLanguage":"es-AR","potentialAction":[{"@type":"ReadAction","target":["https:\/\/apuntesdesanluis.com\/index.php\/2023\/09\/05\/el-gobierno-redujo-la-carga-tributaria-de-los-trabajadores-independientes\/"]}]},{"@type":"ImageObject","inLanguage":"es-AR","@id":"https:\/\/apuntesdesanluis.com\/index.php\/2023\/09\/05\/el-gobierno-redujo-la-carga-tributaria-de-los-trabajadores-independientes\/#primaryimage","url":"https:\/\/apuntesdesanluis.com\/wp-content\/uploads\/2023\/09\/monotributo.jpg","contentUrl":"https:\/\/apuntesdesanluis.com\/wp-content\/uploads\/2023\/09\/monotributo.jpg","width":600,"height":350},{"@type":"BreadcrumbList","@id":"https:\/\/apuntesdesanluis.com\/index.php\/2023\/09\/05\/el-gobierno-redujo-la-carga-tributaria-de-los-trabajadores-independientes\/#breadcrumb","itemListElement":[{"@type":"ListItem","position":1,"name":"Inicio","item":"https:\/\/apuntesdesanluis.com\/"},{"@type":"ListItem","position":2,"name":"EL GOBIERNO REDUJO LA CARGA TRIBUTARIA DE LOS TRABAJADORES INDEPENDIENTES"}]},{"@type":"WebSite","@id":"https:\/\/apuntesdesanluis.com\/#website","url":"https:\/\/apuntesdesanluis.com\/","name":"Apuntes de San Luis","description":"","publisher":{"@id":"https:\/\/apuntesdesanluis.com\/#\/schema\/person\/b55151d52296fcce64d1a72538a70b90"},"potentialAction":[{"@type":"SearchAction","target":{"@type":"EntryPoint","urlTemplate":"https:\/\/apuntesdesanluis.com\/?s={search_term_string}"},"query-input":{"@type":"PropertyValueSpecification","valueRequired":true,"valueName":"search_term_string"}}],"inLanguage":"es-AR"},{"@type":["Person","Organization"],"@id":"https:\/\/apuntesdesanluis.com\/#\/schema\/person\/b55151d52296fcce64d1a72538a70b90","name":"apuntesdesanluis.com","image":{"@type":"ImageObject","inLanguage":"es-AR","@id":"https:\/\/apuntesdesanluis.com\/#\/schema\/person\/image\/","url":"https:\/\/apuntesdesanluis.com\/wp-content\/uploads\/2023\/07\/cropped-apuntesdesanluis.png","contentUrl":"https:\/\/apuntesdesanluis.com\/wp-content\/uploads\/2023\/07\/cropped-apuntesdesanluis.png","width":450,"height":112,"caption":"apuntesdesanluis.com"},"logo":{"@id":"https:\/\/apuntesdesanluis.com\/#\/schema\/person\/image\/"},"sameAs":["https:\/\/apuntesdesanluis.com"],"url":"https:\/\/apuntesdesanluis.com\/index.php\/author\/apuntesdesanluis-com\/"}]}},"featured_image_urls":{"full":["https:\/\/apuntesdesanluis.com\/wp-content\/uploads\/2023\/09\/monotributo.jpg",600,350,false],"thumbnail":["https:\/\/apuntesdesanluis.com\/wp-content\/uploads\/2023\/09\/monotributo-150x150.jpg",150,150,true],"medium":["https:\/\/apuntesdesanluis.com\/wp-content\/uploads\/2023\/09\/monotributo-300x175.jpg",300,175,true],"medium_large":["https:\/\/apuntesdesanluis.com\/wp-content\/uploads\/2023\/09\/monotributo.jpg",600,350,false],"large":["https:\/\/apuntesdesanluis.com\/wp-content\/uploads\/2023\/09\/monotributo.jpg",600,350,false],"1536x1536":["https:\/\/apuntesdesanluis.com\/wp-content\/uploads\/2023\/09\/monotributo.jpg",600,350,false],"2048x2048":["https:\/\/apuntesdesanluis.com\/wp-content\/uploads\/2023\/09\/monotributo.jpg",600,350,false],"newsever-slider-full":["https:\/\/apuntesdesanluis.com\/wp-content\/uploads\/2023\/09\/monotributo.jpg",600,350,false],"newsever-featured":["https:\/\/apuntesdesanluis.com\/wp-content\/uploads\/2023\/09\/monotributo.jpg",600,350,false],"newsever-medium":["https:\/\/apuntesdesanluis.com\/wp-content\/uploads\/2023\/09\/monotributo.jpg",600,350,false]},"author_info":{"display_name":"apuntesdesanluis.com","author_link":"https:\/\/apuntesdesanluis.com\/index.php\/author\/apuntesdesanluis-com\/"},"category_info":"<a href=\"https:\/\/apuntesdesanluis.com\/index.php\/category\/nacionales-internacionales\/\" rel=\"category tag\">Nacionales\/Internacionales<\/a>","tag_info":"Nacionales\/Internacionales","comment_count":"0","_links":{"self":[{"href":"https:\/\/apuntesdesanluis.com\/index.php\/wp-json\/wp\/v2\/posts\/2716","targetHints":{"allow":["GET"]}}],"collection":[{"href":"https:\/\/apuntesdesanluis.com\/index.php\/wp-json\/wp\/v2\/posts"}],"about":[{"href":"https:\/\/apuntesdesanluis.com\/index.php\/wp-json\/wp\/v2\/types\/post"}],"author":[{"embeddable":true,"href":"https:\/\/apuntesdesanluis.com\/index.php\/wp-json\/wp\/v2\/users\/1"}],"replies":[{"embeddable":true,"href":"https:\/\/apuntesdesanluis.com\/index.php\/wp-json\/wp\/v2\/comments?post=2716"}],"version-history":[{"count":1,"href":"https:\/\/apuntesdesanluis.com\/index.php\/wp-json\/wp\/v2\/posts\/2716\/revisions"}],"predecessor-version":[{"id":2718,"href":"https:\/\/apuntesdesanluis.com\/index.php\/wp-json\/wp\/v2\/posts\/2716\/revisions\/2718"}],"wp:featuredmedia":[{"embeddable":true,"href":"https:\/\/apuntesdesanluis.com\/index.php\/wp-json\/wp\/v2\/media\/2717"}],"wp:attachment":[{"href":"https:\/\/apuntesdesanluis.com\/index.php\/wp-json\/wp\/v2\/media?parent=2716"}],"wp:term":[{"taxonomy":"category","embeddable":true,"href":"https:\/\/apuntesdesanluis.com\/index.php\/wp-json\/wp\/v2\/categories?post=2716"},{"taxonomy":"post_tag","embeddable":true,"href":"https:\/\/apuntesdesanluis.com\/index.php\/wp-json\/wp\/v2\/tags?post=2716"}],"curies":[{"name":"wp","href":"https:\/\/api.w.org\/{rel}","templated":true}]}}