{"id":27165,"date":"2024-12-25T21:41:28","date_gmt":"2024-12-26T00:41:28","guid":{"rendered":"https:\/\/apuntesdesanluis.com\/?p=27165"},"modified":"2024-12-25T21:45:03","modified_gmt":"2024-12-26T00:45:03","slug":"azerbaiyan-declaro-luto-nacional-por-el-accidente-aereo-a-orillas-del-mar-caspio","status":"publish","type":"post","link":"https:\/\/apuntesdesanluis.com\/index.php\/2024\/12\/25\/azerbaiyan-declaro-luto-nacional-por-el-accidente-aereo-a-orillas-del-mar-caspio\/","title":{"rendered":"AZERBAIY\u00c1N DECLAR\u00d3 LUTO NACIONAL POR EL ACCIDENTE A\u00c9REO A ORILLAS DEL MAR CASPIO"},"content":{"rendered":"<h3>El avi\u00f3n, que iba de Bak\u00fa a Grozni, se estrell\u00f3 cerca del Mar Caspio. Murieron 38 personas.<\/h3>\n<h3>Azerbaij\u00e1n declar\u00f3 este mi\u00e9rcoles como d\u00eda nacional de luto para honrar a las v\u00edctimas del tr\u00e1gico accidente de un avi\u00f3n de pasajeros Embraer 190 que operaba un vuelo de Bak\u00fa a Grozni.<\/h3>\n<h3>El presidente de Azerbaij\u00e1n, Ilham Aliyev, firm\u00f3 la orden de acatar el d\u00eda de luto en respuesta a la tragedia ocurrida hoy a orillas del Mar Caspio.<\/h3>\n<h3>Aliyev, quien al momento del accidente se encontraba en el espacio a\u00e9reo de Rusia rumbo a San Petersburgo para participar en una cumbre, al ser informado del hecho orden\u00f3 que su vuelo regresara a su pa\u00eds.<\/h3>\n<h3>La aeronave con n\u00famero de vuelo J2-8243 se estrell\u00f3 cerca del aeropuerto de Aktau en Kazajist\u00e1n. Por su parte, el Ministerio de Situaciones de Emergencia kazajo report\u00f3 28 supervivientes, en tanto que contin\u00faa el rescate.<\/h3>\n<h3>A bordo del avi\u00f3n iban 67 personas, incluidos 62 pasajeros y cinco tripulantes, inform\u00f3 Azerbaijan Airlines en la red social X.<\/h3>\n<h3>Medios kazajos reportaron que entre los pasajeros a bordo hab\u00eda 37 ciudadanos de Azerbaiy\u00e1n, 16 de Rusia, seis de Kazajist\u00e1n y tres de Kirguist\u00e1n.<\/h3>\n<p>&nbsp;<\/p>\n<p>&nbsp;<\/p>\n<p>&nbsp;<\/p>\n<p>&nbsp;<\/p>\n<p>&nbsp;<\/p>\n<p>&nbsp;<\/p>\n","protected":false},"excerpt":{"rendered":"<p>El avi\u00f3n, que iba de Bak\u00fa a Grozni, se estrell\u00f3 cerca del Mar Caspio. Murieron&#8230;<\/p>\n","protected":false},"author":1,"featured_media":27166,"comment_status":"closed","ping_status":"closed","sticky":false,"template":"","format":"standard","meta":{"footnotes":""},"categories":[5],"tags":[],"class_list":["post-27165","post","type-post","status-publish","format-standard","has-post-thumbnail","hentry","category-nacionales-internacionales"],"yoast_head":"<!-- This site is optimized with the Yoast SEO plugin v26.1.1 - https:\/\/yoast.com\/wordpress\/plugins\/seo\/ -->\n<title>AZERBAIY\u00c1N DECLAR\u00d3 LUTO NACIONAL POR EL ACCIDENTE A\u00c9REO A ORILLAS DEL MAR CASPIO - Apuntes de San Luis<\/title>\n<meta name=\"robots\" content=\"index, follow, max-snippet:-1, max-image-preview:large, max-video-preview:-1\" \/>\n<link rel=\"canonical\" href=\"https:\/\/apuntesdesanluis.com\/index.php\/2024\/12\/25\/azerbaiyan-declaro-luto-nacional-por-el-accidente-aereo-a-orillas-del-mar-caspio\/\" \/>\n<meta property=\"og:locale\" content=\"es_ES\" \/>\n<meta property=\"og:type\" content=\"article\" \/>\n<meta property=\"og:title\" content=\"AZERBAIY\u00c1N DECLAR\u00d3 LUTO NACIONAL POR EL ACCIDENTE A\u00c9REO A ORILLAS DEL MAR CASPIO - Apuntes de San Luis\" \/>\n<meta property=\"og:description\" content=\"El avi\u00f3n, que iba de Bak\u00fa a Grozni, se estrell\u00f3 cerca del Mar Caspio. Murieron...\" \/>\n<meta property=\"og:url\" content=\"https:\/\/apuntesdesanluis.com\/index.php\/2024\/12\/25\/azerbaiyan-declaro-luto-nacional-por-el-accidente-aereo-a-orillas-del-mar-caspio\/\" \/>\n<meta property=\"og:site_name\" content=\"Apuntes de San Luis\" \/>\n<meta property=\"article:published_time\" content=\"2024-12-26T00:41:28+00:00\" \/>\n<meta property=\"article:modified_time\" content=\"2024-12-26T00:45:03+00:00\" \/>\n<meta property=\"og:image\" content=\"https:\/\/apuntesdesanluis.com\/wp-content\/uploads\/2024\/12\/AVION-CAIDO.png\" \/>\n\t<meta property=\"og:image:width\" content=\"868\" \/>\n\t<meta property=\"og:image:height\" content=\"537\" \/>\n\t<meta property=\"og:image:type\" content=\"image\/png\" \/>\n<meta name=\"author\" content=\"apuntesdesanluis.com\" \/>\n<meta name=\"twitter:card\" content=\"summary_large_image\" \/>\n<meta name=\"twitter:label1\" content=\"Escrito por\" \/>\n\t<meta name=\"twitter:data1\" content=\"apuntesdesanluis.com\" \/>\n\t<meta name=\"twitter:label2\" content=\"Tiempo de lectura\" \/>\n\t<meta name=\"twitter:data2\" content=\"2 minutos\" \/>\n<script type=\"application\/ld+json\" class=\"yoast-schema-graph\">{\"@context\":\"https:\/\/schema.org\",\"@graph\":[{\"@type\":\"Article\",\"@id\":\"https:\/\/apuntesdesanluis.com\/index.php\/2024\/12\/25\/azerbaiyan-declaro-luto-nacional-por-el-accidente-aereo-a-orillas-del-mar-caspio\/#article\",\"isPartOf\":{\"@id\":\"https:\/\/apuntesdesanluis.com\/index.php\/2024\/12\/25\/azerbaiyan-declaro-luto-nacional-por-el-accidente-aereo-a-orillas-del-mar-caspio\/\"},\"author\":{\"name\":\"apuntesdesanluis.com\",\"@id\":\"https:\/\/apuntesdesanluis.com\/#\/schema\/person\/b55151d52296fcce64d1a72538a70b90\"},\"headline\":\"AZERBAIY\u00c1N DECLAR\u00d3 LUTO NACIONAL POR EL ACCIDENTE A\u00c9REO A ORILLAS DEL MAR CASPIO\",\"datePublished\":\"2024-12-26T00:41:28+00:00\",\"dateModified\":\"2024-12-26T00:45:03+00:00\",\"mainEntityOfPage\":{\"@id\":\"https:\/\/apuntesdesanluis.com\/index.php\/2024\/12\/25\/azerbaiyan-declaro-luto-nacional-por-el-accidente-aereo-a-orillas-del-mar-caspio\/\"},\"wordCount\":226,\"publisher\":{\"@id\":\"https:\/\/apuntesdesanluis.com\/#\/schema\/person\/b55151d52296fcce64d1a72538a70b90\"},\"image\":{\"@id\":\"https:\/\/apuntesdesanluis.com\/index.php\/2024\/12\/25\/azerbaiyan-declaro-luto-nacional-por-el-accidente-aereo-a-orillas-del-mar-caspio\/#primaryimage\"},\"thumbnailUrl\":\"https:\/\/apuntesdesanluis.com\/wp-content\/uploads\/2024\/12\/AVION-CAIDO.png\",\"articleSection\":[\"Nacionales\/Internacionales\"],\"inLanguage\":\"es-AR\"},{\"@type\":\"WebPage\",\"@id\":\"https:\/\/apuntesdesanluis.com\/index.php\/2024\/12\/25\/azerbaiyan-declaro-luto-nacional-por-el-accidente-aereo-a-orillas-del-mar-caspio\/\",\"url\":\"https:\/\/apuntesdesanluis.com\/index.php\/2024\/12\/25\/azerbaiyan-declaro-luto-nacional-por-el-accidente-aereo-a-orillas-del-mar-caspio\/\",\"name\":\"AZERBAIY\u00c1N DECLAR\u00d3 LUTO NACIONAL POR EL ACCIDENTE A\u00c9REO A ORILLAS DEL MAR CASPIO - Apuntes de San Luis\",\"isPartOf\":{\"@id\":\"https:\/\/apuntesdesanluis.com\/#website\"},\"primaryImageOfPage\":{\"@id\":\"https:\/\/apuntesdesanluis.com\/index.php\/2024\/12\/25\/azerbaiyan-declaro-luto-nacional-por-el-accidente-aereo-a-orillas-del-mar-caspio\/#primaryimage\"},\"image\":{\"@id\":\"https:\/\/apuntesdesanluis.com\/index.php\/2024\/12\/25\/azerbaiyan-declaro-luto-nacional-por-el-accidente-aereo-a-orillas-del-mar-caspio\/#primaryimage\"},\"thumbnailUrl\":\"https:\/\/apuntesdesanluis.com\/wp-content\/uploads\/2024\/12\/AVION-CAIDO.png\",\"datePublished\":\"2024-12-26T00:41:28+00:00\",\"dateModified\":\"2024-12-26T00:45:03+00:00\",\"breadcrumb\":{\"@id\":\"https:\/\/apuntesdesanluis.com\/index.php\/2024\/12\/25\/azerbaiyan-declaro-luto-nacional-por-el-accidente-aereo-a-orillas-del-mar-caspio\/#breadcrumb\"},\"inLanguage\":\"es-AR\",\"potentialAction\":[{\"@type\":\"ReadAction\",\"target\":[\"https:\/\/apuntesdesanluis.com\/index.php\/2024\/12\/25\/azerbaiyan-declaro-luto-nacional-por-el-accidente-aereo-a-orillas-del-mar-caspio\/\"]}]},{\"@type\":\"ImageObject\",\"inLanguage\":\"es-AR\",\"@id\":\"https:\/\/apuntesdesanluis.com\/index.php\/2024\/12\/25\/azerbaiyan-declaro-luto-nacional-por-el-accidente-aereo-a-orillas-del-mar-caspio\/#primaryimage\",\"url\":\"https:\/\/apuntesdesanluis.com\/wp-content\/uploads\/2024\/12\/AVION-CAIDO.png\",\"contentUrl\":\"https:\/\/apuntesdesanluis.com\/wp-content\/uploads\/2024\/12\/AVION-CAIDO.png\",\"width\":868,\"height\":537},{\"@type\":\"BreadcrumbList\",\"@id\":\"https:\/\/apuntesdesanluis.com\/index.php\/2024\/12\/25\/azerbaiyan-declaro-luto-nacional-por-el-accidente-aereo-a-orillas-del-mar-caspio\/#breadcrumb\",\"itemListElement\":[{\"@type\":\"ListItem\",\"position\":1,\"name\":\"Inicio\",\"item\":\"https:\/\/apuntesdesanluis.com\/\"},{\"@type\":\"ListItem\",\"position\":2,\"name\":\"AZERBAIY\u00c1N DECLAR\u00d3 LUTO NACIONAL POR EL ACCIDENTE A\u00c9REO A ORILLAS DEL MAR CASPIO\"}]},{\"@type\":\"WebSite\",\"@id\":\"https:\/\/apuntesdesanluis.com\/#website\",\"url\":\"https:\/\/apuntesdesanluis.com\/\",\"name\":\"Apuntes de San Luis\",\"description\":\"\",\"publisher\":{\"@id\":\"https:\/\/apuntesdesanluis.com\/#\/schema\/person\/b55151d52296fcce64d1a72538a70b90\"},\"potentialAction\":[{\"@type\":\"SearchAction\",\"target\":{\"@type\":\"EntryPoint\",\"urlTemplate\":\"https:\/\/apuntesdesanluis.com\/?s={search_term_string}\"},\"query-input\":{\"@type\":\"PropertyValueSpecification\",\"valueRequired\":true,\"valueName\":\"search_term_string\"}}],\"inLanguage\":\"es-AR\"},{\"@type\":[\"Person\",\"Organization\"],\"@id\":\"https:\/\/apuntesdesanluis.com\/#\/schema\/person\/b55151d52296fcce64d1a72538a70b90\",\"name\":\"apuntesdesanluis.com\",\"image\":{\"@type\":\"ImageObject\",\"inLanguage\":\"es-AR\",\"@id\":\"https:\/\/apuntesdesanluis.com\/#\/schema\/person\/image\/\",\"url\":\"https:\/\/apuntesdesanluis.com\/wp-content\/uploads\/2023\/07\/cropped-apuntesdesanluis.png\",\"contentUrl\":\"https:\/\/apuntesdesanluis.com\/wp-content\/uploads\/2023\/07\/cropped-apuntesdesanluis.png\",\"width\":450,\"height\":112,\"caption\":\"apuntesdesanluis.com\"},\"logo\":{\"@id\":\"https:\/\/apuntesdesanluis.com\/#\/schema\/person\/image\/\"},\"sameAs\":[\"https:\/\/apuntesdesanluis.com\"],\"url\":\"https:\/\/apuntesdesanluis.com\/index.php\/author\/apuntesdesanluis-com\/\"}]}<\/script>\n<!-- \/ Yoast SEO plugin. -->","yoast_head_json":{"title":"AZERBAIY\u00c1N DECLAR\u00d3 LUTO NACIONAL POR EL ACCIDENTE A\u00c9REO A ORILLAS DEL MAR CASPIO - Apuntes de San Luis","robots":{"index":"index","follow":"follow","max-snippet":"max-snippet:-1","max-image-preview":"max-image-preview:large","max-video-preview":"max-video-preview:-1"},"canonical":"https:\/\/apuntesdesanluis.com\/index.php\/2024\/12\/25\/azerbaiyan-declaro-luto-nacional-por-el-accidente-aereo-a-orillas-del-mar-caspio\/","og_locale":"es_ES","og_type":"article","og_title":"AZERBAIY\u00c1N DECLAR\u00d3 LUTO NACIONAL POR EL ACCIDENTE A\u00c9REO A ORILLAS DEL MAR CASPIO - Apuntes de San Luis","og_description":"El avi\u00f3n, que iba de Bak\u00fa a Grozni, se estrell\u00f3 cerca del Mar Caspio. Murieron...","og_url":"https:\/\/apuntesdesanluis.com\/index.php\/2024\/12\/25\/azerbaiyan-declaro-luto-nacional-por-el-accidente-aereo-a-orillas-del-mar-caspio\/","og_site_name":"Apuntes de San Luis","article_published_time":"2024-12-26T00:41:28+00:00","article_modified_time":"2024-12-26T00:45:03+00:00","og_image":[{"width":868,"height":537,"url":"https:\/\/apuntesdesanluis.com\/wp-content\/uploads\/2024\/12\/AVION-CAIDO.png","type":"image\/png"}],"author":"apuntesdesanluis.com","twitter_card":"summary_large_image","twitter_misc":{"Escrito por":"apuntesdesanluis.com","Tiempo de lectura":"2 minutos"},"schema":{"@context":"https:\/\/schema.org","@graph":[{"@type":"Article","@id":"https:\/\/apuntesdesanluis.com\/index.php\/2024\/12\/25\/azerbaiyan-declaro-luto-nacional-por-el-accidente-aereo-a-orillas-del-mar-caspio\/#article","isPartOf":{"@id":"https:\/\/apuntesdesanluis.com\/index.php\/2024\/12\/25\/azerbaiyan-declaro-luto-nacional-por-el-accidente-aereo-a-orillas-del-mar-caspio\/"},"author":{"name":"apuntesdesanluis.com","@id":"https:\/\/apuntesdesanluis.com\/#\/schema\/person\/b55151d52296fcce64d1a72538a70b90"},"headline":"AZERBAIY\u00c1N DECLAR\u00d3 LUTO NACIONAL POR EL ACCIDENTE A\u00c9REO A ORILLAS DEL MAR CASPIO","datePublished":"2024-12-26T00:41:28+00:00","dateModified":"2024-12-26T00:45:03+00:00","mainEntityOfPage":{"@id":"https:\/\/apuntesdesanluis.com\/index.php\/2024\/12\/25\/azerbaiyan-declaro-luto-nacional-por-el-accidente-aereo-a-orillas-del-mar-caspio\/"},"wordCount":226,"publisher":{"@id":"https:\/\/apuntesdesanluis.com\/#\/schema\/person\/b55151d52296fcce64d1a72538a70b90"},"image":{"@id":"https:\/\/apuntesdesanluis.com\/index.php\/2024\/12\/25\/azerbaiyan-declaro-luto-nacional-por-el-accidente-aereo-a-orillas-del-mar-caspio\/#primaryimage"},"thumbnailUrl":"https:\/\/apuntesdesanluis.com\/wp-content\/uploads\/2024\/12\/AVION-CAIDO.png","articleSection":["Nacionales\/Internacionales"],"inLanguage":"es-AR"},{"@type":"WebPage","@id":"https:\/\/apuntesdesanluis.com\/index.php\/2024\/12\/25\/azerbaiyan-declaro-luto-nacional-por-el-accidente-aereo-a-orillas-del-mar-caspio\/","url":"https:\/\/apuntesdesanluis.com\/index.php\/2024\/12\/25\/azerbaiyan-declaro-luto-nacional-por-el-accidente-aereo-a-orillas-del-mar-caspio\/","name":"AZERBAIY\u00c1N DECLAR\u00d3 LUTO NACIONAL POR EL ACCIDENTE A\u00c9REO A ORILLAS DEL MAR CASPIO - Apuntes de San Luis","isPartOf":{"@id":"https:\/\/apuntesdesanluis.com\/#website"},"primaryImageOfPage":{"@id":"https:\/\/apuntesdesanluis.com\/index.php\/2024\/12\/25\/azerbaiyan-declaro-luto-nacional-por-el-accidente-aereo-a-orillas-del-mar-caspio\/#primaryimage"},"image":{"@id":"https:\/\/apuntesdesanluis.com\/index.php\/2024\/12\/25\/azerbaiyan-declaro-luto-nacional-por-el-accidente-aereo-a-orillas-del-mar-caspio\/#primaryimage"},"thumbnailUrl":"https:\/\/apuntesdesanluis.com\/wp-content\/uploads\/2024\/12\/AVION-CAIDO.png","datePublished":"2024-12-26T00:41:28+00:00","dateModified":"2024-12-26T00:45:03+00:00","breadcrumb":{"@id":"https:\/\/apuntesdesanluis.com\/index.php\/2024\/12\/25\/azerbaiyan-declaro-luto-nacional-por-el-accidente-aereo-a-orillas-del-mar-caspio\/#breadcrumb"},"inLanguage":"es-AR","potentialAction":[{"@type":"ReadAction","target":["https:\/\/apuntesdesanluis.com\/index.php\/2024\/12\/25\/azerbaiyan-declaro-luto-nacional-por-el-accidente-aereo-a-orillas-del-mar-caspio\/"]}]},{"@type":"ImageObject","inLanguage":"es-AR","@id":"https:\/\/apuntesdesanluis.com\/index.php\/2024\/12\/25\/azerbaiyan-declaro-luto-nacional-por-el-accidente-aereo-a-orillas-del-mar-caspio\/#primaryimage","url":"https:\/\/apuntesdesanluis.com\/wp-content\/uploads\/2024\/12\/AVION-CAIDO.png","contentUrl":"https:\/\/apuntesdesanluis.com\/wp-content\/uploads\/2024\/12\/AVION-CAIDO.png","width":868,"height":537},{"@type":"BreadcrumbList","@id":"https:\/\/apuntesdesanluis.com\/index.php\/2024\/12\/25\/azerbaiyan-declaro-luto-nacional-por-el-accidente-aereo-a-orillas-del-mar-caspio\/#breadcrumb","itemListElement":[{"@type":"ListItem","position":1,"name":"Inicio","item":"https:\/\/apuntesdesanluis.com\/"},{"@type":"ListItem","position":2,"name":"AZERBAIY\u00c1N DECLAR\u00d3 LUTO NACIONAL POR EL ACCIDENTE A\u00c9REO A ORILLAS DEL MAR CASPIO"}]},{"@type":"WebSite","@id":"https:\/\/apuntesdesanluis.com\/#website","url":"https:\/\/apuntesdesanluis.com\/","name":"Apuntes de San Luis","description":"","publisher":{"@id":"https:\/\/apuntesdesanluis.com\/#\/schema\/person\/b55151d52296fcce64d1a72538a70b90"},"potentialAction":[{"@type":"SearchAction","target":{"@type":"EntryPoint","urlTemplate":"https:\/\/apuntesdesanluis.com\/?s={search_term_string}"},"query-input":{"@type":"PropertyValueSpecification","valueRequired":true,"valueName":"search_term_string"}}],"inLanguage":"es-AR"},{"@type":["Person","Organization"],"@id":"https:\/\/apuntesdesanluis.com\/#\/schema\/person\/b55151d52296fcce64d1a72538a70b90","name":"apuntesdesanluis.com","image":{"@type":"ImageObject","inLanguage":"es-AR","@id":"https:\/\/apuntesdesanluis.com\/#\/schema\/person\/image\/","url":"https:\/\/apuntesdesanluis.com\/wp-content\/uploads\/2023\/07\/cropped-apuntesdesanluis.png","contentUrl":"https:\/\/apuntesdesanluis.com\/wp-content\/uploads\/2023\/07\/cropped-apuntesdesanluis.png","width":450,"height":112,"caption":"apuntesdesanluis.com"},"logo":{"@id":"https:\/\/apuntesdesanluis.com\/#\/schema\/person\/image\/"},"sameAs":["https:\/\/apuntesdesanluis.com"],"url":"https:\/\/apuntesdesanluis.com\/index.php\/author\/apuntesdesanluis-com\/"}]}},"featured_image_urls":{"full":["https:\/\/apuntesdesanluis.com\/wp-content\/uploads\/2024\/12\/AVION-CAIDO.png",868,537,false],"thumbnail":["https:\/\/apuntesdesanluis.com\/wp-content\/uploads\/2024\/12\/AVION-CAIDO-150x150.png",150,150,true],"medium":["https:\/\/apuntesdesanluis.com\/wp-content\/uploads\/2024\/12\/AVION-CAIDO-300x186.png",300,186,true],"medium_large":["https:\/\/apuntesdesanluis.com\/wp-content\/uploads\/2024\/12\/AVION-CAIDO-768x475.png",640,396,true],"large":["https:\/\/apuntesdesanluis.com\/wp-content\/uploads\/2024\/12\/AVION-CAIDO.png",640,396,false],"1536x1536":["https:\/\/apuntesdesanluis.com\/wp-content\/uploads\/2024\/12\/AVION-CAIDO.png",868,537,false],"2048x2048":["https:\/\/apuntesdesanluis.com\/wp-content\/uploads\/2024\/12\/AVION-CAIDO.png",868,537,false],"newsever-slider-full":["https:\/\/apuntesdesanluis.com\/wp-content\/uploads\/2024\/12\/AVION-CAIDO.png",868,537,false],"newsever-featured":["https:\/\/apuntesdesanluis.com\/wp-content\/uploads\/2024\/12\/AVION-CAIDO.png",868,537,false],"newsever-medium":["https:\/\/apuntesdesanluis.com\/wp-content\/uploads\/2024\/12\/AVION-CAIDO-720x475.png",720,475,true]},"author_info":{"display_name":"apuntesdesanluis.com","author_link":"https:\/\/apuntesdesanluis.com\/index.php\/author\/apuntesdesanluis-com\/"},"category_info":"<a href=\"https:\/\/apuntesdesanluis.com\/index.php\/category\/nacionales-internacionales\/\" rel=\"category tag\">Nacionales\/Internacionales<\/a>","tag_info":"Nacionales\/Internacionales","comment_count":"0","_links":{"self":[{"href":"https:\/\/apuntesdesanluis.com\/index.php\/wp-json\/wp\/v2\/posts\/27165","targetHints":{"allow":["GET"]}}],"collection":[{"href":"https:\/\/apuntesdesanluis.com\/index.php\/wp-json\/wp\/v2\/posts"}],"about":[{"href":"https:\/\/apuntesdesanluis.com\/index.php\/wp-json\/wp\/v2\/types\/post"}],"author":[{"embeddable":true,"href":"https:\/\/apuntesdesanluis.com\/index.php\/wp-json\/wp\/v2\/users\/1"}],"replies":[{"embeddable":true,"href":"https:\/\/apuntesdesanluis.com\/index.php\/wp-json\/wp\/v2\/comments?post=27165"}],"version-history":[{"count":2,"href":"https:\/\/apuntesdesanluis.com\/index.php\/wp-json\/wp\/v2\/posts\/27165\/revisions"}],"predecessor-version":[{"id":27168,"href":"https:\/\/apuntesdesanluis.com\/index.php\/wp-json\/wp\/v2\/posts\/27165\/revisions\/27168"}],"wp:featuredmedia":[{"embeddable":true,"href":"https:\/\/apuntesdesanluis.com\/index.php\/wp-json\/wp\/v2\/media\/27166"}],"wp:attachment":[{"href":"https:\/\/apuntesdesanluis.com\/index.php\/wp-json\/wp\/v2\/media?parent=27165"}],"wp:term":[{"taxonomy":"category","embeddable":true,"href":"https:\/\/apuntesdesanluis.com\/index.php\/wp-json\/wp\/v2\/categories?post=27165"},{"taxonomy":"post_tag","embeddable":true,"href":"https:\/\/apuntesdesanluis.com\/index.php\/wp-json\/wp\/v2\/tags?post=27165"}],"curies":[{"name":"wp","href":"https:\/\/api.w.org\/{rel}","templated":true}]}}