{"id":27183,"date":"2024-12-26T00:47:48","date_gmt":"2024-12-26T03:47:48","guid":{"rendered":"https:\/\/apuntesdesanluis.com\/?p=27183"},"modified":"2024-12-26T09:23:50","modified_gmt":"2024-12-26T12:23:50","slug":"un-hombre-provoco-panico-al-ingresar-armado-a-un-centrico-local-de-villa-mercedes","status":"publish","type":"post","link":"https:\/\/apuntesdesanluis.com\/index.php\/2024\/12\/26\/un-hombre-provoco-panico-al-ingresar-armado-a-un-centrico-local-de-villa-mercedes\/","title":{"rendered":"UN HOMBRE PROVOC\u00d3 P\u00c1NICO AL INGRESAR ARMADO A UN C\u00c9NTRICO LOCAL DE VILLA MERCEDES"},"content":{"rendered":"<h3>La tranquilidad nocturna de Villa Mercedes se vio violentamente interrumpida este mi\u00e9rcoles 25, cuando un hombre armado irrumpi\u00f3 en el restaurante \u201cIl Panino\u201d, ubicado en pleno coraz\u00f3n de la ciudad, en la intersecci\u00f3n de Lavalle y Salta.<\/h3>\n<h3>Eran cerca de las 22:20 horas cuando los primeros disparos resonaron en la zona. Testigos presenciales describen escenas de p\u00e1nico absoluto. \u201cEstaba en el local de enfrente y escuch\u00e9 los tiros. Enseguida vi a la gente correr y tirarse al piso\u201d, relat\u00f3 un vecino que presenci\u00f3 los hechos desde un comercio cercano.<\/h3>\n<h3>Un vecino dio el alerta a las fuerzas de seguridad, afirmando que en el interior del local un hombre mayor de edad ped\u00eda por la polic\u00eda diciendo que lo quer\u00edan apu\u00f1alar.<\/h3>\n<h3>Debido a esta situaci\u00f3n algunos clientes intentaron calmarlo, lo que llev\u00f3 a que el hombre empezara a romper vidrios y arrojar vasos y platos de las mesas del sal\u00f3n al piso.<\/h3>\n<h3>Una vez que la polic\u00eda tom\u00f3 el control de la situaci\u00f3n el hombre fue demorado y trasladado al Policl\u00ednico Regional para constatar lesiones.<\/h3>\n<h3>El Fiscal de Turno Dr. Olgu\u00edn Jos\u00e9, orden\u00f3 que se labren actuaciones \u201cAv. Da\u00f1os y Resistencia a la Autoridad&#8221;. Tras culminar con las diligencias de rigor se traslad\u00f3 al hombre, de apellido <strong>Ferreyra<\/strong>, de 33 a\u00f1os, a la Sub Cr\u00eda. 24, quedando alojado en el lugar por \u201cAv. Antecedentes y Medios de Vida\u201d.<\/h3>\n<div style=\"width: 640px;\" class=\"wp-video\"><!--[if lt IE 9]><script>document.createElement('video');<\/script><![endif]-->\n<video class=\"wp-video-shortcode\" id=\"video-27183-1\" width=\"640\" height=\"360\" preload=\"metadata\" controls=\"controls\"><source type=\"video\/mp4\" src=\"https:\/\/apuntesdesanluis.com\/wp-content\/uploads\/2024\/12\/AQOEh_GCnsiOlF-ftOUMgo-nf4is63wo5zBvi8li0z4usVmhy7LLKaMr-paLJ0tt-IPEQsCQKqjg8gbOVyfg0yaH.mp4?_=1\" \/><a href=\"https:\/\/apuntesdesanluis.com\/wp-content\/uploads\/2024\/12\/AQOEh_GCnsiOlF-ftOUMgo-nf4is63wo5zBvi8li0z4usVmhy7LLKaMr-paLJ0tt-IPEQsCQKqjg8gbOVyfg0yaH.mp4\">https:\/\/apuntesdesanluis.com\/wp-content\/uploads\/2024\/12\/AQOEh_GCnsiOlF-ftOUMgo-nf4is63wo5zBvi8li0z4usVmhy7LLKaMr-paLJ0tt-IPEQsCQKqjg8gbOVyfg0yaH.mp4<\/a><\/video><\/div>\n<h3>El parte policial no menciona la existencia de disparos ni armas, como indicaron algunas versiones.<\/h3>\n<p>&nbsp;<\/p>\n<h4><strong>Agradecimiento Im\u00e1genes: <span style=\"color: #3366ff;\">El Diario de Villa Mercedes.<\/span><\/strong><\/h4>\n<p>&nbsp;<\/p>\n<p>&nbsp;<\/p>\n<p>&nbsp;<\/p>\n<h3><\/h3>\n","protected":false},"excerpt":{"rendered":"<p>La tranquilidad nocturna de Villa Mercedes se vio violentamente interrumpida este mi\u00e9rcoles 25, cuando un&#8230;<\/p>\n","protected":false},"author":1,"featured_media":27184,"comment_status":"closed","ping_status":"closed","sticky":false,"template":"","format":"standard","meta":{"footnotes":""},"categories":[6],"tags":[],"class_list":["post-27183","post","type-post","status-publish","format-standard","has-post-thumbnail","hentry","category-ciudad-provincia"],"yoast_head":"<!-- This site is optimized with the Yoast SEO plugin v26.1.1 - https:\/\/yoast.com\/wordpress\/plugins\/seo\/ -->\n<title>UN HOMBRE PROVOC\u00d3 P\u00c1NICO AL INGRESAR ARMADO A UN C\u00c9NTRICO LOCAL DE VILLA MERCEDES - Apuntes de San Luis<\/title>\n<meta name=\"robots\" content=\"index, follow, max-snippet:-1, max-image-preview:large, max-video-preview:-1\" \/>\n<link rel=\"canonical\" href=\"https:\/\/apuntesdesanluis.com\/index.php\/2024\/12\/26\/un-hombre-provoco-panico-al-ingresar-armado-a-un-centrico-local-de-villa-mercedes\/\" \/>\n<meta property=\"og:locale\" content=\"es_ES\" \/>\n<meta property=\"og:type\" content=\"article\" \/>\n<meta property=\"og:title\" content=\"UN HOMBRE PROVOC\u00d3 P\u00c1NICO AL INGRESAR ARMADO A UN C\u00c9NTRICO LOCAL DE VILLA MERCEDES - Apuntes de San Luis\" \/>\n<meta property=\"og:description\" content=\"La tranquilidad nocturna de Villa Mercedes se vio violentamente interrumpida este mi\u00e9rcoles 25, cuando un...\" \/>\n<meta property=\"og:url\" content=\"https:\/\/apuntesdesanluis.com\/index.php\/2024\/12\/26\/un-hombre-provoco-panico-al-ingresar-armado-a-un-centrico-local-de-villa-mercedes\/\" \/>\n<meta property=\"og:site_name\" content=\"Apuntes de San Luis\" \/>\n<meta property=\"article:published_time\" content=\"2024-12-26T03:47:48+00:00\" \/>\n<meta property=\"article:modified_time\" content=\"2024-12-26T12:23:50+00:00\" \/>\n<meta property=\"og:image\" content=\"https:\/\/apuntesdesanluis.com\/wp-content\/uploads\/2024\/12\/il-panino.png\" \/>\n\t<meta property=\"og:image:width\" content=\"624\" \/>\n\t<meta property=\"og:image:height\" content=\"358\" \/>\n\t<meta property=\"og:image:type\" content=\"image\/png\" \/>\n<meta name=\"author\" content=\"apuntesdesanluis.com\" \/>\n<meta name=\"twitter:card\" content=\"summary_large_image\" \/>\n<meta name=\"twitter:label1\" content=\"Escrito por\" \/>\n\t<meta name=\"twitter:data1\" content=\"apuntesdesanluis.com\" \/>\n\t<meta name=\"twitter:label2\" content=\"Tiempo de lectura\" \/>\n\t<meta name=\"twitter:data2\" content=\"2 minutos\" \/>\n<script type=\"application\/ld+json\" class=\"yoast-schema-graph\">{\"@context\":\"https:\/\/schema.org\",\"@graph\":[{\"@type\":\"Article\",\"@id\":\"https:\/\/apuntesdesanluis.com\/index.php\/2024\/12\/26\/un-hombre-provoco-panico-al-ingresar-armado-a-un-centrico-local-de-villa-mercedes\/#article\",\"isPartOf\":{\"@id\":\"https:\/\/apuntesdesanluis.com\/index.php\/2024\/12\/26\/un-hombre-provoco-panico-al-ingresar-armado-a-un-centrico-local-de-villa-mercedes\/\"},\"author\":{\"name\":\"apuntesdesanluis.com\",\"@id\":\"https:\/\/apuntesdesanluis.com\/#\/schema\/person\/b55151d52296fcce64d1a72538a70b90\"},\"headline\":\"UN HOMBRE PROVOC\u00d3 P\u00c1NICO AL INGRESAR ARMADO A UN C\u00c9NTRICO LOCAL DE VILLA MERCEDES\",\"datePublished\":\"2024-12-26T03:47:48+00:00\",\"dateModified\":\"2024-12-26T12:23:50+00:00\",\"mainEntityOfPage\":{\"@id\":\"https:\/\/apuntesdesanluis.com\/index.php\/2024\/12\/26\/un-hombre-provoco-panico-al-ingresar-armado-a-un-centrico-local-de-villa-mercedes\/\"},\"wordCount\":306,\"publisher\":{\"@id\":\"https:\/\/apuntesdesanluis.com\/#\/schema\/person\/b55151d52296fcce64d1a72538a70b90\"},\"image\":{\"@id\":\"https:\/\/apuntesdesanluis.com\/index.php\/2024\/12\/26\/un-hombre-provoco-panico-al-ingresar-armado-a-un-centrico-local-de-villa-mercedes\/#primaryimage\"},\"thumbnailUrl\":\"https:\/\/apuntesdesanluis.com\/wp-content\/uploads\/2024\/12\/il-panino.png\",\"articleSection\":[\"Ciudad\/Provincia\"],\"inLanguage\":\"es-AR\"},{\"@type\":\"WebPage\",\"@id\":\"https:\/\/apuntesdesanluis.com\/index.php\/2024\/12\/26\/un-hombre-provoco-panico-al-ingresar-armado-a-un-centrico-local-de-villa-mercedes\/\",\"url\":\"https:\/\/apuntesdesanluis.com\/index.php\/2024\/12\/26\/un-hombre-provoco-panico-al-ingresar-armado-a-un-centrico-local-de-villa-mercedes\/\",\"name\":\"UN HOMBRE PROVOC\u00d3 P\u00c1NICO AL INGRESAR ARMADO A UN C\u00c9NTRICO LOCAL DE VILLA MERCEDES - Apuntes de San Luis\",\"isPartOf\":{\"@id\":\"https:\/\/apuntesdesanluis.com\/#website\"},\"primaryImageOfPage\":{\"@id\":\"https:\/\/apuntesdesanluis.com\/index.php\/2024\/12\/26\/un-hombre-provoco-panico-al-ingresar-armado-a-un-centrico-local-de-villa-mercedes\/#primaryimage\"},\"image\":{\"@id\":\"https:\/\/apuntesdesanluis.com\/index.php\/2024\/12\/26\/un-hombre-provoco-panico-al-ingresar-armado-a-un-centrico-local-de-villa-mercedes\/#primaryimage\"},\"thumbnailUrl\":\"https:\/\/apuntesdesanluis.com\/wp-content\/uploads\/2024\/12\/il-panino.png\",\"datePublished\":\"2024-12-26T03:47:48+00:00\",\"dateModified\":\"2024-12-26T12:23:50+00:00\",\"breadcrumb\":{\"@id\":\"https:\/\/apuntesdesanluis.com\/index.php\/2024\/12\/26\/un-hombre-provoco-panico-al-ingresar-armado-a-un-centrico-local-de-villa-mercedes\/#breadcrumb\"},\"inLanguage\":\"es-AR\",\"potentialAction\":[{\"@type\":\"ReadAction\",\"target\":[\"https:\/\/apuntesdesanluis.com\/index.php\/2024\/12\/26\/un-hombre-provoco-panico-al-ingresar-armado-a-un-centrico-local-de-villa-mercedes\/\"]}]},{\"@type\":\"ImageObject\",\"inLanguage\":\"es-AR\",\"@id\":\"https:\/\/apuntesdesanluis.com\/index.php\/2024\/12\/26\/un-hombre-provoco-panico-al-ingresar-armado-a-un-centrico-local-de-villa-mercedes\/#primaryimage\",\"url\":\"https:\/\/apuntesdesanluis.com\/wp-content\/uploads\/2024\/12\/il-panino.png\",\"contentUrl\":\"https:\/\/apuntesdesanluis.com\/wp-content\/uploads\/2024\/12\/il-panino.png\",\"width\":624,\"height\":358},{\"@type\":\"BreadcrumbList\",\"@id\":\"https:\/\/apuntesdesanluis.com\/index.php\/2024\/12\/26\/un-hombre-provoco-panico-al-ingresar-armado-a-un-centrico-local-de-villa-mercedes\/#breadcrumb\",\"itemListElement\":[{\"@type\":\"ListItem\",\"position\":1,\"name\":\"Inicio\",\"item\":\"https:\/\/apuntesdesanluis.com\/\"},{\"@type\":\"ListItem\",\"position\":2,\"name\":\"UN HOMBRE PROVOC\u00d3 P\u00c1NICO AL INGRESAR ARMADO A UN C\u00c9NTRICO LOCAL DE VILLA MERCEDES\"}]},{\"@type\":\"WebSite\",\"@id\":\"https:\/\/apuntesdesanluis.com\/#website\",\"url\":\"https:\/\/apuntesdesanluis.com\/\",\"name\":\"Apuntes de San Luis\",\"description\":\"\",\"publisher\":{\"@id\":\"https:\/\/apuntesdesanluis.com\/#\/schema\/person\/b55151d52296fcce64d1a72538a70b90\"},\"potentialAction\":[{\"@type\":\"SearchAction\",\"target\":{\"@type\":\"EntryPoint\",\"urlTemplate\":\"https:\/\/apuntesdesanluis.com\/?s={search_term_string}\"},\"query-input\":{\"@type\":\"PropertyValueSpecification\",\"valueRequired\":true,\"valueName\":\"search_term_string\"}}],\"inLanguage\":\"es-AR\"},{\"@type\":[\"Person\",\"Organization\"],\"@id\":\"https:\/\/apuntesdesanluis.com\/#\/schema\/person\/b55151d52296fcce64d1a72538a70b90\",\"name\":\"apuntesdesanluis.com\",\"image\":{\"@type\":\"ImageObject\",\"inLanguage\":\"es-AR\",\"@id\":\"https:\/\/apuntesdesanluis.com\/#\/schema\/person\/image\/\",\"url\":\"https:\/\/apuntesdesanluis.com\/wp-content\/uploads\/2023\/07\/cropped-apuntesdesanluis.png\",\"contentUrl\":\"https:\/\/apuntesdesanluis.com\/wp-content\/uploads\/2023\/07\/cropped-apuntesdesanluis.png\",\"width\":450,\"height\":112,\"caption\":\"apuntesdesanluis.com\"},\"logo\":{\"@id\":\"https:\/\/apuntesdesanluis.com\/#\/schema\/person\/image\/\"},\"sameAs\":[\"https:\/\/apuntesdesanluis.com\"],\"url\":\"https:\/\/apuntesdesanluis.com\/index.php\/author\/apuntesdesanluis-com\/\"}]}<\/script>\n<!-- \/ Yoast SEO plugin. -->","yoast_head_json":{"title":"UN HOMBRE PROVOC\u00d3 P\u00c1NICO AL INGRESAR ARMADO A UN C\u00c9NTRICO LOCAL DE VILLA MERCEDES - Apuntes de San Luis","robots":{"index":"index","follow":"follow","max-snippet":"max-snippet:-1","max-image-preview":"max-image-preview:large","max-video-preview":"max-video-preview:-1"},"canonical":"https:\/\/apuntesdesanluis.com\/index.php\/2024\/12\/26\/un-hombre-provoco-panico-al-ingresar-armado-a-un-centrico-local-de-villa-mercedes\/","og_locale":"es_ES","og_type":"article","og_title":"UN HOMBRE PROVOC\u00d3 P\u00c1NICO AL INGRESAR ARMADO A UN C\u00c9NTRICO LOCAL DE VILLA MERCEDES - Apuntes de San Luis","og_description":"La tranquilidad nocturna de Villa Mercedes se vio violentamente interrumpida este mi\u00e9rcoles 25, cuando un...","og_url":"https:\/\/apuntesdesanluis.com\/index.php\/2024\/12\/26\/un-hombre-provoco-panico-al-ingresar-armado-a-un-centrico-local-de-villa-mercedes\/","og_site_name":"Apuntes de San Luis","article_published_time":"2024-12-26T03:47:48+00:00","article_modified_time":"2024-12-26T12:23:50+00:00","og_image":[{"width":624,"height":358,"url":"https:\/\/apuntesdesanluis.com\/wp-content\/uploads\/2024\/12\/il-panino.png","type":"image\/png"}],"author":"apuntesdesanluis.com","twitter_card":"summary_large_image","twitter_misc":{"Escrito por":"apuntesdesanluis.com","Tiempo de lectura":"2 minutos"},"schema":{"@context":"https:\/\/schema.org","@graph":[{"@type":"Article","@id":"https:\/\/apuntesdesanluis.com\/index.php\/2024\/12\/26\/un-hombre-provoco-panico-al-ingresar-armado-a-un-centrico-local-de-villa-mercedes\/#article","isPartOf":{"@id":"https:\/\/apuntesdesanluis.com\/index.php\/2024\/12\/26\/un-hombre-provoco-panico-al-ingresar-armado-a-un-centrico-local-de-villa-mercedes\/"},"author":{"name":"apuntesdesanluis.com","@id":"https:\/\/apuntesdesanluis.com\/#\/schema\/person\/b55151d52296fcce64d1a72538a70b90"},"headline":"UN HOMBRE PROVOC\u00d3 P\u00c1NICO AL INGRESAR ARMADO A UN C\u00c9NTRICO LOCAL DE VILLA MERCEDES","datePublished":"2024-12-26T03:47:48+00:00","dateModified":"2024-12-26T12:23:50+00:00","mainEntityOfPage":{"@id":"https:\/\/apuntesdesanluis.com\/index.php\/2024\/12\/26\/un-hombre-provoco-panico-al-ingresar-armado-a-un-centrico-local-de-villa-mercedes\/"},"wordCount":306,"publisher":{"@id":"https:\/\/apuntesdesanluis.com\/#\/schema\/person\/b55151d52296fcce64d1a72538a70b90"},"image":{"@id":"https:\/\/apuntesdesanluis.com\/index.php\/2024\/12\/26\/un-hombre-provoco-panico-al-ingresar-armado-a-un-centrico-local-de-villa-mercedes\/#primaryimage"},"thumbnailUrl":"https:\/\/apuntesdesanluis.com\/wp-content\/uploads\/2024\/12\/il-panino.png","articleSection":["Ciudad\/Provincia"],"inLanguage":"es-AR"},{"@type":"WebPage","@id":"https:\/\/apuntesdesanluis.com\/index.php\/2024\/12\/26\/un-hombre-provoco-panico-al-ingresar-armado-a-un-centrico-local-de-villa-mercedes\/","url":"https:\/\/apuntesdesanluis.com\/index.php\/2024\/12\/26\/un-hombre-provoco-panico-al-ingresar-armado-a-un-centrico-local-de-villa-mercedes\/","name":"UN HOMBRE PROVOC\u00d3 P\u00c1NICO AL INGRESAR ARMADO A UN C\u00c9NTRICO LOCAL DE VILLA MERCEDES - Apuntes de San Luis","isPartOf":{"@id":"https:\/\/apuntesdesanluis.com\/#website"},"primaryImageOfPage":{"@id":"https:\/\/apuntesdesanluis.com\/index.php\/2024\/12\/26\/un-hombre-provoco-panico-al-ingresar-armado-a-un-centrico-local-de-villa-mercedes\/#primaryimage"},"image":{"@id":"https:\/\/apuntesdesanluis.com\/index.php\/2024\/12\/26\/un-hombre-provoco-panico-al-ingresar-armado-a-un-centrico-local-de-villa-mercedes\/#primaryimage"},"thumbnailUrl":"https:\/\/apuntesdesanluis.com\/wp-content\/uploads\/2024\/12\/il-panino.png","datePublished":"2024-12-26T03:47:48+00:00","dateModified":"2024-12-26T12:23:50+00:00","breadcrumb":{"@id":"https:\/\/apuntesdesanluis.com\/index.php\/2024\/12\/26\/un-hombre-provoco-panico-al-ingresar-armado-a-un-centrico-local-de-villa-mercedes\/#breadcrumb"},"inLanguage":"es-AR","potentialAction":[{"@type":"ReadAction","target":["https:\/\/apuntesdesanluis.com\/index.php\/2024\/12\/26\/un-hombre-provoco-panico-al-ingresar-armado-a-un-centrico-local-de-villa-mercedes\/"]}]},{"@type":"ImageObject","inLanguage":"es-AR","@id":"https:\/\/apuntesdesanluis.com\/index.php\/2024\/12\/26\/un-hombre-provoco-panico-al-ingresar-armado-a-un-centrico-local-de-villa-mercedes\/#primaryimage","url":"https:\/\/apuntesdesanluis.com\/wp-content\/uploads\/2024\/12\/il-panino.png","contentUrl":"https:\/\/apuntesdesanluis.com\/wp-content\/uploads\/2024\/12\/il-panino.png","width":624,"height":358},{"@type":"BreadcrumbList","@id":"https:\/\/apuntesdesanluis.com\/index.php\/2024\/12\/26\/un-hombre-provoco-panico-al-ingresar-armado-a-un-centrico-local-de-villa-mercedes\/#breadcrumb","itemListElement":[{"@type":"ListItem","position":1,"name":"Inicio","item":"https:\/\/apuntesdesanluis.com\/"},{"@type":"ListItem","position":2,"name":"UN HOMBRE PROVOC\u00d3 P\u00c1NICO AL INGRESAR ARMADO A UN C\u00c9NTRICO LOCAL DE VILLA MERCEDES"}]},{"@type":"WebSite","@id":"https:\/\/apuntesdesanluis.com\/#website","url":"https:\/\/apuntesdesanluis.com\/","name":"Apuntes de San Luis","description":"","publisher":{"@id":"https:\/\/apuntesdesanluis.com\/#\/schema\/person\/b55151d52296fcce64d1a72538a70b90"},"potentialAction":[{"@type":"SearchAction","target":{"@type":"EntryPoint","urlTemplate":"https:\/\/apuntesdesanluis.com\/?s={search_term_string}"},"query-input":{"@type":"PropertyValueSpecification","valueRequired":true,"valueName":"search_term_string"}}],"inLanguage":"es-AR"},{"@type":["Person","Organization"],"@id":"https:\/\/apuntesdesanluis.com\/#\/schema\/person\/b55151d52296fcce64d1a72538a70b90","name":"apuntesdesanluis.com","image":{"@type":"ImageObject","inLanguage":"es-AR","@id":"https:\/\/apuntesdesanluis.com\/#\/schema\/person\/image\/","url":"https:\/\/apuntesdesanluis.com\/wp-content\/uploads\/2023\/07\/cropped-apuntesdesanluis.png","contentUrl":"https:\/\/apuntesdesanluis.com\/wp-content\/uploads\/2023\/07\/cropped-apuntesdesanluis.png","width":450,"height":112,"caption":"apuntesdesanluis.com"},"logo":{"@id":"https:\/\/apuntesdesanluis.com\/#\/schema\/person\/image\/"},"sameAs":["https:\/\/apuntesdesanluis.com"],"url":"https:\/\/apuntesdesanluis.com\/index.php\/author\/apuntesdesanluis-com\/"}]}},"featured_image_urls":{"full":["https:\/\/apuntesdesanluis.com\/wp-content\/uploads\/2024\/12\/il-panino.png",624,358,false],"thumbnail":["https:\/\/apuntesdesanluis.com\/wp-content\/uploads\/2024\/12\/il-panino-150x150.png",150,150,true],"medium":["https:\/\/apuntesdesanluis.com\/wp-content\/uploads\/2024\/12\/il-panino-300x172.png",300,172,true],"medium_large":["https:\/\/apuntesdesanluis.com\/wp-content\/uploads\/2024\/12\/il-panino.png",624,358,false],"large":["https:\/\/apuntesdesanluis.com\/wp-content\/uploads\/2024\/12\/il-panino.png",624,358,false],"1536x1536":["https:\/\/apuntesdesanluis.com\/wp-content\/uploads\/2024\/12\/il-panino.png",624,358,false],"2048x2048":["https:\/\/apuntesdesanluis.com\/wp-content\/uploads\/2024\/12\/il-panino.png",624,358,false],"newsever-slider-full":["https:\/\/apuntesdesanluis.com\/wp-content\/uploads\/2024\/12\/il-panino.png",624,358,false],"newsever-featured":["https:\/\/apuntesdesanluis.com\/wp-content\/uploads\/2024\/12\/il-panino.png",624,358,false],"newsever-medium":["https:\/\/apuntesdesanluis.com\/wp-content\/uploads\/2024\/12\/il-panino.png",624,358,false]},"author_info":{"display_name":"apuntesdesanluis.com","author_link":"https:\/\/apuntesdesanluis.com\/index.php\/author\/apuntesdesanluis-com\/"},"category_info":"<a href=\"https:\/\/apuntesdesanluis.com\/index.php\/category\/ciudad-provincia\/\" rel=\"category tag\">Ciudad\/Provincia<\/a>","tag_info":"Ciudad\/Provincia","comment_count":"0","_links":{"self":[{"href":"https:\/\/apuntesdesanluis.com\/index.php\/wp-json\/wp\/v2\/posts\/27183","targetHints":{"allow":["GET"]}}],"collection":[{"href":"https:\/\/apuntesdesanluis.com\/index.php\/wp-json\/wp\/v2\/posts"}],"about":[{"href":"https:\/\/apuntesdesanluis.com\/index.php\/wp-json\/wp\/v2\/types\/post"}],"author":[{"embeddable":true,"href":"https:\/\/apuntesdesanluis.com\/index.php\/wp-json\/wp\/v2\/users\/1"}],"replies":[{"embeddable":true,"href":"https:\/\/apuntesdesanluis.com\/index.php\/wp-json\/wp\/v2\/comments?post=27183"}],"version-history":[{"count":5,"href":"https:\/\/apuntesdesanluis.com\/index.php\/wp-json\/wp\/v2\/posts\/27183\/revisions"}],"predecessor-version":[{"id":27191,"href":"https:\/\/apuntesdesanluis.com\/index.php\/wp-json\/wp\/v2\/posts\/27183\/revisions\/27191"}],"wp:featuredmedia":[{"embeddable":true,"href":"https:\/\/apuntesdesanluis.com\/index.php\/wp-json\/wp\/v2\/media\/27184"}],"wp:attachment":[{"href":"https:\/\/apuntesdesanluis.com\/index.php\/wp-json\/wp\/v2\/media?parent=27183"}],"wp:term":[{"taxonomy":"category","embeddable":true,"href":"https:\/\/apuntesdesanluis.com\/index.php\/wp-json\/wp\/v2\/categories?post=27183"},{"taxonomy":"post_tag","embeddable":true,"href":"https:\/\/apuntesdesanluis.com\/index.php\/wp-json\/wp\/v2\/tags?post=27183"}],"curies":[{"name":"wp","href":"https:\/\/api.w.org\/{rel}","templated":true}]}}