{"id":272,"date":"2023-07-23T18:21:10","date_gmt":"2023-07-23T21:21:10","guid":{"rendered":"https:\/\/apuntesdesanluis.com\/?p=272"},"modified":"2023-07-23T18:21:10","modified_gmt":"2023-07-23T21:21:10","slug":"principio-de-acuerdo-tecnico-entre-argentina-y-el-fmi","status":"publish","type":"post","link":"https:\/\/apuntesdesanluis.com\/index.php\/2023\/07\/23\/principio-de-acuerdo-tecnico-entre-argentina-y-el-fmi\/","title":{"rendered":"PRINCIPIO DE ACUERDO T\u00c9CNICO ENTRE ARGENTINA Y EL FMI"},"content":{"rendered":"<h3>Tras intensas negociaciones, el Palacio de Hacienda finalmente logr\u00f3 un entendimiento con el Fondo Monetario Internacional (FMI) para avanzar en la revisi\u00f3n del programa argentino y obtener los desembolsos previstos para el segundo semestre del a\u00f1o.<\/h3>\n<h3>Mediante una comunicaci\u00f3n conjunta, v\u00eda redes sociales, tanto las autoridades argentinas como el organismo informaron que \u201clos equipos del Ministerio de Econom\u00eda y Banco Central de Argentina y el Staff del FMI han finalizado lo aspectos medulares del trabajo t\u00e9cnico de la pr\u00f3xima revisi\u00f3n\u201d.<\/h3>\n<h3>La declaraci\u00f3n tambi\u00e9n se\u00f1ala que \u201cse han acordados los objetivos y par\u00e1metros centrales que ser\u00e1n la base para un \u201cStaff Level Agreement\u201d (acuerdo t\u00e9cnico) que se espera finalizar en los pr\u00f3ximos d\u00edas para luego avanzar hacia la revisi\u00f3n del programa de Argentina\u201d.<\/h3>\n<h3>ACUERDO T\u00c9CNICO<\/h3>\n<h3>Sentadas las bases para la reformulaci\u00f3n, la letra final del acuerdo t\u00e9cnico se completar\u00eda en los pr\u00f3ximos d\u00edas de manera virtual entre Washington y Buenos Aires. Se espera que pueda conocerse el entendimiento hacia el mi\u00e9rcoles o jueves de esta semana, seg\u00fan fuentes cercanas a la negociaci\u00f3n.<\/h3>\n<h3>La comunicaci\u00f3n via redes sociales reconoce las desfavorables condiciones por las que atraviesa la econom\u00eda argentina como consecuencia de la sequ\u00eda que redujo en cerca de u$s 20.000 millones los ingresos por exportaciones agropecuarias. Se\u00f1ala que el acuerdo \u201cbusca consolidar el orden fiscal y fortalecer las reservas reconociendo el fuerte impacto de la sequ\u00eda, el da\u00f1o a las exportaciones y los ingresos fiscales del pa\u00eds\u201d.<\/h3>\n<h3>Para alcanzar el entendimiento se realizaron numerosas gestiones tanto por parte de la delegaci\u00f3n del Ministerio de Econom\u00eda que viaj\u00f3 a Estados Unidos como del titular de la cartera, Sergio Massa, que estuvo negociando hasta \u00faltima hora del s\u00e1bado, seg\u00fan pudo saberse.<\/h3>\n<h3>En medios oficiales se se\u00f1ala que la intervenci\u00f3n tanto de la Casa Blanca como del Congreso de los Estados Unidos fue determinante para encarrilar las conversaciones.<\/h3>\n<h3>El acuerdo alcanzado permitir\u00e1 en lo inmediato destrabar unos u$s 4.000 millones en desembolsos previstos para fines de junio y que no fueron girados por los incumplimientos del pa\u00eds con las metas acordadas antes del impacto de la sequ\u00eda. En el primer semestre del a\u00f1o, la Argentina no pudo alcanzar las metas de acumulaci\u00f3n de reservas, d\u00e9ficit fiscal y financiamiento monetario del d\u00e9ficit.<\/h3>\n<h3>El avance en la negociaci\u00f3n llega en un momento clave ya que sobre fin de mes se deben realizar pagos por unos u$s2.700 millones en un momento de fragilidad externa.<\/h3>\n<h3>El Banco Central viene acumulando 7 semanas consecutivas de ventas netas en el mercado de cambios. En lo que va del mes el BCRA se desprendi\u00f3 de u$s1.400 millones y de u$s 4.400 millones en el a\u00f1o.<\/h3>\n<h3>Las reservas netas se ubican en terreno negativo en u$s 7.900 millones, seg\u00fan calcula Ecolatina.<\/h3>\n<h3>MEDIDAS<\/h3>\n<h3>A partir de este entendimiento, se espera que en las pr\u00f3ximas horas el Ministerio de Econom\u00eda d\u00e9 a conocer un conjunto de medidas.<\/h3>\n<h3>En principio, y seg\u00fan pudo saber \u00c1mbito de una alta fuente oficial, se anunciar\u00e1 un d\u00f3lar diferencial para las econom\u00edas regionales y el ma\u00edz. Este beneficio ser\u00e1 para solo aquellos cupos de exportaci\u00f3n y no para el mercado interno. El valor de este d\u00f3lar agro se estima podr\u00eda rondar los $350, pero no hubo confirmaci\u00f3n oficial al respecto.<\/h3>\n<h3>Asimismo, se establecer\u00e1 el Impuesto PAIS a las importaciones referidas a servicios y productos suntuarios, pero estar\u00e1n exceptuados de este tipo de cambio, los productos que se destinan a la canasta b\u00e1sica y los sectores vinculados a la energ\u00eda. Tambi\u00e9n, aquellos que exportan y tambi\u00e9n importan si pagan sus importaciones con las exportaciones no pagaran ni IVA ni el impuesto Pa\u00eds.<\/h3>\n<h3>\u201cEl objetivo de estas medidas es el fortalecer reservas y mejorar la recaudaci\u00f3n impositiva\u201d, explico a este diario una alta fuente del Palacio de Hacienda.<\/h3>\n<h3>Resta conocer si el FMI enviar\u00e1 desembolsos anticipados por unos 8.500 millones de d\u00f3lares. Asimismo, en cuanto se estipular\u00e1 la meta de d\u00e9ficit fiscal (el actual acuerdo la prev\u00e9 un desequilibro primario de 1.9% del PBI) y la meta de acumulaci\u00f3n de reservas.<\/h3>\n","protected":false},"excerpt":{"rendered":"<p>Tras intensas negociaciones, el Palacio de Hacienda finalmente logr\u00f3 un entendimiento con el Fondo Monetario&#8230;<\/p>\n","protected":false},"author":1,"featured_media":273,"comment_status":"closed","ping_status":"closed","sticky":false,"template":"","format":"standard","meta":{"footnotes":""},"categories":[5],"tags":[],"class_list":["post-272","post","type-post","status-publish","format-standard","has-post-thumbnail","hentry","category-nacionales-internacionales"],"yoast_head":"<!-- This site is optimized with the Yoast SEO plugin v26.1.1 - https:\/\/yoast.com\/wordpress\/plugins\/seo\/ -->\n<title>PRINCIPIO DE ACUERDO T\u00c9CNICO ENTRE ARGENTINA Y EL FMI - Apuntes de San Luis<\/title>\n<meta name=\"robots\" content=\"index, follow, max-snippet:-1, max-image-preview:large, max-video-preview:-1\" \/>\n<link rel=\"canonical\" href=\"https:\/\/apuntesdesanluis.com\/index.php\/2023\/07\/23\/principio-de-acuerdo-tecnico-entre-argentina-y-el-fmi\/\" \/>\n<meta property=\"og:locale\" content=\"es_ES\" \/>\n<meta property=\"og:type\" content=\"article\" \/>\n<meta property=\"og:title\" content=\"PRINCIPIO DE ACUERDO T\u00c9CNICO ENTRE ARGENTINA Y EL FMI - Apuntes de San Luis\" \/>\n<meta property=\"og:description\" content=\"Tras intensas negociaciones, el Palacio de Hacienda finalmente logr\u00f3 un entendimiento con el Fondo Monetario...\" \/>\n<meta property=\"og:url\" content=\"https:\/\/apuntesdesanluis.com\/index.php\/2023\/07\/23\/principio-de-acuerdo-tecnico-entre-argentina-y-el-fmi\/\" \/>\n<meta property=\"og:site_name\" content=\"Apuntes de San Luis\" \/>\n<meta property=\"article:published_time\" content=\"2023-07-23T21:21:10+00:00\" \/>\n<meta property=\"og:image\" content=\"https:\/\/apuntesdesanluis.com\/wp-content\/uploads\/2023\/07\/massa.png\" \/>\n\t<meta property=\"og:image:width\" content=\"852\" \/>\n\t<meta property=\"og:image:height\" content=\"535\" \/>\n\t<meta property=\"og:image:type\" content=\"image\/png\" \/>\n<meta name=\"author\" content=\"apuntesdesanluis.com\" \/>\n<meta name=\"twitter:card\" content=\"summary_large_image\" \/>\n<meta name=\"twitter:label1\" content=\"Escrito por\" \/>\n\t<meta name=\"twitter:data1\" content=\"apuntesdesanluis.com\" \/>\n\t<meta name=\"twitter:label2\" content=\"Tiempo de lectura\" \/>\n\t<meta name=\"twitter:data2\" content=\"4 minutos\" \/>\n<script type=\"application\/ld+json\" class=\"yoast-schema-graph\">{\"@context\":\"https:\/\/schema.org\",\"@graph\":[{\"@type\":\"Article\",\"@id\":\"https:\/\/apuntesdesanluis.com\/index.php\/2023\/07\/23\/principio-de-acuerdo-tecnico-entre-argentina-y-el-fmi\/#article\",\"isPartOf\":{\"@id\":\"https:\/\/apuntesdesanluis.com\/index.php\/2023\/07\/23\/principio-de-acuerdo-tecnico-entre-argentina-y-el-fmi\/\"},\"author\":{\"name\":\"apuntesdesanluis.com\",\"@id\":\"https:\/\/apuntesdesanluis.com\/#\/schema\/person\/b55151d52296fcce64d1a72538a70b90\"},\"headline\":\"PRINCIPIO DE ACUERDO T\u00c9CNICO ENTRE ARGENTINA Y EL FMI\",\"datePublished\":\"2023-07-23T21:21:10+00:00\",\"mainEntityOfPage\":{\"@id\":\"https:\/\/apuntesdesanluis.com\/index.php\/2023\/07\/23\/principio-de-acuerdo-tecnico-entre-argentina-y-el-fmi\/\"},\"wordCount\":736,\"publisher\":{\"@id\":\"https:\/\/apuntesdesanluis.com\/#\/schema\/person\/b55151d52296fcce64d1a72538a70b90\"},\"image\":{\"@id\":\"https:\/\/apuntesdesanluis.com\/index.php\/2023\/07\/23\/principio-de-acuerdo-tecnico-entre-argentina-y-el-fmi\/#primaryimage\"},\"thumbnailUrl\":\"https:\/\/apuntesdesanluis.com\/wp-content\/uploads\/2023\/07\/massa.png\",\"articleSection\":[\"Nacionales\/Internacionales\"],\"inLanguage\":\"es-AR\"},{\"@type\":\"WebPage\",\"@id\":\"https:\/\/apuntesdesanluis.com\/index.php\/2023\/07\/23\/principio-de-acuerdo-tecnico-entre-argentina-y-el-fmi\/\",\"url\":\"https:\/\/apuntesdesanluis.com\/index.php\/2023\/07\/23\/principio-de-acuerdo-tecnico-entre-argentina-y-el-fmi\/\",\"name\":\"PRINCIPIO DE ACUERDO T\u00c9CNICO ENTRE ARGENTINA Y EL FMI - Apuntes de San Luis\",\"isPartOf\":{\"@id\":\"https:\/\/apuntesdesanluis.com\/#website\"},\"primaryImageOfPage\":{\"@id\":\"https:\/\/apuntesdesanluis.com\/index.php\/2023\/07\/23\/principio-de-acuerdo-tecnico-entre-argentina-y-el-fmi\/#primaryimage\"},\"image\":{\"@id\":\"https:\/\/apuntesdesanluis.com\/index.php\/2023\/07\/23\/principio-de-acuerdo-tecnico-entre-argentina-y-el-fmi\/#primaryimage\"},\"thumbnailUrl\":\"https:\/\/apuntesdesanluis.com\/wp-content\/uploads\/2023\/07\/massa.png\",\"datePublished\":\"2023-07-23T21:21:10+00:00\",\"breadcrumb\":{\"@id\":\"https:\/\/apuntesdesanluis.com\/index.php\/2023\/07\/23\/principio-de-acuerdo-tecnico-entre-argentina-y-el-fmi\/#breadcrumb\"},\"inLanguage\":\"es-AR\",\"potentialAction\":[{\"@type\":\"ReadAction\",\"target\":[\"https:\/\/apuntesdesanluis.com\/index.php\/2023\/07\/23\/principio-de-acuerdo-tecnico-entre-argentina-y-el-fmi\/\"]}]},{\"@type\":\"ImageObject\",\"inLanguage\":\"es-AR\",\"@id\":\"https:\/\/apuntesdesanluis.com\/index.php\/2023\/07\/23\/principio-de-acuerdo-tecnico-entre-argentina-y-el-fmi\/#primaryimage\",\"url\":\"https:\/\/apuntesdesanluis.com\/wp-content\/uploads\/2023\/07\/massa.png\",\"contentUrl\":\"https:\/\/apuntesdesanluis.com\/wp-content\/uploads\/2023\/07\/massa.png\",\"width\":852,\"height\":535},{\"@type\":\"BreadcrumbList\",\"@id\":\"https:\/\/apuntesdesanluis.com\/index.php\/2023\/07\/23\/principio-de-acuerdo-tecnico-entre-argentina-y-el-fmi\/#breadcrumb\",\"itemListElement\":[{\"@type\":\"ListItem\",\"position\":1,\"name\":\"Inicio\",\"item\":\"https:\/\/apuntesdesanluis.com\/\"},{\"@type\":\"ListItem\",\"position\":2,\"name\":\"PRINCIPIO DE ACUERDO T\u00c9CNICO ENTRE ARGENTINA Y EL FMI\"}]},{\"@type\":\"WebSite\",\"@id\":\"https:\/\/apuntesdesanluis.com\/#website\",\"url\":\"https:\/\/apuntesdesanluis.com\/\",\"name\":\"Apuntes de San Luis\",\"description\":\"\",\"publisher\":{\"@id\":\"https:\/\/apuntesdesanluis.com\/#\/schema\/person\/b55151d52296fcce64d1a72538a70b90\"},\"potentialAction\":[{\"@type\":\"SearchAction\",\"target\":{\"@type\":\"EntryPoint\",\"urlTemplate\":\"https:\/\/apuntesdesanluis.com\/?s={search_term_string}\"},\"query-input\":{\"@type\":\"PropertyValueSpecification\",\"valueRequired\":true,\"valueName\":\"search_term_string\"}}],\"inLanguage\":\"es-AR\"},{\"@type\":[\"Person\",\"Organization\"],\"@id\":\"https:\/\/apuntesdesanluis.com\/#\/schema\/person\/b55151d52296fcce64d1a72538a70b90\",\"name\":\"apuntesdesanluis.com\",\"image\":{\"@type\":\"ImageObject\",\"inLanguage\":\"es-AR\",\"@id\":\"https:\/\/apuntesdesanluis.com\/#\/schema\/person\/image\/\",\"url\":\"https:\/\/apuntesdesanluis.com\/wp-content\/uploads\/2023\/07\/cropped-apuntesdesanluis.png\",\"contentUrl\":\"https:\/\/apuntesdesanluis.com\/wp-content\/uploads\/2023\/07\/cropped-apuntesdesanluis.png\",\"width\":450,\"height\":112,\"caption\":\"apuntesdesanluis.com\"},\"logo\":{\"@id\":\"https:\/\/apuntesdesanluis.com\/#\/schema\/person\/image\/\"},\"sameAs\":[\"https:\/\/apuntesdesanluis.com\"],\"url\":\"https:\/\/apuntesdesanluis.com\/index.php\/author\/apuntesdesanluis-com\/\"}]}<\/script>\n<!-- \/ Yoast SEO plugin. -->","yoast_head_json":{"title":"PRINCIPIO DE ACUERDO T\u00c9CNICO ENTRE ARGENTINA Y EL FMI - Apuntes de San Luis","robots":{"index":"index","follow":"follow","max-snippet":"max-snippet:-1","max-image-preview":"max-image-preview:large","max-video-preview":"max-video-preview:-1"},"canonical":"https:\/\/apuntesdesanluis.com\/index.php\/2023\/07\/23\/principio-de-acuerdo-tecnico-entre-argentina-y-el-fmi\/","og_locale":"es_ES","og_type":"article","og_title":"PRINCIPIO DE ACUERDO T\u00c9CNICO ENTRE ARGENTINA Y EL FMI - Apuntes de San Luis","og_description":"Tras intensas negociaciones, el Palacio de Hacienda finalmente logr\u00f3 un entendimiento con el Fondo Monetario...","og_url":"https:\/\/apuntesdesanluis.com\/index.php\/2023\/07\/23\/principio-de-acuerdo-tecnico-entre-argentina-y-el-fmi\/","og_site_name":"Apuntes de San Luis","article_published_time":"2023-07-23T21:21:10+00:00","og_image":[{"width":852,"height":535,"url":"https:\/\/apuntesdesanluis.com\/wp-content\/uploads\/2023\/07\/massa.png","type":"image\/png"}],"author":"apuntesdesanluis.com","twitter_card":"summary_large_image","twitter_misc":{"Escrito por":"apuntesdesanluis.com","Tiempo de lectura":"4 minutos"},"schema":{"@context":"https:\/\/schema.org","@graph":[{"@type":"Article","@id":"https:\/\/apuntesdesanluis.com\/index.php\/2023\/07\/23\/principio-de-acuerdo-tecnico-entre-argentina-y-el-fmi\/#article","isPartOf":{"@id":"https:\/\/apuntesdesanluis.com\/index.php\/2023\/07\/23\/principio-de-acuerdo-tecnico-entre-argentina-y-el-fmi\/"},"author":{"name":"apuntesdesanluis.com","@id":"https:\/\/apuntesdesanluis.com\/#\/schema\/person\/b55151d52296fcce64d1a72538a70b90"},"headline":"PRINCIPIO DE ACUERDO T\u00c9CNICO ENTRE ARGENTINA Y EL FMI","datePublished":"2023-07-23T21:21:10+00:00","mainEntityOfPage":{"@id":"https:\/\/apuntesdesanluis.com\/index.php\/2023\/07\/23\/principio-de-acuerdo-tecnico-entre-argentina-y-el-fmi\/"},"wordCount":736,"publisher":{"@id":"https:\/\/apuntesdesanluis.com\/#\/schema\/person\/b55151d52296fcce64d1a72538a70b90"},"image":{"@id":"https:\/\/apuntesdesanluis.com\/index.php\/2023\/07\/23\/principio-de-acuerdo-tecnico-entre-argentina-y-el-fmi\/#primaryimage"},"thumbnailUrl":"https:\/\/apuntesdesanluis.com\/wp-content\/uploads\/2023\/07\/massa.png","articleSection":["Nacionales\/Internacionales"],"inLanguage":"es-AR"},{"@type":"WebPage","@id":"https:\/\/apuntesdesanluis.com\/index.php\/2023\/07\/23\/principio-de-acuerdo-tecnico-entre-argentina-y-el-fmi\/","url":"https:\/\/apuntesdesanluis.com\/index.php\/2023\/07\/23\/principio-de-acuerdo-tecnico-entre-argentina-y-el-fmi\/","name":"PRINCIPIO DE ACUERDO T\u00c9CNICO ENTRE ARGENTINA Y EL FMI - Apuntes de San Luis","isPartOf":{"@id":"https:\/\/apuntesdesanluis.com\/#website"},"primaryImageOfPage":{"@id":"https:\/\/apuntesdesanluis.com\/index.php\/2023\/07\/23\/principio-de-acuerdo-tecnico-entre-argentina-y-el-fmi\/#primaryimage"},"image":{"@id":"https:\/\/apuntesdesanluis.com\/index.php\/2023\/07\/23\/principio-de-acuerdo-tecnico-entre-argentina-y-el-fmi\/#primaryimage"},"thumbnailUrl":"https:\/\/apuntesdesanluis.com\/wp-content\/uploads\/2023\/07\/massa.png","datePublished":"2023-07-23T21:21:10+00:00","breadcrumb":{"@id":"https:\/\/apuntesdesanluis.com\/index.php\/2023\/07\/23\/principio-de-acuerdo-tecnico-entre-argentina-y-el-fmi\/#breadcrumb"},"inLanguage":"es-AR","potentialAction":[{"@type":"ReadAction","target":["https:\/\/apuntesdesanluis.com\/index.php\/2023\/07\/23\/principio-de-acuerdo-tecnico-entre-argentina-y-el-fmi\/"]}]},{"@type":"ImageObject","inLanguage":"es-AR","@id":"https:\/\/apuntesdesanluis.com\/index.php\/2023\/07\/23\/principio-de-acuerdo-tecnico-entre-argentina-y-el-fmi\/#primaryimage","url":"https:\/\/apuntesdesanluis.com\/wp-content\/uploads\/2023\/07\/massa.png","contentUrl":"https:\/\/apuntesdesanluis.com\/wp-content\/uploads\/2023\/07\/massa.png","width":852,"height":535},{"@type":"BreadcrumbList","@id":"https:\/\/apuntesdesanluis.com\/index.php\/2023\/07\/23\/principio-de-acuerdo-tecnico-entre-argentina-y-el-fmi\/#breadcrumb","itemListElement":[{"@type":"ListItem","position":1,"name":"Inicio","item":"https:\/\/apuntesdesanluis.com\/"},{"@type":"ListItem","position":2,"name":"PRINCIPIO DE ACUERDO T\u00c9CNICO ENTRE ARGENTINA Y EL FMI"}]},{"@type":"WebSite","@id":"https:\/\/apuntesdesanluis.com\/#website","url":"https:\/\/apuntesdesanluis.com\/","name":"Apuntes de San Luis","description":"","publisher":{"@id":"https:\/\/apuntesdesanluis.com\/#\/schema\/person\/b55151d52296fcce64d1a72538a70b90"},"potentialAction":[{"@type":"SearchAction","target":{"@type":"EntryPoint","urlTemplate":"https:\/\/apuntesdesanluis.com\/?s={search_term_string}"},"query-input":{"@type":"PropertyValueSpecification","valueRequired":true,"valueName":"search_term_string"}}],"inLanguage":"es-AR"},{"@type":["Person","Organization"],"@id":"https:\/\/apuntesdesanluis.com\/#\/schema\/person\/b55151d52296fcce64d1a72538a70b90","name":"apuntesdesanluis.com","image":{"@type":"ImageObject","inLanguage":"es-AR","@id":"https:\/\/apuntesdesanluis.com\/#\/schema\/person\/image\/","url":"https:\/\/apuntesdesanluis.com\/wp-content\/uploads\/2023\/07\/cropped-apuntesdesanluis.png","contentUrl":"https:\/\/apuntesdesanluis.com\/wp-content\/uploads\/2023\/07\/cropped-apuntesdesanluis.png","width":450,"height":112,"caption":"apuntesdesanluis.com"},"logo":{"@id":"https:\/\/apuntesdesanluis.com\/#\/schema\/person\/image\/"},"sameAs":["https:\/\/apuntesdesanluis.com"],"url":"https:\/\/apuntesdesanluis.com\/index.php\/author\/apuntesdesanluis-com\/"}]}},"featured_image_urls":{"full":["https:\/\/apuntesdesanluis.com\/wp-content\/uploads\/2023\/07\/massa.png",852,535,false],"thumbnail":["https:\/\/apuntesdesanluis.com\/wp-content\/uploads\/2023\/07\/massa-150x150.png",150,150,true],"medium":["https:\/\/apuntesdesanluis.com\/wp-content\/uploads\/2023\/07\/massa-300x188.png",300,188,true],"medium_large":["https:\/\/apuntesdesanluis.com\/wp-content\/uploads\/2023\/07\/massa-768x482.png",640,402,true],"large":["https:\/\/apuntesdesanluis.com\/wp-content\/uploads\/2023\/07\/massa.png",640,402,false],"1536x1536":["https:\/\/apuntesdesanluis.com\/wp-content\/uploads\/2023\/07\/massa.png",852,535,false],"2048x2048":["https:\/\/apuntesdesanluis.com\/wp-content\/uploads\/2023\/07\/massa.png",852,535,false],"newsever-slider-full":["https:\/\/apuntesdesanluis.com\/wp-content\/uploads\/2023\/07\/massa.png",852,535,false],"newsever-featured":["https:\/\/apuntesdesanluis.com\/wp-content\/uploads\/2023\/07\/massa.png",852,535,false],"newsever-medium":["https:\/\/apuntesdesanluis.com\/wp-content\/uploads\/2023\/07\/massa-720x475.png",720,475,true]},"author_info":{"display_name":"apuntesdesanluis.com","author_link":"https:\/\/apuntesdesanluis.com\/index.php\/author\/apuntesdesanluis-com\/"},"category_info":"<a href=\"https:\/\/apuntesdesanluis.com\/index.php\/category\/nacionales-internacionales\/\" rel=\"category tag\">Nacionales\/Internacionales<\/a>","tag_info":"Nacionales\/Internacionales","comment_count":"0","_links":{"self":[{"href":"https:\/\/apuntesdesanluis.com\/index.php\/wp-json\/wp\/v2\/posts\/272","targetHints":{"allow":["GET"]}}],"collection":[{"href":"https:\/\/apuntesdesanluis.com\/index.php\/wp-json\/wp\/v2\/posts"}],"about":[{"href":"https:\/\/apuntesdesanluis.com\/index.php\/wp-json\/wp\/v2\/types\/post"}],"author":[{"embeddable":true,"href":"https:\/\/apuntesdesanluis.com\/index.php\/wp-json\/wp\/v2\/users\/1"}],"replies":[{"embeddable":true,"href":"https:\/\/apuntesdesanluis.com\/index.php\/wp-json\/wp\/v2\/comments?post=272"}],"version-history":[{"count":1,"href":"https:\/\/apuntesdesanluis.com\/index.php\/wp-json\/wp\/v2\/posts\/272\/revisions"}],"predecessor-version":[{"id":274,"href":"https:\/\/apuntesdesanluis.com\/index.php\/wp-json\/wp\/v2\/posts\/272\/revisions\/274"}],"wp:featuredmedia":[{"embeddable":true,"href":"https:\/\/apuntesdesanluis.com\/index.php\/wp-json\/wp\/v2\/media\/273"}],"wp:attachment":[{"href":"https:\/\/apuntesdesanluis.com\/index.php\/wp-json\/wp\/v2\/media?parent=272"}],"wp:term":[{"taxonomy":"category","embeddable":true,"href":"https:\/\/apuntesdesanluis.com\/index.php\/wp-json\/wp\/v2\/categories?post=272"},{"taxonomy":"post_tag","embeddable":true,"href":"https:\/\/apuntesdesanluis.com\/index.php\/wp-json\/wp\/v2\/tags?post=272"}],"curies":[{"name":"wp","href":"https:\/\/api.w.org\/{rel}","templated":true}]}}