{"id":27205,"date":"2024-12-26T18:02:53","date_gmt":"2024-12-26T21:02:53","guid":{"rendered":"https:\/\/apuntesdesanluis.com\/?p=27205"},"modified":"2024-12-26T18:02:53","modified_gmt":"2024-12-26T21:02:53","slug":"el-10-de-enero-es-el-plazo-maximo-para-retirar-vehiculos-rematados-por-el-estado","status":"publish","type":"post","link":"https:\/\/apuntesdesanluis.com\/index.php\/2024\/12\/26\/el-10-de-enero-es-el-plazo-maximo-para-retirar-vehiculos-rematados-por-el-estado\/","title":{"rendered":"EL 10 DE ENERO ES EL PLAZO M\u00c1XIMO PARA RETIRAR VEH\u00cdCULOS REMATADOS POR EL ESTADO"},"content":{"rendered":"<h3>La <strong>Direcci\u00f3n de Parque Automotor<\/strong>, dependiente de la secretar\u00eda de \u00c9tica P\u00fablica y Control de Gesti\u00f3n, sigue adelante con la entrega de veh\u00edculos correspondientes a la subasta p\u00fablica realizada el pasado 7 de diciembre. Durante esa jornada remataron una variada gama de veh\u00edculos, incluyendo autos, camionetas, furgones, utilitarios, motos, cuatriciclos y unidades UTV. Hasta el momento, un 60% fueron retirados por los adjudicatarios.<\/h3>\n<h3>El plazo establecido para buscar los veh\u00edculos es hasta el viernes 10 de enero. A partir de esa fecha, aplicar\u00e1n un cargo por estad\u00eda en dep\u00f3sito que consiste en un 1% del precio total de venta por cada d\u00eda de demora en el retiro, incluyendo s\u00e1bados, domingos y feriados.<\/h3>\n<h3>Por lo tanto, la Secretar\u00eda insta a los compradores a realizar el retiro de sus veh\u00edculos dentro de los tiempos fijados para evitar costos adicionales y garantizar as\u00ed una transacci\u00f3n sin inconvenientes.<\/h3>\n<h3>El horario de atenci\u00f3n para la entrega de los veh\u00edculos es de <strong>lunes a viernes, de 8:00 a 13:00<\/strong> en las instalaciones del <strong>Parque Industrial Sur<\/strong>, ubicado en Reynaldo Anzulovich y Zoilo Concha.<\/h3>\n<p>&nbsp;<\/p>\n<p>&nbsp;<\/p>\n<p>&nbsp;<\/p>\n<p>&nbsp;<\/p>\n<p>&nbsp;<\/p>\n<p>&nbsp;<\/p>\n<h3><\/h3>\n<h3><\/h3>\n<p>&nbsp;<\/p>\n<p>&nbsp;<\/p>\n","protected":false},"excerpt":{"rendered":"<p>La Direcci\u00f3n de Parque Automotor, dependiente de la secretar\u00eda de \u00c9tica P\u00fablica y Control de&#8230;<\/p>\n","protected":false},"author":1,"featured_media":27206,"comment_status":"closed","ping_status":"closed","sticky":false,"template":"","format":"standard","meta":{"footnotes":""},"categories":[6],"tags":[],"class_list":["post-27205","post","type-post","status-publish","format-standard","has-post-thumbnail","hentry","category-ciudad-provincia"],"yoast_head":"<!-- This site is optimized with the Yoast SEO plugin v26.1.1 - https:\/\/yoast.com\/wordpress\/plugins\/seo\/ -->\n<title>EL 10 DE ENERO ES EL PLAZO M\u00c1XIMO PARA RETIRAR VEH\u00cdCULOS REMATADOS POR EL ESTADO - Apuntes de San Luis<\/title>\n<meta name=\"robots\" content=\"index, follow, max-snippet:-1, max-image-preview:large, max-video-preview:-1\" \/>\n<link rel=\"canonical\" href=\"https:\/\/apuntesdesanluis.com\/index.php\/2024\/12\/26\/el-10-de-enero-es-el-plazo-maximo-para-retirar-vehiculos-rematados-por-el-estado\/\" \/>\n<meta property=\"og:locale\" content=\"es_ES\" \/>\n<meta property=\"og:type\" content=\"article\" \/>\n<meta property=\"og:title\" content=\"EL 10 DE ENERO ES EL PLAZO M\u00c1XIMO PARA RETIRAR VEH\u00cdCULOS REMATADOS POR EL ESTADO - Apuntes de San Luis\" \/>\n<meta property=\"og:description\" content=\"La Direcci\u00f3n de Parque Automotor, dependiente de la secretar\u00eda de \u00c9tica P\u00fablica y Control de...\" \/>\n<meta property=\"og:url\" content=\"https:\/\/apuntesdesanluis.com\/index.php\/2024\/12\/26\/el-10-de-enero-es-el-plazo-maximo-para-retirar-vehiculos-rematados-por-el-estado\/\" \/>\n<meta property=\"og:site_name\" content=\"Apuntes de San Luis\" \/>\n<meta property=\"article:published_time\" content=\"2024-12-26T21:02:53+00:00\" \/>\n<meta property=\"og:image\" content=\"https:\/\/apuntesdesanluis.com\/wp-content\/uploads\/2024\/12\/furgonetta.png\" \/>\n\t<meta property=\"og:image:width\" content=\"668\" \/>\n\t<meta property=\"og:image:height\" content=\"434\" \/>\n\t<meta property=\"og:image:type\" content=\"image\/png\" \/>\n<meta name=\"author\" content=\"apuntesdesanluis.com\" \/>\n<meta name=\"twitter:card\" content=\"summary_large_image\" \/>\n<meta name=\"twitter:label1\" content=\"Escrito por\" \/>\n\t<meta name=\"twitter:data1\" content=\"apuntesdesanluis.com\" \/>\n\t<meta name=\"twitter:label2\" content=\"Tiempo de lectura\" \/>\n\t<meta name=\"twitter:data2\" content=\"2 minutos\" \/>\n<script type=\"application\/ld+json\" class=\"yoast-schema-graph\">{\"@context\":\"https:\/\/schema.org\",\"@graph\":[{\"@type\":\"Article\",\"@id\":\"https:\/\/apuntesdesanluis.com\/index.php\/2024\/12\/26\/el-10-de-enero-es-el-plazo-maximo-para-retirar-vehiculos-rematados-por-el-estado\/#article\",\"isPartOf\":{\"@id\":\"https:\/\/apuntesdesanluis.com\/index.php\/2024\/12\/26\/el-10-de-enero-es-el-plazo-maximo-para-retirar-vehiculos-rematados-por-el-estado\/\"},\"author\":{\"name\":\"apuntesdesanluis.com\",\"@id\":\"https:\/\/apuntesdesanluis.com\/#\/schema\/person\/b55151d52296fcce64d1a72538a70b90\"},\"headline\":\"EL 10 DE ENERO ES EL PLAZO M\u00c1XIMO PARA RETIRAR VEH\u00cdCULOS REMATADOS POR EL ESTADO\",\"datePublished\":\"2024-12-26T21:02:53+00:00\",\"mainEntityOfPage\":{\"@id\":\"https:\/\/apuntesdesanluis.com\/index.php\/2024\/12\/26\/el-10-de-enero-es-el-plazo-maximo-para-retirar-vehiculos-rematados-por-el-estado\/\"},\"wordCount\":213,\"publisher\":{\"@id\":\"https:\/\/apuntesdesanluis.com\/#\/schema\/person\/b55151d52296fcce64d1a72538a70b90\"},\"image\":{\"@id\":\"https:\/\/apuntesdesanluis.com\/index.php\/2024\/12\/26\/el-10-de-enero-es-el-plazo-maximo-para-retirar-vehiculos-rematados-por-el-estado\/#primaryimage\"},\"thumbnailUrl\":\"https:\/\/apuntesdesanluis.com\/wp-content\/uploads\/2024\/12\/furgonetta.png\",\"articleSection\":[\"Ciudad\/Provincia\"],\"inLanguage\":\"es-AR\"},{\"@type\":\"WebPage\",\"@id\":\"https:\/\/apuntesdesanluis.com\/index.php\/2024\/12\/26\/el-10-de-enero-es-el-plazo-maximo-para-retirar-vehiculos-rematados-por-el-estado\/\",\"url\":\"https:\/\/apuntesdesanluis.com\/index.php\/2024\/12\/26\/el-10-de-enero-es-el-plazo-maximo-para-retirar-vehiculos-rematados-por-el-estado\/\",\"name\":\"EL 10 DE ENERO ES EL PLAZO M\u00c1XIMO PARA RETIRAR VEH\u00cdCULOS REMATADOS POR EL ESTADO - Apuntes de San Luis\",\"isPartOf\":{\"@id\":\"https:\/\/apuntesdesanluis.com\/#website\"},\"primaryImageOfPage\":{\"@id\":\"https:\/\/apuntesdesanluis.com\/index.php\/2024\/12\/26\/el-10-de-enero-es-el-plazo-maximo-para-retirar-vehiculos-rematados-por-el-estado\/#primaryimage\"},\"image\":{\"@id\":\"https:\/\/apuntesdesanluis.com\/index.php\/2024\/12\/26\/el-10-de-enero-es-el-plazo-maximo-para-retirar-vehiculos-rematados-por-el-estado\/#primaryimage\"},\"thumbnailUrl\":\"https:\/\/apuntesdesanluis.com\/wp-content\/uploads\/2024\/12\/furgonetta.png\",\"datePublished\":\"2024-12-26T21:02:53+00:00\",\"breadcrumb\":{\"@id\":\"https:\/\/apuntesdesanluis.com\/index.php\/2024\/12\/26\/el-10-de-enero-es-el-plazo-maximo-para-retirar-vehiculos-rematados-por-el-estado\/#breadcrumb\"},\"inLanguage\":\"es-AR\",\"potentialAction\":[{\"@type\":\"ReadAction\",\"target\":[\"https:\/\/apuntesdesanluis.com\/index.php\/2024\/12\/26\/el-10-de-enero-es-el-plazo-maximo-para-retirar-vehiculos-rematados-por-el-estado\/\"]}]},{\"@type\":\"ImageObject\",\"inLanguage\":\"es-AR\",\"@id\":\"https:\/\/apuntesdesanluis.com\/index.php\/2024\/12\/26\/el-10-de-enero-es-el-plazo-maximo-para-retirar-vehiculos-rematados-por-el-estado\/#primaryimage\",\"url\":\"https:\/\/apuntesdesanluis.com\/wp-content\/uploads\/2024\/12\/furgonetta.png\",\"contentUrl\":\"https:\/\/apuntesdesanluis.com\/wp-content\/uploads\/2024\/12\/furgonetta.png\",\"width\":668,\"height\":434},{\"@type\":\"BreadcrumbList\",\"@id\":\"https:\/\/apuntesdesanluis.com\/index.php\/2024\/12\/26\/el-10-de-enero-es-el-plazo-maximo-para-retirar-vehiculos-rematados-por-el-estado\/#breadcrumb\",\"itemListElement\":[{\"@type\":\"ListItem\",\"position\":1,\"name\":\"Inicio\",\"item\":\"https:\/\/apuntesdesanluis.com\/\"},{\"@type\":\"ListItem\",\"position\":2,\"name\":\"EL 10 DE ENERO ES EL PLAZO M\u00c1XIMO PARA RETIRAR VEH\u00cdCULOS REMATADOS POR EL ESTADO\"}]},{\"@type\":\"WebSite\",\"@id\":\"https:\/\/apuntesdesanluis.com\/#website\",\"url\":\"https:\/\/apuntesdesanluis.com\/\",\"name\":\"Apuntes de San Luis\",\"description\":\"\",\"publisher\":{\"@id\":\"https:\/\/apuntesdesanluis.com\/#\/schema\/person\/b55151d52296fcce64d1a72538a70b90\"},\"potentialAction\":[{\"@type\":\"SearchAction\",\"target\":{\"@type\":\"EntryPoint\",\"urlTemplate\":\"https:\/\/apuntesdesanluis.com\/?s={search_term_string}\"},\"query-input\":{\"@type\":\"PropertyValueSpecification\",\"valueRequired\":true,\"valueName\":\"search_term_string\"}}],\"inLanguage\":\"es-AR\"},{\"@type\":[\"Person\",\"Organization\"],\"@id\":\"https:\/\/apuntesdesanluis.com\/#\/schema\/person\/b55151d52296fcce64d1a72538a70b90\",\"name\":\"apuntesdesanluis.com\",\"image\":{\"@type\":\"ImageObject\",\"inLanguage\":\"es-AR\",\"@id\":\"https:\/\/apuntesdesanluis.com\/#\/schema\/person\/image\/\",\"url\":\"https:\/\/apuntesdesanluis.com\/wp-content\/uploads\/2023\/07\/cropped-apuntesdesanluis.png\",\"contentUrl\":\"https:\/\/apuntesdesanluis.com\/wp-content\/uploads\/2023\/07\/cropped-apuntesdesanluis.png\",\"width\":450,\"height\":112,\"caption\":\"apuntesdesanluis.com\"},\"logo\":{\"@id\":\"https:\/\/apuntesdesanluis.com\/#\/schema\/person\/image\/\"},\"sameAs\":[\"https:\/\/apuntesdesanluis.com\"],\"url\":\"https:\/\/apuntesdesanluis.com\/index.php\/author\/apuntesdesanluis-com\/\"}]}<\/script>\n<!-- \/ Yoast SEO plugin. -->","yoast_head_json":{"title":"EL 10 DE ENERO ES EL PLAZO M\u00c1XIMO PARA RETIRAR VEH\u00cdCULOS REMATADOS POR EL ESTADO - Apuntes de San Luis","robots":{"index":"index","follow":"follow","max-snippet":"max-snippet:-1","max-image-preview":"max-image-preview:large","max-video-preview":"max-video-preview:-1"},"canonical":"https:\/\/apuntesdesanluis.com\/index.php\/2024\/12\/26\/el-10-de-enero-es-el-plazo-maximo-para-retirar-vehiculos-rematados-por-el-estado\/","og_locale":"es_ES","og_type":"article","og_title":"EL 10 DE ENERO ES EL PLAZO M\u00c1XIMO PARA RETIRAR VEH\u00cdCULOS REMATADOS POR EL ESTADO - Apuntes de San Luis","og_description":"La Direcci\u00f3n de Parque Automotor, dependiente de la secretar\u00eda de \u00c9tica P\u00fablica y Control de...","og_url":"https:\/\/apuntesdesanluis.com\/index.php\/2024\/12\/26\/el-10-de-enero-es-el-plazo-maximo-para-retirar-vehiculos-rematados-por-el-estado\/","og_site_name":"Apuntes de San Luis","article_published_time":"2024-12-26T21:02:53+00:00","og_image":[{"width":668,"height":434,"url":"https:\/\/apuntesdesanluis.com\/wp-content\/uploads\/2024\/12\/furgonetta.png","type":"image\/png"}],"author":"apuntesdesanluis.com","twitter_card":"summary_large_image","twitter_misc":{"Escrito por":"apuntesdesanluis.com","Tiempo de lectura":"2 minutos"},"schema":{"@context":"https:\/\/schema.org","@graph":[{"@type":"Article","@id":"https:\/\/apuntesdesanluis.com\/index.php\/2024\/12\/26\/el-10-de-enero-es-el-plazo-maximo-para-retirar-vehiculos-rematados-por-el-estado\/#article","isPartOf":{"@id":"https:\/\/apuntesdesanluis.com\/index.php\/2024\/12\/26\/el-10-de-enero-es-el-plazo-maximo-para-retirar-vehiculos-rematados-por-el-estado\/"},"author":{"name":"apuntesdesanluis.com","@id":"https:\/\/apuntesdesanluis.com\/#\/schema\/person\/b55151d52296fcce64d1a72538a70b90"},"headline":"EL 10 DE ENERO ES EL PLAZO M\u00c1XIMO PARA RETIRAR VEH\u00cdCULOS REMATADOS POR EL ESTADO","datePublished":"2024-12-26T21:02:53+00:00","mainEntityOfPage":{"@id":"https:\/\/apuntesdesanluis.com\/index.php\/2024\/12\/26\/el-10-de-enero-es-el-plazo-maximo-para-retirar-vehiculos-rematados-por-el-estado\/"},"wordCount":213,"publisher":{"@id":"https:\/\/apuntesdesanluis.com\/#\/schema\/person\/b55151d52296fcce64d1a72538a70b90"},"image":{"@id":"https:\/\/apuntesdesanluis.com\/index.php\/2024\/12\/26\/el-10-de-enero-es-el-plazo-maximo-para-retirar-vehiculos-rematados-por-el-estado\/#primaryimage"},"thumbnailUrl":"https:\/\/apuntesdesanluis.com\/wp-content\/uploads\/2024\/12\/furgonetta.png","articleSection":["Ciudad\/Provincia"],"inLanguage":"es-AR"},{"@type":"WebPage","@id":"https:\/\/apuntesdesanluis.com\/index.php\/2024\/12\/26\/el-10-de-enero-es-el-plazo-maximo-para-retirar-vehiculos-rematados-por-el-estado\/","url":"https:\/\/apuntesdesanluis.com\/index.php\/2024\/12\/26\/el-10-de-enero-es-el-plazo-maximo-para-retirar-vehiculos-rematados-por-el-estado\/","name":"EL 10 DE ENERO ES EL PLAZO M\u00c1XIMO PARA RETIRAR VEH\u00cdCULOS REMATADOS POR EL ESTADO - Apuntes de San Luis","isPartOf":{"@id":"https:\/\/apuntesdesanluis.com\/#website"},"primaryImageOfPage":{"@id":"https:\/\/apuntesdesanluis.com\/index.php\/2024\/12\/26\/el-10-de-enero-es-el-plazo-maximo-para-retirar-vehiculos-rematados-por-el-estado\/#primaryimage"},"image":{"@id":"https:\/\/apuntesdesanluis.com\/index.php\/2024\/12\/26\/el-10-de-enero-es-el-plazo-maximo-para-retirar-vehiculos-rematados-por-el-estado\/#primaryimage"},"thumbnailUrl":"https:\/\/apuntesdesanluis.com\/wp-content\/uploads\/2024\/12\/furgonetta.png","datePublished":"2024-12-26T21:02:53+00:00","breadcrumb":{"@id":"https:\/\/apuntesdesanluis.com\/index.php\/2024\/12\/26\/el-10-de-enero-es-el-plazo-maximo-para-retirar-vehiculos-rematados-por-el-estado\/#breadcrumb"},"inLanguage":"es-AR","potentialAction":[{"@type":"ReadAction","target":["https:\/\/apuntesdesanluis.com\/index.php\/2024\/12\/26\/el-10-de-enero-es-el-plazo-maximo-para-retirar-vehiculos-rematados-por-el-estado\/"]}]},{"@type":"ImageObject","inLanguage":"es-AR","@id":"https:\/\/apuntesdesanluis.com\/index.php\/2024\/12\/26\/el-10-de-enero-es-el-plazo-maximo-para-retirar-vehiculos-rematados-por-el-estado\/#primaryimage","url":"https:\/\/apuntesdesanluis.com\/wp-content\/uploads\/2024\/12\/furgonetta.png","contentUrl":"https:\/\/apuntesdesanluis.com\/wp-content\/uploads\/2024\/12\/furgonetta.png","width":668,"height":434},{"@type":"BreadcrumbList","@id":"https:\/\/apuntesdesanluis.com\/index.php\/2024\/12\/26\/el-10-de-enero-es-el-plazo-maximo-para-retirar-vehiculos-rematados-por-el-estado\/#breadcrumb","itemListElement":[{"@type":"ListItem","position":1,"name":"Inicio","item":"https:\/\/apuntesdesanluis.com\/"},{"@type":"ListItem","position":2,"name":"EL 10 DE ENERO ES EL PLAZO M\u00c1XIMO PARA RETIRAR VEH\u00cdCULOS REMATADOS POR EL ESTADO"}]},{"@type":"WebSite","@id":"https:\/\/apuntesdesanluis.com\/#website","url":"https:\/\/apuntesdesanluis.com\/","name":"Apuntes de San Luis","description":"","publisher":{"@id":"https:\/\/apuntesdesanluis.com\/#\/schema\/person\/b55151d52296fcce64d1a72538a70b90"},"potentialAction":[{"@type":"SearchAction","target":{"@type":"EntryPoint","urlTemplate":"https:\/\/apuntesdesanluis.com\/?s={search_term_string}"},"query-input":{"@type":"PropertyValueSpecification","valueRequired":true,"valueName":"search_term_string"}}],"inLanguage":"es-AR"},{"@type":["Person","Organization"],"@id":"https:\/\/apuntesdesanluis.com\/#\/schema\/person\/b55151d52296fcce64d1a72538a70b90","name":"apuntesdesanluis.com","image":{"@type":"ImageObject","inLanguage":"es-AR","@id":"https:\/\/apuntesdesanluis.com\/#\/schema\/person\/image\/","url":"https:\/\/apuntesdesanluis.com\/wp-content\/uploads\/2023\/07\/cropped-apuntesdesanluis.png","contentUrl":"https:\/\/apuntesdesanluis.com\/wp-content\/uploads\/2023\/07\/cropped-apuntesdesanluis.png","width":450,"height":112,"caption":"apuntesdesanluis.com"},"logo":{"@id":"https:\/\/apuntesdesanluis.com\/#\/schema\/person\/image\/"},"sameAs":["https:\/\/apuntesdesanluis.com"],"url":"https:\/\/apuntesdesanluis.com\/index.php\/author\/apuntesdesanluis-com\/"}]}},"featured_image_urls":{"full":["https:\/\/apuntesdesanluis.com\/wp-content\/uploads\/2024\/12\/furgonetta.png",668,434,false],"thumbnail":["https:\/\/apuntesdesanluis.com\/wp-content\/uploads\/2024\/12\/furgonetta-150x150.png",150,150,true],"medium":["https:\/\/apuntesdesanluis.com\/wp-content\/uploads\/2024\/12\/furgonetta-300x195.png",300,195,true],"medium_large":["https:\/\/apuntesdesanluis.com\/wp-content\/uploads\/2024\/12\/furgonetta.png",640,416,false],"large":["https:\/\/apuntesdesanluis.com\/wp-content\/uploads\/2024\/12\/furgonetta.png",640,416,false],"1536x1536":["https:\/\/apuntesdesanluis.com\/wp-content\/uploads\/2024\/12\/furgonetta.png",668,434,false],"2048x2048":["https:\/\/apuntesdesanluis.com\/wp-content\/uploads\/2024\/12\/furgonetta.png",668,434,false],"newsever-slider-full":["https:\/\/apuntesdesanluis.com\/wp-content\/uploads\/2024\/12\/furgonetta.png",668,434,false],"newsever-featured":["https:\/\/apuntesdesanluis.com\/wp-content\/uploads\/2024\/12\/furgonetta.png",668,434,false],"newsever-medium":["https:\/\/apuntesdesanluis.com\/wp-content\/uploads\/2024\/12\/furgonetta.png",668,434,false]},"author_info":{"display_name":"apuntesdesanluis.com","author_link":"https:\/\/apuntesdesanluis.com\/index.php\/author\/apuntesdesanluis-com\/"},"category_info":"<a href=\"https:\/\/apuntesdesanluis.com\/index.php\/category\/ciudad-provincia\/\" rel=\"category tag\">Ciudad\/Provincia<\/a>","tag_info":"Ciudad\/Provincia","comment_count":"0","_links":{"self":[{"href":"https:\/\/apuntesdesanluis.com\/index.php\/wp-json\/wp\/v2\/posts\/27205","targetHints":{"allow":["GET"]}}],"collection":[{"href":"https:\/\/apuntesdesanluis.com\/index.php\/wp-json\/wp\/v2\/posts"}],"about":[{"href":"https:\/\/apuntesdesanluis.com\/index.php\/wp-json\/wp\/v2\/types\/post"}],"author":[{"embeddable":true,"href":"https:\/\/apuntesdesanluis.com\/index.php\/wp-json\/wp\/v2\/users\/1"}],"replies":[{"embeddable":true,"href":"https:\/\/apuntesdesanluis.com\/index.php\/wp-json\/wp\/v2\/comments?post=27205"}],"version-history":[{"count":1,"href":"https:\/\/apuntesdesanluis.com\/index.php\/wp-json\/wp\/v2\/posts\/27205\/revisions"}],"predecessor-version":[{"id":27207,"href":"https:\/\/apuntesdesanluis.com\/index.php\/wp-json\/wp\/v2\/posts\/27205\/revisions\/27207"}],"wp:featuredmedia":[{"embeddable":true,"href":"https:\/\/apuntesdesanluis.com\/index.php\/wp-json\/wp\/v2\/media\/27206"}],"wp:attachment":[{"href":"https:\/\/apuntesdesanluis.com\/index.php\/wp-json\/wp\/v2\/media?parent=27205"}],"wp:term":[{"taxonomy":"category","embeddable":true,"href":"https:\/\/apuntesdesanluis.com\/index.php\/wp-json\/wp\/v2\/categories?post=27205"},{"taxonomy":"post_tag","embeddable":true,"href":"https:\/\/apuntesdesanluis.com\/index.php\/wp-json\/wp\/v2\/tags?post=27205"}],"curies":[{"name":"wp","href":"https:\/\/api.w.org\/{rel}","templated":true}]}}