{"id":2721,"date":"2023-09-05T14:53:58","date_gmt":"2023-09-05T17:53:58","guid":{"rendered":"https:\/\/apuntesdesanluis.com\/?p=2721"},"modified":"2023-09-05T14:53:58","modified_gmt":"2023-09-05T17:53:58","slug":"confirman-historica-inversion-para-investigacion-en-ciencia-y-tecnologia","status":"publish","type":"post","link":"https:\/\/apuntesdesanluis.com\/index.php\/2023\/09\/05\/confirman-historica-inversion-para-investigacion-en-ciencia-y-tecnologia\/","title":{"rendered":"CONFIRMAN HIST\u00d3RICA INVERSI\u00d3N PARA INVESTIGACI\u00d3N EN CIENCIA Y TECNOLOG\u00cdA"},"content":{"rendered":"<h3>A trav\u00e9s del programa <strong>PICTO 2023 Regi\u00f3n de Cuyo<\/strong>, convocan a docentes e investigadores de la Universidad Nacional de San Luis (UNSL) para financiar sus proyectos. La convocatoria que estar\u00e1 habilitada hasta el 1 de noviembre, contar\u00e1 con un presupuesto de $668.400.000 durante dos (2) a\u00f1os. Se trata de la inversi\u00f3n regional m\u00e1s grande de los PICTO.<\/h3>\n<h3>En la tarde de ayer, en el Polo Cient\u00edfico y Tecnol\u00f3gico de la ciudad de Buenos Aires, se realiz\u00f3 la firma del Convenio y convocatoria PICTO 2023 Regi\u00f3n de Cuyo, iniciativa que representa un apoyo significativo a la investigaci\u00f3n cient\u00edfica y tecnol\u00f3gica en nuestra regi\u00f3n, en la que participan junto a la Agencia Nacional de Promoci\u00f3n Cient\u00edfica y Tecnol\u00f3gica (Agencia I+D+i), la Universidad Nacional de San Luis (UNSL), la Universidad Nacional de Cuyo (UNCUYO), la Universidad Nacional de San Juan (UNSJ) y la Universidad Nacional de Villa Mercedes (UNViMe).<\/h3>\n<h3>A partir del 4 de septiembre, hasta el mi\u00e9rcoles 1 de noviembre del 2023, la Agencia I+D+i, a trav\u00e9s del Fondo para la Investigaci\u00f3n Cient\u00edfica y Tecnol\u00f3gica (FONCyT) y en colaboraci\u00f3n con las universidades anteriormente mencionadas, convoca a la presentaci\u00f3n de proyectos de Investigaci\u00f3n Cient\u00edfica y Tecnol\u00f3gica.<\/h3>\n<h3>El objetivo principal es otorgar subsidios a grupos de investigadores\/as consolidados\/as y activos\/as en \u00e1reas de investigaci\u00f3n espec\u00edficas, orientadas por intereses comunes entre las instituciones co-financiadoras. La convocatoria contar\u00e1 con un presupuesto de $668.400.000 durante dos (2) a\u00f1os.<\/h3>\n<h3>En la firma representaron a nuestra Instituci\u00f3n el rector, C.P.N. V\u00edctor Mori\u00f1igo y el secretario de Ciencia y Tecnolog\u00eda UNSL, Dr. Fabricio Cid. Mori\u00f1igo sostuvo que \u00abeste financiamiento va a ser muy trascendente para la vida de la investigaci\u00f3n en nuestras provincias\u00bb. Por su parte, el Secretario afirm\u00f3 que este Convenio \u00absin duda representar\u00e1 un impulso significativo para que nuestros grupos de investigaci\u00f3n y de la regi\u00f3n puedan avanzar en la generaci\u00f3n de nuevo conocimiento\u00bb.<\/h3>\n<p><img fetchpriority=\"high\" decoding=\"async\" class=\"wp-image-2722 aligncenter\" src=\"https:\/\/apuntesdesanluis.com\/wp-content\/uploads\/2023\/09\/funcionarios-300x179.png\" alt=\"\" width=\"508\" height=\"303\" srcset=\"https:\/\/apuntesdesanluis.com\/wp-content\/uploads\/2023\/09\/funcionarios-300x179.png 300w, https:\/\/apuntesdesanluis.com\/wp-content\/uploads\/2023\/09\/funcionarios.png 614w\" sizes=\"(max-width: 508px) 100vw, 508px\" \/><\/p>\n<h3><strong>SOBRE PICTO 2023 REGI\u00d3N DE CUYO<\/strong><\/h3>\n<h3>Este extraordinario convenio de inversi\u00f3n en ciencia y tecnolog\u00eda ha sido impulsado desde la Secretar\u00eda de CyT de la UNSL y el Rectorado, y promete un impacto significativo tanto para la Universidad como para toda la regi\u00f3n. Los PICTO Regi\u00f3n de Cuyo representan una convocatoria abierta a docentes e investigadores\/as con financiamiento sustancial disponible en tres (3) categor\u00edas clave:<\/h3>\n<h3>Proyectos para investigador\/a inicial.<\/h3>\n<h3>Grupos de reciente formaci\u00f3n.<\/h3>\n<h3>Equipos de trabajo para proyectos en red.<\/h3>\n<h3><strong>EJES DE LA CONVOCATORIA<\/strong><\/h3>\n<h3>Se establecen los siguientes ejes tem\u00e1ticos en los cuales existe inter\u00e9s de las instituciones participantes y a los que los proyectos deber\u00e1n ajustarse:<\/h3>\n<ul>\n<li>\n<h3>Salud.<\/h3>\n<\/li>\n<li>\n<h3>Ambiente \/ Energ\u00eda.<\/h3>\n<\/li>\n<li>\n<h3>Econom\u00eda \/ Sociedad \/ Producci\u00f3n.<\/h3>\n<\/li>\n<li>\n<h3>Educaci\u00f3n \/ Pol\u00edtica \/ Cultura \/ Sociedad.<\/h3>\n<\/li>\n<li>\n<h3>Tecnolog\u00edas aplicadas.<\/h3>\n<\/li>\n<li>\n<h3>Econom\u00eda del conocimiento \/ Innovaci\u00f3n.<\/h3>\n<\/li>\n<li>\n<h3>Alimentos \/ Desarrollo sostenible.<\/h3>\n<\/li>\n<li>\n<h3>Ciencias de la tierra y el espacio.<\/h3>\n<\/li>\n<\/ul>\n<h3><strong>EJES TRANSVERSALES<\/strong><\/h3>\n<h3>Adem\u00e1s, se establecen tres (3) ejes transversales que deber\u00e1n ser trabajados en red:<\/h3>\n<h3>Eje transversal 1: Agua: An\u00e1lisis y gesti\u00f3n del recurso h\u00eddrico.<\/h3>\n<h3>Eje transversal 2: Una Salud: salud humana, animal y del ambiente.<\/h3>\n<h3>Eje transversal 3: Inclusi\u00f3n y empleo.<\/h3>\n<h3>Para m\u00e1s informaci\u00f3n, consultar las bases disponibles en este link. Para acceder al instructivo, haga clic<a href=\"https:\/\/www.youtube.com\/watch?v=2k1UbB7e11E\"><span style=\"color: #0000ff;\"> aqu\u00ed<\/span><\/a>.<\/h3>\n<h3>Para aclarar dudas o realizar consultas en la UNSL, pueden comunicarse al interno 5558 en horario de 8:00 a 12:00 horas o enviar un correo electr\u00f3nico a <span style=\"color: #0000ff;\"><a style=\"color: #0000ff;\" href=\"mailto:foncyt.unsl@gmail.com\">foncyt.unsl@gmail.com<\/a><\/span><\/h3>\n","protected":false},"excerpt":{"rendered":"<p>A trav\u00e9s del programa PICTO 2023 Regi\u00f3n de Cuyo, convocan a docentes e investigadores de&#8230;<\/p>\n","protected":false},"author":1,"featured_media":2723,"comment_status":"closed","ping_status":"closed","sticky":false,"template":"","format":"standard","meta":{"footnotes":""},"categories":[6],"tags":[],"class_list":["post-2721","post","type-post","status-publish","format-standard","has-post-thumbnail","hentry","category-ciudad-provincia"],"yoast_head":"<!-- This site is optimized with the Yoast SEO plugin v26.1.1 - https:\/\/yoast.com\/wordpress\/plugins\/seo\/ -->\n<title>CONFIRMAN HIST\u00d3RICA INVERSI\u00d3N PARA INVESTIGACI\u00d3N EN CIENCIA Y TECNOLOG\u00cdA - Apuntes de San Luis<\/title>\n<meta name=\"robots\" content=\"index, follow, max-snippet:-1, max-image-preview:large, max-video-preview:-1\" \/>\n<link rel=\"canonical\" href=\"https:\/\/apuntesdesanluis.com\/index.php\/2023\/09\/05\/confirman-historica-inversion-para-investigacion-en-ciencia-y-tecnologia\/\" \/>\n<meta property=\"og:locale\" content=\"es_ES\" \/>\n<meta property=\"og:type\" content=\"article\" \/>\n<meta property=\"og:title\" content=\"CONFIRMAN HIST\u00d3RICA INVERSI\u00d3N PARA INVESTIGACI\u00d3N EN CIENCIA Y TECNOLOG\u00cdA - Apuntes de San Luis\" \/>\n<meta property=\"og:description\" content=\"A trav\u00e9s del programa PICTO 2023 Regi\u00f3n de Cuyo, convocan a docentes e investigadores de...\" \/>\n<meta property=\"og:url\" content=\"https:\/\/apuntesdesanluis.com\/index.php\/2023\/09\/05\/confirman-historica-inversion-para-investigacion-en-ciencia-y-tecnologia\/\" \/>\n<meta property=\"og:site_name\" content=\"Apuntes de San Luis\" \/>\n<meta property=\"article:published_time\" content=\"2023-09-05T17:53:58+00:00\" \/>\n<meta property=\"og:image\" content=\"https:\/\/apuntesdesanluis.com\/wp-content\/uploads\/2023\/09\/rectores.png\" \/>\n\t<meta property=\"og:image:width\" content=\"663\" \/>\n\t<meta property=\"og:image:height\" content=\"437\" \/>\n\t<meta property=\"og:image:type\" content=\"image\/png\" \/>\n<meta name=\"author\" content=\"apuntesdesanluis.com\" \/>\n<meta name=\"twitter:card\" content=\"summary_large_image\" \/>\n<meta name=\"twitter:label1\" content=\"Escrito por\" \/>\n\t<meta name=\"twitter:data1\" content=\"apuntesdesanluis.com\" \/>\n\t<meta name=\"twitter:label2\" content=\"Tiempo de lectura\" \/>\n\t<meta name=\"twitter:data2\" content=\"3 minutos\" \/>\n<script type=\"application\/ld+json\" class=\"yoast-schema-graph\">{\"@context\":\"https:\/\/schema.org\",\"@graph\":[{\"@type\":\"Article\",\"@id\":\"https:\/\/apuntesdesanluis.com\/index.php\/2023\/09\/05\/confirman-historica-inversion-para-investigacion-en-ciencia-y-tecnologia\/#article\",\"isPartOf\":{\"@id\":\"https:\/\/apuntesdesanluis.com\/index.php\/2023\/09\/05\/confirman-historica-inversion-para-investigacion-en-ciencia-y-tecnologia\/\"},\"author\":{\"name\":\"apuntesdesanluis.com\",\"@id\":\"https:\/\/apuntesdesanluis.com\/#\/schema\/person\/b55151d52296fcce64d1a72538a70b90\"},\"headline\":\"CONFIRMAN HIST\u00d3RICA INVERSI\u00d3N PARA INVESTIGACI\u00d3N EN CIENCIA Y TECNOLOG\u00cdA\",\"datePublished\":\"2023-09-05T17:53:58+00:00\",\"mainEntityOfPage\":{\"@id\":\"https:\/\/apuntesdesanluis.com\/index.php\/2023\/09\/05\/confirman-historica-inversion-para-investigacion-en-ciencia-y-tecnologia\/\"},\"wordCount\":599,\"publisher\":{\"@id\":\"https:\/\/apuntesdesanluis.com\/#\/schema\/person\/b55151d52296fcce64d1a72538a70b90\"},\"image\":{\"@id\":\"https:\/\/apuntesdesanluis.com\/index.php\/2023\/09\/05\/confirman-historica-inversion-para-investigacion-en-ciencia-y-tecnologia\/#primaryimage\"},\"thumbnailUrl\":\"https:\/\/apuntesdesanluis.com\/wp-content\/uploads\/2023\/09\/rectores.png\",\"articleSection\":[\"Ciudad\/Provincia\"],\"inLanguage\":\"es-AR\"},{\"@type\":\"WebPage\",\"@id\":\"https:\/\/apuntesdesanluis.com\/index.php\/2023\/09\/05\/confirman-historica-inversion-para-investigacion-en-ciencia-y-tecnologia\/\",\"url\":\"https:\/\/apuntesdesanluis.com\/index.php\/2023\/09\/05\/confirman-historica-inversion-para-investigacion-en-ciencia-y-tecnologia\/\",\"name\":\"CONFIRMAN HIST\u00d3RICA INVERSI\u00d3N PARA INVESTIGACI\u00d3N EN CIENCIA Y TECNOLOG\u00cdA - Apuntes de San Luis\",\"isPartOf\":{\"@id\":\"https:\/\/apuntesdesanluis.com\/#website\"},\"primaryImageOfPage\":{\"@id\":\"https:\/\/apuntesdesanluis.com\/index.php\/2023\/09\/05\/confirman-historica-inversion-para-investigacion-en-ciencia-y-tecnologia\/#primaryimage\"},\"image\":{\"@id\":\"https:\/\/apuntesdesanluis.com\/index.php\/2023\/09\/05\/confirman-historica-inversion-para-investigacion-en-ciencia-y-tecnologia\/#primaryimage\"},\"thumbnailUrl\":\"https:\/\/apuntesdesanluis.com\/wp-content\/uploads\/2023\/09\/rectores.png\",\"datePublished\":\"2023-09-05T17:53:58+00:00\",\"breadcrumb\":{\"@id\":\"https:\/\/apuntesdesanluis.com\/index.php\/2023\/09\/05\/confirman-historica-inversion-para-investigacion-en-ciencia-y-tecnologia\/#breadcrumb\"},\"inLanguage\":\"es-AR\",\"potentialAction\":[{\"@type\":\"ReadAction\",\"target\":[\"https:\/\/apuntesdesanluis.com\/index.php\/2023\/09\/05\/confirman-historica-inversion-para-investigacion-en-ciencia-y-tecnologia\/\"]}]},{\"@type\":\"ImageObject\",\"inLanguage\":\"es-AR\",\"@id\":\"https:\/\/apuntesdesanluis.com\/index.php\/2023\/09\/05\/confirman-historica-inversion-para-investigacion-en-ciencia-y-tecnologia\/#primaryimage\",\"url\":\"https:\/\/apuntesdesanluis.com\/wp-content\/uploads\/2023\/09\/rectores.png\",\"contentUrl\":\"https:\/\/apuntesdesanluis.com\/wp-content\/uploads\/2023\/09\/rectores.png\",\"width\":663,\"height\":437},{\"@type\":\"BreadcrumbList\",\"@id\":\"https:\/\/apuntesdesanluis.com\/index.php\/2023\/09\/05\/confirman-historica-inversion-para-investigacion-en-ciencia-y-tecnologia\/#breadcrumb\",\"itemListElement\":[{\"@type\":\"ListItem\",\"position\":1,\"name\":\"Inicio\",\"item\":\"https:\/\/apuntesdesanluis.com\/\"},{\"@type\":\"ListItem\",\"position\":2,\"name\":\"CONFIRMAN HIST\u00d3RICA INVERSI\u00d3N PARA INVESTIGACI\u00d3N EN CIENCIA Y TECNOLOG\u00cdA\"}]},{\"@type\":\"WebSite\",\"@id\":\"https:\/\/apuntesdesanluis.com\/#website\",\"url\":\"https:\/\/apuntesdesanluis.com\/\",\"name\":\"Apuntes de San Luis\",\"description\":\"\",\"publisher\":{\"@id\":\"https:\/\/apuntesdesanluis.com\/#\/schema\/person\/b55151d52296fcce64d1a72538a70b90\"},\"potentialAction\":[{\"@type\":\"SearchAction\",\"target\":{\"@type\":\"EntryPoint\",\"urlTemplate\":\"https:\/\/apuntesdesanluis.com\/?s={search_term_string}\"},\"query-input\":{\"@type\":\"PropertyValueSpecification\",\"valueRequired\":true,\"valueName\":\"search_term_string\"}}],\"inLanguage\":\"es-AR\"},{\"@type\":[\"Person\",\"Organization\"],\"@id\":\"https:\/\/apuntesdesanluis.com\/#\/schema\/person\/b55151d52296fcce64d1a72538a70b90\",\"name\":\"apuntesdesanluis.com\",\"image\":{\"@type\":\"ImageObject\",\"inLanguage\":\"es-AR\",\"@id\":\"https:\/\/apuntesdesanluis.com\/#\/schema\/person\/image\/\",\"url\":\"https:\/\/apuntesdesanluis.com\/wp-content\/uploads\/2023\/07\/cropped-apuntesdesanluis.png\",\"contentUrl\":\"https:\/\/apuntesdesanluis.com\/wp-content\/uploads\/2023\/07\/cropped-apuntesdesanluis.png\",\"width\":450,\"height\":112,\"caption\":\"apuntesdesanluis.com\"},\"logo\":{\"@id\":\"https:\/\/apuntesdesanluis.com\/#\/schema\/person\/image\/\"},\"sameAs\":[\"https:\/\/apuntesdesanluis.com\"],\"url\":\"https:\/\/apuntesdesanluis.com\/index.php\/author\/apuntesdesanluis-com\/\"}]}<\/script>\n<!-- \/ Yoast SEO plugin. -->","yoast_head_json":{"title":"CONFIRMAN HIST\u00d3RICA INVERSI\u00d3N PARA INVESTIGACI\u00d3N EN CIENCIA Y TECNOLOG\u00cdA - Apuntes de San Luis","robots":{"index":"index","follow":"follow","max-snippet":"max-snippet:-1","max-image-preview":"max-image-preview:large","max-video-preview":"max-video-preview:-1"},"canonical":"https:\/\/apuntesdesanluis.com\/index.php\/2023\/09\/05\/confirman-historica-inversion-para-investigacion-en-ciencia-y-tecnologia\/","og_locale":"es_ES","og_type":"article","og_title":"CONFIRMAN HIST\u00d3RICA INVERSI\u00d3N PARA INVESTIGACI\u00d3N EN CIENCIA Y TECNOLOG\u00cdA - Apuntes de San Luis","og_description":"A trav\u00e9s del programa PICTO 2023 Regi\u00f3n de Cuyo, convocan a docentes e investigadores de...","og_url":"https:\/\/apuntesdesanluis.com\/index.php\/2023\/09\/05\/confirman-historica-inversion-para-investigacion-en-ciencia-y-tecnologia\/","og_site_name":"Apuntes de San Luis","article_published_time":"2023-09-05T17:53:58+00:00","og_image":[{"width":663,"height":437,"url":"https:\/\/apuntesdesanluis.com\/wp-content\/uploads\/2023\/09\/rectores.png","type":"image\/png"}],"author":"apuntesdesanluis.com","twitter_card":"summary_large_image","twitter_misc":{"Escrito por":"apuntesdesanluis.com","Tiempo de lectura":"3 minutos"},"schema":{"@context":"https:\/\/schema.org","@graph":[{"@type":"Article","@id":"https:\/\/apuntesdesanluis.com\/index.php\/2023\/09\/05\/confirman-historica-inversion-para-investigacion-en-ciencia-y-tecnologia\/#article","isPartOf":{"@id":"https:\/\/apuntesdesanluis.com\/index.php\/2023\/09\/05\/confirman-historica-inversion-para-investigacion-en-ciencia-y-tecnologia\/"},"author":{"name":"apuntesdesanluis.com","@id":"https:\/\/apuntesdesanluis.com\/#\/schema\/person\/b55151d52296fcce64d1a72538a70b90"},"headline":"CONFIRMAN HIST\u00d3RICA INVERSI\u00d3N PARA INVESTIGACI\u00d3N EN CIENCIA Y TECNOLOG\u00cdA","datePublished":"2023-09-05T17:53:58+00:00","mainEntityOfPage":{"@id":"https:\/\/apuntesdesanluis.com\/index.php\/2023\/09\/05\/confirman-historica-inversion-para-investigacion-en-ciencia-y-tecnologia\/"},"wordCount":599,"publisher":{"@id":"https:\/\/apuntesdesanluis.com\/#\/schema\/person\/b55151d52296fcce64d1a72538a70b90"},"image":{"@id":"https:\/\/apuntesdesanluis.com\/index.php\/2023\/09\/05\/confirman-historica-inversion-para-investigacion-en-ciencia-y-tecnologia\/#primaryimage"},"thumbnailUrl":"https:\/\/apuntesdesanluis.com\/wp-content\/uploads\/2023\/09\/rectores.png","articleSection":["Ciudad\/Provincia"],"inLanguage":"es-AR"},{"@type":"WebPage","@id":"https:\/\/apuntesdesanluis.com\/index.php\/2023\/09\/05\/confirman-historica-inversion-para-investigacion-en-ciencia-y-tecnologia\/","url":"https:\/\/apuntesdesanluis.com\/index.php\/2023\/09\/05\/confirman-historica-inversion-para-investigacion-en-ciencia-y-tecnologia\/","name":"CONFIRMAN HIST\u00d3RICA INVERSI\u00d3N PARA INVESTIGACI\u00d3N EN CIENCIA Y TECNOLOG\u00cdA - Apuntes de San Luis","isPartOf":{"@id":"https:\/\/apuntesdesanluis.com\/#website"},"primaryImageOfPage":{"@id":"https:\/\/apuntesdesanluis.com\/index.php\/2023\/09\/05\/confirman-historica-inversion-para-investigacion-en-ciencia-y-tecnologia\/#primaryimage"},"image":{"@id":"https:\/\/apuntesdesanluis.com\/index.php\/2023\/09\/05\/confirman-historica-inversion-para-investigacion-en-ciencia-y-tecnologia\/#primaryimage"},"thumbnailUrl":"https:\/\/apuntesdesanluis.com\/wp-content\/uploads\/2023\/09\/rectores.png","datePublished":"2023-09-05T17:53:58+00:00","breadcrumb":{"@id":"https:\/\/apuntesdesanluis.com\/index.php\/2023\/09\/05\/confirman-historica-inversion-para-investigacion-en-ciencia-y-tecnologia\/#breadcrumb"},"inLanguage":"es-AR","potentialAction":[{"@type":"ReadAction","target":["https:\/\/apuntesdesanluis.com\/index.php\/2023\/09\/05\/confirman-historica-inversion-para-investigacion-en-ciencia-y-tecnologia\/"]}]},{"@type":"ImageObject","inLanguage":"es-AR","@id":"https:\/\/apuntesdesanluis.com\/index.php\/2023\/09\/05\/confirman-historica-inversion-para-investigacion-en-ciencia-y-tecnologia\/#primaryimage","url":"https:\/\/apuntesdesanluis.com\/wp-content\/uploads\/2023\/09\/rectores.png","contentUrl":"https:\/\/apuntesdesanluis.com\/wp-content\/uploads\/2023\/09\/rectores.png","width":663,"height":437},{"@type":"BreadcrumbList","@id":"https:\/\/apuntesdesanluis.com\/index.php\/2023\/09\/05\/confirman-historica-inversion-para-investigacion-en-ciencia-y-tecnologia\/#breadcrumb","itemListElement":[{"@type":"ListItem","position":1,"name":"Inicio","item":"https:\/\/apuntesdesanluis.com\/"},{"@type":"ListItem","position":2,"name":"CONFIRMAN HIST\u00d3RICA INVERSI\u00d3N PARA INVESTIGACI\u00d3N EN CIENCIA Y TECNOLOG\u00cdA"}]},{"@type":"WebSite","@id":"https:\/\/apuntesdesanluis.com\/#website","url":"https:\/\/apuntesdesanluis.com\/","name":"Apuntes de San Luis","description":"","publisher":{"@id":"https:\/\/apuntesdesanluis.com\/#\/schema\/person\/b55151d52296fcce64d1a72538a70b90"},"potentialAction":[{"@type":"SearchAction","target":{"@type":"EntryPoint","urlTemplate":"https:\/\/apuntesdesanluis.com\/?s={search_term_string}"},"query-input":{"@type":"PropertyValueSpecification","valueRequired":true,"valueName":"search_term_string"}}],"inLanguage":"es-AR"},{"@type":["Person","Organization"],"@id":"https:\/\/apuntesdesanluis.com\/#\/schema\/person\/b55151d52296fcce64d1a72538a70b90","name":"apuntesdesanluis.com","image":{"@type":"ImageObject","inLanguage":"es-AR","@id":"https:\/\/apuntesdesanluis.com\/#\/schema\/person\/image\/","url":"https:\/\/apuntesdesanluis.com\/wp-content\/uploads\/2023\/07\/cropped-apuntesdesanluis.png","contentUrl":"https:\/\/apuntesdesanluis.com\/wp-content\/uploads\/2023\/07\/cropped-apuntesdesanluis.png","width":450,"height":112,"caption":"apuntesdesanluis.com"},"logo":{"@id":"https:\/\/apuntesdesanluis.com\/#\/schema\/person\/image\/"},"sameAs":["https:\/\/apuntesdesanluis.com"],"url":"https:\/\/apuntesdesanluis.com\/index.php\/author\/apuntesdesanluis-com\/"}]}},"featured_image_urls":{"full":["https:\/\/apuntesdesanluis.com\/wp-content\/uploads\/2023\/09\/rectores.png",663,437,false],"thumbnail":["https:\/\/apuntesdesanluis.com\/wp-content\/uploads\/2023\/09\/rectores-150x150.png",150,150,true],"medium":["https:\/\/apuntesdesanluis.com\/wp-content\/uploads\/2023\/09\/rectores-300x198.png",300,198,true],"medium_large":["https:\/\/apuntesdesanluis.com\/wp-content\/uploads\/2023\/09\/rectores.png",640,422,false],"large":["https:\/\/apuntesdesanluis.com\/wp-content\/uploads\/2023\/09\/rectores.png",640,422,false],"1536x1536":["https:\/\/apuntesdesanluis.com\/wp-content\/uploads\/2023\/09\/rectores.png",663,437,false],"2048x2048":["https:\/\/apuntesdesanluis.com\/wp-content\/uploads\/2023\/09\/rectores.png",663,437,false],"newsever-slider-full":["https:\/\/apuntesdesanluis.com\/wp-content\/uploads\/2023\/09\/rectores.png",663,437,false],"newsever-featured":["https:\/\/apuntesdesanluis.com\/wp-content\/uploads\/2023\/09\/rectores.png",663,437,false],"newsever-medium":["https:\/\/apuntesdesanluis.com\/wp-content\/uploads\/2023\/09\/rectores.png",663,437,false]},"author_info":{"display_name":"apuntesdesanluis.com","author_link":"https:\/\/apuntesdesanluis.com\/index.php\/author\/apuntesdesanluis-com\/"},"category_info":"<a href=\"https:\/\/apuntesdesanluis.com\/index.php\/category\/ciudad-provincia\/\" rel=\"category tag\">Ciudad\/Provincia<\/a>","tag_info":"Ciudad\/Provincia","comment_count":"0","_links":{"self":[{"href":"https:\/\/apuntesdesanluis.com\/index.php\/wp-json\/wp\/v2\/posts\/2721","targetHints":{"allow":["GET"]}}],"collection":[{"href":"https:\/\/apuntesdesanluis.com\/index.php\/wp-json\/wp\/v2\/posts"}],"about":[{"href":"https:\/\/apuntesdesanluis.com\/index.php\/wp-json\/wp\/v2\/types\/post"}],"author":[{"embeddable":true,"href":"https:\/\/apuntesdesanluis.com\/index.php\/wp-json\/wp\/v2\/users\/1"}],"replies":[{"embeddable":true,"href":"https:\/\/apuntesdesanluis.com\/index.php\/wp-json\/wp\/v2\/comments?post=2721"}],"version-history":[{"count":1,"href":"https:\/\/apuntesdesanluis.com\/index.php\/wp-json\/wp\/v2\/posts\/2721\/revisions"}],"predecessor-version":[{"id":2724,"href":"https:\/\/apuntesdesanluis.com\/index.php\/wp-json\/wp\/v2\/posts\/2721\/revisions\/2724"}],"wp:featuredmedia":[{"embeddable":true,"href":"https:\/\/apuntesdesanluis.com\/index.php\/wp-json\/wp\/v2\/media\/2723"}],"wp:attachment":[{"href":"https:\/\/apuntesdesanluis.com\/index.php\/wp-json\/wp\/v2\/media?parent=2721"}],"wp:term":[{"taxonomy":"category","embeddable":true,"href":"https:\/\/apuntesdesanluis.com\/index.php\/wp-json\/wp\/v2\/categories?post=2721"},{"taxonomy":"post_tag","embeddable":true,"href":"https:\/\/apuntesdesanluis.com\/index.php\/wp-json\/wp\/v2\/tags?post=2721"}],"curies":[{"name":"wp","href":"https:\/\/api.w.org\/{rel}","templated":true}]}}