{"id":27214,"date":"2024-12-26T21:48:41","date_gmt":"2024-12-27T00:48:41","guid":{"rendered":"https:\/\/apuntesdesanluis.com\/?p=27214"},"modified":"2024-12-26T21:48:41","modified_gmt":"2024-12-27T00:48:41","slug":"inauguraron-el-gas-natural-en-el-barrio-640-viviendas","status":"publish","type":"post","link":"https:\/\/apuntesdesanluis.com\/index.php\/2024\/12\/26\/inauguraron-el-gas-natural-en-el-barrio-640-viviendas\/","title":{"rendered":"INAUGURARON EL GAS NATURAL EN EL BARRIO 640 VIVIENDAS"},"content":{"rendered":"<h3>En un evento marcado por la emoci\u00f3n y la esperanza, el gobernador <strong>Claudio Poggi<\/strong> inaugur\u00f3 este jueves por la tarde la primera fase de la extensi\u00f3n de gas natural en el barrio 640 Viviendas, ubicado en el sector este de Villa Mercedes.<\/h3>\n<h3>Este avance beneficiar\u00e1 inicialmente a 516 hogares, cumpliendo con una de las premisas fundamentales del segundo mandato del gobernador: llevar el gas natural a todas las viviendas de esta populosa vecindad.<\/h3>\n<h3>El acto, que tuvo lugar en la intersecci\u00f3n de las calles Aldo Ra\u00fal \u00c1vila, Curupayt\u00ed y La Rioja, cont\u00f3 con la presencia del intendente municipal, <strong>Maximiliano Frontera<\/strong>; el director de Infraestructura H\u00eddrica y Energ\u00e9tica, <strong>Conrado Comastri<\/strong>; el senador <strong>Adolfo Castro Luna<\/strong>, y otros funcionarios provinciales y municipales, adem\u00e1s de una nutrida participaci\u00f3n de los vecinos.<\/h3>\n<h3><img fetchpriority=\"high\" decoding=\"async\" class=\"wp-image-27216 aligncenter\" src=\"https:\/\/apuntesdesanluis.com\/wp-content\/uploads\/2024\/12\/poggi-gas-300x177.png\" alt=\"\" width=\"698\" height=\"412\" srcset=\"https:\/\/apuntesdesanluis.com\/wp-content\/uploads\/2024\/12\/poggi-gas-300x177.png 300w, https:\/\/apuntesdesanluis.com\/wp-content\/uploads\/2024\/12\/poggi-gas.png 666w\" sizes=\"(max-width: 698px) 100vw, 698px\" \/><\/h3>\n<h3>En su visita N\u00b0 47 a la ciudad de la Calle Angosta, el gobernador Poggi destac\u00f3 la relevancia de esta obra como un avance significativo en la calidad de vida de los habitantes de Villa Mercedes. \u201cHoy cumplimos un sue\u00f1o de hace muchos a\u00f1os para estas familias. Este invierno, m\u00e1s de 500 hogares podr\u00e1n disfrutar de la comodidad y eficiencia del gas natural, dejando atr\u00e1s las complicaciones y costos de las garrafas\u201d, afirm\u00f3. Adem\u00e1s, subray\u00f3 que la segunda fase, destinada a conectar otras 636 viviendas, estar\u00e1 finalizada en febrero de 2025.<\/h3>\n<h3>El Mandatario tambi\u00e9n hizo hincapi\u00e9 en el programa \u2018Chau Garrafa\u2019, que facilita la conexi\u00f3n domiciliaria al gas natural mediante un financiamiento accesible. \u201cEl objetivo es que todos los vecinos puedan hacer realidad esta mejora. Implementamos un plan de cuotas sin inter\u00e9s que permitir\u00e1 que nadie quede afuera\u201d, a\u00f1adi\u00f3.<\/h3>\n<h3>Conrado Comastri explic\u00f3 que la red inaugurada abarca 12.095 metros lineales de ca\u00f1er\u00eda de polietileno de alta densidad, distribuidos por calles y veredas municipales. \u201cEsta primera fase abarca 34 manzanas y ya est\u00e1 operativa. Desde el lunes, los vecinos podr\u00e1n ingresar al portal oficial y adherirse al plan para conectarse a la red\u201d, indic\u00f3 el ingeniero, quien tambi\u00e9n se\u00f1al\u00f3 que la obra beneficia a la Escuela N\u00b0445 \u2018R\u00edo Quinto\u2019.<\/h3>\n<p>&nbsp;<\/p>\n<p>&nbsp;<\/p>\n<p>&nbsp;<\/p>\n","protected":false},"excerpt":{"rendered":"<p>En un evento marcado por la emoci\u00f3n y la esperanza, el gobernador Claudio Poggi inaugur\u00f3&#8230;<\/p>\n","protected":false},"author":1,"featured_media":27215,"comment_status":"closed","ping_status":"closed","sticky":false,"template":"","format":"standard","meta":{"footnotes":""},"categories":[6],"tags":[],"class_list":["post-27214","post","type-post","status-publish","format-standard","has-post-thumbnail","hentry","category-ciudad-provincia"],"yoast_head":"<!-- This site is optimized with the Yoast SEO plugin v26.1.1 - https:\/\/yoast.com\/wordpress\/plugins\/seo\/ -->\n<title>INAUGURARON EL GAS NATURAL EN EL BARRIO 640 VIVIENDAS - Apuntes de San Luis<\/title>\n<meta name=\"robots\" content=\"index, follow, max-snippet:-1, max-image-preview:large, max-video-preview:-1\" \/>\n<link rel=\"canonical\" href=\"https:\/\/apuntesdesanluis.com\/index.php\/2024\/12\/26\/inauguraron-el-gas-natural-en-el-barrio-640-viviendas\/\" \/>\n<meta property=\"og:locale\" content=\"es_ES\" \/>\n<meta property=\"og:type\" content=\"article\" \/>\n<meta property=\"og:title\" content=\"INAUGURARON EL GAS NATURAL EN EL BARRIO 640 VIVIENDAS - Apuntes de San Luis\" \/>\n<meta property=\"og:description\" content=\"En un evento marcado por la emoci\u00f3n y la esperanza, el gobernador Claudio Poggi inaugur\u00f3...\" \/>\n<meta property=\"og:url\" content=\"https:\/\/apuntesdesanluis.com\/index.php\/2024\/12\/26\/inauguraron-el-gas-natural-en-el-barrio-640-viviendas\/\" \/>\n<meta property=\"og:site_name\" content=\"Apuntes de San Luis\" \/>\n<meta property=\"article:published_time\" content=\"2024-12-27T00:48:41+00:00\" \/>\n<meta property=\"og:image\" content=\"https:\/\/apuntesdesanluis.com\/wp-content\/uploads\/2024\/12\/gas.png\" \/>\n\t<meta property=\"og:image:width\" content=\"1050\" \/>\n\t<meta property=\"og:image:height\" content=\"681\" \/>\n\t<meta property=\"og:image:type\" content=\"image\/png\" \/>\n<meta name=\"author\" content=\"apuntesdesanluis.com\" \/>\n<meta name=\"twitter:card\" content=\"summary_large_image\" \/>\n<meta name=\"twitter:label1\" content=\"Escrito por\" \/>\n\t<meta name=\"twitter:data1\" content=\"apuntesdesanluis.com\" \/>\n\t<meta name=\"twitter:label2\" content=\"Tiempo de lectura\" \/>\n\t<meta name=\"twitter:data2\" content=\"2 minutos\" \/>\n<script type=\"application\/ld+json\" class=\"yoast-schema-graph\">{\"@context\":\"https:\/\/schema.org\",\"@graph\":[{\"@type\":\"Article\",\"@id\":\"https:\/\/apuntesdesanluis.com\/index.php\/2024\/12\/26\/inauguraron-el-gas-natural-en-el-barrio-640-viviendas\/#article\",\"isPartOf\":{\"@id\":\"https:\/\/apuntesdesanluis.com\/index.php\/2024\/12\/26\/inauguraron-el-gas-natural-en-el-barrio-640-viviendas\/\"},\"author\":{\"name\":\"apuntesdesanluis.com\",\"@id\":\"https:\/\/apuntesdesanluis.com\/#\/schema\/person\/b55151d52296fcce64d1a72538a70b90\"},\"headline\":\"INAUGURARON EL GAS NATURAL EN EL BARRIO 640 VIVIENDAS\",\"datePublished\":\"2024-12-27T00:48:41+00:00\",\"mainEntityOfPage\":{\"@id\":\"https:\/\/apuntesdesanluis.com\/index.php\/2024\/12\/26\/inauguraron-el-gas-natural-en-el-barrio-640-viviendas\/\"},\"wordCount\":363,\"publisher\":{\"@id\":\"https:\/\/apuntesdesanluis.com\/#\/schema\/person\/b55151d52296fcce64d1a72538a70b90\"},\"image\":{\"@id\":\"https:\/\/apuntesdesanluis.com\/index.php\/2024\/12\/26\/inauguraron-el-gas-natural-en-el-barrio-640-viviendas\/#primaryimage\"},\"thumbnailUrl\":\"https:\/\/apuntesdesanluis.com\/wp-content\/uploads\/2024\/12\/gas.png\",\"articleSection\":[\"Ciudad\/Provincia\"],\"inLanguage\":\"es-AR\"},{\"@type\":\"WebPage\",\"@id\":\"https:\/\/apuntesdesanluis.com\/index.php\/2024\/12\/26\/inauguraron-el-gas-natural-en-el-barrio-640-viviendas\/\",\"url\":\"https:\/\/apuntesdesanluis.com\/index.php\/2024\/12\/26\/inauguraron-el-gas-natural-en-el-barrio-640-viviendas\/\",\"name\":\"INAUGURARON EL GAS NATURAL EN EL BARRIO 640 VIVIENDAS - Apuntes de San Luis\",\"isPartOf\":{\"@id\":\"https:\/\/apuntesdesanluis.com\/#website\"},\"primaryImageOfPage\":{\"@id\":\"https:\/\/apuntesdesanluis.com\/index.php\/2024\/12\/26\/inauguraron-el-gas-natural-en-el-barrio-640-viviendas\/#primaryimage\"},\"image\":{\"@id\":\"https:\/\/apuntesdesanluis.com\/index.php\/2024\/12\/26\/inauguraron-el-gas-natural-en-el-barrio-640-viviendas\/#primaryimage\"},\"thumbnailUrl\":\"https:\/\/apuntesdesanluis.com\/wp-content\/uploads\/2024\/12\/gas.png\",\"datePublished\":\"2024-12-27T00:48:41+00:00\",\"breadcrumb\":{\"@id\":\"https:\/\/apuntesdesanluis.com\/index.php\/2024\/12\/26\/inauguraron-el-gas-natural-en-el-barrio-640-viviendas\/#breadcrumb\"},\"inLanguage\":\"es-AR\",\"potentialAction\":[{\"@type\":\"ReadAction\",\"target\":[\"https:\/\/apuntesdesanluis.com\/index.php\/2024\/12\/26\/inauguraron-el-gas-natural-en-el-barrio-640-viviendas\/\"]}]},{\"@type\":\"ImageObject\",\"inLanguage\":\"es-AR\",\"@id\":\"https:\/\/apuntesdesanluis.com\/index.php\/2024\/12\/26\/inauguraron-el-gas-natural-en-el-barrio-640-viviendas\/#primaryimage\",\"url\":\"https:\/\/apuntesdesanluis.com\/wp-content\/uploads\/2024\/12\/gas.png\",\"contentUrl\":\"https:\/\/apuntesdesanluis.com\/wp-content\/uploads\/2024\/12\/gas.png\",\"width\":1050,\"height\":681},{\"@type\":\"BreadcrumbList\",\"@id\":\"https:\/\/apuntesdesanluis.com\/index.php\/2024\/12\/26\/inauguraron-el-gas-natural-en-el-barrio-640-viviendas\/#breadcrumb\",\"itemListElement\":[{\"@type\":\"ListItem\",\"position\":1,\"name\":\"Inicio\",\"item\":\"https:\/\/apuntesdesanluis.com\/\"},{\"@type\":\"ListItem\",\"position\":2,\"name\":\"INAUGURARON EL GAS NATURAL EN EL BARRIO 640 VIVIENDAS\"}]},{\"@type\":\"WebSite\",\"@id\":\"https:\/\/apuntesdesanluis.com\/#website\",\"url\":\"https:\/\/apuntesdesanluis.com\/\",\"name\":\"Apuntes de San Luis\",\"description\":\"\",\"publisher\":{\"@id\":\"https:\/\/apuntesdesanluis.com\/#\/schema\/person\/b55151d52296fcce64d1a72538a70b90\"},\"potentialAction\":[{\"@type\":\"SearchAction\",\"target\":{\"@type\":\"EntryPoint\",\"urlTemplate\":\"https:\/\/apuntesdesanluis.com\/?s={search_term_string}\"},\"query-input\":{\"@type\":\"PropertyValueSpecification\",\"valueRequired\":true,\"valueName\":\"search_term_string\"}}],\"inLanguage\":\"es-AR\"},{\"@type\":[\"Person\",\"Organization\"],\"@id\":\"https:\/\/apuntesdesanluis.com\/#\/schema\/person\/b55151d52296fcce64d1a72538a70b90\",\"name\":\"apuntesdesanluis.com\",\"image\":{\"@type\":\"ImageObject\",\"inLanguage\":\"es-AR\",\"@id\":\"https:\/\/apuntesdesanluis.com\/#\/schema\/person\/image\/\",\"url\":\"https:\/\/apuntesdesanluis.com\/wp-content\/uploads\/2023\/07\/cropped-apuntesdesanluis.png\",\"contentUrl\":\"https:\/\/apuntesdesanluis.com\/wp-content\/uploads\/2023\/07\/cropped-apuntesdesanluis.png\",\"width\":450,\"height\":112,\"caption\":\"apuntesdesanluis.com\"},\"logo\":{\"@id\":\"https:\/\/apuntesdesanluis.com\/#\/schema\/person\/image\/\"},\"sameAs\":[\"https:\/\/apuntesdesanluis.com\"],\"url\":\"https:\/\/apuntesdesanluis.com\/index.php\/author\/apuntesdesanluis-com\/\"}]}<\/script>\n<!-- \/ Yoast SEO plugin. -->","yoast_head_json":{"title":"INAUGURARON EL GAS NATURAL EN EL BARRIO 640 VIVIENDAS - Apuntes de San Luis","robots":{"index":"index","follow":"follow","max-snippet":"max-snippet:-1","max-image-preview":"max-image-preview:large","max-video-preview":"max-video-preview:-1"},"canonical":"https:\/\/apuntesdesanluis.com\/index.php\/2024\/12\/26\/inauguraron-el-gas-natural-en-el-barrio-640-viviendas\/","og_locale":"es_ES","og_type":"article","og_title":"INAUGURARON EL GAS NATURAL EN EL BARRIO 640 VIVIENDAS - Apuntes de San Luis","og_description":"En un evento marcado por la emoci\u00f3n y la esperanza, el gobernador Claudio Poggi inaugur\u00f3...","og_url":"https:\/\/apuntesdesanluis.com\/index.php\/2024\/12\/26\/inauguraron-el-gas-natural-en-el-barrio-640-viviendas\/","og_site_name":"Apuntes de San Luis","article_published_time":"2024-12-27T00:48:41+00:00","og_image":[{"width":1050,"height":681,"url":"https:\/\/apuntesdesanluis.com\/wp-content\/uploads\/2024\/12\/gas.png","type":"image\/png"}],"author":"apuntesdesanluis.com","twitter_card":"summary_large_image","twitter_misc":{"Escrito por":"apuntesdesanluis.com","Tiempo de lectura":"2 minutos"},"schema":{"@context":"https:\/\/schema.org","@graph":[{"@type":"Article","@id":"https:\/\/apuntesdesanluis.com\/index.php\/2024\/12\/26\/inauguraron-el-gas-natural-en-el-barrio-640-viviendas\/#article","isPartOf":{"@id":"https:\/\/apuntesdesanluis.com\/index.php\/2024\/12\/26\/inauguraron-el-gas-natural-en-el-barrio-640-viviendas\/"},"author":{"name":"apuntesdesanluis.com","@id":"https:\/\/apuntesdesanluis.com\/#\/schema\/person\/b55151d52296fcce64d1a72538a70b90"},"headline":"INAUGURARON EL GAS NATURAL EN EL BARRIO 640 VIVIENDAS","datePublished":"2024-12-27T00:48:41+00:00","mainEntityOfPage":{"@id":"https:\/\/apuntesdesanluis.com\/index.php\/2024\/12\/26\/inauguraron-el-gas-natural-en-el-barrio-640-viviendas\/"},"wordCount":363,"publisher":{"@id":"https:\/\/apuntesdesanluis.com\/#\/schema\/person\/b55151d52296fcce64d1a72538a70b90"},"image":{"@id":"https:\/\/apuntesdesanluis.com\/index.php\/2024\/12\/26\/inauguraron-el-gas-natural-en-el-barrio-640-viviendas\/#primaryimage"},"thumbnailUrl":"https:\/\/apuntesdesanluis.com\/wp-content\/uploads\/2024\/12\/gas.png","articleSection":["Ciudad\/Provincia"],"inLanguage":"es-AR"},{"@type":"WebPage","@id":"https:\/\/apuntesdesanluis.com\/index.php\/2024\/12\/26\/inauguraron-el-gas-natural-en-el-barrio-640-viviendas\/","url":"https:\/\/apuntesdesanluis.com\/index.php\/2024\/12\/26\/inauguraron-el-gas-natural-en-el-barrio-640-viviendas\/","name":"INAUGURARON EL GAS NATURAL EN EL BARRIO 640 VIVIENDAS - Apuntes de San Luis","isPartOf":{"@id":"https:\/\/apuntesdesanluis.com\/#website"},"primaryImageOfPage":{"@id":"https:\/\/apuntesdesanluis.com\/index.php\/2024\/12\/26\/inauguraron-el-gas-natural-en-el-barrio-640-viviendas\/#primaryimage"},"image":{"@id":"https:\/\/apuntesdesanluis.com\/index.php\/2024\/12\/26\/inauguraron-el-gas-natural-en-el-barrio-640-viviendas\/#primaryimage"},"thumbnailUrl":"https:\/\/apuntesdesanluis.com\/wp-content\/uploads\/2024\/12\/gas.png","datePublished":"2024-12-27T00:48:41+00:00","breadcrumb":{"@id":"https:\/\/apuntesdesanluis.com\/index.php\/2024\/12\/26\/inauguraron-el-gas-natural-en-el-barrio-640-viviendas\/#breadcrumb"},"inLanguage":"es-AR","potentialAction":[{"@type":"ReadAction","target":["https:\/\/apuntesdesanluis.com\/index.php\/2024\/12\/26\/inauguraron-el-gas-natural-en-el-barrio-640-viviendas\/"]}]},{"@type":"ImageObject","inLanguage":"es-AR","@id":"https:\/\/apuntesdesanluis.com\/index.php\/2024\/12\/26\/inauguraron-el-gas-natural-en-el-barrio-640-viviendas\/#primaryimage","url":"https:\/\/apuntesdesanluis.com\/wp-content\/uploads\/2024\/12\/gas.png","contentUrl":"https:\/\/apuntesdesanluis.com\/wp-content\/uploads\/2024\/12\/gas.png","width":1050,"height":681},{"@type":"BreadcrumbList","@id":"https:\/\/apuntesdesanluis.com\/index.php\/2024\/12\/26\/inauguraron-el-gas-natural-en-el-barrio-640-viviendas\/#breadcrumb","itemListElement":[{"@type":"ListItem","position":1,"name":"Inicio","item":"https:\/\/apuntesdesanluis.com\/"},{"@type":"ListItem","position":2,"name":"INAUGURARON EL GAS NATURAL EN EL BARRIO 640 VIVIENDAS"}]},{"@type":"WebSite","@id":"https:\/\/apuntesdesanluis.com\/#website","url":"https:\/\/apuntesdesanluis.com\/","name":"Apuntes de San Luis","description":"","publisher":{"@id":"https:\/\/apuntesdesanluis.com\/#\/schema\/person\/b55151d52296fcce64d1a72538a70b90"},"potentialAction":[{"@type":"SearchAction","target":{"@type":"EntryPoint","urlTemplate":"https:\/\/apuntesdesanluis.com\/?s={search_term_string}"},"query-input":{"@type":"PropertyValueSpecification","valueRequired":true,"valueName":"search_term_string"}}],"inLanguage":"es-AR"},{"@type":["Person","Organization"],"@id":"https:\/\/apuntesdesanluis.com\/#\/schema\/person\/b55151d52296fcce64d1a72538a70b90","name":"apuntesdesanluis.com","image":{"@type":"ImageObject","inLanguage":"es-AR","@id":"https:\/\/apuntesdesanluis.com\/#\/schema\/person\/image\/","url":"https:\/\/apuntesdesanluis.com\/wp-content\/uploads\/2023\/07\/cropped-apuntesdesanluis.png","contentUrl":"https:\/\/apuntesdesanluis.com\/wp-content\/uploads\/2023\/07\/cropped-apuntesdesanluis.png","width":450,"height":112,"caption":"apuntesdesanluis.com"},"logo":{"@id":"https:\/\/apuntesdesanluis.com\/#\/schema\/person\/image\/"},"sameAs":["https:\/\/apuntesdesanluis.com"],"url":"https:\/\/apuntesdesanluis.com\/index.php\/author\/apuntesdesanluis-com\/"}]}},"featured_image_urls":{"full":["https:\/\/apuntesdesanluis.com\/wp-content\/uploads\/2024\/12\/gas.png",1050,681,false],"thumbnail":["https:\/\/apuntesdesanluis.com\/wp-content\/uploads\/2024\/12\/gas-150x150.png",150,150,true],"medium":["https:\/\/apuntesdesanluis.com\/wp-content\/uploads\/2024\/12\/gas-300x195.png",300,195,true],"medium_large":["https:\/\/apuntesdesanluis.com\/wp-content\/uploads\/2024\/12\/gas-768x498.png",640,415,true],"large":["https:\/\/apuntesdesanluis.com\/wp-content\/uploads\/2024\/12\/gas-1024x664.png",640,415,true],"1536x1536":["https:\/\/apuntesdesanluis.com\/wp-content\/uploads\/2024\/12\/gas.png",1050,681,false],"2048x2048":["https:\/\/apuntesdesanluis.com\/wp-content\/uploads\/2024\/12\/gas.png",1050,681,false],"newsever-slider-full":["https:\/\/apuntesdesanluis.com\/wp-content\/uploads\/2024\/12\/gas.png",1050,681,false],"newsever-featured":["https:\/\/apuntesdesanluis.com\/wp-content\/uploads\/2024\/12\/gas-1024x664.png",1024,664,true],"newsever-medium":["https:\/\/apuntesdesanluis.com\/wp-content\/uploads\/2024\/12\/gas-720x475.png",720,475,true]},"author_info":{"display_name":"apuntesdesanluis.com","author_link":"https:\/\/apuntesdesanluis.com\/index.php\/author\/apuntesdesanluis-com\/"},"category_info":"<a href=\"https:\/\/apuntesdesanluis.com\/index.php\/category\/ciudad-provincia\/\" rel=\"category tag\">Ciudad\/Provincia<\/a>","tag_info":"Ciudad\/Provincia","comment_count":"0","_links":{"self":[{"href":"https:\/\/apuntesdesanluis.com\/index.php\/wp-json\/wp\/v2\/posts\/27214","targetHints":{"allow":["GET"]}}],"collection":[{"href":"https:\/\/apuntesdesanluis.com\/index.php\/wp-json\/wp\/v2\/posts"}],"about":[{"href":"https:\/\/apuntesdesanluis.com\/index.php\/wp-json\/wp\/v2\/types\/post"}],"author":[{"embeddable":true,"href":"https:\/\/apuntesdesanluis.com\/index.php\/wp-json\/wp\/v2\/users\/1"}],"replies":[{"embeddable":true,"href":"https:\/\/apuntesdesanluis.com\/index.php\/wp-json\/wp\/v2\/comments?post=27214"}],"version-history":[{"count":1,"href":"https:\/\/apuntesdesanluis.com\/index.php\/wp-json\/wp\/v2\/posts\/27214\/revisions"}],"predecessor-version":[{"id":27217,"href":"https:\/\/apuntesdesanluis.com\/index.php\/wp-json\/wp\/v2\/posts\/27214\/revisions\/27217"}],"wp:featuredmedia":[{"embeddable":true,"href":"https:\/\/apuntesdesanluis.com\/index.php\/wp-json\/wp\/v2\/media\/27215"}],"wp:attachment":[{"href":"https:\/\/apuntesdesanluis.com\/index.php\/wp-json\/wp\/v2\/media?parent=27214"}],"wp:term":[{"taxonomy":"category","embeddable":true,"href":"https:\/\/apuntesdesanluis.com\/index.php\/wp-json\/wp\/v2\/categories?post=27214"},{"taxonomy":"post_tag","embeddable":true,"href":"https:\/\/apuntesdesanluis.com\/index.php\/wp-json\/wp\/v2\/tags?post=27214"}],"curies":[{"name":"wp","href":"https:\/\/api.w.org\/{rel}","templated":true}]}}