{"id":27239,"date":"2024-12-27T10:51:10","date_gmt":"2024-12-27T13:51:10","guid":{"rendered":"https:\/\/apuntesdesanluis.com\/?p=27239"},"modified":"2024-12-27T10:51:10","modified_gmt":"2024-12-27T13:51:10","slug":"un-detenido-por-el-homicidio-de-lucas-pastran-en-villa-mercedes","status":"publish","type":"post","link":"https:\/\/apuntesdesanluis.com\/index.php\/2024\/12\/27\/un-detenido-por-el-homicidio-de-lucas-pastran-en-villa-mercedes\/","title":{"rendered":"UN DETENIDO POR EL HOMICIDIO DE LUCAS PASTR\u00c1N EN VILLA MERCEDES"},"content":{"rendered":"<h3>Este jueves efectivos del Departamento de Homicidios Villa Mercedes detuvieron a un sujeto de 35 a\u00f1os de edad por el homicidio de <strong>Lucas Pastr\u00e1n<\/strong>, hecho ocurrido durante la ma\u00f1ana del mi\u00e9rcoles 25 de diciembre en el barrio San Jos\u00e9 de la ciudad de Villa Mercedes.<\/h3>\n<h3>La detenci\u00f3n se concret\u00f3 despu\u00e9s de diversas tareas investigativas por parte de personal de Homicidios, que incluyeron entrevistas y recopilaci\u00f3n de datos.<\/h3>\n<p><img fetchpriority=\"high\" decoding=\"async\" class=\"wp-image-27197 aligncenter\" src=\"https:\/\/apuntesdesanluis.com\/wp-content\/uploads\/2024\/12\/pastran-300x219.png\" alt=\"\" width=\"608\" height=\"444\" srcset=\"https:\/\/apuntesdesanluis.com\/wp-content\/uploads\/2024\/12\/pastran-300x219.png 300w, https:\/\/apuntesdesanluis.com\/wp-content\/uploads\/2024\/12\/pastran.png 700w\" sizes=\"(max-width: 608px) 100vw, 608px\" \/><\/p>\n<h4 style=\"text-align: center;\"><em>Lucas Pastr\u00e1n.<\/em><\/h4>\n<h3>En primera instancia el sujeto fue demorado por los efectivos policiales en la v\u00eda p\u00fablica. Posteriormente, en virtud del sumario policial y con todos los elementos vinculantes del hecho que indicaban que el sujeto de 35 a\u00f1os fue el autor del disparo, desde la Fiscal\u00eda de Instrucci\u00f3n N\u00b0 3 de la Segunda Circunscripci\u00f3n Judicial, a cargo del Dr. Jos\u00e9 Olgu\u00edn, se orden\u00f3 que el individuo quede en calidad de detenido por el delito \u201cAveriguaci\u00f3n homicidio agravado por el uso de arma de fuego\u201d.<\/h3>\n<h3>Adem\u00e1s, la Polic\u00eda realiz\u00f3 un allanamiento en un domicilio del barrio 365 Viviendas de Villa Mercedes, donde se secuestr\u00f3 la motocicleta que utiliz\u00f3 el individuo de 35 a\u00f1os para darse a la fuga del lugar del hecho.<\/h3>\n<p>&nbsp;<\/p>\n<p>&nbsp;<\/p>\n<p>&nbsp;<\/p>\n<p>&nbsp;<\/p>\n<p>&nbsp;<\/p>\n<p>&nbsp;<\/p>\n","protected":false},"excerpt":{"rendered":"<p>Este jueves efectivos del Departamento de Homicidios Villa Mercedes detuvieron a un sujeto de 35&#8230;<\/p>\n","protected":false},"author":1,"featured_media":27240,"comment_status":"closed","ping_status":"closed","sticky":false,"template":"","format":"standard","meta":{"footnotes":""},"categories":[6],"tags":[],"class_list":["post-27239","post","type-post","status-publish","format-standard","has-post-thumbnail","hentry","category-ciudad-provincia"],"yoast_head":"<!-- This site is optimized with the Yoast SEO plugin v26.1.1 - https:\/\/yoast.com\/wordpress\/plugins\/seo\/ -->\n<title>UN DETENIDO POR EL HOMICIDIO DE LUCAS PASTR\u00c1N EN VILLA MERCEDES - Apuntes de San Luis<\/title>\n<meta name=\"robots\" content=\"index, follow, max-snippet:-1, max-image-preview:large, max-video-preview:-1\" \/>\n<link rel=\"canonical\" href=\"https:\/\/apuntesdesanluis.com\/index.php\/2024\/12\/27\/un-detenido-por-el-homicidio-de-lucas-pastran-en-villa-mercedes\/\" \/>\n<meta property=\"og:locale\" content=\"es_ES\" \/>\n<meta property=\"og:type\" content=\"article\" \/>\n<meta property=\"og:title\" content=\"UN DETENIDO POR EL HOMICIDIO DE LUCAS PASTR\u00c1N EN VILLA MERCEDES - Apuntes de San Luis\" \/>\n<meta property=\"og:description\" content=\"Este jueves efectivos del Departamento de Homicidios Villa Mercedes detuvieron a un sujeto de 35...\" \/>\n<meta property=\"og:url\" content=\"https:\/\/apuntesdesanluis.com\/index.php\/2024\/12\/27\/un-detenido-por-el-homicidio-de-lucas-pastran-en-villa-mercedes\/\" \/>\n<meta property=\"og:site_name\" content=\"Apuntes de San Luis\" \/>\n<meta property=\"article:published_time\" content=\"2024-12-27T13:51:10+00:00\" \/>\n<meta property=\"og:image\" content=\"https:\/\/apuntesdesanluis.com\/wp-content\/uploads\/2024\/12\/detenido-x-muerte-de-pastran.jpg\" \/>\n\t<meta property=\"og:image:width\" content=\"691\" \/>\n\t<meta property=\"og:image:height\" content=\"478\" \/>\n\t<meta property=\"og:image:type\" content=\"image\/jpeg\" \/>\n<meta name=\"author\" content=\"apuntesdesanluis.com\" \/>\n<meta name=\"twitter:card\" content=\"summary_large_image\" \/>\n<meta name=\"twitter:label1\" content=\"Escrito por\" \/>\n\t<meta name=\"twitter:data1\" content=\"apuntesdesanluis.com\" \/>\n\t<meta name=\"twitter:label2\" content=\"Tiempo de lectura\" \/>\n\t<meta name=\"twitter:data2\" content=\"2 minutos\" \/>\n<script type=\"application\/ld+json\" class=\"yoast-schema-graph\">{\"@context\":\"https:\/\/schema.org\",\"@graph\":[{\"@type\":\"Article\",\"@id\":\"https:\/\/apuntesdesanluis.com\/index.php\/2024\/12\/27\/un-detenido-por-el-homicidio-de-lucas-pastran-en-villa-mercedes\/#article\",\"isPartOf\":{\"@id\":\"https:\/\/apuntesdesanluis.com\/index.php\/2024\/12\/27\/un-detenido-por-el-homicidio-de-lucas-pastran-en-villa-mercedes\/\"},\"author\":{\"name\":\"apuntesdesanluis.com\",\"@id\":\"https:\/\/apuntesdesanluis.com\/#\/schema\/person\/b55151d52296fcce64d1a72538a70b90\"},\"headline\":\"UN DETENIDO POR EL HOMICIDIO DE LUCAS PASTR\u00c1N EN VILLA MERCEDES\",\"datePublished\":\"2024-12-27T13:51:10+00:00\",\"mainEntityOfPage\":{\"@id\":\"https:\/\/apuntesdesanluis.com\/index.php\/2024\/12\/27\/un-detenido-por-el-homicidio-de-lucas-pastran-en-villa-mercedes\/\"},\"wordCount\":220,\"publisher\":{\"@id\":\"https:\/\/apuntesdesanluis.com\/#\/schema\/person\/b55151d52296fcce64d1a72538a70b90\"},\"image\":{\"@id\":\"https:\/\/apuntesdesanluis.com\/index.php\/2024\/12\/27\/un-detenido-por-el-homicidio-de-lucas-pastran-en-villa-mercedes\/#primaryimage\"},\"thumbnailUrl\":\"https:\/\/apuntesdesanluis.com\/wp-content\/uploads\/2024\/12\/detenido-x-muerte-de-pastran.jpg\",\"articleSection\":[\"Ciudad\/Provincia\"],\"inLanguage\":\"es-AR\"},{\"@type\":\"WebPage\",\"@id\":\"https:\/\/apuntesdesanluis.com\/index.php\/2024\/12\/27\/un-detenido-por-el-homicidio-de-lucas-pastran-en-villa-mercedes\/\",\"url\":\"https:\/\/apuntesdesanluis.com\/index.php\/2024\/12\/27\/un-detenido-por-el-homicidio-de-lucas-pastran-en-villa-mercedes\/\",\"name\":\"UN DETENIDO POR EL HOMICIDIO DE LUCAS PASTR\u00c1N EN VILLA MERCEDES - Apuntes de San Luis\",\"isPartOf\":{\"@id\":\"https:\/\/apuntesdesanluis.com\/#website\"},\"primaryImageOfPage\":{\"@id\":\"https:\/\/apuntesdesanluis.com\/index.php\/2024\/12\/27\/un-detenido-por-el-homicidio-de-lucas-pastran-en-villa-mercedes\/#primaryimage\"},\"image\":{\"@id\":\"https:\/\/apuntesdesanluis.com\/index.php\/2024\/12\/27\/un-detenido-por-el-homicidio-de-lucas-pastran-en-villa-mercedes\/#primaryimage\"},\"thumbnailUrl\":\"https:\/\/apuntesdesanluis.com\/wp-content\/uploads\/2024\/12\/detenido-x-muerte-de-pastran.jpg\",\"datePublished\":\"2024-12-27T13:51:10+00:00\",\"breadcrumb\":{\"@id\":\"https:\/\/apuntesdesanluis.com\/index.php\/2024\/12\/27\/un-detenido-por-el-homicidio-de-lucas-pastran-en-villa-mercedes\/#breadcrumb\"},\"inLanguage\":\"es-AR\",\"potentialAction\":[{\"@type\":\"ReadAction\",\"target\":[\"https:\/\/apuntesdesanluis.com\/index.php\/2024\/12\/27\/un-detenido-por-el-homicidio-de-lucas-pastran-en-villa-mercedes\/\"]}]},{\"@type\":\"ImageObject\",\"inLanguage\":\"es-AR\",\"@id\":\"https:\/\/apuntesdesanluis.com\/index.php\/2024\/12\/27\/un-detenido-por-el-homicidio-de-lucas-pastran-en-villa-mercedes\/#primaryimage\",\"url\":\"https:\/\/apuntesdesanluis.com\/wp-content\/uploads\/2024\/12\/detenido-x-muerte-de-pastran.jpg\",\"contentUrl\":\"https:\/\/apuntesdesanluis.com\/wp-content\/uploads\/2024\/12\/detenido-x-muerte-de-pastran.jpg\",\"width\":691,\"height\":478},{\"@type\":\"BreadcrumbList\",\"@id\":\"https:\/\/apuntesdesanluis.com\/index.php\/2024\/12\/27\/un-detenido-por-el-homicidio-de-lucas-pastran-en-villa-mercedes\/#breadcrumb\",\"itemListElement\":[{\"@type\":\"ListItem\",\"position\":1,\"name\":\"Inicio\",\"item\":\"https:\/\/apuntesdesanluis.com\/\"},{\"@type\":\"ListItem\",\"position\":2,\"name\":\"UN DETENIDO POR EL HOMICIDIO DE LUCAS PASTR\u00c1N EN VILLA MERCEDES\"}]},{\"@type\":\"WebSite\",\"@id\":\"https:\/\/apuntesdesanluis.com\/#website\",\"url\":\"https:\/\/apuntesdesanluis.com\/\",\"name\":\"Apuntes de San Luis\",\"description\":\"\",\"publisher\":{\"@id\":\"https:\/\/apuntesdesanluis.com\/#\/schema\/person\/b55151d52296fcce64d1a72538a70b90\"},\"potentialAction\":[{\"@type\":\"SearchAction\",\"target\":{\"@type\":\"EntryPoint\",\"urlTemplate\":\"https:\/\/apuntesdesanluis.com\/?s={search_term_string}\"},\"query-input\":{\"@type\":\"PropertyValueSpecification\",\"valueRequired\":true,\"valueName\":\"search_term_string\"}}],\"inLanguage\":\"es-AR\"},{\"@type\":[\"Person\",\"Organization\"],\"@id\":\"https:\/\/apuntesdesanluis.com\/#\/schema\/person\/b55151d52296fcce64d1a72538a70b90\",\"name\":\"apuntesdesanluis.com\",\"image\":{\"@type\":\"ImageObject\",\"inLanguage\":\"es-AR\",\"@id\":\"https:\/\/apuntesdesanluis.com\/#\/schema\/person\/image\/\",\"url\":\"https:\/\/apuntesdesanluis.com\/wp-content\/uploads\/2023\/07\/cropped-apuntesdesanluis.png\",\"contentUrl\":\"https:\/\/apuntesdesanluis.com\/wp-content\/uploads\/2023\/07\/cropped-apuntesdesanluis.png\",\"width\":450,\"height\":112,\"caption\":\"apuntesdesanluis.com\"},\"logo\":{\"@id\":\"https:\/\/apuntesdesanluis.com\/#\/schema\/person\/image\/\"},\"sameAs\":[\"https:\/\/apuntesdesanluis.com\"],\"url\":\"https:\/\/apuntesdesanluis.com\/index.php\/author\/apuntesdesanluis-com\/\"}]}<\/script>\n<!-- \/ Yoast SEO plugin. -->","yoast_head_json":{"title":"UN DETENIDO POR EL HOMICIDIO DE LUCAS PASTR\u00c1N EN VILLA MERCEDES - Apuntes de San Luis","robots":{"index":"index","follow":"follow","max-snippet":"max-snippet:-1","max-image-preview":"max-image-preview:large","max-video-preview":"max-video-preview:-1"},"canonical":"https:\/\/apuntesdesanluis.com\/index.php\/2024\/12\/27\/un-detenido-por-el-homicidio-de-lucas-pastran-en-villa-mercedes\/","og_locale":"es_ES","og_type":"article","og_title":"UN DETENIDO POR EL HOMICIDIO DE LUCAS PASTR\u00c1N EN VILLA MERCEDES - Apuntes de San Luis","og_description":"Este jueves efectivos del Departamento de Homicidios Villa Mercedes detuvieron a un sujeto de 35...","og_url":"https:\/\/apuntesdesanluis.com\/index.php\/2024\/12\/27\/un-detenido-por-el-homicidio-de-lucas-pastran-en-villa-mercedes\/","og_site_name":"Apuntes de San Luis","article_published_time":"2024-12-27T13:51:10+00:00","og_image":[{"width":691,"height":478,"url":"https:\/\/apuntesdesanluis.com\/wp-content\/uploads\/2024\/12\/detenido-x-muerte-de-pastran.jpg","type":"image\/jpeg"}],"author":"apuntesdesanluis.com","twitter_card":"summary_large_image","twitter_misc":{"Escrito por":"apuntesdesanluis.com","Tiempo de lectura":"2 minutos"},"schema":{"@context":"https:\/\/schema.org","@graph":[{"@type":"Article","@id":"https:\/\/apuntesdesanluis.com\/index.php\/2024\/12\/27\/un-detenido-por-el-homicidio-de-lucas-pastran-en-villa-mercedes\/#article","isPartOf":{"@id":"https:\/\/apuntesdesanluis.com\/index.php\/2024\/12\/27\/un-detenido-por-el-homicidio-de-lucas-pastran-en-villa-mercedes\/"},"author":{"name":"apuntesdesanluis.com","@id":"https:\/\/apuntesdesanluis.com\/#\/schema\/person\/b55151d52296fcce64d1a72538a70b90"},"headline":"UN DETENIDO POR EL HOMICIDIO DE LUCAS PASTR\u00c1N EN VILLA MERCEDES","datePublished":"2024-12-27T13:51:10+00:00","mainEntityOfPage":{"@id":"https:\/\/apuntesdesanluis.com\/index.php\/2024\/12\/27\/un-detenido-por-el-homicidio-de-lucas-pastran-en-villa-mercedes\/"},"wordCount":220,"publisher":{"@id":"https:\/\/apuntesdesanluis.com\/#\/schema\/person\/b55151d52296fcce64d1a72538a70b90"},"image":{"@id":"https:\/\/apuntesdesanluis.com\/index.php\/2024\/12\/27\/un-detenido-por-el-homicidio-de-lucas-pastran-en-villa-mercedes\/#primaryimage"},"thumbnailUrl":"https:\/\/apuntesdesanluis.com\/wp-content\/uploads\/2024\/12\/detenido-x-muerte-de-pastran.jpg","articleSection":["Ciudad\/Provincia"],"inLanguage":"es-AR"},{"@type":"WebPage","@id":"https:\/\/apuntesdesanluis.com\/index.php\/2024\/12\/27\/un-detenido-por-el-homicidio-de-lucas-pastran-en-villa-mercedes\/","url":"https:\/\/apuntesdesanluis.com\/index.php\/2024\/12\/27\/un-detenido-por-el-homicidio-de-lucas-pastran-en-villa-mercedes\/","name":"UN DETENIDO POR EL HOMICIDIO DE LUCAS PASTR\u00c1N EN VILLA MERCEDES - Apuntes de San Luis","isPartOf":{"@id":"https:\/\/apuntesdesanluis.com\/#website"},"primaryImageOfPage":{"@id":"https:\/\/apuntesdesanluis.com\/index.php\/2024\/12\/27\/un-detenido-por-el-homicidio-de-lucas-pastran-en-villa-mercedes\/#primaryimage"},"image":{"@id":"https:\/\/apuntesdesanluis.com\/index.php\/2024\/12\/27\/un-detenido-por-el-homicidio-de-lucas-pastran-en-villa-mercedes\/#primaryimage"},"thumbnailUrl":"https:\/\/apuntesdesanluis.com\/wp-content\/uploads\/2024\/12\/detenido-x-muerte-de-pastran.jpg","datePublished":"2024-12-27T13:51:10+00:00","breadcrumb":{"@id":"https:\/\/apuntesdesanluis.com\/index.php\/2024\/12\/27\/un-detenido-por-el-homicidio-de-lucas-pastran-en-villa-mercedes\/#breadcrumb"},"inLanguage":"es-AR","potentialAction":[{"@type":"ReadAction","target":["https:\/\/apuntesdesanluis.com\/index.php\/2024\/12\/27\/un-detenido-por-el-homicidio-de-lucas-pastran-en-villa-mercedes\/"]}]},{"@type":"ImageObject","inLanguage":"es-AR","@id":"https:\/\/apuntesdesanluis.com\/index.php\/2024\/12\/27\/un-detenido-por-el-homicidio-de-lucas-pastran-en-villa-mercedes\/#primaryimage","url":"https:\/\/apuntesdesanluis.com\/wp-content\/uploads\/2024\/12\/detenido-x-muerte-de-pastran.jpg","contentUrl":"https:\/\/apuntesdesanluis.com\/wp-content\/uploads\/2024\/12\/detenido-x-muerte-de-pastran.jpg","width":691,"height":478},{"@type":"BreadcrumbList","@id":"https:\/\/apuntesdesanluis.com\/index.php\/2024\/12\/27\/un-detenido-por-el-homicidio-de-lucas-pastran-en-villa-mercedes\/#breadcrumb","itemListElement":[{"@type":"ListItem","position":1,"name":"Inicio","item":"https:\/\/apuntesdesanluis.com\/"},{"@type":"ListItem","position":2,"name":"UN DETENIDO POR EL HOMICIDIO DE LUCAS PASTR\u00c1N EN VILLA MERCEDES"}]},{"@type":"WebSite","@id":"https:\/\/apuntesdesanluis.com\/#website","url":"https:\/\/apuntesdesanluis.com\/","name":"Apuntes de San Luis","description":"","publisher":{"@id":"https:\/\/apuntesdesanluis.com\/#\/schema\/person\/b55151d52296fcce64d1a72538a70b90"},"potentialAction":[{"@type":"SearchAction","target":{"@type":"EntryPoint","urlTemplate":"https:\/\/apuntesdesanluis.com\/?s={search_term_string}"},"query-input":{"@type":"PropertyValueSpecification","valueRequired":true,"valueName":"search_term_string"}}],"inLanguage":"es-AR"},{"@type":["Person","Organization"],"@id":"https:\/\/apuntesdesanluis.com\/#\/schema\/person\/b55151d52296fcce64d1a72538a70b90","name":"apuntesdesanluis.com","image":{"@type":"ImageObject","inLanguage":"es-AR","@id":"https:\/\/apuntesdesanluis.com\/#\/schema\/person\/image\/","url":"https:\/\/apuntesdesanluis.com\/wp-content\/uploads\/2023\/07\/cropped-apuntesdesanluis.png","contentUrl":"https:\/\/apuntesdesanluis.com\/wp-content\/uploads\/2023\/07\/cropped-apuntesdesanluis.png","width":450,"height":112,"caption":"apuntesdesanluis.com"},"logo":{"@id":"https:\/\/apuntesdesanluis.com\/#\/schema\/person\/image\/"},"sameAs":["https:\/\/apuntesdesanluis.com"],"url":"https:\/\/apuntesdesanluis.com\/index.php\/author\/apuntesdesanluis-com\/"}]}},"featured_image_urls":{"full":["https:\/\/apuntesdesanluis.com\/wp-content\/uploads\/2024\/12\/detenido-x-muerte-de-pastran.jpg",691,478,false],"thumbnail":["https:\/\/apuntesdesanluis.com\/wp-content\/uploads\/2024\/12\/detenido-x-muerte-de-pastran-150x150.jpg",150,150,true],"medium":["https:\/\/apuntesdesanluis.com\/wp-content\/uploads\/2024\/12\/detenido-x-muerte-de-pastran-300x208.jpg",300,208,true],"medium_large":["https:\/\/apuntesdesanluis.com\/wp-content\/uploads\/2024\/12\/detenido-x-muerte-de-pastran.jpg",640,443,false],"large":["https:\/\/apuntesdesanluis.com\/wp-content\/uploads\/2024\/12\/detenido-x-muerte-de-pastran.jpg",640,443,false],"1536x1536":["https:\/\/apuntesdesanluis.com\/wp-content\/uploads\/2024\/12\/detenido-x-muerte-de-pastran.jpg",691,478,false],"2048x2048":["https:\/\/apuntesdesanluis.com\/wp-content\/uploads\/2024\/12\/detenido-x-muerte-de-pastran.jpg",691,478,false],"newsever-slider-full":["https:\/\/apuntesdesanluis.com\/wp-content\/uploads\/2024\/12\/detenido-x-muerte-de-pastran.jpg",691,478,false],"newsever-featured":["https:\/\/apuntesdesanluis.com\/wp-content\/uploads\/2024\/12\/detenido-x-muerte-de-pastran.jpg",691,478,false],"newsever-medium":["https:\/\/apuntesdesanluis.com\/wp-content\/uploads\/2024\/12\/detenido-x-muerte-de-pastran-691x475.jpg",691,475,true]},"author_info":{"display_name":"apuntesdesanluis.com","author_link":"https:\/\/apuntesdesanluis.com\/index.php\/author\/apuntesdesanluis-com\/"},"category_info":"<a href=\"https:\/\/apuntesdesanluis.com\/index.php\/category\/ciudad-provincia\/\" rel=\"category tag\">Ciudad\/Provincia<\/a>","tag_info":"Ciudad\/Provincia","comment_count":"0","_links":{"self":[{"href":"https:\/\/apuntesdesanluis.com\/index.php\/wp-json\/wp\/v2\/posts\/27239","targetHints":{"allow":["GET"]}}],"collection":[{"href":"https:\/\/apuntesdesanluis.com\/index.php\/wp-json\/wp\/v2\/posts"}],"about":[{"href":"https:\/\/apuntesdesanluis.com\/index.php\/wp-json\/wp\/v2\/types\/post"}],"author":[{"embeddable":true,"href":"https:\/\/apuntesdesanluis.com\/index.php\/wp-json\/wp\/v2\/users\/1"}],"replies":[{"embeddable":true,"href":"https:\/\/apuntesdesanluis.com\/index.php\/wp-json\/wp\/v2\/comments?post=27239"}],"version-history":[{"count":1,"href":"https:\/\/apuntesdesanluis.com\/index.php\/wp-json\/wp\/v2\/posts\/27239\/revisions"}],"predecessor-version":[{"id":27241,"href":"https:\/\/apuntesdesanluis.com\/index.php\/wp-json\/wp\/v2\/posts\/27239\/revisions\/27241"}],"wp:featuredmedia":[{"embeddable":true,"href":"https:\/\/apuntesdesanluis.com\/index.php\/wp-json\/wp\/v2\/media\/27240"}],"wp:attachment":[{"href":"https:\/\/apuntesdesanluis.com\/index.php\/wp-json\/wp\/v2\/media?parent=27239"}],"wp:term":[{"taxonomy":"category","embeddable":true,"href":"https:\/\/apuntesdesanluis.com\/index.php\/wp-json\/wp\/v2\/categories?post=27239"},{"taxonomy":"post_tag","embeddable":true,"href":"https:\/\/apuntesdesanluis.com\/index.php\/wp-json\/wp\/v2\/tags?post=27239"}],"curies":[{"name":"wp","href":"https:\/\/api.w.org\/{rel}","templated":true}]}}