{"id":2725,"date":"2023-09-05T14:57:45","date_gmt":"2023-09-05T17:57:45","guid":{"rendered":"https:\/\/apuntesdesanluis.com\/?p=2725"},"modified":"2023-09-05T14:57:45","modified_gmt":"2023-09-05T17:57:45","slug":"continuara-en-prision-preventiva-un-hombre-acusado-de-promover-el-ejercicio-de-la-prostitucion","status":"publish","type":"post","link":"https:\/\/apuntesdesanluis.com\/index.php\/2023\/09\/05\/continuara-en-prision-preventiva-un-hombre-acusado-de-promover-el-ejercicio-de-la-prostitucion\/","title":{"rendered":"CONTINUAR\u00c1 EN PRISI\u00d3N PREVENTIVA UN HOMBRE ACUSADO DE PROMOVER EL EJERCICIO DE LA PROSTITUCI\u00d3N"},"content":{"rendered":"<h3>As\u00ed lo resolvi\u00f3 el Juez de Garant\u00eda N\u00ba 1 ante un pedido de la defensa de excarcelaci\u00f3n o de una media alternativa a lo cual la fiscal\u00eda se opuso.<\/h3>\n<h3>Este martes se desarroll\u00f3 una audiencia en el marco de una causa que tiene como procesado a un hombre por promover facilitar y\/o explotar econ\u00f3micamente el ejercicio de la prostituci\u00f3n de una persona, agravada\u00a0 por el despliegue de medios t\u00edpicos de abuso de la situaci\u00f3n de vulnerabilidad de la v\u00edctima, intimidaci\u00f3n y coerci\u00f3n sobre la misma (Arts. 125 bis, 126 inc 1 y 2 , 127 inc 1 y 2 del C\u00f3digo Penal).<\/h3>\n<h3>Participaron de la audiencia que se desarroll\u00f3 en el Juzgado de Garant\u00eda N\u00ba 1 a cargo del Dr. Alfredo Cuello, el Dr. Leandro Estrada \u2013Fiscal de Instrucci\u00f3n-, los defensores, Dra. Alejandra Zunini, el procurador Adolfo Cafieri y el imputado. Como secretario intervino el Dr. Fabi\u00e1n Aguilar.<\/h3>\n<h3>En esta oportunidad, la defensa solicit\u00f3 la excarcelaci\u00f3n de su defendido o subsidiariamente otra medida menos gravosa como la prisi\u00f3n domiciliaria argumentaron su pedido en que no existen riesgos procesales y la condici\u00f3n de salud del imputado.<\/h3>\n<h3>El fiscal no estuvo de acuerdo con tal petici\u00f3n y solicit\u00f3 que se rechace ya que se debe asegurar la protecci\u00f3n de la v\u00edctima, agreg\u00f3 que la causa no ha variado y que no est\u00e1 acreditado el agravamiento de la salud. Asimismo, explic\u00f3 que el procesamiento se encuentra firme.<\/h3>\n<h3>El Dr. Alfredo Cuello resolvi\u00f3 no hacer lugar a lo peticionado por la defensa y tuvo en cuenta principalmente el riesgo para la v\u00edctima, inform\u00f3 que queda vigente el plazo otorgado en la audiencia anterior a los fines de la realizaci\u00f3n de la acusaci\u00f3n fiscal (ver aqu\u00ed: <a href=\"https:\/\/www.periodicojudicial.gov.ar\/rechazaron-la-excarcelacion-de-un-hombre-acusado-de-promover-el-ejercicio-de-la-prostitucion\/\">https:\/\/www.periodicojudicial.gov.ar\/rechazaron-la-excarcelacion-de-un-hombre-acusado-de-promover-el-ejercicio-de-la-prostitucion\/<\/a>)<\/h3>\n<h3>\u00a0Cabe mencionar que esta investigaci\u00f3n se origin\u00f3 a partir de una denuncia an\u00f3nima en abril de 2022 en la Justicia Federal. En septiembre desde ese mismo a\u00f1o se dict\u00f3 un procesamiento y una orden de prisi\u00f3n preventiva para un hombre por considerarlo autor del delito de promover facilitar y\/o explotar econ\u00f3micamente el ejercicio de la prostituci\u00f3n de una persona, agravada\u00a0 por el despliegue de efectos medios t\u00edpicos de abuso de la situaci\u00f3n de vulnerabilidad de la v\u00edctima, intimidaci\u00f3n y coerci\u00f3n sobre la misma. Por una declaraci\u00f3n de incompetencia se remiti\u00f3 a la justicia provincial.<\/h3>\n<p>&nbsp;<\/p>\n<p>&nbsp;<\/p>\n<p>&nbsp;<\/p>\n","protected":false},"excerpt":{"rendered":"<p>As\u00ed lo resolvi\u00f3 el Juez de Garant\u00eda N\u00ba 1 ante un pedido de la defensa&#8230;<\/p>\n","protected":false},"author":1,"featured_media":2726,"comment_status":"closed","ping_status":"closed","sticky":false,"template":"","format":"standard","meta":{"footnotes":""},"categories":[6],"tags":[],"class_list":["post-2725","post","type-post","status-publish","format-standard","has-post-thumbnail","hentry","category-ciudad-provincia"],"yoast_head":"<!-- This site is optimized with the Yoast SEO plugin v26.1.1 - https:\/\/yoast.com\/wordpress\/plugins\/seo\/ -->\n<title>CONTINUAR\u00c1 EN PRISI\u00d3N PREVENTIVA UN HOMBRE ACUSADO DE PROMOVER EL EJERCICIO DE LA PROSTITUCI\u00d3N - Apuntes de San Luis<\/title>\n<meta name=\"robots\" content=\"index, follow, max-snippet:-1, max-image-preview:large, max-video-preview:-1\" \/>\n<link rel=\"canonical\" href=\"https:\/\/apuntesdesanluis.com\/index.php\/2023\/09\/05\/continuara-en-prision-preventiva-un-hombre-acusado-de-promover-el-ejercicio-de-la-prostitucion\/\" \/>\n<meta property=\"og:locale\" content=\"es_ES\" \/>\n<meta property=\"og:type\" content=\"article\" \/>\n<meta property=\"og:title\" content=\"CONTINUAR\u00c1 EN PRISI\u00d3N PREVENTIVA UN HOMBRE ACUSADO DE PROMOVER EL EJERCICIO DE LA PROSTITUCI\u00d3N - Apuntes de San Luis\" \/>\n<meta property=\"og:description\" content=\"As\u00ed lo resolvi\u00f3 el Juez de Garant\u00eda N\u00ba 1 ante un pedido de la defensa...\" \/>\n<meta property=\"og:url\" content=\"https:\/\/apuntesdesanluis.com\/index.php\/2023\/09\/05\/continuara-en-prision-preventiva-un-hombre-acusado-de-promover-el-ejercicio-de-la-prostitucion\/\" \/>\n<meta property=\"og:site_name\" content=\"Apuntes de San Luis\" \/>\n<meta property=\"article:published_time\" content=\"2023-09-05T17:57:45+00:00\" \/>\n<meta property=\"og:image\" content=\"https:\/\/apuntesdesanluis.com\/wp-content\/uploads\/2023\/09\/cuello.png\" \/>\n\t<meta property=\"og:image:width\" content=\"646\" \/>\n\t<meta property=\"og:image:height\" content=\"401\" \/>\n\t<meta property=\"og:image:type\" content=\"image\/png\" \/>\n<meta name=\"author\" content=\"apuntesdesanluis.com\" \/>\n<meta name=\"twitter:card\" content=\"summary_large_image\" \/>\n<meta name=\"twitter:label1\" content=\"Escrito por\" \/>\n\t<meta name=\"twitter:data1\" content=\"apuntesdesanluis.com\" \/>\n\t<meta name=\"twitter:label2\" content=\"Tiempo de lectura\" \/>\n\t<meta name=\"twitter:data2\" content=\"2 minutos\" \/>\n<script type=\"application\/ld+json\" class=\"yoast-schema-graph\">{\"@context\":\"https:\/\/schema.org\",\"@graph\":[{\"@type\":\"Article\",\"@id\":\"https:\/\/apuntesdesanluis.com\/index.php\/2023\/09\/05\/continuara-en-prision-preventiva-un-hombre-acusado-de-promover-el-ejercicio-de-la-prostitucion\/#article\",\"isPartOf\":{\"@id\":\"https:\/\/apuntesdesanluis.com\/index.php\/2023\/09\/05\/continuara-en-prision-preventiva-un-hombre-acusado-de-promover-el-ejercicio-de-la-prostitucion\/\"},\"author\":{\"name\":\"apuntesdesanluis.com\",\"@id\":\"https:\/\/apuntesdesanluis.com\/#\/schema\/person\/b55151d52296fcce64d1a72538a70b90\"},\"headline\":\"CONTINUAR\u00c1 EN PRISI\u00d3N PREVENTIVA UN HOMBRE ACUSADO DE PROMOVER EL EJERCICIO DE LA PROSTITUCI\u00d3N\",\"datePublished\":\"2023-09-05T17:57:45+00:00\",\"mainEntityOfPage\":{\"@id\":\"https:\/\/apuntesdesanluis.com\/index.php\/2023\/09\/05\/continuara-en-prision-preventiva-un-hombre-acusado-de-promover-el-ejercicio-de-la-prostitucion\/\"},\"wordCount\":426,\"publisher\":{\"@id\":\"https:\/\/apuntesdesanluis.com\/#\/schema\/person\/b55151d52296fcce64d1a72538a70b90\"},\"image\":{\"@id\":\"https:\/\/apuntesdesanluis.com\/index.php\/2023\/09\/05\/continuara-en-prision-preventiva-un-hombre-acusado-de-promover-el-ejercicio-de-la-prostitucion\/#primaryimage\"},\"thumbnailUrl\":\"https:\/\/apuntesdesanluis.com\/wp-content\/uploads\/2023\/09\/cuello.png\",\"articleSection\":[\"Ciudad\/Provincia\"],\"inLanguage\":\"es-AR\"},{\"@type\":\"WebPage\",\"@id\":\"https:\/\/apuntesdesanluis.com\/index.php\/2023\/09\/05\/continuara-en-prision-preventiva-un-hombre-acusado-de-promover-el-ejercicio-de-la-prostitucion\/\",\"url\":\"https:\/\/apuntesdesanluis.com\/index.php\/2023\/09\/05\/continuara-en-prision-preventiva-un-hombre-acusado-de-promover-el-ejercicio-de-la-prostitucion\/\",\"name\":\"CONTINUAR\u00c1 EN PRISI\u00d3N PREVENTIVA UN HOMBRE ACUSADO DE PROMOVER EL EJERCICIO DE LA PROSTITUCI\u00d3N - Apuntes de San Luis\",\"isPartOf\":{\"@id\":\"https:\/\/apuntesdesanluis.com\/#website\"},\"primaryImageOfPage\":{\"@id\":\"https:\/\/apuntesdesanluis.com\/index.php\/2023\/09\/05\/continuara-en-prision-preventiva-un-hombre-acusado-de-promover-el-ejercicio-de-la-prostitucion\/#primaryimage\"},\"image\":{\"@id\":\"https:\/\/apuntesdesanluis.com\/index.php\/2023\/09\/05\/continuara-en-prision-preventiva-un-hombre-acusado-de-promover-el-ejercicio-de-la-prostitucion\/#primaryimage\"},\"thumbnailUrl\":\"https:\/\/apuntesdesanluis.com\/wp-content\/uploads\/2023\/09\/cuello.png\",\"datePublished\":\"2023-09-05T17:57:45+00:00\",\"breadcrumb\":{\"@id\":\"https:\/\/apuntesdesanluis.com\/index.php\/2023\/09\/05\/continuara-en-prision-preventiva-un-hombre-acusado-de-promover-el-ejercicio-de-la-prostitucion\/#breadcrumb\"},\"inLanguage\":\"es-AR\",\"potentialAction\":[{\"@type\":\"ReadAction\",\"target\":[\"https:\/\/apuntesdesanluis.com\/index.php\/2023\/09\/05\/continuara-en-prision-preventiva-un-hombre-acusado-de-promover-el-ejercicio-de-la-prostitucion\/\"]}]},{\"@type\":\"ImageObject\",\"inLanguage\":\"es-AR\",\"@id\":\"https:\/\/apuntesdesanluis.com\/index.php\/2023\/09\/05\/continuara-en-prision-preventiva-un-hombre-acusado-de-promover-el-ejercicio-de-la-prostitucion\/#primaryimage\",\"url\":\"https:\/\/apuntesdesanluis.com\/wp-content\/uploads\/2023\/09\/cuello.png\",\"contentUrl\":\"https:\/\/apuntesdesanluis.com\/wp-content\/uploads\/2023\/09\/cuello.png\",\"width\":646,\"height\":401},{\"@type\":\"BreadcrumbList\",\"@id\":\"https:\/\/apuntesdesanluis.com\/index.php\/2023\/09\/05\/continuara-en-prision-preventiva-un-hombre-acusado-de-promover-el-ejercicio-de-la-prostitucion\/#breadcrumb\",\"itemListElement\":[{\"@type\":\"ListItem\",\"position\":1,\"name\":\"Inicio\",\"item\":\"https:\/\/apuntesdesanluis.com\/\"},{\"@type\":\"ListItem\",\"position\":2,\"name\":\"CONTINUAR\u00c1 EN PRISI\u00d3N PREVENTIVA UN HOMBRE ACUSADO DE PROMOVER EL EJERCICIO DE LA PROSTITUCI\u00d3N\"}]},{\"@type\":\"WebSite\",\"@id\":\"https:\/\/apuntesdesanluis.com\/#website\",\"url\":\"https:\/\/apuntesdesanluis.com\/\",\"name\":\"Apuntes de San Luis\",\"description\":\"\",\"publisher\":{\"@id\":\"https:\/\/apuntesdesanluis.com\/#\/schema\/person\/b55151d52296fcce64d1a72538a70b90\"},\"potentialAction\":[{\"@type\":\"SearchAction\",\"target\":{\"@type\":\"EntryPoint\",\"urlTemplate\":\"https:\/\/apuntesdesanluis.com\/?s={search_term_string}\"},\"query-input\":{\"@type\":\"PropertyValueSpecification\",\"valueRequired\":true,\"valueName\":\"search_term_string\"}}],\"inLanguage\":\"es-AR\"},{\"@type\":[\"Person\",\"Organization\"],\"@id\":\"https:\/\/apuntesdesanluis.com\/#\/schema\/person\/b55151d52296fcce64d1a72538a70b90\",\"name\":\"apuntesdesanluis.com\",\"image\":{\"@type\":\"ImageObject\",\"inLanguage\":\"es-AR\",\"@id\":\"https:\/\/apuntesdesanluis.com\/#\/schema\/person\/image\/\",\"url\":\"https:\/\/apuntesdesanluis.com\/wp-content\/uploads\/2023\/07\/cropped-apuntesdesanluis.png\",\"contentUrl\":\"https:\/\/apuntesdesanluis.com\/wp-content\/uploads\/2023\/07\/cropped-apuntesdesanluis.png\",\"width\":450,\"height\":112,\"caption\":\"apuntesdesanluis.com\"},\"logo\":{\"@id\":\"https:\/\/apuntesdesanluis.com\/#\/schema\/person\/image\/\"},\"sameAs\":[\"https:\/\/apuntesdesanluis.com\"],\"url\":\"https:\/\/apuntesdesanluis.com\/index.php\/author\/apuntesdesanluis-com\/\"}]}<\/script>\n<!-- \/ Yoast SEO plugin. -->","yoast_head_json":{"title":"CONTINUAR\u00c1 EN PRISI\u00d3N PREVENTIVA UN HOMBRE ACUSADO DE PROMOVER EL EJERCICIO DE LA PROSTITUCI\u00d3N - Apuntes de San Luis","robots":{"index":"index","follow":"follow","max-snippet":"max-snippet:-1","max-image-preview":"max-image-preview:large","max-video-preview":"max-video-preview:-1"},"canonical":"https:\/\/apuntesdesanluis.com\/index.php\/2023\/09\/05\/continuara-en-prision-preventiva-un-hombre-acusado-de-promover-el-ejercicio-de-la-prostitucion\/","og_locale":"es_ES","og_type":"article","og_title":"CONTINUAR\u00c1 EN PRISI\u00d3N PREVENTIVA UN HOMBRE ACUSADO DE PROMOVER EL EJERCICIO DE LA PROSTITUCI\u00d3N - Apuntes de San Luis","og_description":"As\u00ed lo resolvi\u00f3 el Juez de Garant\u00eda N\u00ba 1 ante un pedido de la defensa...","og_url":"https:\/\/apuntesdesanluis.com\/index.php\/2023\/09\/05\/continuara-en-prision-preventiva-un-hombre-acusado-de-promover-el-ejercicio-de-la-prostitucion\/","og_site_name":"Apuntes de San Luis","article_published_time":"2023-09-05T17:57:45+00:00","og_image":[{"width":646,"height":401,"url":"https:\/\/apuntesdesanluis.com\/wp-content\/uploads\/2023\/09\/cuello.png","type":"image\/png"}],"author":"apuntesdesanluis.com","twitter_card":"summary_large_image","twitter_misc":{"Escrito por":"apuntesdesanluis.com","Tiempo de lectura":"2 minutos"},"schema":{"@context":"https:\/\/schema.org","@graph":[{"@type":"Article","@id":"https:\/\/apuntesdesanluis.com\/index.php\/2023\/09\/05\/continuara-en-prision-preventiva-un-hombre-acusado-de-promover-el-ejercicio-de-la-prostitucion\/#article","isPartOf":{"@id":"https:\/\/apuntesdesanluis.com\/index.php\/2023\/09\/05\/continuara-en-prision-preventiva-un-hombre-acusado-de-promover-el-ejercicio-de-la-prostitucion\/"},"author":{"name":"apuntesdesanluis.com","@id":"https:\/\/apuntesdesanluis.com\/#\/schema\/person\/b55151d52296fcce64d1a72538a70b90"},"headline":"CONTINUAR\u00c1 EN PRISI\u00d3N PREVENTIVA UN HOMBRE ACUSADO DE PROMOVER EL EJERCICIO DE LA PROSTITUCI\u00d3N","datePublished":"2023-09-05T17:57:45+00:00","mainEntityOfPage":{"@id":"https:\/\/apuntesdesanluis.com\/index.php\/2023\/09\/05\/continuara-en-prision-preventiva-un-hombre-acusado-de-promover-el-ejercicio-de-la-prostitucion\/"},"wordCount":426,"publisher":{"@id":"https:\/\/apuntesdesanluis.com\/#\/schema\/person\/b55151d52296fcce64d1a72538a70b90"},"image":{"@id":"https:\/\/apuntesdesanluis.com\/index.php\/2023\/09\/05\/continuara-en-prision-preventiva-un-hombre-acusado-de-promover-el-ejercicio-de-la-prostitucion\/#primaryimage"},"thumbnailUrl":"https:\/\/apuntesdesanluis.com\/wp-content\/uploads\/2023\/09\/cuello.png","articleSection":["Ciudad\/Provincia"],"inLanguage":"es-AR"},{"@type":"WebPage","@id":"https:\/\/apuntesdesanluis.com\/index.php\/2023\/09\/05\/continuara-en-prision-preventiva-un-hombre-acusado-de-promover-el-ejercicio-de-la-prostitucion\/","url":"https:\/\/apuntesdesanluis.com\/index.php\/2023\/09\/05\/continuara-en-prision-preventiva-un-hombre-acusado-de-promover-el-ejercicio-de-la-prostitucion\/","name":"CONTINUAR\u00c1 EN PRISI\u00d3N PREVENTIVA UN HOMBRE ACUSADO DE PROMOVER EL EJERCICIO DE LA PROSTITUCI\u00d3N - Apuntes de San Luis","isPartOf":{"@id":"https:\/\/apuntesdesanluis.com\/#website"},"primaryImageOfPage":{"@id":"https:\/\/apuntesdesanluis.com\/index.php\/2023\/09\/05\/continuara-en-prision-preventiva-un-hombre-acusado-de-promover-el-ejercicio-de-la-prostitucion\/#primaryimage"},"image":{"@id":"https:\/\/apuntesdesanluis.com\/index.php\/2023\/09\/05\/continuara-en-prision-preventiva-un-hombre-acusado-de-promover-el-ejercicio-de-la-prostitucion\/#primaryimage"},"thumbnailUrl":"https:\/\/apuntesdesanluis.com\/wp-content\/uploads\/2023\/09\/cuello.png","datePublished":"2023-09-05T17:57:45+00:00","breadcrumb":{"@id":"https:\/\/apuntesdesanluis.com\/index.php\/2023\/09\/05\/continuara-en-prision-preventiva-un-hombre-acusado-de-promover-el-ejercicio-de-la-prostitucion\/#breadcrumb"},"inLanguage":"es-AR","potentialAction":[{"@type":"ReadAction","target":["https:\/\/apuntesdesanluis.com\/index.php\/2023\/09\/05\/continuara-en-prision-preventiva-un-hombre-acusado-de-promover-el-ejercicio-de-la-prostitucion\/"]}]},{"@type":"ImageObject","inLanguage":"es-AR","@id":"https:\/\/apuntesdesanluis.com\/index.php\/2023\/09\/05\/continuara-en-prision-preventiva-un-hombre-acusado-de-promover-el-ejercicio-de-la-prostitucion\/#primaryimage","url":"https:\/\/apuntesdesanluis.com\/wp-content\/uploads\/2023\/09\/cuello.png","contentUrl":"https:\/\/apuntesdesanluis.com\/wp-content\/uploads\/2023\/09\/cuello.png","width":646,"height":401},{"@type":"BreadcrumbList","@id":"https:\/\/apuntesdesanluis.com\/index.php\/2023\/09\/05\/continuara-en-prision-preventiva-un-hombre-acusado-de-promover-el-ejercicio-de-la-prostitucion\/#breadcrumb","itemListElement":[{"@type":"ListItem","position":1,"name":"Inicio","item":"https:\/\/apuntesdesanluis.com\/"},{"@type":"ListItem","position":2,"name":"CONTINUAR\u00c1 EN PRISI\u00d3N PREVENTIVA UN HOMBRE ACUSADO DE PROMOVER EL EJERCICIO DE LA PROSTITUCI\u00d3N"}]},{"@type":"WebSite","@id":"https:\/\/apuntesdesanluis.com\/#website","url":"https:\/\/apuntesdesanluis.com\/","name":"Apuntes de San Luis","description":"","publisher":{"@id":"https:\/\/apuntesdesanluis.com\/#\/schema\/person\/b55151d52296fcce64d1a72538a70b90"},"potentialAction":[{"@type":"SearchAction","target":{"@type":"EntryPoint","urlTemplate":"https:\/\/apuntesdesanluis.com\/?s={search_term_string}"},"query-input":{"@type":"PropertyValueSpecification","valueRequired":true,"valueName":"search_term_string"}}],"inLanguage":"es-AR"},{"@type":["Person","Organization"],"@id":"https:\/\/apuntesdesanluis.com\/#\/schema\/person\/b55151d52296fcce64d1a72538a70b90","name":"apuntesdesanluis.com","image":{"@type":"ImageObject","inLanguage":"es-AR","@id":"https:\/\/apuntesdesanluis.com\/#\/schema\/person\/image\/","url":"https:\/\/apuntesdesanluis.com\/wp-content\/uploads\/2023\/07\/cropped-apuntesdesanluis.png","contentUrl":"https:\/\/apuntesdesanluis.com\/wp-content\/uploads\/2023\/07\/cropped-apuntesdesanluis.png","width":450,"height":112,"caption":"apuntesdesanluis.com"},"logo":{"@id":"https:\/\/apuntesdesanluis.com\/#\/schema\/person\/image\/"},"sameAs":["https:\/\/apuntesdesanluis.com"],"url":"https:\/\/apuntesdesanluis.com\/index.php\/author\/apuntesdesanluis-com\/"}]}},"featured_image_urls":{"full":["https:\/\/apuntesdesanluis.com\/wp-content\/uploads\/2023\/09\/cuello.png",646,401,false],"thumbnail":["https:\/\/apuntesdesanluis.com\/wp-content\/uploads\/2023\/09\/cuello-150x150.png",150,150,true],"medium":["https:\/\/apuntesdesanluis.com\/wp-content\/uploads\/2023\/09\/cuello-300x186.png",300,186,true],"medium_large":["https:\/\/apuntesdesanluis.com\/wp-content\/uploads\/2023\/09\/cuello.png",640,397,false],"large":["https:\/\/apuntesdesanluis.com\/wp-content\/uploads\/2023\/09\/cuello.png",640,397,false],"1536x1536":["https:\/\/apuntesdesanluis.com\/wp-content\/uploads\/2023\/09\/cuello.png",646,401,false],"2048x2048":["https:\/\/apuntesdesanluis.com\/wp-content\/uploads\/2023\/09\/cuello.png",646,401,false],"newsever-slider-full":["https:\/\/apuntesdesanluis.com\/wp-content\/uploads\/2023\/09\/cuello.png",646,401,false],"newsever-featured":["https:\/\/apuntesdesanluis.com\/wp-content\/uploads\/2023\/09\/cuello.png",646,401,false],"newsever-medium":["https:\/\/apuntesdesanluis.com\/wp-content\/uploads\/2023\/09\/cuello.png",646,401,false]},"author_info":{"display_name":"apuntesdesanluis.com","author_link":"https:\/\/apuntesdesanluis.com\/index.php\/author\/apuntesdesanluis-com\/"},"category_info":"<a href=\"https:\/\/apuntesdesanluis.com\/index.php\/category\/ciudad-provincia\/\" rel=\"category tag\">Ciudad\/Provincia<\/a>","tag_info":"Ciudad\/Provincia","comment_count":"0","_links":{"self":[{"href":"https:\/\/apuntesdesanluis.com\/index.php\/wp-json\/wp\/v2\/posts\/2725","targetHints":{"allow":["GET"]}}],"collection":[{"href":"https:\/\/apuntesdesanluis.com\/index.php\/wp-json\/wp\/v2\/posts"}],"about":[{"href":"https:\/\/apuntesdesanluis.com\/index.php\/wp-json\/wp\/v2\/types\/post"}],"author":[{"embeddable":true,"href":"https:\/\/apuntesdesanluis.com\/index.php\/wp-json\/wp\/v2\/users\/1"}],"replies":[{"embeddable":true,"href":"https:\/\/apuntesdesanluis.com\/index.php\/wp-json\/wp\/v2\/comments?post=2725"}],"version-history":[{"count":1,"href":"https:\/\/apuntesdesanluis.com\/index.php\/wp-json\/wp\/v2\/posts\/2725\/revisions"}],"predecessor-version":[{"id":2727,"href":"https:\/\/apuntesdesanluis.com\/index.php\/wp-json\/wp\/v2\/posts\/2725\/revisions\/2727"}],"wp:featuredmedia":[{"embeddable":true,"href":"https:\/\/apuntesdesanluis.com\/index.php\/wp-json\/wp\/v2\/media\/2726"}],"wp:attachment":[{"href":"https:\/\/apuntesdesanluis.com\/index.php\/wp-json\/wp\/v2\/media?parent=2725"}],"wp:term":[{"taxonomy":"category","embeddable":true,"href":"https:\/\/apuntesdesanluis.com\/index.php\/wp-json\/wp\/v2\/categories?post=2725"},{"taxonomy":"post_tag","embeddable":true,"href":"https:\/\/apuntesdesanluis.com\/index.php\/wp-json\/wp\/v2\/tags?post=2725"}],"curies":[{"name":"wp","href":"https:\/\/api.w.org\/{rel}","templated":true}]}}